{"id":10588,"date":"2021-06-22T23:37:04","date_gmt":"2021-06-22T21:37:04","guid":{"rendered":"https:\/\/www.freidenker.org\/?p=10588"},"modified":"2021-07-07T04:01:06","modified_gmt":"2021-07-07T02:01:06","slug":"gemeinsam-fuer-den-frieden-ein-aufruf-zur-vernunft","status":"publish","type":"post","link":"https:\/\/www.freidenker.org\/?p=10588","title":{"rendered":"Gemeinsam f\u00fcr den Frieden &#8211; Ein Aufruf zur Vernunft"},"content":{"rendered":"<p><strong>Zur Erinnerung und Mahnung an den 22.06.1941, dem Tag des \u00dcberfalls der deutschen Wehrmacht auf die Sowjetunion, fand am 16.06.2021 eine Pressekonferenz des Verbandes zur Pflege der Traditionen der NVA und GT der DDR und von ISOR e.V. statt. Dort wurde der Aufruf &#8222;Gemeinsam f\u00fcr den Frieden&#8220; von Milit\u00e4rs aus Ost und West vorgestellt.<\/strong><\/p>\n<p><strong>Wir dokumentieren den Aufruf sowie die Rede von Generalleutnant a.D. Manfred Gr\u00e4tz<\/strong><\/p>\n<hr \/>\n<p>Aufruf und Rede wurden am 18.06.2021 auch bei bei <a href=\"https:\/\/kenfm.de\/gemeinsam-fuer-den-frieden-von-joachim-bonatz\/\" target=\"_blank\" rel=\"noopener noreferrer\">KenFM<\/a> ver\u00f6ffentlicht.<\/p>\n<p>Den Beitrag als Audio-Datei anh\u00f6ren:<\/p>\n<audio class=\"wp-audio-shortcode\" id=\"audio-10588-1\" preload=\"none\" style=\"width: 100%;\" controls=\"controls\"><source type=\"audio\/mpeg\" src=\"https:\/\/kenfm.de\/multimedia_kenfm\/podcast\/tagesdosis-20210618.mp3?_=1\" \/><a href=\"https:\/\/kenfm.de\/multimedia_kenfm\/podcast\/tagesdosis-20210618.mp3\">https:\/\/kenfm.de\/multimedia_kenfm\/podcast\/tagesdosis-20210618.mp3<\/a><\/audio>\n<p>&nbsp;<\/p>\n<p>Der Beitrag ist auch als Video bei KenTube verf\u00fcgbar: <a href=\"https:\/\/tube.kenfm.de\/videos\/watch\/0b44f308-014e-4c1f-9358-43b9baa74ef9\" target=\"_blank\" rel=\"noopener\">https:\/\/tube.kenfm.de\/videos\/watch\/0b44f308-014e-4c1f-9358-43b9baa74ef9<\/a><\/p>\n<hr \/>\n<h4>Gemeinsam f\u00fcr den Frieden &#8211; Ein Aufruf zur Vernunft<\/h4>\n<p>Angesichts der milit\u00e4rischen und politischen Situation der Welt von heute wird der Kampf um den Frieden immer mehr zum zentralen Anliegen aller vern\u00fcnftigen Menschen.<\/p>\n<p>Ehemalige oder heute noch aktive Milit\u00e4rs in Ost und West haben diesbez\u00fcglich eine besondere Verantwortung, weil sie die Folgen von Kriegen kennen.<\/p>\n<p>Frieden ist heute nur erreichbar, wenn wir zur\u00fcckkehren zu den Prinzipien, auf denen 1945 nach zwei Weltkriegen auf der Basis der Charta der Vereinten Nationen die Nachkriegsordnung aufgebaut wurde:<\/p>\n<ul>\n<li aria-level=\"1\">Achtung der souver\u00e4nen Gleichheit aller Staaten, gleich ob gro\u00df oder klein<\/li>\n<li aria-level=\"1\">Verzicht auf die Androhung und Anwendung von Gewalt<\/li>\n<\/ul>\n<p>Zu diesen Prinzipien m\u00fcssen wir zur\u00fcckkehren, vor allem angesichts des Vernichtungspotentials von Atomwaffen und Massenvernichtungsmitteln sowie der Ausdehnung des milit\u00e4rischen und wissenschaftlichen Wettr\u00fcstens auf immer neue Gebiete, bis hin zum Kosmos.<\/p>\n<p>Deshalb rufen wir auf zur Besinnung auf eine Politik des gegenseitigen Respekts und der Zusammenarbeit, vor allem der st\u00e4ndigen Mitglieder des Sicherheitsrates der UNO, denen als Atomm\u00e4chte eine besondere Rolle zukommt.<\/p>\n<p>Unser Land, eine der st\u00e4rksten Wirtschaftsm\u00e4chte der Welt, tr\u00e4gt wegen seiner Geschichte dabei eine besondere Verantwortung.<\/p>\n<p>Soldaten der h\u00f6heren F\u00fchrungsebene erkennen auch bei uns ihre Verantwortung, die Politiker zu einer Politik der Friedenserhaltung und Zusammenarbeit aufzurufen.<\/p>\n<p>Wer heute \u00fcber Mittel verf\u00fcgt, die \u00fcber Leben oder Tod entscheiden, kann sich nicht mehr als blo\u00dfer Befehlsempf\u00e4nger der Politik sehen. Wer diese Verantwortung auf seinen Schultern tr\u00e4gt, hat nicht nur die Pflicht, sondern auch das Recht, eine Politik einzufordern, die das gemeinsame \u00dcberleben aller sichert.<\/p>\n<p>Die Sorge um die Erhaltung des Friedens und die Wahrnehmung unserer Verantwortung f\u00fcr die Zukunft sollte uns \u00fcber alle sonstigen Unterschiede hinweg einen. Diese Erde geh\u00f6rt nicht nur uns, sie geh\u00f6rt auch den Generationen, die noch ins Leben treten werden.<\/p>\n<p>Alle, die die Sorge um die Erhaltung des Friedens und des \u00dcberlebens mit uns teilen, sind willkommen, unabh\u00e4ngig von ihrer Nationalit\u00e4t, Profession, ihrem Alter, Geschlecht und Glaubensbekenntnis.<\/p>\n<p>Wir fordern von unseren Regierungen, Konflikte mit friedlichen Mitteln unter Beachtung der Interessen der Mehrheit der Menschen zu l\u00f6sen.<\/p>\n<p>Unsere Regierungen sollen eine Politik der Zusammenarbeit f\u00fchren und gegen andere L\u00e4nder keine Politik betreiben, die sie zwingen k\u00f6nnte, ihre Interessen mit milit\u00e4rischen Mitteln zu sch\u00fctzen.<\/p>\n<p>Als Milit\u00e4rs fordern wir, den \u00fcber Jahrzehnte erfolgreichen Prozess der R\u00fcstungskontrolle auf allen Ebenen fortzusetzen. Er ist seit \u00fcber einem halben Jahrhundert Beweis daf\u00fcr, dass bei entsprechendem politischem Willen und gegenseitiger Achtung auch komplizierte Probleme unter strikter Kontrolle einvernehmlich l\u00f6sbar sind.<\/p>\n<p>Allen ist klar, dieser Prozess bedarf seiner Anpassung an die Ver\u00e4nderungen in der Welt.<\/p>\n<p>Gemeinsam mit vielen gleichgesinnten Verantwortungstr\u00e4gern rufen wir deshalb dazu auf, innezuhalten mit der Zerst\u00f6rung des V\u00f6lkerrechts und der elementaren Lebensgrundlagen der V\u00f6lker.<\/p>\n<p><strong>Es geht um unser Aller \u00dcberleben! <\/strong><\/p>\n<p><strong>Heute werden daf\u00fcr die Weichen gestellt!<\/strong><\/p>\n<table style=\"border-collapse: collapse; width: 0%;\">\n<tbody>\n<tr>\n<td style=\"width: 56.4758%; border-style: none;\">Generaloberst a.D. Fritz Streletz<br \/>\nGeneralleutnant a.D. Manfred Gr\u00e4tz<br \/>\nGeneralleutnant a.D. Wolfgang Neidhardt<br \/>\nGeneralmajor a.D. Manfred Jonischkies<br \/>\nKonteradmiral a.D. Gerhard M\u00fcller<br \/>\nOberst a.D. Frithjof Banisch<br \/>\nOberst a.D. Herbert Prau\u00df<br \/>\nOberstarzt Dr. Georg Ludvik (\u00d6sterreich)<br \/>\nKapit\u00e4n zur See a.D. Gerhard Matthes<br \/>\nOberstleutnant a.D. Siegfried Eichner<br \/>\n<span style=\"font-family: inherit; font-size: inherit;\">Major a.D. (Bw) Florian Pfaff<\/span><\/td>\n<td style=\"width: 49.566%; border-style: none;\">Generaloberst Vitali Asarew (RF)<br \/>\nGeneralleutnant a.D. Horst Sylla<br \/>\nGeneralmajor a.D. Sebald Daum<br \/>\nGeneralmajor a. D. Dr. G\u00fcnter Voigt<br \/>\nOberst a. D. Friedemann Munkelt<br \/>\nOberst a.D. Bernd Biedermann<br \/>\nOberst a.D. Nikolai W. Tschuikow (RF)<br \/>\nKapit\u00e4n z. See a.D. Werner Murzynowski<br \/>\nKapitan 1. Ranges a.D. Mikhail Pyresin (RF)<br \/>\n<span style=\"font-family: inherit; font-size: inherit;\">Major a.D. Rainer Paskowsky<\/span><\/td>\n<\/tr>\n<\/tbody>\n<\/table>\n<p><strong>Berlin, 16. Juni 2021<\/strong><\/p>\n<hr \/>\n<h4>Einen nochmaligen 22. Juni 1941 darf es nicht geben<\/h4>\n<p><strong>Rede von Generalleutnant a.D. Manfred Gr\u00e4tz auf der Pressekonferenz am 16.06.2021 <\/strong><\/p>\n<p>Schon einmal, vor nunmehr sechs Jahren, wandten wir uns mit einem <a href=\"http:\/\/www.isor-sozialverein.de\/cms\/index.php?id=118\" target=\"_blank\" rel=\"noopener\">Aufruf \u201eSoldaten f\u00fcr den Frieden\u201c<\/a> an die \u00d6ffentlichkeit.<\/p>\n<p>Anl\u00e4sslich des 70. Jahrestages der Befreiung vom Hitlerfaschismus durch die einstige Antihitlerkoalition brachten wir damals unsere Sorge um die Erhaltung des Friedens und den Fortbestand der Zivilisation in Europa zum Ausdruck.<\/p>\n<p>Wir konstatierten, dass der Krieg wieder zum st\u00e4ndigen Begleiter der Menschheit geworden ist, dass die von den USA und ihren Verb\u00fcndeten betriebenen Bem\u00fchungen um die Neuordnung der Welt immer deutlicher und aggressiver sp\u00fcrbar wurden und dass vor allem die NATO-Osterweiterung in Richtung Russland unaufhaltsam vorangetrieben wurde.<\/p>\n<p>Eben weil wir als ehemalige Milit\u00e4rs sehr gut wissen, was Krieg bedeutet, erhoben wir bereits damals unsere Stimme gegen den Krieg, f\u00fcr den Frieden.<\/p>\n<p>Heute nun, am Vorabend des 80. Jahrestages des \u00dcberfalls Hitlerdeutschlands auf die Sowjetunion, jenes 22. Juni 1941, der sich mit blutigen Lettern f\u00fcr immer in den Geschichtsb\u00fcchern der Menschheit verewigt hat, melden wir uns erneut zu Wort.<\/p>\n<blockquote><p>Unser Gewissen treibt uns voran.<\/p><\/blockquote>\n<p>Unsere moralische Verantwortung als ehemalige Milit\u00e4rs, die wissen was Krieg bedeutet und die Jahrzehnte f\u00fcr die Erhaltung des Friedens ihren Dienst verrichtet haben, l\u00e4sst uns nicht ruhen, l\u00e4sst uns mahnen, auch warnen.<\/p>\n<p>Das sind wir uns selbst, mehr noch den j\u00fcngeren Generationen, die ihr Leben noch vor sich haben, schuldig.<\/p>\n<p>Schweigen ist nicht unsere Art. Und deshalb erheben wir erneut unsere Stimme.<\/p>\n<p>Dabei gedenken wir der unz\u00e4hligen Opfer des 2. Weltkrieges, unter ihnen der mehr als 27 Millionen Toten, die allein die Sowjetunion zu beklagen hatte.<\/p>\n<p>Gleichzeitig bringen wir unsere Sorge zum Ausdruck, die Sorge darum, dass die sich mehr und mehr zuspitzenden Widerspr\u00fcche in unserer unruhigen Welt ausufern k\u00f6nnten in einen neuerlichen Weltenbrand.<\/p>\n<p>Einen nochmaligen 22. Juni 1941 darf es nicht geben.<\/p>\n<p>Die Widerspr\u00fcche zwischen den f\u00fchrenden M\u00e4chten sind so gro\u00df wie nie. USA, NATO, EU und Verb\u00fcndete in Asien auf der einen Seite, Russland und China auf der anderen.\u00a0Der Kampf um monopolaren F\u00fchrungsanspruch der USA st\u00f6\u00dft auf den Widerstand von Russland und China, die um eine multipolare Welt bem\u00fcht sind. Dieser Widerspruch vertieft die Gr\u00e4ben f\u00fcr Gespr\u00e4chs- und Verst\u00e4ndigungsbereitschaft zunehmend, was wiederum die latent existierende Kriegsgefahr nicht geringer werden l\u00e4sst.<\/p>\n<p>Die NATO ist dabei, sich neu aufzustellen, nachzulesen im j\u00fcngsten Dokument \u201eNATO 2030\u201c.<\/p>\n<p>Die Marschrichtung ist klar und eindeutig definiert. Sie weist \u2013 wieder einmal \u2013 gen Osten.<\/p>\n<p>Russland wird zum \u201eFeind\u201c erkl\u00e4rt. Russland ist die \u201eHauptbedrohung\u201c, der sich die NATO gegen\u00fcber sieht. Russland ist an allem schuld! So die Hauptargumentationslinie des Westens in Kurzfassung. Wie heuchlerisch, wie l\u00fcgenhaft, welche Verdrehung der Tatsachen!<\/p>\n<p>Lassen wir doch einfach ein paar wenige Fakten sprechen, um zu verdeutlichen, wer wen bedroht und wer wen zu f\u00fcrchten hat.<\/p>\n<p>Nehmen wir <b>milit\u00e4rische Konfrontationen<\/b> in Grenzn\u00e4he zu Russland durch NATO \u2013 Pr\u00e4senz, kleinere und gr\u00f6\u00dfere \u00dcbungen und Man\u00f6ver.<\/p>\n<p>Das j\u00fcngste NATO-Gro\u00dfman\u00f6ver \u201cDefender 2021\u201c m\u00f6ge als Beispiel stehen.<\/p>\n<ul>\n<li>ca. 31.000 Mann aus 28 Staaten, US-gef\u00fchrt, in Ost- und S\u00fcdosteuropa<\/li>\n<li>darunter auch Nicht-NATO-Staaten wie Ukraine und\u00a0 Georgien<\/li>\n<li>\u00dcbungen in Albanien, Kroatien, Bulgarien, Bosnien-Herzegowina, also an der S\u00fcdflanke, sowie\u00a0 in den Baltischen Staaten im Norden.<\/li>\n<\/ul>\n<p>All das in Grenzn\u00e4he und in Richtung Russland.<\/p>\n<p>Und dazu nat\u00fcrlich die Beschuldigungen gegen Russland wegen Aggressivit\u00e4t und Bedrohung der \u00f6stlichen NATO-B\u00fcndnispartner.<\/p>\n<p>Welch\u00b4 schizophrene Argumentation:<\/p>\n<ul>\n<li>Man\u00f6ver vor den Grenzen Russlands dienen der Sicherheit der osteurop\u00e4ischen NATO-Verb\u00fcndeten.<\/li>\n<li>Man\u00f6ver Russlands auf dessen eigenem Territorium werden zu Aggressivit\u00e4t und Kriegsgefahr hochstilisiert.<\/li>\n<\/ul>\n<p>Oder nehmen wir die seit dem NATO-Gipfel in Warschau im Juli 2016 anhaltende <b>Stationierung von NATO-Kontingenten<\/b> im Baltikum, an der S\u00fcdflanke und in Polen.<\/p>\n<p>Schon ein fl\u00fcchtiger Blick auf die Landkarte gen\u00fcgt. Man muss kein Milit\u00e4r sein, um die eindeutige Umklammerung Russlands zu erkennen.<\/p>\n<blockquote><p>Und wieder die Frage: Wer bedroht wen?<\/p><\/blockquote>\n<p>Schlie\u00dflich noch ein Wort zum <b>Anheizen der R\u00fcstung<\/b>.<\/p>\n<p>Sipri, das Stockholm International Peace Research Institute, schreibt von einem globalen R\u00fcstungsboom auch unter Corona-Bedingungen, und davon, dass so viel Geld letztmalig 1988 ausgegeben wurde, und damals herrschte noch der Kalte Krieg (der ohnehin nie beendet wurde und gegenw\u00e4rtig wieder deutlicher angeheizt wird). Lassen wir nur einige wenige Zahlen sprechen:<\/p>\n<p>Unvorstellbare 1.981 Mrd. US-Dollar wurden 2020 ausgegeben. Das sind weltweit 2,4 % des Bruttosozialproduktes und noch einmal 2,6 % mehr als im vorangegangenen Jahr.<\/p>\n<p>An diesen Ausgaben sind beteiligt:<\/p>\n<ul>\n<li>USA mit\u00a0 39 %<\/li>\n<li>China \u2013 13 %<\/li>\n<li>Indien \u2013 3,7 %<\/li>\n<li>Russland \u2013 3,1 %<\/li>\n<li>Deutschland \u2013 2,7 %<\/li>\n<li>Frankreich \u2013 2,7 %<\/li>\n<\/ul>\n<p>Auch wenn diese Zahlen f\u00fcr sich sprechen, vielleicht nur so viel:<\/p>\n<p>Die unangefochtene F\u00fchrung der USA in diesem Ranking verdeutlicht einmal mehr ihren alleinigen F\u00fchrungsanspruch.\u00a0Selbst der immer noch deutliche zweite Platz dahinter von China, lediglich ein Drittel der Gr\u00f6\u00dfenordnung der USA, nimmt sich da schon relativ bescheiden aus.<\/p>\n<p>Und Russland, der von der westlichen Welt so gef\u00fcrchtete gef\u00e4hrliche Aggressor, mit 3,1 % weit abgeschlagen?<\/p>\n<p>Auch in diesem Vergleich zeigen sich Heuchelei und Demagogie des westlichen Mainstreams.<\/p>\n<p>Aber, und das sollten sich <b>unsere<\/b> Regierenden zu Gem\u00fcte f\u00fchren, wenn Deutschland und Frankreich, beide f\u00fcr sich schon nahe bei Russland, beide zusammen aber deutlich mehr ausgeben als Russland, dann spricht auch das wiederum eine sehr deutliche Sprache! Vielleicht ergeben sich daraus auch Folgerungen f\u00fcr unseren R\u00fcstungsetat und nicht zuletzt auch \u00dcberlegungen f\u00fcr das Verhalten zu Russland.<\/p>\n<p>Lassen wir es dabei bewenden.<\/p>\n<p>Das sog. Raketenabwehrsystem auf dem Territorium von Polen und Rum\u00e4nien mit Gro\u00dfradar in der T\u00fcrkei, die einseitige Aufk\u00fcndigung internationaler Vertr\u00e4ge, die hybride Kriegsf\u00fchrung in all ihren Facetten w\u00e4ren weitere Beispiele daf\u00fcr, Licht in die heuchlerische Argumentation der westlichen Welt zu bringen.<\/p>\n<p>Weiterf\u00fchrende Gedanken dazu w\u00fcrde allerdings das Anliegen dieses Beitrages sprengen.<\/p>\n<p>Unsere Haltung zu Krieg und Frieden ist eindeutig.<\/p>\n<p>Daf\u00fcr, f\u00fcr die Erhaltung des Friedens in der Welt, haben wir Jahrzehnte mit \u00dcberzeugung alles gegeben.<\/p>\n<p>Daran hat sich nichts ge\u00e4ndert, auch wenn die Geschichte anders verlaufen ist, als wir es wollten.<\/p>\n<p>Deshalb verfolgen wir aufmerksam, wie sich die Sehnsucht der Menschen nach Frieden, ihre Abscheu vor Krieg und Vernichtung, mehr und mehr, wenn auch zaghaft und noch viel zu wenig, in Aktionen und Erkl\u00e4rungen widerspiegelt.<\/p>\n<p>Wir unterst\u00fctzen alle Bem\u00fchungen, alle Aktivit\u00e4ten, die geeignet sind, den Regierenden in der Welt, wo auch immer, zu zeigen, dass Krieg und Gewalt kein Mittel zur L\u00f6sung von Problemen sind.<\/p>\n<p>So haben wir mit gro\u00dfer Aufmerksamkeit den offenen Brief von ehemaligen franz\u00f6sischen Gener\u00e4len und hohen Offizieren zur Kenntnis genommen, den sie als Reaktion auf den Plan \u201eNATO 2030\u201c an den Generalsekret\u00e4r der NATO, Jens Stoltenberg, richteten. Die \u00dcbereinstimmung unserer Auffassungen zur NATO, insbesondere zum aggressiven Kurs gegen\u00fcber Russland, zur NATO-Osterweiterung und einer Reihe weiterer Probleme hat uns veranlasst, dem Unterzeichner des offenen Briefes unseren Aufruf \u201eGemeinsam f\u00fcr den Frieden\u201c zur Kenntnis zu geben.<\/p>\n<p>Die Antwort darauf war sehr wohlwollend und ermutigend.<\/p>\n<p>Auch aus \u00d6sterreich gibt es von einem Oberstarzt (Dr. Georg Ludvik) eine sehr pers\u00f6nliche Zuschrift \u00fcber die Sehnsucht der Menschen nach Frieden, verbunden mit Respekt und Anerkennung f\u00fcr die NVA im Nachhinein.<\/p>\n<p>Er schlie\u00dft mit den zustimmenden Worten:<\/p>\n<p>\u201eM\u00f6ge der Aufruf zu Frieden und Vernunft ein entsprechendes Echo erfahren, nie verhallen und fruchtbaren Boden finden.\u201c<\/p>\n<p>In vielen Verb\u00e4nden, Vereinigungen und Zivilgesellschaften wird des 22. Juni 1941, jenes geschichtstr\u00e4chtigen Datums, in vielf\u00e4ltiger Form gedacht werden. All diese Aktivit\u00e4ten finden unsere Anerkennung und W\u00fcrdigung, unseren Appell haben wir nicht umsonst \u00fcberschrieben mit \u201eGemeinsam f\u00fcr den Frieden\u201c.<\/p>\n<p>Ein gemeinsamer Appell mehrerer Ost-West-Gesellschaften soll hier f\u00fcr viele stehen, der unter dem Titel \u201eKein Kalter Krieg gegen Russland \u2013 H\u00f6rt auf damit\u201c bereits viel Aufmerksamkeit und bis heute nahezu Tausend Unterst\u00fctzer gefunden hat.<\/p>\n<p>Ich z\u00e4hle mich zu ihnen.<\/p>\n<p>All diese Appelle, Willensbekundungen und ehrenden Gedenken anl\u00e4sslich dieses denkw\u00fcrdigen Tages 22.06.1941 sind Mahnung und Verpflichtung gleicherma\u00dfen.<\/p>\n<p>Zu allererst richten sie sich an die Regierenden in aller Welt, innezuhalten mit kriegerischen Auseinandersetzungen und f\u00fcr ein friedliches Miteinander zu sorgen.<\/p>\n<p>Deutschland, dem Verursacher des Vernichtungskrieges gegen die SU, kommt hierbei eine besondere Verantwortung zu. Wer, wenn nicht die BRD, noch dazu st\u00e4rkste und einflussreichste Kraft in der EU, sollte eine eigenst\u00e4ndige, von den USA unabh\u00e4ngige\u00a0 Politik durchsetzen, die auf eine partnerschaftliche Zusammenarbeit mit Russland gerichtet ist, die dem Frieden und der Verst\u00e4ndigung dient.<\/p>\n<p>Gemeinsam <b>mit<\/b> Russland f\u00fcr den Frieden. <b>Ohne <\/b>Russland wird es in der Welt keinen Frieden geben.<\/p>\n<p style=\"text-align: right;\"><em>Generalleutnant a.D. Manfred Gr\u00e4tz war letzter Chef des Hauptstabes der Nationalen Volksarmee der DDR<\/em><\/p>\n<hr \/>\n<p>Wir danken Joachim Bonatz f\u00fcr die Unterst\u00fctzung bei der Bereitstellung der Texte.<\/p>\n<p style=\"text-align: right;\"><em>Joachim Bonatz ist Stellv. Vorsitzender des ISOR e.V.,<br \/>\nder Initiativgemeinschaft zum Schutz der sozialen Rechte ehemaliger Angeh\u00f6riger bewaffneter Organe und der Zollverwaltung der DDR.<\/em><\/p>\n<hr \/>\n<p><span style=\"font-size: 10pt;\">Bild: Sowjetisches Ehrenmal in Berlin, Treptower Park am 9. Mai 2021<\/span><br \/>\n<span style=\"font-size: 10pt;\">Foto: Ingrid Koschmieder<\/span><\/p>\n","protected":false},"excerpt":{"rendered":"<p>Zur Erinnerung und Mahnung an den 22.06.1941, dem Tag des \u00dcberfalls der deutschen Wehrmacht auf die Sowjetunion, fand am 16.06.2021 eine Pressekonferenz des Verbandes zur Pflege der Traditionen der NVA und GT der DDR und von ISOR e.V. statt. Dort wurde der Aufruf &#8222;Gemeinsam f\u00fcr den Frieden&#8220; von Milit\u00e4rs aus Ost und West vorgestellt. Wir dokumentieren den Aufruf sowie die <b>Rede von Generalleutnant a.D. Manfred Gr\u00e4tz<\/b> &#8230;<br \/>\nAngesichts der milit\u00e4rischen und politischen Situation der Welt von heute wird der Kampf um den Frieden immer mehr zum zentralen Anliegen aller vern\u00fcnftigen Menschen. Ehemalige oder heute noch aktive Milit\u00e4rs in Ost und West haben diesbez\u00fcglich eine besondere Verantwortung, weil sie die Folgen von Kriegen kennen. &#8230;<\/p>\n","protected":false},"author":3,"featured_media":10590,"comment_status":"closed","ping_status":"closed","sticky":false,"template":"","format":"standard","meta":{"colormag_page_container_layout":"default_layout","colormag_page_sidebar_layout":"default_layout","advanced_seo_description":"","jetpack_seo_html_title":"","jetpack_seo_noindex":false,"jetpack_post_was_ever_published":false,"footnotes":""},"categories":[13],"tags":[960,335,224,56,422,1181],"class_list":["post-10588","post","type-post","status-publish","format-standard","has-post-thumbnail","hentry","category-frieden-antifaschismus-solidaritaet","tag-faschistischer-ueberfall-auf-die-sowjetunion","tag-frieden","tag-frieden-mit-russland","tag-nato","tag-ruestung","tag-voelkerfreundschaft"],"jetpack_featured_media_url":"https:\/\/i0.wp.com\/www.freidenker.org\/fw17\/wp-content\/uploads\/2021\/06\/Treptow_P1040660_800x450_v2.jpg?fit=800%2C450&ssl=1","jetpack_shortlink":"https:\/\/wp.me\/p9stpK-2KM","jetpack-related-posts":[{"id":2988,"url":"https:\/\/www.freidenker.org\/?p=2988","url_meta":{"origin":10588,"position":0},"title":"Freidenker-Brief 6-2015: Deutschland raus aus der NATO &#8211; NATO raus aus Deutschland","author":"Webredaktion","date":"27. August 2015","format":false,"excerpt":"W\u00e4hrend manche \"Institutionen\" der Friedensbewegung fortgesetzt die Diskussion \u201eWie weiter mit der Friedensbewegung?\u201c f\u00fchren, gibt es erfreulicherweise auch Friedenskr\u00e4fte, die angesichts der gef\u00e4hrlichen internationalen Entwicklung aktiv werden, die auf Aktionen und auf Klarheit dr\u00e4ngen: Einerseits die im \"AK Frieden \/ Internationales\" des Deutschen Freidenker-Verbandes erarbeitete programmatische Erkl\u00e4rung zu Fragen von\u2026","rel":"","context":"In &quot;Freidenker-Brief&quot;","block_context":{"text":"Freidenker-Brief","link":"https:\/\/www.freidenker.org\/?cat=341"},"img":{"alt_text":"","src":"https:\/\/i0.wp.com\/www.freidenker.org\/fw17\/wp-content\/uploads\/2015\/08\/Global_Hawk_800x445_mLogo.jpg?fit=800%2C445&ssl=1&resize=350%2C200","width":350,"height":200,"srcset":"https:\/\/i0.wp.com\/www.freidenker.org\/fw17\/wp-content\/uploads\/2015\/08\/Global_Hawk_800x445_mLogo.jpg?fit=800%2C445&ssl=1&resize=350%2C200 1x, https:\/\/i0.wp.com\/www.freidenker.org\/fw17\/wp-content\/uploads\/2015\/08\/Global_Hawk_800x445_mLogo.jpg?fit=800%2C445&ssl=1&resize=525%2C300 1.5x, https:\/\/i0.wp.com\/www.freidenker.org\/fw17\/wp-content\/uploads\/2015\/08\/Global_Hawk_800x445_mLogo.jpg?fit=800%2C445&ssl=1&resize=700%2C400 2x"},"classes":[]},{"id":20568,"url":"https:\/\/www.freidenker.org\/?p=20568","url_meta":{"origin":10588,"position":1},"title":"Aufstehn f\u00fcr Frieden &#8211; Kundgebung am 28.12.2024 in Wiesbaden","author":"Webredaktion","date":"25. Dezember 2024","format":false,"excerpt":"Ein breites B\u00fcndnis von B\u00fcrgerinitiativen ruft zusammen mit der B\u00fcrgerzeitung KLARTEXT Rhein-Main auf zu einer\u00a0Kundgebung \"Aufstehn f\u00fcr den Frieden\" am 28.12.2024 ab\u00a014:30 Uhr an der\u00a0Clay-Kaserne Wiesbaden-Erbenheim. Sternfahrten ab ca. 11:00 Uhr von mehreren St\u00e4dten im Umkreis. Aus dem Aufruf: Unsere sieben Forderungen auf dem Weg zum Frieden: Konsequente Friedenspolitik Deutschlands\u2026","rel":"","context":"In &quot;Frieden - Antifaschismus - Solidarit\u00e4t&quot;","block_context":{"text":"Frieden - Antifaschismus - Solidarit\u00e4t","link":"https:\/\/www.freidenker.org\/?cat=13"},"img":{"alt_text":"","src":"https:\/\/i0.wp.com\/www.freidenker.org\/fw17\/wp-content\/uploads\/2024\/12\/Aufruf_Wiesbaden_2024-12-28_800x450.jpg?fit=800%2C450&ssl=1&resize=350%2C200","width":350,"height":200,"srcset":"https:\/\/i0.wp.com\/www.freidenker.org\/fw17\/wp-content\/uploads\/2024\/12\/Aufruf_Wiesbaden_2024-12-28_800x450.jpg?fit=800%2C450&ssl=1&resize=350%2C200 1x, https:\/\/i0.wp.com\/www.freidenker.org\/fw17\/wp-content\/uploads\/2024\/12\/Aufruf_Wiesbaden_2024-12-28_800x450.jpg?fit=800%2C450&ssl=1&resize=525%2C300 1.5x, https:\/\/i0.wp.com\/www.freidenker.org\/fw17\/wp-content\/uploads\/2024\/12\/Aufruf_Wiesbaden_2024-12-28_800x450.jpg?fit=800%2C450&ssl=1&resize=700%2C400 2x"},"classes":[]},{"id":10523,"url":"https:\/\/www.freidenker.org\/?p=10523","url_meta":{"origin":10588,"position":2},"title":"Deutsche Friedensbewegung zum \u00dcberfall auf die Sowjetunion","author":"Webredaktion","date":"8. Juni 2021","format":false,"excerpt":"Der Freidenkerverband begr\u00fc\u00dft es, wenn m\u00f6glichst viele gesellschaftliche Kr\u00e4fte den bevorstehenden 80. Jahrestags des \u00dcberfalls der deutschen Faschisten auf die Sowjetunion zum Anlass nehmen, ein Ende der Konfrontationspolitik gegen Russland und eine friedliche Zusammenarbeit zu fordern. Eine solche Initiative ist auch ein Projekt aus Friedensbewegung und dem politischen Raum, in\u2026","rel":"","context":"In &quot;Frieden - Antifaschismus - Solidarit\u00e4t&quot;","block_context":{"text":"Frieden - Antifaschismus - Solidarit\u00e4t","link":"https:\/\/www.freidenker.org\/?cat=13"},"img":{"alt_text":"","src":"https:\/\/i0.wp.com\/www.freidenker.org\/fw17\/wp-content\/uploads\/2021\/06\/Frieden_schliessen_Russland_800x450.jpg?fit=800%2C450&ssl=1&resize=350%2C200","width":350,"height":200,"srcset":"https:\/\/i0.wp.com\/www.freidenker.org\/fw17\/wp-content\/uploads\/2021\/06\/Frieden_schliessen_Russland_800x450.jpg?fit=800%2C450&ssl=1&resize=350%2C200 1x, https:\/\/i0.wp.com\/www.freidenker.org\/fw17\/wp-content\/uploads\/2021\/06\/Frieden_schliessen_Russland_800x450.jpg?fit=800%2C450&ssl=1&resize=525%2C300 1.5x, https:\/\/i0.wp.com\/www.freidenker.org\/fw17\/wp-content\/uploads\/2021\/06\/Frieden_schliessen_Russland_800x450.jpg?fit=800%2C450&ssl=1&resize=700%2C400 2x"},"classes":[]},{"id":20485,"url":"https:\/\/www.freidenker.org\/?p=20485","url_meta":{"origin":10588,"position":3},"title":"Aufruf zur Demo &#8222;Kriegsgefahr stoppen&#8220; in Brandenburg\/Havel","author":"Webredaktion","date":"9. Dezember 2024","format":false,"excerpt":"Auf die Stra\u00dfe f\u00fcr den Frieden - Samstag, den 14. Dezember von 12-14 Uhr in Brandenburg\/Havel.\u00a0 In Zeiten, in denen f\u00fchrende Bundespolitiker immer mehr auf Kriegst\u00fcchtigkeit und Krieg setzen, m\u00fcssen wir als B\u00fcrger des Landes gegen diese Kriegspolitik mobil machen.\u00a0 Die wachsende Kriegsgefahr und die Ank\u00fcndigungen von Seiten CDU\/CSU, Gr\u00fcne\u2026","rel":"","context":"In &quot;Frieden - Antifaschismus - Solidarit\u00e4t&quot;","block_context":{"text":"Frieden - Antifaschismus - Solidarit\u00e4t","link":"https:\/\/www.freidenker.org\/?cat=13"},"img":{"alt_text":"","src":"https:\/\/i0.wp.com\/www.freidenker.org\/fw17\/wp-content\/uploads\/2024\/12\/Aufruf_DEMO_bbg_2024-12-14_800x450.jpg?fit=800%2C450&ssl=1&resize=350%2C200","width":350,"height":200,"srcset":"https:\/\/i0.wp.com\/www.freidenker.org\/fw17\/wp-content\/uploads\/2024\/12\/Aufruf_DEMO_bbg_2024-12-14_800x450.jpg?fit=800%2C450&ssl=1&resize=350%2C200 1x, https:\/\/i0.wp.com\/www.freidenker.org\/fw17\/wp-content\/uploads\/2024\/12\/Aufruf_DEMO_bbg_2024-12-14_800x450.jpg?fit=800%2C450&ssl=1&resize=525%2C300 1.5x, https:\/\/i0.wp.com\/www.freidenker.org\/fw17\/wp-content\/uploads\/2024\/12\/Aufruf_DEMO_bbg_2024-12-14_800x450.jpg?fit=800%2C450&ssl=1&resize=700%2C400 2x"},"classes":[]},{"id":15730,"url":"https:\/\/www.freidenker.org\/?p=15730","url_meta":{"origin":10588,"position":4},"title":"F\u00fcrs Klima und die NATO \u2013 Die manipulierte Ostermarschbewegung","author":"Webredaktion","date":"8. April 2023","format":false,"excerpt":"Beitrag von Felicitas Rabe Orientiert man sich an der Website der traditionellen deutschen Friedensbewegung, finden am kommenden Wochenende in Deutschland 123 angemeldete Osterm\u00e4rsche statt. Mit den vielen Friedensdemonstrationen wirkt die Planung der \u00f6sterlichen Aufz\u00fcge eher kleinteilig. Auch der \u00fcberregional bekannte Ostermarsch Rhein-Ruhr wird verteilt auf 14 Veranstaltungen stattfinden. Den Auftakt\u2026","rel":"","context":"In &quot;Frieden - Antifaschismus - Solidarit\u00e4t&quot;","block_context":{"text":"Frieden - Antifaschismus - Solidarit\u00e4t","link":"https:\/\/www.freidenker.org\/?cat=13"},"img":{"alt_text":"","src":"https:\/\/i0.wp.com\/www.freidenker.org\/fw17\/wp-content\/uploads\/2023\/04\/Friedensbewegung_Kapitalismuskritisch_800x450.jpg?fit=800%2C450&ssl=1&resize=350%2C200","width":350,"height":200,"srcset":"https:\/\/i0.wp.com\/www.freidenker.org\/fw17\/wp-content\/uploads\/2023\/04\/Friedensbewegung_Kapitalismuskritisch_800x450.jpg?fit=800%2C450&ssl=1&resize=350%2C200 1x, https:\/\/i0.wp.com\/www.freidenker.org\/fw17\/wp-content\/uploads\/2023\/04\/Friedensbewegung_Kapitalismuskritisch_800x450.jpg?fit=800%2C450&ssl=1&resize=525%2C300 1.5x, https:\/\/i0.wp.com\/www.freidenker.org\/fw17\/wp-content\/uploads\/2023\/04\/Friedensbewegung_Kapitalismuskritisch_800x450.jpg?fit=800%2C450&ssl=1&resize=700%2C400 2x"},"classes":[]},{"id":12249,"url":"https:\/\/www.freidenker.org\/?p=12249","url_meta":{"origin":10588,"position":5},"title":"Kundgebung &#8222;Sicherheit f\u00fcr Russland ist Sicherheit f\u00fcr unser Land!&#8220; (Videos)","author":"Webredaktion","date":"20. Februar 2022","format":false,"excerpt":"Die\u00a0 Kundgebung der Berliner Friedenskoordination \"SICHERHEIT F\u00dcR RUSSLAND IST SICHERHEIT F\u00dcR UNSER LAND\" am 18.02.1922 wurde von \u00fcber 1000 Menschen besucht \u2013 trotz des rauen Wetters und den Mobilit\u00e4ts-Hemmungen durch \u201eCorona-Ma\u00dfnahmen\u201c. Im Aufruf zur Kundgebung hie\u00df es u.a.:\u00a0\u00a0\"Das Sch\u00fcren der Panik \u00fcber eine anstehende russische Invasion\u00a0in der Ukraine soll nach\u2026","rel":"","context":"In &quot;Frieden - Antifaschismus - Solidarit\u00e4t&quot;","block_context":{"text":"Frieden - Antifaschismus - Solidarit\u00e4t","link":"https:\/\/www.freidenker.org\/?cat=13"},"img":{"alt_text":"","src":"https:\/\/i0.wp.com\/www.freidenker.org\/fw17\/wp-content\/uploads\/2022\/02\/demo_berlin_2022-02-18_800x450.jpg?fit=800%2C450&ssl=1&resize=350%2C200","width":350,"height":200,"srcset":"https:\/\/i0.wp.com\/www.freidenker.org\/fw17\/wp-content\/uploads\/2022\/02\/demo_berlin_2022-02-18_800x450.jpg?fit=800%2C450&ssl=1&resize=350%2C200 1x, https:\/\/i0.wp.com\/www.freidenker.org\/fw17\/wp-content\/uploads\/2022\/02\/demo_berlin_2022-02-18_800x450.jpg?fit=800%2C450&ssl=1&resize=525%2C300 1.5x, https:\/\/i0.wp.com\/www.freidenker.org\/fw17\/wp-content\/uploads\/2022\/02\/demo_berlin_2022-02-18_800x450.jpg?fit=800%2C450&ssl=1&resize=700%2C400 2x"},"classes":[]}],"_links":{"self":[{"href":"https:\/\/www.freidenker.org\/index.php?rest_route=\/wp\/v2\/posts\/10588","targetHints":{"allow":["GET"]}}],"collection":[{"href":"https:\/\/www.freidenker.org\/index.php?rest_route=\/wp\/v2\/posts"}],"about":[{"href":"https:\/\/www.freidenker.org\/index.php?rest_route=\/wp\/v2\/types\/post"}],"author":[{"embeddable":true,"href":"https:\/\/www.freidenker.org\/index.php?rest_route=\/wp\/v2\/users\/3"}],"replies":[{"embeddable":true,"href":"https:\/\/www.freidenker.org\/index.php?rest_route=%2Fwp%2Fv2%2Fcomments&post=10588"}],"version-history":[{"count":0,"href":"https:\/\/www.freidenker.org\/index.php?rest_route=\/wp\/v2\/posts\/10588\/revisions"}],"wp:featuredmedia":[{"embeddable":true,"href":"https:\/\/www.freidenker.org\/index.php?rest_route=\/wp\/v2\/media\/10590"}],"wp:attachment":[{"href":"https:\/\/www.freidenker.org\/index.php?rest_route=%2Fwp%2Fv2%2Fmedia&parent=10588"}],"wp:term":[{"taxonomy":"category","embeddable":true,"href":"https:\/\/www.freidenker.org\/index.php?rest_route=%2Fwp%2Fv2%2Fcategories&post=10588"},{"taxonomy":"post_tag","embeddable":true,"href":"https:\/\/www.freidenker.org\/index.php?rest_route=%2Fwp%2Fv2%2Ftags&post=10588"}],"curies":[{"name":"wp","href":"https:\/\/api.w.org\/{rel}","templated":true}]}}