{"id":10581,"date":"2021-06-22T03:27:46","date_gmt":"2021-06-22T01:27:46","guid":{"rendered":"https:\/\/www.freidenker.org\/?p=10581"},"modified":"2021-07-07T04:00:49","modified_gmt":"2021-07-07T02:00:49","slug":"treffen-der-g7-schoene-kulisse-gefaehrliche-beschluesse","status":"publish","type":"post","link":"https:\/\/www.freidenker.org\/?p=10581","title":{"rendered":"Treffen der G7: Sch\u00f6ne Kulisse, gef\u00e4hrliche Beschl\u00fcsse"},"content":{"rendered":"<p><strong>Joe Biden erkl\u00e4rte auf dem Treffen der G7: &#8222;Wir sind in einem Wettstreit um den Sieg im 21. Jahrhundert, und der Startschuss ist gefallen.&#8220; Unser Autor greift den Startschuss auf und erkl\u00e4rt, weshalb diese Metapher gefallen ist. NATO und EU strebten Verschiebungen in der geopolitischen Lage an. <\/strong><\/p>\n<p><em>von Prof. Dr. Anton Latzo<\/em><\/p>\n<p><span style=\"font-size: 10pt;\">[Erstver\u00f6ffentlichung am 17.06.2021 auf <a href=\"https:\/\/de.rt.com\/meinung\/119290-treffen-g7-schone-kulisse-gefahrliche\/\" target=\"_blank\" rel=\"noopener\">RT DE<\/a>]<\/span><\/p>\n<p>Es gilt nach wie vor die Erfahrung: W\u00fcnsche, auch Erfordernisse, soll man nie mit Realit\u00e4ten verwechseln! Zwischen den Erfordernissen einer internationalen Friedensordnung und den Zielen und Inhalten eines &#8222;Ausscheidungskampf(es) zwischen Demokratien und Autokratien um die Zweckm\u00e4\u00dfigkeit der rivalisierenden Systeme im 21. Jahrhundert&#8220;, wie es US-Pr\u00e4sident Joe Biden in der Pressekonferenz am 25. M\u00e4rz 2021 formulierte, bestehen auch weiterhin grunds\u00e4tzliche Unterschiede. W\u00e4hrend des G7-Treffens bekr\u00e4ftigte er: &#8222;Wir sind in einem Wettstreit um den Sieg im 21. Jahrhundert, und der Startschuss ist gefallen.&#8220; &#8222;Ausscheidungskampf&#8220; klingt fair und sportlich, bedeutet aber, dass einer oder ein Teil der Kompetitoren weichen muss! Einer nur bleibt Sieger!<\/p>\n<p>Das G7-Treffen 2021 wurde von solchen Gedanken gepr\u00e4gt. Das setzte sich bei den folgenden Treffen fort. Es zeigt, dass die Welt der USA und ihrer Verb\u00fcndeten weiterhin mit polarisierenden Widerspr\u00fcchen konfrontiert ist und dass diese M\u00e4chte bestrebt sind, die daraus erwachsenden Probleme durch aggressives Verhalten nach au\u00dfen auszugleichen. Das spiegelt sich auch in der Tatsache wider, dass weder auf dem G7-Treffen noch nach der Begegnung\u00a0zwischen Putin und Biden\u00a0ein Konsens des Friedens zwischen den Staaten und der Sicherheit der V\u00f6lker sichtbar geworden ist. Aber allein das kann der Inhalt einer neuen Weltordnung sein!<\/p>\n<div class=\"ReadMore-root Section-root Section-is1to3-xs_is1to1\" data-widgets=\"ReadMore\">\n<div class=\"Section-container Section-isRow-isTop-isWrap\">\n<article class=\"Card-root Card-is1to1 \">\n<div class=\"Card-imageWrap\">Mithilfe der Medien ist es zwar gelungen, das Bild einer heilen Welt des Kapitals in der \u00d6ffentlichkeit g\u00fcnstiger erscheinen zu lassen. Die zentrifugalen Tendenzen, die sowohl von der US-Politik als auch durch die europ\u00e4ischen Reaktionen angetrieben werden und diese Welt charakterisieren, wurden zwar kanalisiert, aber auf antichinesischer und antirussischer Grundlage! Gestoppt wurden sie aber nicht! Die Fragmentierung dieser Welt bleibt nach wie vor eine Tatsache, wie auch die Gefahren, die damit f\u00fcr Frieden und Sicherheit der V\u00f6lker verbunden sind!<\/div>\n<\/article>\n<\/div>\n<\/div>\n<p>Die Treffen haben gezeigt, dass es den USA und ihren Verb\u00fcndeten darum geht, erneut die durcheinander geratenen Reihen zu ordnen, um wirksamer gegen ihre Gegner vorgehen zu k\u00f6nnen. Sowohl w\u00e4hrend des G7-Treffens als auch auf der NATO-Tagung wurden aber keine Ans\u00e4tze sichtbar, die darauf hindeuten, dass sie eine neue Weltordnung im Sinne einer Friedensordnung anstreben. Daf\u00fcr wurde Gegnerschaft sehr deutlich aufgebaut!<\/p>\n<p>Der von Biden verk\u00fcndete &#8222;Ausscheidungskampf&#8220; zielt vor allem auf die Volksrepublik China und auf Russland. W\u00e4hrend seiner zitierten Pressekonferenz sagte\u00a0der US-Pr\u00e4sident, China d\u00fcrfe nicht &#8222;das f\u00fchrende Land der Welt, das wohlhabendste Land der Welt und das m\u00e4chtigste Land der Welt&#8220; werden. In der aktuellen Phase sollen offensichtlich parallel zu innenpolitischen Destabilisierungen der VR China und Russlands vor allem in den osteurop\u00e4ischen und in den ehemaligen Sowjetrepubliken die Grenzen der aggressiven, eine koloniale Stellung der USA sichernde Handlungen ausgetestet und die staatlichen Grenzen infrage gestellt werden.<\/p>\n<p>Die Destabilisierung der Lage in anderen L\u00e4ndern ist zu einem wichtigen Exportartikel der USA und der EU-M\u00e4chte geworden. Dazu werden \u00f6konomische und politische, ideologische und personelle Ressourcen mobilisiert, NGOs und Partei-, Privat- und \u00f6ffentliche Stiftungen eingesetzt, Studentenaustausch und Entsendung von Regierungsberatern f\u00fcr die wichtigsten Ministerien betrieben sowie zielgerichtete Ausbildung bzw. F\u00f6rderung von f\u00fchrenden Politikern bis zum Amt von Ministerpr\u00e4sidenten durchgef\u00fchrt.<\/p>\n<p>Das schlie\u00dft \u00f6konomische und politische Interventionen, ideologische Konfrontationen (Werte) und auch milit\u00e4rische und politische Provokationen ein. Die bestehende internationale Ordnung soll ebenso destabilisiert werden wie die innenpolitische Lage anderer L\u00e4nder. Sie sollen in einen Zustand versetzt werden, der es erlaubt, Hegemonie zu praktizieren, hohe und sichere Profite f\u00fcr das Kapital zu garantieren, aber auch um Aggressionen und Interventionen als rettende Ma\u00dfnahmen darzustellen, falls die Aktionen gegen den &#8222;Autoritarismus&#8220; oder die &#8222;friedlichen&#8220; bzw. &#8222;bunten&#8220; Revolutionen nicht die gew\u00fcnschten Ergebnisse bringen. Die Vielzahl der Formen wird am Beispiel Polens und Wei\u00dfrusslands ebenso sichtbar wie am Beispiel der Ukraine, Moldawiens und Rum\u00e4niens oder Georgiens usw.<\/p>\n<p>Die USA sind bestrebt, eine Alternative zu entwickeln, die auch den aus der kapitalistischen Gesellschaft erwachsenden materiellen Grenzen f\u00fcr das Milit\u00e4rische Rechnung tr\u00e4gt. Denn die Militarisierung der US-amerikanischen und der Wirtschaft der EU-M\u00e4chte st\u00f6\u00dft allm\u00e4hlich an gesellschaftliche Schranken und auf nachlassende Potenzen bei verf\u00fcgbaren materiellen Mitteln und technologischen Voraussetzungen. Die wirtschaftlichen und wissenschaftlich-technischen Potenziale entwickeln sich nicht mehr entsprechend dem Bedarf, der sich einerseits aus den eigenen strategischen Planungen und andererseits aus dem Wettbewerb mit China und Russland ergibt.<\/p>\n<p>Diese Perspektive veranlassen die USA und ihre Verb\u00fcndeten in ihren Denkfabriken, Stiftungen usw. \u00fcber Netzwerke von Politik, Wirtschaft und Finanzen sowie den neuen Technologien (Medien) nachzudenken, die au\u00dferhalb der aktuellen imperialistischen B\u00fcndnisse funktionieren, diese aber nicht ersetzen. Sie sollen durch Sino- und Russophobie gespeist werden und auf dieser Grundlage zus\u00e4tzliche internationale Strukturen und Instrumente schaffen, um flexibler in der Handhabung zu sein, als es die an das V\u00f6lkerrecht gebunden staatlichen Organisationen (UNO-Organisationen) erm\u00f6glichen. Damit werden solche &#8222;Netzwerke&#8220; zu einem m\u00f6glichen Weg, der es den USA und ihren Verb\u00fcndeten erm\u00f6glichen soll, ein alternatives System zu bestehenden internationalen Institutionen und zum allgemein-demokratischen V\u00f6lkerrecht aufzubauen.<\/p>\n<div class=\"ReadMore-root Section-root Section-is1to3-xs_is1to1\" data-widgets=\"ReadMore\">\n<div class=\"Section-container Section-isRow-isTop-isWrap\">\n<article class=\"Card-root Card-is1to1 \">\n<div class=\"Card-imageWrap\">So k\u00f6nnten auch Probleme und Widerspr\u00fcche, die im Prozess der Durchsetzung der Hegemonialpolitik auftauchen, &#8222;ger\u00e4uschloser&#8220; gel\u00f6st und als legitimiert pr\u00e4sentiert werden. Ein Hauptziel besteht offensichtlich darin, die von Biden bis Merkel vertretene Auffassung einer &#8222;werte- und regelbasierten Ordnung&#8220; und Zusammenarbeit durchzusetzen. Ein solches Netzwerk soll schlie\u00dflich helfen, unerw\u00fcnschte politische und gesellschaftspolitische Wirkungen besser zu kontrollieren, die die Gesellschaft des Kapitals und ihre Politik sowohl national und international gef\u00e4hrden k\u00f6nnten. Die Treffen der G7 sind eigentlich schon selbst eine Institution in diesem Sinne. Auf jeden Fall hat es ein beachtenswertes Signal gesetzt!<\/div>\n<\/article>\n<\/div>\n<\/div>\n<p>Denn niemand, kein Parlament oder anderes Verfassungsorgan, hat die versammelten Politiker beauftragt, bestimmte Beschl\u00fcsse zu fassen und grunds\u00e4tzliche Positionen verbindlich zu verk\u00fcnden. Sie betrachten sich als dazu legitimiert, weil sie glauben, dass ihr \u00f6konomisches Gewicht ihnen die Legitimit\u00e4t zur (Vor-)Herrschaft verleiht. Es zeigt sich, dass, wie Bundeskanzlerin Merkel bereits am 1. September 2011 auch f\u00fcr vorliegenden Gegenstand zutreffend sagte, dass die Politik dieser Staaten durch die Wirtschaft gepr\u00e4gt wird. &#8222;Wir leben ja in einer Demokratie, und das ist eine parlamentarische Demokratie,\u00a0(&#8230;)\u00a0und insofern werden wir Wege finden, wie die parlamentarische Mitbestimmung so gestaltet wird, dass sie trotzdem auch marktkonform ist, sodass sich auf den M\u00e4rkten die entsprechenden Signale ergeben.&#8220;<\/p>\n<p>Das ist also die Werte-Politik! Die USA und mit ihnen verb\u00fcndete M\u00e4chte in NATO und EU streben Verschiebungen an, die die durch die Staaten auf rechtlicher Grundlage gegr\u00fcndeten internationalen Organisationen in den Hintergrund und damit in die Bedeutungslosigkeit dr\u00e4ngen und ihre &#8222;Netzwerke&#8220; als Planungs- und Koordinierungszentren f\u00fcr die Verwirklichung ihrer politischen Ziele, ihrer Herrschaftspl\u00e4ne profilieren. Das internationale System, das die Vereinten Nationen im Zentrum hat und auf dem allgemein-demokratischen V\u00f6lkerrecht basiert, soll unterlaufen und, wenn es geht, marginalisiert und beseitigt werden. Denn die Normen internationaler Beziehungen werden durch die UNO-Charta vorgegeben, nicht durch Regeln, die von einer kleinen Anzahl von Staaten verfasst werden. Dieser Zustand soll beseitigt werden. Damit ist aber nicht nur die Demokratie in den internationalen Beziehungen bedroht, sondern auch die g\u00fcltigen v\u00f6lkerrechtlichen Grundprinzipien der Souver\u00e4nit\u00e4t der Staaten, ihrer Gleichheit und Gleichberechtigung, die Nichteinmischung in die inneren Angelegenheiten werden in kleinen Schritten stillschweigend umgangen.<\/p>\n<p>Nach der Biden-Wahl und in Zusammenhang mit dem G7-Treffen wird oft behauptet, die USA seien wieder auf dem Weg zu EU-Europa, wie es nach dem\u00a0Zweiten Weltkrieg war. Dem ist aber nicht so \u2013 aus historischen und sachlichen Gr\u00fcnden. In Wirklichkeit sind die USA auf der Suche nach einem Ausweg aus dem Niedergang ihrer Hegemonie! Wenn sich die Quellen hegemonialer Herrschaft nicht und die Grunds\u00e4tze nur sehr wenig ge\u00e4ndert haben, hat die F\u00e4higkeit der USA, aber auch ihrer verb\u00fcndeten M\u00e4chte, diese Herrschaft zu implementieren, deutlich abgenommen. Das ist und bleibt das gro\u00dfe Dilemma.<\/p>\n<p>Offensichtlich wurde w\u00e4hrend des G7-Treffens und der NATO-Tagung 2021 auch ein weiteres Ziel der Teilnehmer. Um die Vorhaben gegen\u00fcber China, das zum gr\u00f6\u00dften gemeinsamen Gegner erkl\u00e4rt wurde, trotz allem erreichen zu k\u00f6nnen, will man einen Keil zwischen China und Russland treiben. Auf der dem G7-Treffen folgenden NATO-Tagung wurden die G7-Kampfansagen in NATO-Strategie gegossen.<\/p>\n<div class=\"ReadMore-root Section-root Section-is1to3-xs_is1to1\" data-widgets=\"ReadMore\">\n<div class=\"Section-container Section-isRow-isTop-isWrap\">\n<article class=\"Card-root Card-is1to1 \">\n<div class=\"Card-imageWrap\">Auch das Treffen zwischen den Pr\u00e4sidenten Putin und Biden zeigte, dass die Politik der USA gegen\u00fcber Russland voller unaufl\u00f6slicher Widerspr\u00fcche ist. Sie zielt darauf ab, Russland nicht nur als Weltmacht, als Atom- und milit\u00e4rische Supermacht zu eliminieren, sondern als Konkurrenten auszuschalten.<\/div>\n<\/article>\n<\/div>\n<\/div>\n<p>Schon Kissinger und Brzezi\u0144ski sowie Gleichgesinnte haben immer wieder versucht, dieses Ziel zu erreichen und einen Keil zwischen Russland und China zu treiben. Auch heute geht es den USA und Verb\u00fcndeten darum, Russland als Instrument im antichinesischen Feldzug zu missbrauchen und China als st\u00e4rkste Macht der Welt von Russland zu trennen. Damit will man China treffen und gleichzeitig den russischen Staat so schw\u00e4chen, dass das &#8222;wertebasierte&#8220; Konzept der innenpolitischen Destabilisierung auch in Russland verwirklicht und Russland die F\u00e4higkeiten genommen werden sollen, auf globaler Ebene als unabh\u00e4ngiger Staat eine konstruktive Politik des Friedens, der Sicherheit und der gleichberechtigten Zusammenarbeit der Staaten und V\u00f6lker zu verfolgen.<\/p>\n<p>Als Nahziel geht es ihnen darum, zu verhindern, dass sich das internationale Kr\u00e4fteverh\u00e4ltnis weiter zuungunsten der USA und ihrer Verb\u00fcndeten ver\u00e4ndert. L\u00e4ngerfristig sollen Bedingungen geschaffen werden, die das \u00dcberleben des &#8222;wertebasierten&#8220; und profitorientierten Systems des Kapitals erm\u00f6glichen.<\/p>\n<p>Daraus folgt, dass jene gut beraten sind, die davon ausgehen, dass die Konfrontation zwischen den USA und ihren Verb\u00fcndeten mit Russland und China noch l\u00e4nger andauern wird. Worum es jetzt geht, ist, diese Konfrontation \u00fcberschaubar zu gestalten, um sie zu kontrollieren. Was auch nach der Serie von Treffen und Tagungen der letzten Zeit gar nicht so leicht ist.<\/p>\n<p style=\"text-align: right;\"><em>Prof. Dr. Anton Latzo ist Historiker und Mitglied des Beirats des Deutschen Freidenker-Verbandes<\/em><\/p>\n<p><span style=\"font-size: 10pt;\">Link zur Erstver\u00f6ffentlichung: <a href=\"https:\/\/de.rt.com\/meinung\/119290-treffen-g7-schone-kulisse-gefahrliche\/\" target=\"_blank\" rel=\"noopener\">https:\/\/de.rt.com\/meinung\/119290-treffen-g7-schone-kulisse-gefahrliche\/<\/a><\/span><\/p>\n<hr \/>\n<p>Klicke auf das Bild zum Vergr\u00f6\u00dfern:<\/p>\n<figure id=\"attachment_10584\" aria-describedby=\"caption-attachment-10584\" style=\"width: 800px\" class=\"wp-caption alignnone\"><a href=\"https:\/\/i0.wp.com\/www.freidenker.org\/fw17\/wp-content\/uploads\/2021\/06\/g7-Abendmahl_1920px.jpg?ssl=1\" target=\"_blank\" rel=\"noopener\"><img data-recalc-dims=\"1\" loading=\"lazy\" decoding=\"async\" data-attachment-id=\"10584\" data-permalink=\"https:\/\/www.freidenker.org\/?attachment_id=10584\" data-orig-file=\"https:\/\/i0.wp.com\/www.freidenker.org\/fw17\/wp-content\/uploads\/2021\/06\/g7-Abendmahl_1920px.jpg?fit=1920%2C908&amp;ssl=1\" data-orig-size=\"1920,908\" data-comments-opened=\"0\" data-image-meta=\"{&quot;aperture&quot;:&quot;0&quot;,&quot;credit&quot;:&quot;&quot;,&quot;camera&quot;:&quot;&quot;,&quot;caption&quot;:&quot;&quot;,&quot;created_timestamp&quot;:&quot;0&quot;,&quot;copyright&quot;:&quot;&quot;,&quot;focal_length&quot;:&quot;0&quot;,&quot;iso&quot;:&quot;0&quot;,&quot;shutter_speed&quot;:&quot;0&quot;,&quot;title&quot;:&quot;&quot;,&quot;orientation&quot;:&quot;1&quot;}\" data-image-title=\"g7-Abendmahl_1920px\" data-image-description=\"\" data-image-caption=\"\" data-large-file=\"https:\/\/i0.wp.com\/www.freidenker.org\/fw17\/wp-content\/uploads\/2021\/06\/g7-Abendmahl_1920px.jpg?fit=800%2C378&amp;ssl=1\" class=\"wp-image-10584 size-large\" src=\"https:\/\/i0.wp.com\/www.freidenker.org\/fw17\/wp-content\/uploads\/2021\/06\/g7-Abendmahl_1920px.jpg?resize=800%2C378&#038;ssl=1\" alt=\"\" width=\"800\" height=\"378\" srcset=\"https:\/\/i0.wp.com\/www.freidenker.org\/fw17\/wp-content\/uploads\/2021\/06\/g7-Abendmahl_1920px.jpg?resize=1024%2C484&amp;ssl=1 1024w, https:\/\/i0.wp.com\/www.freidenker.org\/fw17\/wp-content\/uploads\/2021\/06\/g7-Abendmahl_1920px.jpg?resize=300%2C142&amp;ssl=1 300w, https:\/\/i0.wp.com\/www.freidenker.org\/fw17\/wp-content\/uploads\/2021\/06\/g7-Abendmahl_1920px.jpg?resize=768%2C363&amp;ssl=1 768w, https:\/\/i0.wp.com\/www.freidenker.org\/fw17\/wp-content\/uploads\/2021\/06\/g7-Abendmahl_1920px.jpg?resize=1536%2C726&amp;ssl=1 1536w, https:\/\/i0.wp.com\/www.freidenker.org\/fw17\/wp-content\/uploads\/2021\/06\/g7-Abendmahl_1920px.jpg?w=1920&amp;ssl=1 1920w, https:\/\/i0.wp.com\/www.freidenker.org\/fw17\/wp-content\/uploads\/2021\/06\/g7-Abendmahl_1920px.jpg?w=1600&amp;ssl=1 1600w\" sizes=\"auto, (max-width: 800px) 100vw, 800px\" \/><\/a><figcaption id=\"caption-attachment-10584\" class=\"wp-caption-text\"><span style=\"font-size: 10pt;\">&#8222;The Last G7&#8220; &#8211; Karikatur des chinesischen K\u00fcnstlers Bantonglaoatang zum G7-Gipfel in Cornwall 2021 In Anlehnung\u00a0 an das Gem\u00e4lde &#8222;Das Abendmahl&#8220; von Leonardo da Vinci. Die Tiere verk\u00f6rpern v.l.n.r. folgende Staaten: Deutschland, Australien, Japan, Italien, USA, Gro\u00dfbritannien, Kanada, Frankreich, Indien<\/span><\/figcaption><\/figure>\n<hr \/>\n<p><span style=\"font-size: 10pt;\">Bildquelle: <a href=\"https:\/\/m.weibo.cn\/detail\/4647370074361144#&amp;gid=1&amp;pid=1\" target=\"_blank\" rel=\"noopener\">https:\/\/m.weibo.cn\/detail\/4647370074361144#&amp;gid=1&amp;pid=1<\/a><\/span><\/p>\n<p>&nbsp;<\/p>\n<p>&nbsp;<\/p>\n","protected":false},"excerpt":{"rendered":"<p><b>Beitrag von Prof. Dr. Anton Latzo<\/b><br \/>\nEs gilt nach wie vor die Erfahrung: W\u00fcnsche, auch Erfordernisse, soll man nie mit Realit\u00e4ten verwechseln! Zwischen den Erfordernissen einer internationalen Friedensordnung und den Zielen und Inhalten eines &#8222;Ausscheidungskampf(es) zwischen Demokratien und Autokratien um die Zweckm\u00e4\u00dfigkeit der rivalisierenden Systeme im 21. Jahrhundert&#8220;, wie es US-Pr\u00e4sident Joe Biden in der Pressekonferenz am 25. M\u00e4rz 2021 formulierte, bestehen auch weiterhin grunds\u00e4tzliche Unterschiede. W\u00e4hrend des G7-Treffens bekr\u00e4ftigte er: &#8222;Wir sind in einem Wettstreit um den Sieg im 21. Jahrhundert, und der Startschuss ist gefallen.&#8220;<\/p>\n","protected":false},"author":3,"featured_media":10582,"comment_status":"closed","ping_status":"closed","sticky":false,"template":"","format":"standard","meta":{"colormag_page_container_layout":"default_layout","colormag_page_sidebar_layout":"default_layout","advanced_seo_description":"","jetpack_seo_html_title":"","jetpack_seo_noindex":false,"jetpack_post_was_ever_published":false,"footnotes":""},"categories":[13],"tags":[699,1063,1332,56,566,185],"class_list":["post-10581","post","type-post","status-publish","format-standard","has-post-thumbnail","hentry","category-frieden-antifaschismus-solidaritaet","tag-aussenpolitik","tag-g7-gipfel","tag-joe-biden","tag-nato","tag-neue-weltordnung","tag-usa"],"jetpack_featured_media_url":"https:\/\/i0.wp.com\/www.freidenker.org\/fw17\/wp-content\/uploads\/2021\/06\/The-Last-G7-Satirical-cartoon-mocking_800x450.jpg?fit=800%2C450&ssl=1","jetpack_shortlink":"https:\/\/wp.me\/p9stpK-2KF","jetpack-related-posts":[{"id":19397,"url":"https:\/\/www.freidenker.org\/?p=19397","url_meta":{"origin":10581,"position":0},"title":"Gipfel-Sturm","author":"Webredaktion","date":"1. Juli 2024","format":false,"excerpt":"Es soll niemand sagen, das Wochenende vom 14. Juni 2024 sei ereignislos verlaufen. Beitrag von Willy Wimmer Mitnichten, wie sich am Besuch des Papstes beim G7 Treffen im italienischen Apulien gezeigt hat. Der Papst traf die weltlichen Regenten aus verschiedenen Staaten und hatte etwas im Gep\u00e4ck, das ihn zumindest von\u2026","rel":"","context":"In &quot;Demokratie \u2013 Medien \u2013 Aufkl\u00e4rung&quot;","block_context":{"text":"Demokratie \u2013 Medien \u2013 Aufkl\u00e4rung","link":"https:\/\/www.freidenker.org\/?cat=12"},"img":{"alt_text":"","src":"https:\/\/i0.wp.com\/www.freidenker.org\/fw17\/wp-content\/uploads\/2024\/07\/2024-06-14_50th_G7_summit_000150318_800x450.jpg?fit=800%2C450&ssl=1&resize=350%2C200","width":350,"height":200,"srcset":"https:\/\/i0.wp.com\/www.freidenker.org\/fw17\/wp-content\/uploads\/2024\/07\/2024-06-14_50th_G7_summit_000150318_800x450.jpg?fit=800%2C450&ssl=1&resize=350%2C200 1x, https:\/\/i0.wp.com\/www.freidenker.org\/fw17\/wp-content\/uploads\/2024\/07\/2024-06-14_50th_G7_summit_000150318_800x450.jpg?fit=800%2C450&ssl=1&resize=525%2C300 1.5x, https:\/\/i0.wp.com\/www.freidenker.org\/fw17\/wp-content\/uploads\/2024\/07\/2024-06-14_50th_G7_summit_000150318_800x450.jpg?fit=800%2C450&ssl=1&resize=700%2C400 2x"},"classes":[]},{"id":10347,"url":"https:\/\/www.freidenker.org\/?p=10347","url_meta":{"origin":10581,"position":1},"title":"Der Westen zeigt das, was er ist: der Friedhof der Menschenrechte","author":"Webredaktion","date":"14. Mai 2021","format":false,"excerpt":"Ein Kommentar von Willy Wimmer. Vor wenigen Tagen trafen sich in London die Herren Au\u00dfenminister der sogenannten G7-M\u00e4chte der f\u00fchrenden globalen Industrie- und Wirtschaftsm\u00e4chte und selbsternannter Edeldemokratien. Es war das erste Treffen dieser Runde unter Hinzuziehung von S\u00fcdkorea, Indien und Australien. ... Es ging da weiter, wo der ehemalige Vizepr\u00e4sident\u2026","rel":"","context":"In &quot;Demokratie \u2013 Medien \u2013 Aufkl\u00e4rung&quot;","block_context":{"text":"Demokratie \u2013 Medien \u2013 Aufkl\u00e4rung","link":"https:\/\/www.freidenker.org\/?cat=12"},"img":{"alt_text":"","src":"https:\/\/i0.wp.com\/www.freidenker.org\/fw17\/wp-content\/uploads\/2021\/05\/G7_London_2021_800x450.jpg?fit=800%2C450&ssl=1&resize=350%2C200","width":350,"height":200,"srcset":"https:\/\/i0.wp.com\/www.freidenker.org\/fw17\/wp-content\/uploads\/2021\/05\/G7_London_2021_800x450.jpg?fit=800%2C450&ssl=1&resize=350%2C200 1x, https:\/\/i0.wp.com\/www.freidenker.org\/fw17\/wp-content\/uploads\/2021\/05\/G7_London_2021_800x450.jpg?fit=800%2C450&ssl=1&resize=525%2C300 1.5x, https:\/\/i0.wp.com\/www.freidenker.org\/fw17\/wp-content\/uploads\/2021\/05\/G7_London_2021_800x450.jpg?fit=800%2C450&ssl=1&resize=700%2C400 2x"},"classes":[]},{"id":11810,"url":"https:\/\/www.freidenker.org\/?p=11810","url_meta":{"origin":10581,"position":2},"title":"Gespr\u00e4ch zwischen Biden und Putin hat gordischen Knoten der Ukraine-Krise durchtrennt","author":"Webredaktion","date":"12. Dezember 2021","format":false,"excerpt":"Beitrag von Rainer Rupp Aus den Presseerkl\u00e4rungen des Kremls und des Wei\u00dfen Hauses \u00fcber das zweist\u00fcndige Online-Gipfelgespr\u00e4ch zwischen dem russischen und US-amerikanischen Pr\u00e4sidenten geht hervor, dass sich die Diskussion in der Hauptsache um die Ukraine-Krise gedreht hat. Aus der leider sehr kurzen Presseerkl\u00e4rung des Wei\u00dfen Hauses lassen sich nur wenige\u2026","rel":"","context":"In &quot;Frieden - Antifaschismus - Solidarit\u00e4t&quot;","block_context":{"text":"Frieden - Antifaschismus - Solidarit\u00e4t","link":"https:\/\/www.freidenker.org\/?cat=13"},"img":{"alt_text":"","src":"https:\/\/i0.wp.com\/www.freidenker.org\/fw17\/wp-content\/uploads\/2021\/12\/Putin_Biden_Videokonferenz_2021-12_800x450.jpg?fit=800%2C450&ssl=1&resize=350%2C200","width":350,"height":200,"srcset":"https:\/\/i0.wp.com\/www.freidenker.org\/fw17\/wp-content\/uploads\/2021\/12\/Putin_Biden_Videokonferenz_2021-12_800x450.jpg?fit=800%2C450&ssl=1&resize=350%2C200 1x, https:\/\/i0.wp.com\/www.freidenker.org\/fw17\/wp-content\/uploads\/2021\/12\/Putin_Biden_Videokonferenz_2021-12_800x450.jpg?fit=800%2C450&ssl=1&resize=525%2C300 1.5x, https:\/\/i0.wp.com\/www.freidenker.org\/fw17\/wp-content\/uploads\/2021\/12\/Putin_Biden_Videokonferenz_2021-12_800x450.jpg?fit=800%2C450&ssl=1&resize=700%2C400 2x"},"classes":[]},{"id":9407,"url":"https:\/\/www.freidenker.org\/?p=9407","url_meta":{"origin":10581,"position":3},"title":"Auch mit Joe Biden: Osteuropa bleibt im Visier der USA","author":"Webredaktion","date":"24. Januar 2021","format":false,"excerpt":"Beitrag von Prof. Dr. Anton Latzo Die au\u00dfenpolitische Praxis der USA nach dem zweiten Weltkrieg, einschlie\u00dflich der von Pr\u00e4sident Barack Obama und seinem Vize Joe Biden gef\u00fchrten Regierung, hat eine hegemoniale Politik verfolgt. Die USA haben sich von dem von Zbigniew Brzezinski formulierten Ziel, die \"einzige\" und sogar die \"letzte\"\u2026","rel":"","context":"In &quot;Frieden - Antifaschismus - Solidarit\u00e4t&quot;","block_context":{"text":"Frieden - Antifaschismus - Solidarit\u00e4t","link":"https:\/\/www.freidenker.org\/?cat=13"},"img":{"alt_text":"","src":"https:\/\/i0.wp.com\/www.freidenker.org\/fw17\/wp-content\/uploads\/2021\/01\/usa_osteuropa.jpg?fit=800%2C450&ssl=1&resize=350%2C200","width":350,"height":200,"srcset":"https:\/\/i0.wp.com\/www.freidenker.org\/fw17\/wp-content\/uploads\/2021\/01\/usa_osteuropa.jpg?fit=800%2C450&ssl=1&resize=350%2C200 1x, https:\/\/i0.wp.com\/www.freidenker.org\/fw17\/wp-content\/uploads\/2021\/01\/usa_osteuropa.jpg?fit=800%2C450&ssl=1&resize=525%2C300 1.5x, https:\/\/i0.wp.com\/www.freidenker.org\/fw17\/wp-content\/uploads\/2021\/01\/usa_osteuropa.jpg?fit=800%2C450&ssl=1&resize=700%2C400 2x"},"classes":[]},{"id":20148,"url":"https:\/\/www.freidenker.org\/?p=20148","url_meta":{"origin":10581,"position":4},"title":"Joe Biden in Deutschland","author":"Webredaktion","date":"19. Oktober 2024","format":false,"excerpt":"Der US-Pr\u00e4sident besucht seine Kolonie Kommentar von\u00a0Wolfgang Bittner Urspr\u00fcnglich hatte sich US-Pr\u00e4sident Joseph (Joe) Biden f\u00fcr den 10. bis 13. Oktober in Berlin und Ramstein angesagt,[1] den Besuch jedoch kurzfristig verschoben, angeblich wegen des in Florida erwarteten Hurrikans Milton. Nun wurde bekannt, dass Biden seinen Abschiedsbesuch am 17. und 18.\u2026","rel":"","context":"In &quot;Demokratie \u2013 Medien \u2013 Aufkl\u00e4rung&quot;","block_context":{"text":"Demokratie \u2013 Medien \u2013 Aufkl\u00e4rung","link":"https:\/\/www.freidenker.org\/?cat=12"},"img":{"alt_text":"","src":"https:\/\/i0.wp.com\/www.freidenker.org\/fw17\/wp-content\/uploads\/2024\/10\/Joe_Biden_is_escorted_to_Air_Force_One_800x450.jpg?fit=800%2C450&ssl=1&resize=350%2C200","width":350,"height":200,"srcset":"https:\/\/i0.wp.com\/www.freidenker.org\/fw17\/wp-content\/uploads\/2024\/10\/Joe_Biden_is_escorted_to_Air_Force_One_800x450.jpg?fit=800%2C450&ssl=1&resize=350%2C200 1x, https:\/\/i0.wp.com\/www.freidenker.org\/fw17\/wp-content\/uploads\/2024\/10\/Joe_Biden_is_escorted_to_Air_Force_One_800x450.jpg?fit=800%2C450&ssl=1&resize=525%2C300 1.5x, https:\/\/i0.wp.com\/www.freidenker.org\/fw17\/wp-content\/uploads\/2024\/10\/Joe_Biden_is_escorted_to_Air_Force_One_800x450.jpg?fit=800%2C450&ssl=1&resize=700%2C400 2x"},"classes":[]},{"id":10812,"url":"https:\/\/www.freidenker.org\/?p=10812","url_meta":{"origin":10581,"position":5},"title":"Nach tristem G-7 Gipfel Hoffnungsschimmer in Genf?","author":"Webredaktion","date":"11. Juli 2021","format":false,"excerpt":"Beitrag von Wolfgang Effenberger, Sprecherin Sabiene Jahn Bereits eine Woche vor dem G7-Gipfel waren die Finanzminister in London zusammengekommen, um nach jahrelangen Verhandlungen einheitliche Regeln zur k\u00fcnftigen Besteuerung von multinationalen Unternehmen wie beispielsweise Amazon, Google, Microsoft oder Apple zu verabschieden mit dem Ziel, Steueroasen auszutrocknen. Angeblich ein Jahrhundertwerk. Die US-amerikanische\u2026","rel":"","context":"In &quot;Frieden - Antifaschismus - Solidarit\u00e4t&quot;","block_context":{"text":"Frieden - Antifaschismus - Solidarit\u00e4t","link":"https:\/\/www.freidenker.org\/?cat=13"},"img":{"alt_text":"","src":"https:\/\/i0.wp.com\/www.freidenker.org\/fw17\/wp-content\/uploads\/2021\/07\/jahn_effenberger_g7_800x450.jpg?fit=800%2C450&ssl=1&resize=350%2C200","width":350,"height":200,"srcset":"https:\/\/i0.wp.com\/www.freidenker.org\/fw17\/wp-content\/uploads\/2021\/07\/jahn_effenberger_g7_800x450.jpg?fit=800%2C450&ssl=1&resize=350%2C200 1x, https:\/\/i0.wp.com\/www.freidenker.org\/fw17\/wp-content\/uploads\/2021\/07\/jahn_effenberger_g7_800x450.jpg?fit=800%2C450&ssl=1&resize=525%2C300 1.5x, https:\/\/i0.wp.com\/www.freidenker.org\/fw17\/wp-content\/uploads\/2021\/07\/jahn_effenberger_g7_800x450.jpg?fit=800%2C450&ssl=1&resize=700%2C400 2x"},"classes":[]}],"_links":{"self":[{"href":"https:\/\/www.freidenker.org\/index.php?rest_route=\/wp\/v2\/posts\/10581","targetHints":{"allow":["GET"]}}],"collection":[{"href":"https:\/\/www.freidenker.org\/index.php?rest_route=\/wp\/v2\/posts"}],"about":[{"href":"https:\/\/www.freidenker.org\/index.php?rest_route=\/wp\/v2\/types\/post"}],"author":[{"embeddable":true,"href":"https:\/\/www.freidenker.org\/index.php?rest_route=\/wp\/v2\/users\/3"}],"replies":[{"embeddable":true,"href":"https:\/\/www.freidenker.org\/index.php?rest_route=%2Fwp%2Fv2%2Fcomments&post=10581"}],"version-history":[{"count":0,"href":"https:\/\/www.freidenker.org\/index.php?rest_route=\/wp\/v2\/posts\/10581\/revisions"}],"wp:featuredmedia":[{"embeddable":true,"href":"https:\/\/www.freidenker.org\/index.php?rest_route=\/wp\/v2\/media\/10582"}],"wp:attachment":[{"href":"https:\/\/www.freidenker.org\/index.php?rest_route=%2Fwp%2Fv2%2Fmedia&parent=10581"}],"wp:term":[{"taxonomy":"category","embeddable":true,"href":"https:\/\/www.freidenker.org\/index.php?rest_route=%2Fwp%2Fv2%2Fcategories&post=10581"},{"taxonomy":"post_tag","embeddable":true,"href":"https:\/\/www.freidenker.org\/index.php?rest_route=%2Fwp%2Fv2%2Ftags&post=10581"}],"curies":[{"name":"wp","href":"https:\/\/api.w.org\/{rel}","templated":true}]}}