{"id":10555,"date":"2021-06-16T02:18:42","date_gmt":"2021-06-16T00:18:42","guid":{"rendered":"https:\/\/www.freidenker.org\/?p=10555"},"modified":"2021-07-07T04:00:21","modified_gmt":"2021-07-07T02:00:21","slug":"instrumentalisierung-der-geschichte-babi-jar-und-der-untermensch-im-slawen","status":"publish","type":"post","link":"https:\/\/www.freidenker.org\/?p=10555","title":{"rendered":"Instrumentalisierung der Geschichte \u2013 Babi Jar und der Untermensch im Slawen"},"content":{"rendered":"<p><strong>Es scheint unm\u00f6glich in der Bundesrepublik, mit den slawischen Opfern des Nazi-Rassenwahns auch nur anst\u00e4ndig umzugehen. Stattdessen wird ausgerechnet Babi Jar benutzt, um zu signalisieren, dass Untermensch Untermensch bleibt &#8211; zumindest, solange er Slawe ist.<\/strong><\/p>\n<p><em>von <strong>Dagmar Henn<\/strong><\/em><\/p>\n<p><span style=\"font-size: 10pt;\">Erstver\u00f6ffentlichung\u00a0 am 12.06.2021 auf <a href=\"https:\/\/de.rt.com\/meinung\/118880-babi-jar-und-untermensch-im\/\" target=\"_blank\" rel=\"noopener\">RT DE<\/a><\/span><\/p>\n<p>Es war schon eigenartig, wie h\u00e4ufig in der Debatte des Bundestags zum \u00dcberfall auf die Sowjetunion auf Babi Jar verwiesen wurde. Angefangen mit Au\u00dfenminister Heiko Maas: &#8222;In der Ukraine werden wir das geplante neue Holocaustmuseum Babyn Jar unterst\u00fctzen und in Belarus die Sanierung der Geschichtswerkstatt im ehemaligen Ghetto von Minsk.&#8220;<\/p>\n<p>Klar, in Lwow k\u00f6nnte die Bundesregierung kein Holocaustmuseum unterst\u00fctzen, das w\u00fcrde bei jenen, die dort eine meterhohe Bandera-Statue errichtet haben, auf wenig Gegenliebe sto\u00dfen. Bei Kiew geht das vielleicht noch ohne unmittelbaren Zusammensto\u00df mit Naziverehrern, wenn man den Zaun drumherum hoch genug baut &#8230;<\/p>\n<p>Aber warum wieder kein Denkmal, das an die slawischen Opfer der rassistischen Naziideologie erinnert? Warum spricht Maas (und nicht nur er) von &#8222;Opfern des Vernichtungskrieges in Polen und in ganz Europa&#8220;? Ja, auch die Polen wurden als slawische Untermenschen betrachtet und behandelt, wie die Serben und wie die Sowjetb\u00fcrger. Ganz Europa? Nein, Franzosen, Niederl\u00e4nder, D\u00e4nen, Schweden, Italiener und noch einige andere hatten den Vorteil, nicht auf der Liste der Untermenschen zu stehen. Das bewahrte sie nicht vor Verbrechen. Aber es bewahrte sie vor systematischen Versuchen der Vernichtung, wie die Belagerung von Leningrad einer war. Was da vorgesehen war, kann man im <a href=\"https:\/\/www.google.com\/url?sa=t&amp;rct=j&amp;q=&amp;esrc=s&amp;source=web&amp;cd=&amp;cad=rja&amp;uact=8&amp;ved=2ahUKEwiOqYXotY3xAhWJDewKHbjCCMIQFjACegQIAhAE&amp;url=https%3A%2F%2Fwww.1000dokumente.de%2Findex.html%3Fc%3Ddokument_de%26dokument%3D0138_gpo%26l%3Dde&amp;usg=AOvVaw22azKf7SZuJuTQOg4NFPDR\">Generalplan Ost<\/a> nachlesen.<\/p>\n<p>Es war der Boden der Sowjetunion, der in verbrannte Erde verwandelt wurde, als die Nazihorden abziehen mussten; Dorf um Dorf, Stadt um Stadt. Das Schicksal, das Warschau traf und dem Krakau entging, teilten Hunderte sowjetische St\u00e4dte. Der Krieg im Westen hatte nicht das Ziel, die Bev\u00f6lkerung zu vertreiben, zu versklaven oder zu ermorden; er sollte nur unterwerfen. Am 22. Juni 1941 begann eine in Europa v\u00f6llig neue Form des Krieges, die nur das Land, nicht die Menschen erobern wollte.<\/p>\n<p>&#8222;Polen und ganz Europa&#8220; ist da eine gigantische Nebelkerze. Werfen wir doch einen Blick auf die Aussagen eines Fachmanns zur Rassenlehre der Nazis, Heinrich Himmler. In seiner <a href=\"https:\/\/www.1000dokumente.de\/pdf\/dok_0008_pos_de.pdf\">Posener Rede<\/a> f\u00fchrt er das Bild der Nazis von den Slawen sehr deutlich vor Augen:<\/p>\n<p>&#8222;Diese Masse muss eben zertreten und abgestochen, abgeschlachtet werden. Es ist, um einmal ein ganz brutales Beispiel zu gebrauchen, wie bei einem Schwein, das abgestochen wird und allm\u00e4hlich ausbluten muss. (&#8230;) Der Slawe ist nie f\u00e4hig, selbst etwas zu konstruieren. Auf die Dauer ist er es nicht. Ordnung zu halten, ist diese menschliche Minderware heute genau so wenig f\u00e4hig, wie sie es vor 700 oder 800 Jahren war. (&#8230;)<\/p>\n<p>Wie es den Russen geht, wie es den Tschechen geht, ist mir total gleichg\u00fcltig. Das, was in den V\u00f6lkern an gutem Blut unserer Art vorhanden ist, werden wir uns holen, indem wir ihnen, wenn notwendig, die Kinder rauben und sie bei uns gro\u00dfziehen. Ob die anderen V\u00f6lker in Wohlstand leben oder ob sie verrecken vor Hunger, das interessiert mich nur soweit, als wir sie als Sklaven f\u00fcr unsere Kultur brauchen, anders interessiert mich das nicht. (&#8230;)<\/p>\n<p>Achten Sie darauf, dass diese Untermenschen Sie immer ansehen, immer dem Vorgesetzten ins Auge sehen m\u00fcssen. Das ist wie beim Tier. Solange es seinem B\u00e4ndiger ins Auge sieht, so lange tut es nichts. Seien Sie aber immer dar\u00fcber klar: es ist eine Bestie.&#8220;<\/p>\n<p>Die Bundesregierung f\u00f6rdert eine Gedenkst\u00e4tte in Babi Jar. Und lobt sich daf\u00fcr in einer Debatte, in der es um den \u00dcberfall auf die Sowjetunion geht. Dahinter verbergen sich zwei Dinge.<\/p>\n<p>Das erste ist der Vorwurf, der von hier aus gerne der Sowjetunion gemacht wird, sie habe nicht angemessen der j\u00fcdischen Opfer gedacht. Das ist ein sehr listig ausgedachter Vorwurf; denn hier bei uns wird er sogleich als Indiz f\u00fcr Antisemitismus gelesen, auch wenn auf der anderen, der sowjetischen Seite, die Vorstellung, einen Unterschied zwischen aus rassischen Gr\u00fcnden ermordeten j\u00fcdischen Sowjetb\u00fcrgern und aus rassischen Gr\u00fcnden ermordeten russischen oder ruthenischen oder polnischen oder bulgarischen Sowjetb\u00fcrgern zu machen, um die ganzen 27 Millionen in kleinere H\u00e4ppchen aufzuteilen, als absurd wahrgenommen wurde.<\/p>\n<p>Denn eigentlich k\u00f6nnte man es auf jedes einzelne Grab jedes einzelnen Soldaten der Roten Armee, jedes einzelnen ermordeten Kindes, jedes verhungerten Leningrader B\u00fcrgers schreiben, sofern da \u00fcberhaupt einzelne Gr\u00e4ber sind: ermordet, weil von den Nazis zu Untermenschen erkl\u00e4rt. Und die gr\u00f6\u00dfte und nutzbringendste Form des Gedenkens fand erst einmal in Gestalt des Wiederaufbaus all der zerst\u00f6rten St\u00e4dte statt, die wieder zum Leben erweckt wurden, obwohl die Wehrmacht sie gezielt in Tr\u00fcmmerlandschaften verwandelt hatte.<\/p>\n<p>Die andere Botschaft, die sich in dieser besonderen Betonung verbirgt, ist aber noch perfider. Es wird n\u00e4mlich signalisiert, dass die slawischen Opfer des Nazirassismus keines eigenen Gedenkens wert sind. Dass dieser Teil des verbrecherischen Rassenwahns keiner war, schon gar kein Verbrechen, aus dem eine echte Verantwortung entsteht.<\/p>\n<p>Nein, immer wieder gab es die Umlenkung auf die Ukraine. Man m\u00fcsse, so Maas, &#8222;auf die politische Willk\u00fcr zu reagieren, mit der Minsk und Moskau gerade auch in j\u00fcngster Zeit eklatant gegen internationale Regeln und universelle Werte versto\u00dfen haben&#8220;. Sagt er als deutscher Au\u00dfenminister in einer Debatte \u00fcber den \u00dcberfall auf die Sowjetunion.<\/p>\n<p>Klar, h\u00e4tte man den antislawischen Rassismus in diesem BRD-Nachfolge-Gro\u00dfdeutschland je so wahrgenommen oder gar aufgearbeitet wie den Antisemitismus und je das wahre gigantische Ausma\u00df dieses Verbrechens erfasst, schon die Bombardierung Belgrads h\u00e4tte sich verboten. Denn auch die Serben wurden durch ein Nazi-Kollaborateursregime als slawische Untermenschen ermordet, Stichwort <a href=\"https:\/\/de.wikipedia.org\/wiki\/KZ_Jasenovac\">Jasenovac<\/a>.<\/p>\n<p>Stattdessen ist die gegenw\u00e4rtige Darstellung Russlands und der Russen bis zur Halskrause gespickt mit den Bildern, an denen schon Goebbels gearbeitet hat. Der Slawe an sich ist blutr\u00fcnstig und verschlagen, verschw\u00f6rerisch und heimt\u00fcckisch. Da gab es in der Westrepublik eine ungebrochene Kontinuit\u00e4t, die immer wieder mal auch optisch erkennbar wurde wie auf einem <a href=\"https:\/\/de.wikipedia.org\/wiki\/Alle_Wege_des_Marxismus_f\u00fchren_nach_Moskau#\/media\/Datei:CDU_Wahlkampfplakat_-_kaspl010.JPG\">CDU-Plakat<\/a> von 1953.<\/p>\n<p>Oder wie in der Fernsehserie <em>Tannbach<\/em> von 2015, in der die Amerikaner, die den Ort zuerst einnehmen, brav und ordentlich sind und nicht einmal die SSler erschie\u00dfen (obwohl die historischen Amerikaner zu jenem Zeitpunkt alles, was eine Blutgruppent\u00e4towierung hatte, an Ort und Stelle erledigten), die Rote Armee aber sogleich ein Gemetzel anrichtet und erst einmal alle Frauen vergewaltigt &#8230;<\/p>\n<p>Ja. 2015. Man kann problemlos weiteres Fernsehmaterial hinterherschieben, in dem der Russe an sich genau so ist, wie ihn Himmler beschrieben hat. Man kann auch die ber\u00fcchtigten <em>Spiegel<\/em>-Titel betrachten.<\/p>\n<p>Und mit Sicherheit w\u00fcrden viele der Geschichten, die in den letzten Jahren serviert wurden, gar nicht funktionieren, wenn im Hintergrund nicht das Bild des verschlagenen, t\u00fcckischen Slawen abgespeichert w\u00e4re. Diese eigenartig scheiternden Giftmorde beispielsweise. Warum sollte ein vernunftbegabter Mensch, gesetzt den Fall, er wolle unbedingt einen anderen Menschen zu Tode bringen, ausgerechnet eine Methode w\u00e4hlen, die so unzuverl\u00e4ssig zu sein scheint? Es ist ja nicht so, dass es keine anderen Methoden g\u00e4be. Nur: Wenn man vorab schon davon ausgeht, dass der m\u00f6gliche Verd\u00e4chtige die oben dem Slawen zugeschriebenen Eigenschaften mitbringt, die Heimt\u00fccke vor allem, dann wird eben diese allererste Frage gar nicht mehr gestellt. Im Gegenteil, die Erz\u00e4hlung vom Giftmord und die rassistische Zuschreibung verst\u00e4rken einander.<\/p>\n<p>Es ist mehr als \u00fcberf\u00e4llig, das Bild des slawischen Untermenschen endlich aus dem deutschen Denken zu l\u00f6schen. Nicht im Sinne einer permanenten schuldbeladenen Demutshaltung. Aber ein Unterlassen der penetrant ausged\u00fcnsteten moralischen \u00dcberheblichkeit, ein schlichtes Akzeptieren, dass die russische (und die wei\u00dfrussische) Bev\u00f6lkerung \u00fcber ihr Leben und ihre politische Vertretung selbst entscheidet, und ein Verzicht auf geopolitische Machtspielchen mit Absender Berlin, das w\u00e4re schon ein gewaltiger Fortschritt.<\/p>\n<p>Stattdessen wird noch das Gedenken an die in Babi Jar ermordeten j\u00fcdischen Sowjetb\u00fcrger umgem\u00fcnzt in eine Best\u00e4tigung der eigenen Aggression. Und gleichzeitig ist die Rede von ausgestreckten H\u00e4nden, die ja nur die b\u00f6sen Russen nicht ergreifen wollen.<\/p>\n<p>Das erinnert ebenfalls an einen historischen Text.<\/p>\n<p>&#8222;Niemals hat das deutsche Volk gegen die V\u00f6lkerschaften Ru\u00dflands feindselige Gef\u00fchle gehegt. Allein seit \u00fcber zwei Jahrzehnten hat sich die j\u00fcdisch-bolschewistische Machthaberschaft von Moskau aus bem\u00fcht, nicht nur Deutschland, sondern ganz Europa in Brand zu stecken.&#8220;<\/p>\n<p>Dieses Zitat stammt aus Hitlers <a href=\"http:\/\/www.worldfuturefund.org\/wffmaster\/reading\/hitler%20speeches\/Hitler%20Rede%201941.06.22.htm\">Rundfunkrede<\/a>, mit der er den \u00dcberfall auf die Sowjetunion bekannt gab, am 22. Juni 1941.<\/p>\n<div class=\"ArticleView-shares\">\n<div class=\"ShareBlock-isReact\" data-rtcomponent=\"ShareBlock\">\n<p style=\"text-align: right;\"><em>Dagmar Henn ist Mitglied des Deutschen Freidenker-Verbandes<\/em><\/p>\n<\/div>\n<\/div>\n<p><span style=\"font-size: 10pt;\">Link zur Erstver\u00f6ffentlichung auf RT DE: <a href=\"https:\/\/de.rt.com\/meinung\/118880-babi-jar-und-untermensch-im\/\" target=\"_blank\" rel=\"noopener\">https:\/\/de.rt.com\/meinung\/118880-babi-jar-und-untermensch-im\/<\/a><\/span><\/p>\n<hr \/>\n<p><span style=\"font-size: 10pt;\">Bild oben: <span class=\"mw-mmv-title\">Gedenkmenora f\u00fcr ermordete Juden in Babi Jar bei Kiew<\/span><\/span><br \/>\n<span style=\"font-size: 10pt;\">Foto: Alex Long, <a class=\"mw-mmv-license\" href=\"https:\/\/creativecommons.org\/licenses\/by-sa\/4.0\" target=\"_blank\" rel=\"noopener\">CC BY-SA 4.0<\/a><\/span><br \/>\n<span style=\"font-size: 10pt;\">Quelle: <a href=\"https:\/\/commons.wikimedia.org\/w\/index.php?curid=62166261\" target=\"_blank\" rel=\"noopener\">https:\/\/commons.wikimedia.org\/w\/index.php?curid=62166261<\/a><\/span><\/p>\n","protected":false},"excerpt":{"rendered":"<p><b>Beitrag von Dagmar Henn<\/b><br \/>\nEs scheint unm\u00f6glich in der Bundesrepublik, mit den slawischen Opfern des Nazi-Rassenwahns auch nur anst\u00e4ndig umzugehen. Stattdessen wird ausgerechnet Babi Jar benutzt, um zu signalisieren, dass Untermensch Untermensch bleibt &#8211; zumindest, solange er Slawe ist.<br \/>\nEs war schon eigenartig, wie h\u00e4ufig in der Debatte des Bundestags zum \u00dcberfall auf die Sowjetunion auf Babi Jar verwiesen wurde. Angefangen mit Au\u00dfenminister Heiko Maas: &#8222;In der Ukraine werden wir das geplante neue Holocaustmuseum Babyn Jar unterst\u00fctzen und in Belarus die Sanierung der Geschichtswerkstatt im ehemaligen Ghetto von Minsk.&#8220; &#8230;<br \/>\nAber warum wieder kein Denkmal, das an die slawischen Opfer der rassistischen Naziideologie erinnert?<\/p>\n","protected":false},"author":3,"featured_media":10557,"comment_status":"closed","ping_status":"closed","sticky":false,"template":"","format":"standard","meta":{"colormag_page_container_layout":"default_layout","colormag_page_sidebar_layout":"default_layout","advanced_seo_description":"","jetpack_seo_html_title":"","jetpack_seo_noindex":false,"jetpack_post_was_ever_published":false,"footnotes":""},"categories":[12,1162],"tags":[648,1032,960,745,653,222],"class_list":["post-10555","post","type-post","status-publish","format-standard","has-post-thumbnail","hentry","category-demokratie-medien-aufklaerung","category-geschichte","tag-2-weltkrieg","tag-bundesregierung","tag-faschistischer-ueberfall-auf-die-sowjetunion","tag-naziterror","tag-rassismus","tag-russland"],"jetpack_featured_media_url":"https:\/\/i0.wp.com\/www.freidenker.org\/fw17\/wp-content\/uploads\/2021\/06\/menora_babi_jar_800x450.jpg?fit=800%2C450&ssl=1","jetpack_shortlink":"https:\/\/wp.me\/p9stpK-2Kf","jetpack-related-posts":[{"id":11357,"url":"https:\/\/www.freidenker.org\/?p=11357","url_meta":{"origin":10555,"position":0},"title":"Steinmeier, Babi Jar und die Geschichtsf\u00e4lscher","author":"Webredaktion","date":"5. Oktober 2021","format":false,"excerpt":"Beitrag von\u00a0Dagmar Henn Der deutsche Bundespr\u00e4sident Frank-Walter Steinmeier will wieder einmal in die Ukraine reisen, und es fragt sich, welchen Schaden er diesmal hinterlassen wird. Anlass seiner Reise ist die Teilnahme an einer Gedenkveranstaltung zum 80. Jahrestag des Massakers von Babi Jar am 6. Oktober, zusammen mit dem ukrainischen Pr\u00e4sidenten\u2026","rel":"","context":"In &quot;Demokratie \u2013 Medien \u2013 Aufkl\u00e4rung&quot;","block_context":{"text":"Demokratie \u2013 Medien \u2013 Aufkl\u00e4rung","link":"https:\/\/www.freidenker.org\/?cat=12"},"img":{"alt_text":"","src":"https:\/\/i0.wp.com\/www.freidenker.org\/fw17\/wp-content\/uploads\/2021\/10\/Frank-Walter_Steinmeier_800x450.jpg?fit=800%2C450&ssl=1&resize=350%2C200","width":350,"height":200,"srcset":"https:\/\/i0.wp.com\/www.freidenker.org\/fw17\/wp-content\/uploads\/2021\/10\/Frank-Walter_Steinmeier_800x450.jpg?fit=800%2C450&ssl=1&resize=350%2C200 1x, https:\/\/i0.wp.com\/www.freidenker.org\/fw17\/wp-content\/uploads\/2021\/10\/Frank-Walter_Steinmeier_800x450.jpg?fit=800%2C450&ssl=1&resize=525%2C300 1.5x, https:\/\/i0.wp.com\/www.freidenker.org\/fw17\/wp-content\/uploads\/2021\/10\/Frank-Walter_Steinmeier_800x450.jpg?fit=800%2C450&ssl=1&resize=700%2C400 2x"},"classes":[]},{"id":459,"url":"https:\/\/www.freidenker.org\/?p=459","url_meta":{"origin":10555,"position":1},"title":"Freidenker zum 75. Jahrestag des faschistischen \u00dcberfalls auf die Sowjetunion","author":"Webmaster","date":"22. Juni 2016","format":false,"excerpt":"Erkl\u00e4rung des Deutschen Freidenker-Verbandes zum 70. Jahrestag des faschistischen \u00dcberfalls auf die Sowjetunion Am 22. Juni 2016 gedenken wir der 27 Millionen Sowjetb\u00fcrger, die beim \u00dcberfall der faschistischen Wehrmacht auf die Sowjetunion ihr Leben verloren. Am 22. Juni 1941 begann der Vernichtungskrieg mit dem Ziel der \u201eAusrottung des Kommunismus f\u00fcr\u2026","rel":"","context":"In &quot;Frieden - Antifaschismus - Solidarit\u00e4t&quot;","block_context":{"text":"Frieden - Antifaschismus - Solidarit\u00e4t","link":"https:\/\/www.freidenker.org\/?cat=13"},"img":{"alt_text":"","src":"https:\/\/i0.wp.com\/www.freidenker.org\/fw17\/wp-content\/uploads\/2016\/08\/CCCP.jpg?fit=800%2C445&ssl=1&resize=350%2C200","width":350,"height":200,"srcset":"https:\/\/i0.wp.com\/www.freidenker.org\/fw17\/wp-content\/uploads\/2016\/08\/CCCP.jpg?fit=800%2C445&ssl=1&resize=350%2C200 1x, https:\/\/i0.wp.com\/www.freidenker.org\/fw17\/wp-content\/uploads\/2016\/08\/CCCP.jpg?fit=800%2C445&ssl=1&resize=525%2C300 1.5x, https:\/\/i0.wp.com\/www.freidenker.org\/fw17\/wp-content\/uploads\/2016\/08\/CCCP.jpg?fit=800%2C445&ssl=1&resize=700%2C400 2x"},"classes":[]},{"id":9614,"url":"https:\/\/www.freidenker.org\/?p=9614","url_meta":{"origin":10555,"position":2},"title":"Video: ABS &#8211; Das St\u00fcck zur TV-Doku","author":"Webredaktion","date":"23. Februar 2021","format":false,"excerpt":"\"ABS\" \u2013 ein politisches Theaterst\u00fcck von Diether Dehm (Regie: Reinhard Hinzpeter, Musik Jossi Mar Chaim) mit: freies Frankfurter Schauspielensemble, Peter Sodann, Hannes Jaenicke - Hermann Josef Abs war nie Mitglied der sich \u201eNationalsozialistische Arbeiter\u201c nennenden Faschistenpartei. Aber f\u00fcr die Nazis kalkulierte er kalt und n\u00fcchtern (als Chef der Deutschen Bank!)\u2026","rel":"","context":"In &quot;Demokratie \u2013 Medien \u2013 Aufkl\u00e4rung&quot;","block_context":{"text":"Demokratie \u2013 Medien \u2013 Aufkl\u00e4rung","link":"https:\/\/www.freidenker.org\/?cat=12"},"img":{"alt_text":"","src":"https:\/\/i0.wp.com\/www.freidenker.org\/fw17\/wp-content\/uploads\/2021\/02\/abs_das_stueck_800x450.jpg?fit=800%2C450&ssl=1&resize=350%2C200","width":350,"height":200,"srcset":"https:\/\/i0.wp.com\/www.freidenker.org\/fw17\/wp-content\/uploads\/2021\/02\/abs_das_stueck_800x450.jpg?fit=800%2C450&ssl=1&resize=350%2C200 1x, https:\/\/i0.wp.com\/www.freidenker.org\/fw17\/wp-content\/uploads\/2021\/02\/abs_das_stueck_800x450.jpg?fit=800%2C450&ssl=1&resize=525%2C300 1.5x, https:\/\/i0.wp.com\/www.freidenker.org\/fw17\/wp-content\/uploads\/2021\/02\/abs_das_stueck_800x450.jpg?fit=800%2C450&ssl=1&resize=700%2C400 2x"},"classes":[]},{"id":19329,"url":"https:\/\/www.freidenker.org\/?p=19329","url_meta":{"origin":10555,"position":3},"title":"Auch damals schon: Kampf um Profit, Macht und Herrschaft weltweit","author":"Webredaktion","date":"13. Juni 2024","format":false,"excerpt":"Zum \u00dcberfall der Faschisten auf die Sowjetunion Beitrag von\u00a0Prof. Dr. Anton Latzo Der w\u00e4hrend des zweiten Weltkrieges h\u00f6chstdekorierte General der USA, Douglas Mac Arthur, schrieb \u00fcber das Ergebnis der Wende bei Stalingrad und \u00fcber die nachfolgenden Ereignisse: \u201eAlle Hoffnungen der Zivilisation richten sich auf die ehrw\u00fcrdigen Banner der tapferen russischen\u2026","rel":"","context":"In &quot;Geschichte&quot;","block_context":{"text":"Geschichte","link":"https:\/\/www.freidenker.org\/?cat=1162"},"img":{"alt_text":"","src":"https:\/\/i0.wp.com\/www.freidenker.org\/fw17\/wp-content\/uploads\/2024\/06\/Bundesarchiv_Bild_146-2007-_0127_Russland_Gebirgs-Jaeger_beim_Vormarsch_800x450.jpg?fit=800%2C450&ssl=1&resize=350%2C200","width":350,"height":200,"srcset":"https:\/\/i0.wp.com\/www.freidenker.org\/fw17\/wp-content\/uploads\/2024\/06\/Bundesarchiv_Bild_146-2007-_0127_Russland_Gebirgs-Jaeger_beim_Vormarsch_800x450.jpg?fit=800%2C450&ssl=1&resize=350%2C200 1x, https:\/\/i0.wp.com\/www.freidenker.org\/fw17\/wp-content\/uploads\/2024\/06\/Bundesarchiv_Bild_146-2007-_0127_Russland_Gebirgs-Jaeger_beim_Vormarsch_800x450.jpg?fit=800%2C450&ssl=1&resize=525%2C300 1.5x, https:\/\/i0.wp.com\/www.freidenker.org\/fw17\/wp-content\/uploads\/2024\/06\/Bundesarchiv_Bild_146-2007-_0127_Russland_Gebirgs-Jaeger_beim_Vormarsch_800x450.jpg?fit=800%2C450&ssl=1&resize=700%2C400 2x"},"classes":[]},{"id":10677,"url":"https:\/\/www.freidenker.org\/?p=10677","url_meta":{"origin":10555,"position":4},"title":"Vernichtungskrieg: Der deutsche \u00dcberfall auf die Sowjetunion am 22. Juni 1941","author":"Webredaktion","date":"6. Juli 2021","format":false,"excerpt":"Rede von Joachim Guilliard\u00a0 Wir sind heute hier, um an ein besonders finsteres Kapitel der dt. Geschichte zu erinnern. Vor 80 Jahren, am 22. Juni 1941 \u00fcberfiel die deutsche Wehrmacht heimt\u00fcckisch, ohne Kriegserkl\u00e4rung die Sowjetunion. Damit startete der deutsche Imperialismus die gr\u00f6\u00dfte milit\u00e4rische Operation der Geschichte, die in den folgenden\u2026","rel":"","context":"In &quot;Frieden - Antifaschismus - Solidarit\u00e4t&quot;","block_context":{"text":"Frieden - Antifaschismus - Solidarit\u00e4t","link":"https:\/\/www.freidenker.org\/?cat=13"},"img":{"alt_text":"","src":"https:\/\/i0.wp.com\/www.freidenker.org\/fw17\/wp-content\/uploads\/2021\/07\/Bundesarchiv_Kampf_um_Stalingrad_800x450.jpg?fit=800%2C450&ssl=1&resize=350%2C200","width":350,"height":200,"srcset":"https:\/\/i0.wp.com\/www.freidenker.org\/fw17\/wp-content\/uploads\/2021\/07\/Bundesarchiv_Kampf_um_Stalingrad_800x450.jpg?fit=800%2C450&ssl=1&resize=350%2C200 1x, https:\/\/i0.wp.com\/www.freidenker.org\/fw17\/wp-content\/uploads\/2021\/07\/Bundesarchiv_Kampf_um_Stalingrad_800x450.jpg?fit=800%2C450&ssl=1&resize=525%2C300 1.5x, https:\/\/i0.wp.com\/www.freidenker.org\/fw17\/wp-content\/uploads\/2021\/07\/Bundesarchiv_Kampf_um_Stalingrad_800x450.jpg?fit=800%2C450&ssl=1&resize=700%2C400 2x"},"classes":[]},{"id":15398,"url":"https:\/\/www.freidenker.org\/?p=15398","url_meta":{"origin":10555,"position":5},"title":"Der neue Russenhass in Deutschland:","author":"Webredaktion","date":"26. Februar 2023","format":false,"excerpt":"Tschaikowski, Puschkin und Co. \u2013 wirklich alles Untermenschen? - Beitrag von Gert Ewen Ungar Toleranz, Offenheit und Diversit\u00e4t sind zentrale Werte, f\u00fcr die sich Deutschland im Inland, vor allem aber im Ausland starkmacht. Rechte von LGBT-Personen, Willkommenskultur gegen\u00fcber Fl\u00fcchtenden, Frauenanteil in Aufsichtsr\u00e4ten, Kampf gegen Rassismus, Stigmatisierung und Ausgrenzung. Deutschland hat\u2026","rel":"","context":"In &quot;Demokratie \u2013 Medien \u2013 Aufkl\u00e4rung&quot;","block_context":{"text":"Demokratie \u2013 Medien \u2013 Aufkl\u00e4rung","link":"https:\/\/www.freidenker.org\/?cat=12"},"img":{"alt_text":"","src":"https:\/\/i0.wp.com\/www.freidenker.org\/fw17\/wp-content\/uploads\/2023\/02\/ballet-2124652_800x450.jpg?fit=800%2C450&ssl=1&resize=350%2C200","width":350,"height":200,"srcset":"https:\/\/i0.wp.com\/www.freidenker.org\/fw17\/wp-content\/uploads\/2023\/02\/ballet-2124652_800x450.jpg?fit=800%2C450&ssl=1&resize=350%2C200 1x, https:\/\/i0.wp.com\/www.freidenker.org\/fw17\/wp-content\/uploads\/2023\/02\/ballet-2124652_800x450.jpg?fit=800%2C450&ssl=1&resize=525%2C300 1.5x, https:\/\/i0.wp.com\/www.freidenker.org\/fw17\/wp-content\/uploads\/2023\/02\/ballet-2124652_800x450.jpg?fit=800%2C450&ssl=1&resize=700%2C400 2x"},"classes":[]}],"_links":{"self":[{"href":"https:\/\/www.freidenker.org\/index.php?rest_route=\/wp\/v2\/posts\/10555","targetHints":{"allow":["GET"]}}],"collection":[{"href":"https:\/\/www.freidenker.org\/index.php?rest_route=\/wp\/v2\/posts"}],"about":[{"href":"https:\/\/www.freidenker.org\/index.php?rest_route=\/wp\/v2\/types\/post"}],"author":[{"embeddable":true,"href":"https:\/\/www.freidenker.org\/index.php?rest_route=\/wp\/v2\/users\/3"}],"replies":[{"embeddable":true,"href":"https:\/\/www.freidenker.org\/index.php?rest_route=%2Fwp%2Fv2%2Fcomments&post=10555"}],"version-history":[{"count":0,"href":"https:\/\/www.freidenker.org\/index.php?rest_route=\/wp\/v2\/posts\/10555\/revisions"}],"wp:featuredmedia":[{"embeddable":true,"href":"https:\/\/www.freidenker.org\/index.php?rest_route=\/wp\/v2\/media\/10557"}],"wp:attachment":[{"href":"https:\/\/www.freidenker.org\/index.php?rest_route=%2Fwp%2Fv2%2Fmedia&parent=10555"}],"wp:term":[{"taxonomy":"category","embeddable":true,"href":"https:\/\/www.freidenker.org\/index.php?rest_route=%2Fwp%2Fv2%2Fcategories&post=10555"},{"taxonomy":"post_tag","embeddable":true,"href":"https:\/\/www.freidenker.org\/index.php?rest_route=%2Fwp%2Fv2%2Ftags&post=10555"}],"curies":[{"name":"wp","href":"https:\/\/api.w.org\/{rel}","templated":true}]}}