{"id":10540,"date":"2021-06-15T23:59:39","date_gmt":"2021-06-15T21:59:39","guid":{"rendered":"https:\/\/www.freidenker.org\/?p=10540"},"modified":"2021-07-30T03:31:11","modified_gmt":"2021-07-30T01:31:11","slug":"die-bundeswehr-braune-wurzeln-braune-praxis","status":"publish","type":"post","link":"https:\/\/www.freidenker.org\/?p=10540","title":{"rendered":"Die Bundeswehr: braune Wurzeln, braune Praxis"},"content":{"rendered":"<p><em>von <strong>Klaus Hartmann<\/strong><\/em><\/p>\n<p>Seit langem und immer wieder besch\u00e4ftigen sich Freidenker mit dem, was heute &#8222;Rechtsextremismus&#8220; in der Bundeswehr genannt wird. Mit dem Hinweis auf die &#8222;Wurzeln&#8220; soll verdeutlicht werden, dass das Problem nicht neu ist. Es wurzelt schon in der Zeit vor Entstehung des Heeres, als im Auftrag von Bundeskanzler Adenauer 1950 alte Nazi-Generale im Kloster Himmerod zusammenkamen, um in einer geheimen Denkschrift die Remilitarisierung Deutschlands zu fordern. Die Waffen-SS-Angeh\u00f6rigen wurden rehabilitiert, die Bundeswehr von Nazi-Personal aufgebaut. Das Problem betrifft nicht nur die Bundeswehr, sondern die Geheimdienste Westdeutschlands gleicherma\u00dfen.<\/p>\n<p>Das Thema hat sich auch nicht mit den Jahrzehnten erledigt: der Kommandeur des &#8222;Kommando Spezialkr\u00e4fte&#8220; (KSK), Reinhardt G\u00fcnzel, verlautbarte noch im Jahr 2008:\u00a0\u00a0&#8222;Ich erwarte von meiner Truppe Disziplin wie bei den Spartanern, den R\u00f6mern oder bei der Waffen-SS.&#8220; Seit Jahren stehen solche Vorf\u00e4lle bei der Truppe unter kritischer Beobachtung des &#8222;Darmst\u00e4dter Signals &#8211; Kritisches Forum f\u00fcr Staatsb\u00fcrger in Uniform&#8220;. Ihr Vorstandsmitglied J\u00fcrgen Rose ist auch Mitglied des Freidenker-Beirats und besch\u00e4ftigt sich speziell mit braunen Umtrieben von Uniformtr\u00e4gern. Dabei gilt sein Augenmerk besonders den strukturellen Ursachen, &#8211; siehe z.B. &#8222;T\u00f6ten f\u00fcr Deutschland&#8220; in &#8222;Freidenker 1-2020&#8220;, <a href=\"https:\/\/www.freidenker.org\/?p=7789\">https:\/\/www.freidenker.org\/?p=7789<\/a>. Gerade das KSK als elit\u00e4re Geheimarmee der Exekutive mit ihren Eins\u00e4tzen beim illegalen Kreuzzug gegen der Terror und anderen &#8222;schmutzigen Kriegen&#8220; f\u00f6rdert eine demokratieunvertr\u00e4gliche Kriegermentalit\u00e4t.<\/p>\n<p>&#8222;Rechtsextrem&#8220; sind also in erster Linie derartige Strukturen und die milit\u00e4rische Ausrichtung nach den Vorgaben der Regierenden.\u00a0 Nicht anders kann auch nur die Beteiligung der Bundeswehr am ersten v\u00f6lkerrechtswidrigen Angriffskrieg seit 1945, an der NATO-Aggression gegen Jugoslawien klassifiziert werden. Bundeswehr-Oberst Klein wurde nach der Bombardierung von zwei Tanklastz\u00fcgen in Afghanistan 2009 mit \u00fcber 100 Toten im Jahr 2012 zum General bef\u00f6rdert &#8211; welche politische Bewertung soll daraus folgen? Das gleiche Bild beim Willen zur Aufkl\u00e4rung im Geheimdienstmilieu: Die Hessische Landesregierung verweigert die Offenlegung der Akten zum &#8222;Betreuten Morden&#8220; des &#8222;NSU&#8220;- nachdem ein &#8222;Verfassungssch\u00fctzer&#8220; bei einem Mord in Kassel im selben Raum zugegen war, aber &#8222;nichts gemerkt&#8220; hat. Seit Jahren ziehen sich die Bem\u00fchungen von Untersuchungsaussch\u00fcssen zum &#8222;Anschlag am Breitscheidplatz&#8220; im Dezember 2016 ergebnislos hin: Beschuldigter erschossen, Mitt\u00e4ter abgeschoben, andere Zeugen werden vor Befragungen gesch\u00fctzt &#8211; und soeben gibt der &#8222;Verfassungsschutz&#8220; zu, doch &#8222;nicht alle Akten&#8220; an den Ausschuss geliefert zu haben.<\/p>\n<p>Dagegen schien ein regelrechtes Kontrastprogramm angesagt, als sich im Jahr 2017 pl\u00f6tzlich die Schlagzeilen mit dem &#8222;Fall Franco A.&#8220; f\u00fcllten. Der Fall schien so dramatisch, dass Flinten-Uschi von der Leyen gar einen USA-Besuch stornierte, da f\u00fcr sie &#8222;die Aufkl\u00e4rung der aktuellen Vorg\u00e4nge um den Oberleutnant Franco A. im Vordergrund&#8220; st\u00fcnden, wie ihr Ministeriumssprecher verbreitete. Und als die Kriegsministerin dann \u00f6ffentlich der Bundeswehr ein &#8222;Haltungsproblem&#8220; bescheinigte, schien endlich die Zeit der Entnazifizierung gekommen. Doch ist das am vorliegenden Fall \u00fcberhaupt zu leisten? Was da an R\u00e4uberpistolen zu Tage gef\u00f6rdert wurde und wird, ist ein Fall f\u00fcr die Gerichte. Aber was als ideologischer rechtsextremistischer Hintergrund pr\u00e4sentiert wird, interessiert uns nicht nur, um die Motive eines Angeklagten kennen zu lernen, dies d\u00fcrfte auch ein Licht auf die Interessenlage der politisch Verantwortlichen werfen.<\/p>\n<p>&nbsp;<\/p>\n<hr \/>\n<p><strong>Was denkt eigentlich \u201eeiner wie Franco A.\u201c?<\/strong><\/p>\n<h4>Zwischen Realit\u00e4t und Fiktion<\/h4>\n<p><em>Von <strong>Klaus Hartmann<\/strong><\/em><\/p>\n<p>Der Bundeswehroffizier Franco A. steht ab Mai 2021 (erneut) vor Gericht, wo ihm eine Reihe \u2013 bislang unbewiesener, aber auf viele Indizien gest\u00fctzte \u2013 Straftaten zur Last gelegt werden. Die Ermittler und Verteidiger sollen ihre Arbeit tun, uns interessiert hier der ideologische Hintergrund. Die Taten seien plausibel aufgrund seines \u201erechtsextremistischen\u201c bzw. \u201ev\u00f6lkisch (-rassistischen)\u201c Denkens, das er in seiner Masterarbeit \u201ePolitischer Wandel und Subversionsstrategie\u201c dargelegt habe.<\/p>\n<p>\u201e<em>Die Zeit<\/em>\u201c v. 29.04.2017 bescheinigt der Arbeit unter Bezugnahme auf den \u201e<em>Spiegel<\/em>\u201c stramm v\u00f6lkische und teilweise rechtsextreme Positionen, und schreibt: \u201eEin Bundeswehrwissenschaftler vom Zentrum f\u00fcr Milit\u00e4rgeschichte und Sozialwissenschaften hatte die Arbeit damals ebenfalls gelesen. Er schrieb, der Text enthalte eindeutig \u201av\u00f6lkisches Denken\u2018.\u201c<a href=\"#_ftn1\" name=\"_ftnref1\">[1]<\/a> Die Internetseite \u201e<em>Der Rechte Rand<\/em>\u201c, die mit dem Namen das Objekt ihrer Beobachtungen bezeichnet, befand, dass besagte Arbeit \u201evon v\u00f6lkischen und antisemitischen Verschw\u00f6rungstheorien nur so strotzte\u201c und ein \u201eneu-rechtes Traktat\u201c darstelle.<a href=\"#_ftn2\" name=\"_ftnref2\">[2]<\/a> \u00a0Sie liefere \u201ehandfeste Beweise f\u00fcr die rechtsextreme Gesinnung\u201c.<a href=\"#_ftn3\" name=\"_ftnref3\">[3]<\/a><\/p>\n<p>Nach diesen Befunden stellt die Masterarbeit von Franco A. gewisserma\u00dfen die inhaltliche Klammer oder den ideologischen Hintergrund f\u00fcr die Tatvorw\u00fcrfe dar, und liefert das \u201eFraming\u201c f\u00fcr eine Anklage wegen rechtsterroristischer Anschlagsplanung. Schlie\u00dflich habe jene \u201eaus einer v\u00f6lkisch nationalen Gesinnung heraus\u201c stattgefunden, wie die Bundesanwaltschaft zitiert wird.<a href=\"#_ftn4\" name=\"_ftnref4\">[4]<\/a><\/p>\n<p>Bei vielen Menschen, auch bei Linken, trifft man auf die Neigung, sich mit diesem Befund zufriedenzugeben und ohne eigene Pr\u00fcfung in den verbreiteten Narrativ einzustimmen. Dieses Vorgehen halte ich f\u00fcr unbefriedigend, sodass ich besagte Masterarbeit gr\u00fcndlich gelesen habe, als ich die Gelegenheit dazu erhielt, um mir ein eigenes Urteil zu bilden. &#8230;\u00a0<img data-recalc-dims=\"1\" loading=\"lazy\" decoding=\"async\" data-attachment-id=\"1072\" data-permalink=\"https:\/\/www.freidenker.org\/?attachment_id=1072\" data-orig-file=\"https:\/\/i0.wp.com\/www.freidenker.org\/fw17\/wp-content\/uploads\/2017\/10\/pdf_icon-e1509487447542.png?fit=16%2C16&amp;ssl=1\" data-orig-size=\"16,16\" data-comments-opened=\"0\" data-image-meta=\"{&quot;aperture&quot;:&quot;0&quot;,&quot;credit&quot;:&quot;&quot;,&quot;camera&quot;:&quot;&quot;,&quot;caption&quot;:&quot;&quot;,&quot;created_timestamp&quot;:&quot;0&quot;,&quot;copyright&quot;:&quot;&quot;,&quot;focal_length&quot;:&quot;0&quot;,&quot;iso&quot;:&quot;0&quot;,&quot;shutter_speed&quot;:&quot;0&quot;,&quot;title&quot;:&quot;&quot;,&quot;orientation&quot;:&quot;0&quot;}\" data-image-title=\"pdf_icon_16\" data-image-description=\"\" data-image-caption=\"\" data-large-file=\"https:\/\/i0.wp.com\/www.freidenker.org\/fw17\/wp-content\/uploads\/2017\/10\/pdf_icon-e1509487447542.png?fit=16%2C16&amp;ssl=1\" class=\"alignnone size-full wp-image-1072\" src=\"https:\/\/i0.wp.com\/www.freidenker.org\/fw17\/wp-content\/uploads\/2017\/10\/pdf_icon-e1509487447542.png?resize=16%2C16&#038;ssl=1\" alt=\"\" width=\"16\" height=\"16\" \/> <span style=\"font-size: 10pt;\"><a href=\"https:\/\/www.freidenker.org\/fw17\/wp-content\/uploads\/2021\/06\/Franco-A.-Master_v02.pdf\" target=\"_blank\" rel=\"noopener\">Weiterlesen (PDF-Dokument)<\/a><\/span><\/p>\n<p><a href=\"#_ftnref1\" name=\"_ftn1\">[1]<\/a> <a href=\"https:\/\/www.zeit.de\/gesellschaft\/zeitgeschehen\/2017-04\/terrorverdaechtiger-soldat-bundeswehr-rechtsextreme-thesen-masterarbeit\">https:\/\/www.zeit.de\/gesellschaft\/zeitgeschehen\/2017-04\/terrorverdaechtiger-soldat-bundeswehr-rechtsextreme-thesen-masterarbeit<\/a><br \/>\n<a href=\"#_ftnref2\" name=\"_ftn2\">[2]<\/a> <a href=\"https:\/\/www.der-rechte-rand.de\/archive\/3770\/rechte-bundeswehr\/\">https:\/\/www.der-rechte-rand.de\/archive\/3770\/rechte-bundeswehr\/<\/a><br \/>\n<a href=\"#_ftnref3\" name=\"_ftn3\">[3]<\/a> <a href=\"https:\/\/www.jungewelt.de\/artikel\/317665.einsilbig-bundesregierung-zu-franco-albrecht.html\">https:\/\/www.jungewelt.de\/artikel\/317665.einsilbig-bundesregierung-zu-franco-albrecht.html<\/a><br \/>\n<a href=\"#_ftnref4\" name=\"_ftn4\">[4]<\/a> <a href=\"https:\/\/www.faz.net\/aktuell\/rhein-main\/prozess-gegen-franco-a-in-freiheit-aber-unter-terrorverdacht-15987004.html\">https:\/\/www.faz.net\/aktuell\/rhein-main\/prozess-gegen-franco-a-in-freiheit-aber-unter-terrorverdacht-15987004.html<\/a><\/p>\n<p style=\"text-align: right;\"><em>Klaus Hartmann ist Bundesvorsitzender des Deutschen Freidenker-Verbandes<\/em><\/p>\n<hr \/>\n<p>Lesen Sie den Beitrag komplett:<\/p>\n<p><img data-recalc-dims=\"1\" loading=\"lazy\" decoding=\"async\" data-attachment-id=\"1076\" data-permalink=\"https:\/\/www.freidenker.org\/?attachment_id=1076\" data-orig-file=\"https:\/\/i0.wp.com\/www.freidenker.org\/fw17\/wp-content\/uploads\/2017\/10\/pdf_icon-2.png?fit=32%2C32&amp;ssl=1\" data-orig-size=\"32,32\" data-comments-opened=\"0\" data-image-meta=\"{&quot;aperture&quot;:&quot;0&quot;,&quot;credit&quot;:&quot;&quot;,&quot;camera&quot;:&quot;&quot;,&quot;caption&quot;:&quot;&quot;,&quot;created_timestamp&quot;:&quot;0&quot;,&quot;copyright&quot;:&quot;&quot;,&quot;focal_length&quot;:&quot;0&quot;,&quot;iso&quot;:&quot;0&quot;,&quot;shutter_speed&quot;:&quot;0&quot;,&quot;title&quot;:&quot;&quot;,&quot;orientation&quot;:&quot;0&quot;}\" data-image-title=\"pdf_icon\" data-image-description=\"\" data-image-caption=\"\" data-large-file=\"https:\/\/i0.wp.com\/www.freidenker.org\/fw17\/wp-content\/uploads\/2017\/10\/pdf_icon-2.png?fit=32%2C32&amp;ssl=1\" class=\"alignnone size-full wp-image-1076\" src=\"https:\/\/i0.wp.com\/www.freidenker.org\/fw17\/wp-content\/uploads\/2017\/10\/pdf_icon-2.png?resize=32%2C32&#038;ssl=1\" alt=\"\" width=\"32\" height=\"32\" \/> <a href=\"https:\/\/www.freidenker.org\/fw17\/wp-content\/uploads\/2021\/07\/Franco-A.-Master_v03.pdf\" target=\"_blank\" rel=\"noopener\">Klaus Hartmann <strong>&#8222;Zwischen Realit\u00e4t und Fiktion&#8220;<\/strong><\/a> (PDF-Dokument, ca. 304 KB)<\/p>\n<hr \/>\n<p><span style=\"font-size: 10pt;\">Bild: Tag der Bundeswehr 2017 auf dem Heeresflugplatz Fa\u00dfberg<\/span><br \/>\n<span style=\"font-size: 10pt;\">Foto:\u00a0 Tim Rademacher\u00a0\/ \u00a0<a href=\"https:\/\/creativecommons.org\/licenses\/by-sa\/4.0\/deed.en\" target=\"_blank\" rel=\"noopener\">CC-BY-SA 4.0<\/a><\/span><br \/>\n<span style=\"font-size: 10pt;\">Quelle: <a href=\"https:\/\/commons.wikimedia.org\/wiki\/File:2017-06-10_151901_Tag_der_Bundeswehr_KSK_(cropped).jpg\" target=\"_blank\" rel=\"noopener\">https:\/\/commons.wikimedia.org\/wiki\/File:2017-06-10_151901_Tag_der_Bundeswehr_KSK_(cropped).jpg<\/a><\/span><\/p>\n","protected":false},"excerpt":{"rendered":"<p><b>Beitrag von Klaus Hartmann<\/b><br \/>\nDer Bundeswehroffizier Franco A. steht ab Mai 2021 (erneut) vor Gericht, wo ihm eine Reihe \u2013 bislang unbewiesener, aber auf viele Indizien gest\u00fctzte \u2013 Straftaten zur Last gelegt werden. Die Ermittler und Verteidiger sollen ihre Arbeit tun, uns interessiert hier der ideologische Hintergrund. Die Taten seien plausibel aufgrund seines \u201erechtsextremistischen\u201c bzw. \u201ev\u00f6lkisch (-rassistischen)\u201c Denkens, das er in seiner Masterarbeit \u201ePolitischer Wandel und Subversionsstrategie\u201c dargelegt habe. &#8230; Bei vielen Menschen, auch bei Linken, trifft man auf die Neigung, sich mit diesem Befund zufriedenzugeben und ohne eigene Pr\u00fcfung in den verbreiteten Narrativ einzustimmen. Dieses Vorgehen halte ich f\u00fcr unbefriedigend, sodass ich besagte Masterarbeit gr\u00fcndlich gelesen habe, als ich die Gelegenheit dazu erhielt, um mir ein eigenes Urteil zu bilden.\u00a0\u00a0<\/p>\n","protected":false},"author":3,"featured_media":10542,"comment_status":"closed","ping_status":"closed","sticky":false,"template":"","format":"standard","meta":{"colormag_page_container_layout":"default_layout","colormag_page_sidebar_layout":"default_layout","advanced_seo_description":"","jetpack_seo_html_title":"","jetpack_seo_noindex":false,"jetpack_post_was_ever_published":false,"footnotes":""},"categories":[12],"tags":[211,688,759,1255,1263,1227],"class_list":["post-10540","post","type-post","status-publish","format-standard","has-post-thumbnail","hentry","category-demokratie-medien-aufklaerung","tag-aufklaerung","tag-bundeswehr","tag-geheimdienste","tag-gerichtsprozess","tag-ksk","tag-rechtsextremismus"],"jetpack_featured_media_url":"https:\/\/i0.wp.com\/www.freidenker.org\/fw17\/wp-content\/uploads\/2021\/06\/Tag_der_Bundeswehr_KSK_800x450.jpg?fit=800%2C450&ssl=1","jetpack_shortlink":"https:\/\/wp.me\/p9stpK-2K0","jetpack-related-posts":[{"id":24770,"url":"https:\/\/www.freidenker.org\/?p=24770","url_meta":{"origin":10540,"position":0},"title":"Frieden durch \u201eKriegst\u00fcchtigkeit\u201c? Aufr\u00fcstung, Militarisierung und die neue Wehrpflicht","author":"Webredaktion","date":"31. M\u00e4rz 2026","format":false,"excerpt":"Pressemitteilung vom 30.03.2026 Veranstaltung mit Bundeswehrmajor a. D. Florian D. Pfaff am 28.03.2026 in Schweinfurt Auf Einladung von NachDenkSeiten-Gespr\u00e4chskreis Schweinfurt\/W\u00fcrzburg und Deutschem Freidenker-Ortsverband Schweinfurt\/W\u00fcrzburg kam am Samstag, dem 28. M\u00e4rz 2026 der Bundeswehrmajor a. D. Florian D. Pfaff von der Friedensinitiative Rosenheim nach Schweinfurt. Vor 35 interessierten Zuh\u00f6rern sprach der\u2026","rel":"","context":"In &quot;Frieden - Antifaschismus - Solidarit\u00e4t&quot;","block_context":{"text":"Frieden - Antifaschismus - Solidarit\u00e4t","link":"https:\/\/www.freidenker.org\/?cat=13"},"img":{"alt_text":"","src":"https:\/\/i0.wp.com\/www.freidenker.org\/fw17\/wp-content\/uploads\/2026\/03\/Pfaff_Schweinfurt_IMG_6677_800x450.jpg?fit=800%2C450&ssl=1&resize=350%2C200","width":350,"height":200,"srcset":"https:\/\/i0.wp.com\/www.freidenker.org\/fw17\/wp-content\/uploads\/2026\/03\/Pfaff_Schweinfurt_IMG_6677_800x450.jpg?fit=800%2C450&ssl=1&resize=350%2C200 1x, https:\/\/i0.wp.com\/www.freidenker.org\/fw17\/wp-content\/uploads\/2026\/03\/Pfaff_Schweinfurt_IMG_6677_800x450.jpg?fit=800%2C450&ssl=1&resize=525%2C300 1.5x, https:\/\/i0.wp.com\/www.freidenker.org\/fw17\/wp-content\/uploads\/2026\/03\/Pfaff_Schweinfurt_IMG_6677_800x450.jpg?fit=800%2C450&ssl=1&resize=700%2C400 2x"},"classes":[]},{"id":530,"url":"https:\/\/www.freidenker.org\/?p=530","url_meta":{"origin":10540,"position":1},"title":"Trink, trink, Br\u00fcderle trink &#8211; Gauck, Auslandseins\u00e4tze der Bundeswehr","author":"Webmaster","date":"13. Juni 2012","format":false,"excerpt":"Gauck fordert mehr Offenheit f\u00fcr Auslandseins\u00e4tze der Bundeswehr - welche L\u00e4nder schon mal ihre Grenzen aufmachen sollen, erw\u00e4hnte er nicht. Vor der Bundeswehr-F\u00fchrungsakademie in Hamburg schalt er Kriegsgegner: \"'ohne uns' als purer Reflex kann keine Haltung sein, wenn wir unsere Geschichte ernstnehmen\". Als wenn die aus purem Reflex handelten. Der\u2026","rel":"","context":"In &quot;Frieden - Antifaschismus - Solidarit\u00e4t&quot;","block_context":{"text":"Frieden - Antifaschismus - Solidarit\u00e4t","link":"https:\/\/www.freidenker.org\/?cat=13"},"img":{"alt_text":"","src":"https:\/\/i0.wp.com\/www.freidenker.org\/fw17\/wp-content\/uploads\/2016\/08\/Kampfhubschrauber_Tiger.jpg?fit=800%2C445&ssl=1&resize=350%2C200","width":350,"height":200,"srcset":"https:\/\/i0.wp.com\/www.freidenker.org\/fw17\/wp-content\/uploads\/2016\/08\/Kampfhubschrauber_Tiger.jpg?fit=800%2C445&ssl=1&resize=350%2C200 1x, https:\/\/i0.wp.com\/www.freidenker.org\/fw17\/wp-content\/uploads\/2016\/08\/Kampfhubschrauber_Tiger.jpg?fit=800%2C445&ssl=1&resize=525%2C300 1.5x, https:\/\/i0.wp.com\/www.freidenker.org\/fw17\/wp-content\/uploads\/2016\/08\/Kampfhubschrauber_Tiger.jpg?fit=800%2C445&ssl=1&resize=700%2C400 2x"},"classes":[]},{"id":19487,"url":"https:\/\/www.freidenker.org\/?p=19487","url_meta":{"origin":10540,"position":2},"title":"&#8222;Operationsplan Deutschland&#8220; \u2013 Unfug, L\u00fcgen und ein Fall f\u00fcr die Steuerfahndung","author":"Webredaktion","date":"10. Juli 2024","format":false,"excerpt":"Beitrag von Dagmar Henn Es h\u00e4tte nat\u00fcrlich einen gewissen Reiz, sich mit einem Psychogramm des Bundeswehr-Generalleutnants Andr\u00e9 Bodemann zu befassen. Schon allein, weil es keine Aufnahme von ihm gibt, auf der die Uniform richtig sitzt, was sich beim Einkommen eines Generalleutnants (13.200 Euro\/Monat) nur dadurch erkl\u00e4ren l\u00e4sst, dass er zu\u2026","rel":"","context":"In &quot;Demokratie \u2013 Medien \u2013 Aufkl\u00e4rung&quot;","block_context":{"text":"Demokratie \u2013 Medien \u2013 Aufkl\u00e4rung","link":"https:\/\/www.freidenker.org\/?cat=12"},"img":{"alt_text":"","src":"https:\/\/i0.wp.com\/www.freidenker.org\/fw17\/wp-content\/uploads\/2024\/07\/PotraitAndreBodemann_cut_800x450.jpg?fit=800%2C450&ssl=1&resize=350%2C200","width":350,"height":200,"srcset":"https:\/\/i0.wp.com\/www.freidenker.org\/fw17\/wp-content\/uploads\/2024\/07\/PotraitAndreBodemann_cut_800x450.jpg?fit=800%2C450&ssl=1&resize=350%2C200 1x, https:\/\/i0.wp.com\/www.freidenker.org\/fw17\/wp-content\/uploads\/2024\/07\/PotraitAndreBodemann_cut_800x450.jpg?fit=800%2C450&ssl=1&resize=525%2C300 1.5x, https:\/\/i0.wp.com\/www.freidenker.org\/fw17\/wp-content\/uploads\/2024\/07\/PotraitAndreBodemann_cut_800x450.jpg?fit=800%2C450&ssl=1&resize=700%2C400 2x"},"classes":[]},{"id":8783,"url":"https:\/\/www.freidenker.org\/?p=8783","url_meta":{"origin":10540,"position":3},"title":"Potsdamer Friko gegen Ausstellung der Bundeswehr in der Garnisonkirche","author":"Webredaktion","date":"13. Oktober 2020","format":false,"excerpt":"Pressemitteilung der Friedenskoordination Potsdam zur Finanzierung der Dauerausstellung im Turm der Potsdamer Garnisonkirche durch die Bundeswehr In der letzten Woche war der lokalen Presse ... zu entnehmen, dass sich die Bundeswehr finanziell in das umstrittene Projekt zum Wiederaufbau der Potsdamer Hof- und Garnisonkirche einmischt. Dabei soll die neue Dauerausstellung im\u2026","rel":"","context":"In &quot;Frieden - Antifaschismus - Solidarit\u00e4t&quot;","block_context":{"text":"Frieden - Antifaschismus - Solidarit\u00e4t","link":"https:\/\/www.freidenker.org\/?cat=13"},"img":{"alt_text":"","src":"https:\/\/i0.wp.com\/www.freidenker.org\/fw17\/wp-content\/uploads\/2020\/10\/Bundesarchiv_Bild_183-S38324_Tag_von_Potsdam_Adolf_Hitler_Paul_v._Hindenburg_800x450.jpg?fit=800%2C450&ssl=1&resize=350%2C200","width":350,"height":200,"srcset":"https:\/\/i0.wp.com\/www.freidenker.org\/fw17\/wp-content\/uploads\/2020\/10\/Bundesarchiv_Bild_183-S38324_Tag_von_Potsdam_Adolf_Hitler_Paul_v._Hindenburg_800x450.jpg?fit=800%2C450&ssl=1&resize=350%2C200 1x, https:\/\/i0.wp.com\/www.freidenker.org\/fw17\/wp-content\/uploads\/2020\/10\/Bundesarchiv_Bild_183-S38324_Tag_von_Potsdam_Adolf_Hitler_Paul_v._Hindenburg_800x450.jpg?fit=800%2C450&ssl=1&resize=525%2C300 1.5x, https:\/\/i0.wp.com\/www.freidenker.org\/fw17\/wp-content\/uploads\/2020\/10\/Bundesarchiv_Bild_183-S38324_Tag_von_Potsdam_Adolf_Hitler_Paul_v._Hindenburg_800x450.jpg?fit=800%2C450&ssl=1&resize=700%2C400 2x"},"classes":[]},{"id":6478,"url":"https:\/\/www.freidenker.org\/?p=6478","url_meta":{"origin":10540,"position":4},"title":"DFV Nord protestiert gegen die Werbekampagne f\u00fcr die Bundeswehr","author":"Webredaktion","date":"16. Juni 2019","format":false,"excerpt":"Der Deutsche Freidenker-Verband, Landesverband Nord e.V., hat sich mit einem offenen Brief an Bundeskanzlerin Angela Merkel und Bundesverteidigungsministerin Ursula von der Leyen gewandt und protestiert gegen die laufende Werbekampagne der Bundeswehr. Ein Plakat mit den Schlagworten \u201eWasser, Gas, Schiessen\u201c ist so etwas von Kriegspropaganda, die unertr\u00e4glich ist.","rel":"","context":"In &quot;Frieden - Antifaschismus - Solidarit\u00e4t&quot;","block_context":{"text":"Frieden - Antifaschismus - Solidarit\u00e4t","link":"https:\/\/www.freidenker.org\/?cat=13"},"img":{"alt_text":"","src":"https:\/\/i0.wp.com\/www.freidenker.org\/fw17\/wp-content\/uploads\/2019\/06\/panzer-948809_800x445.jpg?fit=800%2C445&ssl=1&resize=350%2C200","width":350,"height":200,"srcset":"https:\/\/i0.wp.com\/www.freidenker.org\/fw17\/wp-content\/uploads\/2019\/06\/panzer-948809_800x445.jpg?fit=800%2C445&ssl=1&resize=350%2C200 1x, https:\/\/i0.wp.com\/www.freidenker.org\/fw17\/wp-content\/uploads\/2019\/06\/panzer-948809_800x445.jpg?fit=800%2C445&ssl=1&resize=525%2C300 1.5x, https:\/\/i0.wp.com\/www.freidenker.org\/fw17\/wp-content\/uploads\/2019\/06\/panzer-948809_800x445.jpg?fit=800%2C445&ssl=1&resize=700%2C400 2x"},"classes":[]},{"id":7403,"url":"https:\/\/www.freidenker.org\/?p=7403","url_meta":{"origin":10540,"position":5},"title":"Vortrag: T\u00f6ten f\u00fcr Deutschland","author":"Webredaktion","date":"9. Januar 2020","format":false,"excerpt":"Vortrag und Diskussion mit J\u00fcrgen Rose, Oberstleutnant a.D. am 25.01.2020 in Offenbach Immer wieder fallen Soldaten des im baden-w\u00fcrttembergischen St\u00e4dtchens Calw stationierten Kommandos Spezialkr\u00e4fte (KSK) durch rechtsradi\u00adkale Vorf\u00e4lle auf. Auch enttarnt der Milit\u00e4rische Abschirmdienst der Bundeswehr (MAD) dort regel\u00adm\u00e4\u00dfig rechtsradikale Soldaten. Die Zahlen zeigen: In der sogenannten \u201eEliteeinheit\u201c gibt es\u2026","rel":"","context":"In &quot;Veranstaltungen in den DFV-Landesverb\u00e4nden&quot;","block_context":{"text":"Veranstaltungen in den DFV-Landesverb\u00e4nden","link":"https:\/\/www.freidenker.org\/?cat=19"},"img":{"alt_text":"","src":"https:\/\/i0.wp.com\/www.freidenker.org\/fw17\/wp-content\/uploads\/2020\/01\/juergen_rose_2_800x445.jpg?fit=800%2C445&ssl=1&resize=350%2C200","width":350,"height":200,"srcset":"https:\/\/i0.wp.com\/www.freidenker.org\/fw17\/wp-content\/uploads\/2020\/01\/juergen_rose_2_800x445.jpg?fit=800%2C445&ssl=1&resize=350%2C200 1x, https:\/\/i0.wp.com\/www.freidenker.org\/fw17\/wp-content\/uploads\/2020\/01\/juergen_rose_2_800x445.jpg?fit=800%2C445&ssl=1&resize=525%2C300 1.5x, https:\/\/i0.wp.com\/www.freidenker.org\/fw17\/wp-content\/uploads\/2020\/01\/juergen_rose_2_800x445.jpg?fit=800%2C445&ssl=1&resize=700%2C400 2x"},"classes":[]}],"_links":{"self":[{"href":"https:\/\/www.freidenker.org\/index.php?rest_route=\/wp\/v2\/posts\/10540","targetHints":{"allow":["GET"]}}],"collection":[{"href":"https:\/\/www.freidenker.org\/index.php?rest_route=\/wp\/v2\/posts"}],"about":[{"href":"https:\/\/www.freidenker.org\/index.php?rest_route=\/wp\/v2\/types\/post"}],"author":[{"embeddable":true,"href":"https:\/\/www.freidenker.org\/index.php?rest_route=\/wp\/v2\/users\/3"}],"replies":[{"embeddable":true,"href":"https:\/\/www.freidenker.org\/index.php?rest_route=%2Fwp%2Fv2%2Fcomments&post=10540"}],"version-history":[{"count":0,"href":"https:\/\/www.freidenker.org\/index.php?rest_route=\/wp\/v2\/posts\/10540\/revisions"}],"wp:featuredmedia":[{"embeddable":true,"href":"https:\/\/www.freidenker.org\/index.php?rest_route=\/wp\/v2\/media\/10542"}],"wp:attachment":[{"href":"https:\/\/www.freidenker.org\/index.php?rest_route=%2Fwp%2Fv2%2Fmedia&parent=10540"}],"wp:term":[{"taxonomy":"category","embeddable":true,"href":"https:\/\/www.freidenker.org\/index.php?rest_route=%2Fwp%2Fv2%2Fcategories&post=10540"},{"taxonomy":"post_tag","embeddable":true,"href":"https:\/\/www.freidenker.org\/index.php?rest_route=%2Fwp%2Fv2%2Ftags&post=10540"}],"curies":[{"name":"wp","href":"https:\/\/api.w.org\/{rel}","templated":true}]}}