{"id":10523,"date":"2021-06-08T01:39:51","date_gmt":"2021-06-07T23:39:51","guid":{"rendered":"https:\/\/www.freidenker.org\/?p=10523"},"modified":"2021-07-07T03:58:48","modified_gmt":"2021-07-07T01:58:48","slug":"deutsche-friedensbewegung-zum-ueberfall-auf-die-sowjetunion","status":"publish","type":"post","link":"https:\/\/www.freidenker.org\/?p=10523","title":{"rendered":"Deutsche Friedensbewegung zum \u00dcberfall auf die Sowjetunion"},"content":{"rendered":"<p>Der Freidenkerverband begr\u00fc\u00dft es, wenn m\u00f6glichst viele gesellschaftliche Kr\u00e4fte den bevorstehenden 80. Jahrestags des \u00dcberfalls der deutschen Faschisten auf die Sowjetunion zum Anlass nehmen, ein Ende der Konfrontationspolitik gegen Russland und eine friedliche Zusammenarbeit zu fordern.<\/p>\n<p>Eine solche Initiative ist auch ein Projekt aus Friedensbewegung und dem politischen Raum, in der russischen Zeitung &#8222;Kommersant&#8220; eine Anzeige mit dem Titel &#8222;<strong>Lasst uns endlich Frieden schlie\u00dfen<\/strong>&#8220; zu schalten. Der Deutsche Freidenker-Verband hat den Anzeigentext nicht unterzeichnet, nicht in erster Linie wegen der ungen\u00fcgenden Erfassung der damaligen Kriegsziele des deutschen Imperialismus, sondern weil ein Aufruf an &#8222;die Politiker Europas in Ost und West: Bewegt Euch! Verlasst endlich die Sph\u00e4re und die Logik des Kalten Krieges!&#8220; die Schuld f\u00fcr die aktuelle Zuspitzung &#8222;gleichm\u00e4\u00dfig&#8220;\u00a0 verteilt, statt die Verantwortlichen beim Namen zu nennen: das Vorr\u00fccken der NATO an Russlands Grenzen, die Stationierung neuer atomf\u00e4higer Mittelstreckenraketen in Polen und Rum\u00e4nien, regelm\u00e4\u00dfige Gro\u00dfman\u00f6ver wie u. a. &#8222;Defender&#8220; an den russischen Grenzen mit Deutschland als Aufmarschgebiet sowie die unentwegte kriegstreiberische russophobe Propaganda.<\/p>\n<p>Ein Friedensappell muss sich an die Bundesregierung richten, die mit der wahrheitswidrigen Behauptung, &#8222;Moskau&#8220; w\u00fcrde das Minsk 2-Abkommen hintertreiben, Sanktionen gegen Russland verh\u00e4ngt, er muss sich auch an die deutsche \u00d6ffentlichkeit wenden mit der klaren Botschaft: Stoppt die propagandistische und tats\u00e4chliche Kriegsvorbereitung, stoppt die Gr\u00fcnen als Speerspitze der Kriegstreiber! Stoppt Baerbock mit ihrer Dauerhetze gegen Nordstream 2, stoppt Habeck mit seinen Forderungen nach Waffenlieferungen an die Ukraine und ihrer Aufnahme in die NATO!<\/p>\n<p>Auch aus der Friedensbewegung gibt anl\u00e4sslich des bevorstehenden Jahrestages des deutschen Russlandfeldzuges Stimmen, die sich eine klarere Adressierung friedenspolitischer Forderungen an den &#8222;Westen&#8220; als Urheber der versch\u00e4rften Spannungen w\u00fcnschen. Wir dokumentierenden den &#8222;Offenen Brief&#8220; der <b>Initiative\u00a0<\/b><i><b>\u201aFrieden mit Russland\u2018 <\/b><\/i>aus Hannover.<\/p>\n<hr \/>\n<h5>Offener Brief an die Unterst\u00fctzer und Unterst\u00fctzerinnen der f\u00fcr den 22.06. geplanten \u201aKommersant\u2018-Ver\u00f6ffentlichung in Sachen \u201eEndlich Frieden schlie\u00dfen \u2026\u201c<\/h5>\n<p>Liebe Unterst\u00fctzerinnen, liebe Unterst\u00fctzer,<\/p>\n<p>Ihr Vorhaben, in der russischen \u00d6ffentlichkeit eine Wortmeldung aus Deutschland abzugeben, die deutlich macht, dass der Kurs in Richtung Konfrontation mit Russland, in Richtung eines neuen Kalten Krieges und der NATO-Politik der milit\u00e4rischen Expansion bis an Russlands Grenzen in unserem Lande auf Widerstand trifft, unterst\u00fctzen wir ausdr\u00fccklich. Allerdings m\u00f6gen wir uns der von Ihnen vorgebrachten Argumentation nicht vorbehaltlos anschlie\u00dfen.<\/p>\n<p>Wir, die Initiative <em>Frieden mit Russland<\/em> aus Hannover, bem\u00fchen uns seit gut drei Jahren in diesem Sinn zu wirken. Wir f\u00fchren Info-Veranstaltungen durch, nehmen an Gedenkterminen teil, f\u00fchren auch Stra\u00dfenaktionen und Info-St\u00e4nde durch und beteiligen uns an der Organisierung humanit\u00e4rer Hilfe f\u00fcr die Volksrepubliken im Donbass.<\/p>\n<p>Uns bewegt genauso wie Sie die Sorge um Frieden in Europa angesichts einer sich geradezu t\u00e4glich versch\u00e4rfenden West-Ost-Konfrontation. Diese Versch\u00e4rfung entspringt unserer Beobachtung nach vor allem dem westlichen Drang nach geopolitischer und milit\u00e4rischer Eingrenzung und Isolierung der Russischen F\u00f6deration.<\/p>\n<p>Das steht nicht nur im Gegensatz zu der vom damaligen deutschen Au\u00dfenminister Genscher im Beisein des US-amerikanischen Au\u00dfenministers Baker am 2.2.1990 vor der Presse in Washington abgegebenen Garantie <em>\u201eWir sind uns einig, dass nicht die Absicht besteht, das Nato-Verteidigungsgebiet auszudehnen nach Osten.\u201c,<\/em> sondern ignoriert auch das Angebot des ehemaligen Pr\u00e4sidenten Gorbatschow vor dem Europarat am 6. Juli 1989 f\u00fcr ein gesamteurop\u00e4isches Haus, das Pr\u00e4sident Putin am 25. September 2001 in seiner Rede vor dem deutschen Bundestag wiederholt hat. Es waren die EU, die Nato und nicht zuletzt deutsche Regierungen, die die dargebotene Hand ausgeschlagen haben. Insofern ist zwar der Appell, die Logik des (neuen) kalten Krieges zu verlassen in seiner Allgemeinheit nicht falsch, richtiger w\u00e4re unserer Meinung nach, diesen eindeutig an die Adresse des \u201eWestens\u201c als historischen Verursacher zu richten.<\/p>\n<p>Auch bei dem Hinweis auf die wachsende Aufr\u00fcstung, die auch wir mit Sorge sehen, vermissen wir eine klare, differenzierte Darstellung oder, um es salopp auszudr\u00fccken, die Nennung von Ross und Reiter. Russland wendet in Absolutzahlen ca. 65 Mrd. Dollar f\u00fcr Verteidigung auf gegen\u00fcber gut 900 Mrd. auf Seiten der Nato. Russland veranstaltet auch nicht j\u00e4hrliche Gro\u00dfman\u00f6ver an der Ostgrenze der EU, so wie es die Nato an der Westgrenze Russlands tut.<\/p>\n<p>Letztlich geh\u00f6rte die Forderung nach Verzicht auf Wirtschaftssanktionen in eine solche Anzeige. Zum einen sind Wirtschaftsbeziehungen, denen sich das Deutsch-Russische Forum dankenswerter Weise im Besonderen verpflichtet f\u00fchlt, im weitesten Sinne auch friedensf\u00f6rdernde Ma\u00dfnahmen, zum anderen sind Sanktionen v\u00f6lkerrechtlich nur nach Artikel 41 der UNO-Charta durch Beschluss des Sicherheitsrates legitimiert. Die einseitige Verh\u00e4ngung von Wirtschaftssanktionen versch\u00e4rft politische Spannungen eher, anstatt die Situation zu beruhigen. Insofern sind Sanktionen als Instrument der Machtpolitik zu sehen und generell kontraproduktiv, was das Anliegen der Erhaltung einer stabilen internationalen Friedensordnung betrifft.<\/p>\n<p>Wir werden auf unserer Website einen Link auf Ihren Brief setzen und unseren Offenen Brief dazu. Auch wollen wir unsere Unterst\u00fctzer und Unterst\u00fctzerinnen dar\u00fcber zur Diskussion auffordern. Wir hoffen auf einen fortgesetzten Dialog mit Ihrer Initiative und w\u00fcnschen Ihnen alles Gute.<\/p>\n<p><strong>Initiative <em>\u201aFrieden mit Russland\u2018<\/em><\/strong><em> \/ <\/em>Hannover, den 04.06.2021<\/p>\n<p><span style=\"font-size: 10pt;\">Link zur Webseite der Initiative &#8222;Frieden mit Russland&#8220; mit diesem Aufruf und Kommentaren: <a href=\"https:\/\/frieden-mit-russland.com\/2021\/06\/04\/zum-80-jahrestag-des-nazi-ueberfalls-auf-die-sowjetunion-endlich-frieden-schliessen\/\" target=\"_blank\" rel=\"noopener\">https:\/\/frieden-mit-russland.com\/2021\/06\/04\/zum-80-jahrestag-des-nazi-ueberfalls-auf-die-sowjetunion-endlich-frieden-schliessen\/<\/a><\/span><\/p>\n<hr \/>\n<h5>Lasst uns endlich Frieden schlie\u00dfen<\/h5>\n<p><img data-recalc-dims=\"1\" loading=\"lazy\" decoding=\"async\" data-attachment-id=\"1076\" data-permalink=\"https:\/\/www.freidenker.org\/?attachment_id=1076\" data-orig-file=\"https:\/\/i0.wp.com\/www.freidenker.org\/fw17\/wp-content\/uploads\/2017\/10\/pdf_icon-2.png?fit=32%2C32&amp;ssl=1\" data-orig-size=\"32,32\" data-comments-opened=\"0\" data-image-meta=\"{&quot;aperture&quot;:&quot;0&quot;,&quot;credit&quot;:&quot;&quot;,&quot;camera&quot;:&quot;&quot;,&quot;caption&quot;:&quot;&quot;,&quot;created_timestamp&quot;:&quot;0&quot;,&quot;copyright&quot;:&quot;&quot;,&quot;focal_length&quot;:&quot;0&quot;,&quot;iso&quot;:&quot;0&quot;,&quot;shutter_speed&quot;:&quot;0&quot;,&quot;title&quot;:&quot;&quot;,&quot;orientation&quot;:&quot;0&quot;}\" data-image-title=\"pdf_icon\" data-image-description=\"\" data-image-caption=\"\" data-large-file=\"https:\/\/i0.wp.com\/www.freidenker.org\/fw17\/wp-content\/uploads\/2017\/10\/pdf_icon-2.png?fit=32%2C32&amp;ssl=1\" class=\"alignnone size-full wp-image-1076\" src=\"https:\/\/i0.wp.com\/www.freidenker.org\/fw17\/wp-content\/uploads\/2017\/10\/pdf_icon-2.png?resize=32%2C32&#038;ssl=1\" alt=\"\" width=\"32\" height=\"32\" \/> <a href=\"https:\/\/www.freidenker.org\/fw17\/wp-content\/uploads\/2021\/06\/Anzeige_Kommersant_Reiner_Braun_Co.pdf\" target=\"_blank\" rel=\"noopener\">Text der geplanten Anzeige in der Zeitung Kommersant und Aufruf zur Unterst\u00fctzung<\/a> (PDF-Dokument, ca. 172 KB)<\/p>\n<hr \/>\n<p><span style=\"font-size: 10pt;\">Bild oben: Collage von Ralf Lux unter Verwendung von:<\/span><\/p>\n<p><span style=\"font-size: 10pt;\">H\u00e4nde: Grafik: <a href=\"https:\/\/ccnull.de\/fotograf\/timo-klostermeier\">Timo Klostermeier<\/a> , <a href=\"https:\/\/creativecommons.org\/licenses\/by\/2.0\/de\/\" target=\"_blank\" rel=\"noopener\">CC-BY 2.0<\/a><\/span><br \/>\n<span style=\"font-size: 10pt;\">Quelle: <a href=\"https:\/\/ccnull.de\/foto\/deutschland-und-russland\/1005920\" target=\"_blank\" rel=\"noopener\">https:\/\/ccnull.de\/foto\/deutschland-und-russland\/1005920<\/a><\/span><\/p>\n<p><span style=\"font-size: 10pt;\">Stalingrad 1943: Foto: RIA Novosti archive, image #602161 \/ Zelma \/ <a href=\"https:\/\/creativecommons.org\/licenses\/by-sa\/3.0\" target=\"_blank\" rel=\"noopener\">CC-BY-SA 3.0<\/a><\/span><br \/>\n<span style=\"font-size: 10pt;\">Quelle: <a href=\"https:\/\/commons.wikimedia.org\/w\/index.php?curid=15579657\" target=\"_blank\" rel=\"noopener\">https:\/\/commons.wikimedia.org\/w\/index.php?curid=15579657<\/a><\/span><\/p>\n","protected":false},"excerpt":{"rendered":"<p>Der Freidenkerverband begr\u00fc\u00dft es, wenn m\u00f6glichst viele gesellschaftliche Kr\u00e4fte den bevorstehenden 80. Jahrestags des \u00dcberfalls der deutschen Faschisten auf die Sowjetunion zum Anlass nehmen, ein Ende der Konfrontationspolitik gegen Russland und eine friedliche Zusammenarbeit zu fordern.<br \/>\nEine solche Initiative ist auch ein Projekt aus Friedensbewegung und dem politischen Raum, in der russischen Zeitung &#8222;Kommersant&#8220; eine Anzeige mit dem Titel &#8222;Lasst uns endlich Frieden schlie\u00dfen&#8220; zu schalten. Der Deutsche Freidenker-Verband hat den Anzeigentext nicht unterzeichnet, &#8230;<br \/>\nAuch aus der Friedensbewegung gibt anl\u00e4sslich des bevorstehenden Jahrestages des deutschen Russlandfeldzuges Stimmen, die sich eine klarere Adressierung friedenspolitischer Forderungen an den &#8222;Westen&#8220; als Urheber der versch\u00e4rften Spannungen w\u00fcnschen. Wir dokumentierenden den <b>&#8222;Offenen Brief&#8220; der Initiative\u00a0\u201aFrieden mit Russland\u2018<\/b> aus Hannover.<\/p>\n","protected":false},"author":3,"featured_media":10535,"comment_status":"closed","ping_status":"closed","sticky":false,"template":"","format":"standard","meta":{"colormag_page_container_layout":"default_layout","colormag_page_sidebar_layout":"default_layout","advanced_seo_description":"","jetpack_seo_html_title":"","jetpack_seo_noindex":false,"jetpack_post_was_ever_published":false,"footnotes":""},"categories":[13],"tags":[1366,960,335,224,43,56,222],"class_list":["post-10523","post","type-post","status-publish","format-standard","has-post-thumbnail","hentry","category-frieden-antifaschismus-solidaritaet","tag-appell","tag-faschistischer-ueberfall-auf-die-sowjetunion","tag-frieden","tag-frieden-mit-russland","tag-friedensbewegung","tag-nato","tag-russland"],"jetpack_featured_media_url":"https:\/\/i0.wp.com\/www.freidenker.org\/fw17\/wp-content\/uploads\/2021\/06\/Frieden_schliessen_Russland_800x450.jpg?fit=800%2C450&ssl=1","jetpack_shortlink":"https:\/\/wp.me\/p9stpK-2JJ","jetpack-related-posts":[{"id":459,"url":"https:\/\/www.freidenker.org\/?p=459","url_meta":{"origin":10523,"position":0},"title":"Freidenker zum 75. Jahrestag des faschistischen \u00dcberfalls auf die Sowjetunion","author":"Webmaster","date":"22. Juni 2016","format":false,"excerpt":"Erkl\u00e4rung des Deutschen Freidenker-Verbandes zum 70. Jahrestag des faschistischen \u00dcberfalls auf die Sowjetunion Am 22. Juni 2016 gedenken wir der 27 Millionen Sowjetb\u00fcrger, die beim \u00dcberfall der faschistischen Wehrmacht auf die Sowjetunion ihr Leben verloren. Am 22. Juni 1941 begann der Vernichtungskrieg mit dem Ziel der \u201eAusrottung des Kommunismus f\u00fcr\u2026","rel":"","context":"In &quot;Frieden - Antifaschismus - Solidarit\u00e4t&quot;","block_context":{"text":"Frieden - Antifaschismus - Solidarit\u00e4t","link":"https:\/\/www.freidenker.org\/?cat=13"},"img":{"alt_text":"","src":"https:\/\/i0.wp.com\/www.freidenker.org\/fw17\/wp-content\/uploads\/2016\/08\/CCCP.jpg?fit=800%2C445&ssl=1&resize=350%2C200","width":350,"height":200,"srcset":"https:\/\/i0.wp.com\/www.freidenker.org\/fw17\/wp-content\/uploads\/2016\/08\/CCCP.jpg?fit=800%2C445&ssl=1&resize=350%2C200 1x, https:\/\/i0.wp.com\/www.freidenker.org\/fw17\/wp-content\/uploads\/2016\/08\/CCCP.jpg?fit=800%2C445&ssl=1&resize=525%2C300 1.5x, https:\/\/i0.wp.com\/www.freidenker.org\/fw17\/wp-content\/uploads\/2016\/08\/CCCP.jpg?fit=800%2C445&ssl=1&resize=700%2C400 2x"},"classes":[]},{"id":21493,"url":"https:\/\/www.freidenker.org\/?p=21493","url_meta":{"origin":10523,"position":1},"title":"Die Friedensbewegung im Spannungsfeld","author":"Webredaktion","date":"16. April 2025","format":false,"excerpt":"Vortrag von Doris Pumphrey, Gehalten auf dem Kongress \"Krieg und Frieden\" der Neuen Gesellschaft f\u00fcr Psychologie, Berlin 10. bis 12. April 2025 Die Friedensbewegung ist eine sog. Graswurzelbewegung, die die M\u00fchen durchlaufen muss eines Aufbaus und einer Mobilisierung von unten. Authentische, unabh\u00e4ngige Graswurzelbewegungen haben es heute viel schwerer als fr\u00fcher.\u2026","rel":"","context":"In &quot;Frieden - Antifaschismus - Solidarit\u00e4t&quot;","block_context":{"text":"Frieden - Antifaschismus - Solidarit\u00e4t","link":"https:\/\/www.freidenker.org\/?cat=13"},"img":{"alt_text":"","src":"https:\/\/i0.wp.com\/www.freidenker.org\/fw17\/wp-content\/uploads\/2025\/04\/Ostermarsch_Berlin_20180331_133450b_800x450.jpg?fit=800%2C450&ssl=1&resize=350%2C200","width":350,"height":200,"srcset":"https:\/\/i0.wp.com\/www.freidenker.org\/fw17\/wp-content\/uploads\/2025\/04\/Ostermarsch_Berlin_20180331_133450b_800x450.jpg?fit=800%2C450&ssl=1&resize=350%2C200 1x, https:\/\/i0.wp.com\/www.freidenker.org\/fw17\/wp-content\/uploads\/2025\/04\/Ostermarsch_Berlin_20180331_133450b_800x450.jpg?fit=800%2C450&ssl=1&resize=525%2C300 1.5x, https:\/\/i0.wp.com\/www.freidenker.org\/fw17\/wp-content\/uploads\/2025\/04\/Ostermarsch_Berlin_20180331_133450b_800x450.jpg?fit=800%2C450&ssl=1&resize=700%2C400 2x"},"classes":[]},{"id":16780,"url":"https:\/\/www.freidenker.org\/?p=16780","url_meta":{"origin":10523,"position":2},"title":"Flyer: Dritten Weltkrieg verhindern!","author":"Webredaktion","date":"5. August 2023","format":false,"excerpt":"Anl\u00e4sslich des Jahrestages des Atombombenabwurfs auf Hiroshima hat der Deutsche Freidenker-Verband einen neuen Flyer herausgegeben. Wir ver\u00f6ffentlichen hier den Text und bieten den Flyer zum Download an. Au\u00dferdem, kann er in gedruckter Form bei uns bestellt werden. 1939, 01. September: Deutschlands Angriff auf Polen - 1941, 22. Juni: Deutschland \u00fcberf\u00e4llt\u2026","rel":"","context":"In &quot;Frieden - Antifaschismus - Solidarit\u00e4t&quot;","block_context":{"text":"Frieden - Antifaschismus - Solidarit\u00e4t","link":"https:\/\/www.freidenker.org\/?cat=13"},"img":{"alt_text":"","src":"https:\/\/i0.wp.com\/www.freidenker.org\/fw17\/wp-content\/uploads\/2023\/08\/Dritten_Weltkrieg_verhindern_v2_800x450.jpg?fit=800%2C450&ssl=1&resize=350%2C200","width":350,"height":200,"srcset":"https:\/\/i0.wp.com\/www.freidenker.org\/fw17\/wp-content\/uploads\/2023\/08\/Dritten_Weltkrieg_verhindern_v2_800x450.jpg?fit=800%2C450&ssl=1&resize=350%2C200 1x, https:\/\/i0.wp.com\/www.freidenker.org\/fw17\/wp-content\/uploads\/2023\/08\/Dritten_Weltkrieg_verhindern_v2_800x450.jpg?fit=800%2C450&ssl=1&resize=525%2C300 1.5x, https:\/\/i0.wp.com\/www.freidenker.org\/fw17\/wp-content\/uploads\/2023\/08\/Dritten_Weltkrieg_verhindern_v2_800x450.jpg?fit=800%2C450&ssl=1&resize=700%2C400 2x"},"classes":[]},{"id":14867,"url":"https:\/\/www.freidenker.org\/?p=14867","url_meta":{"origin":10523,"position":3},"title":"Karin Leukefeld: Erlebe Friedensbewegung zersplittert und zerstritten","author":"Webredaktion","date":"23. Dezember 2022","format":false,"excerpt":"Interview von\u00a0Felicitas Rabe mit Karin Leukefeld F: Frau Leukefeld, am zweiten Dezemberwochenende fand in Kassel der 29. Friedensratschlag statt. Wie haben sich Vertreter der deutschen Friedensbewegung zum Krieg in der Ukraine positioniert? ... A: Sehr viele Menschen waren zu dem \"Friedensratschlag\" gekommen, das ist sicherlich ein Erfolg. Auf den Podien\u2026","rel":"","context":"In &quot;Frieden - Antifaschismus - Solidarit\u00e4t&quot;","block_context":{"text":"Frieden - Antifaschismus - Solidarit\u00e4t","link":"https:\/\/www.freidenker.org\/?cat=13"},"img":{"alt_text":"","src":"https:\/\/i0.wp.com\/www.freidenker.org\/fw17\/wp-content\/uploads\/2022\/12\/Bremen_01-2022-09-01-gmv-0021_800x450.jpg?fit=800%2C450&ssl=1&resize=350%2C200","width":350,"height":200,"srcset":"https:\/\/i0.wp.com\/www.freidenker.org\/fw17\/wp-content\/uploads\/2022\/12\/Bremen_01-2022-09-01-gmv-0021_800x450.jpg?fit=800%2C450&ssl=1&resize=350%2C200 1x, https:\/\/i0.wp.com\/www.freidenker.org\/fw17\/wp-content\/uploads\/2022\/12\/Bremen_01-2022-09-01-gmv-0021_800x450.jpg?fit=800%2C450&ssl=1&resize=525%2C300 1.5x, https:\/\/i0.wp.com\/www.freidenker.org\/fw17\/wp-content\/uploads\/2022\/12\/Bremen_01-2022-09-01-gmv-0021_800x450.jpg?fit=800%2C450&ssl=1&resize=700%2C400 2x"},"classes":[]},{"id":10677,"url":"https:\/\/www.freidenker.org\/?p=10677","url_meta":{"origin":10523,"position":4},"title":"Vernichtungskrieg: Der deutsche \u00dcberfall auf die Sowjetunion am 22. Juni 1941","author":"Webredaktion","date":"6. Juli 2021","format":false,"excerpt":"Rede von Joachim Guilliard\u00a0 Wir sind heute hier, um an ein besonders finsteres Kapitel der dt. Geschichte zu erinnern. Vor 80 Jahren, am 22. Juni 1941 \u00fcberfiel die deutsche Wehrmacht heimt\u00fcckisch, ohne Kriegserkl\u00e4rung die Sowjetunion. Damit startete der deutsche Imperialismus die gr\u00f6\u00dfte milit\u00e4rische Operation der Geschichte, die in den folgenden\u2026","rel":"","context":"In &quot;Frieden - Antifaschismus - Solidarit\u00e4t&quot;","block_context":{"text":"Frieden - Antifaschismus - Solidarit\u00e4t","link":"https:\/\/www.freidenker.org\/?cat=13"},"img":{"alt_text":"","src":"https:\/\/i0.wp.com\/www.freidenker.org\/fw17\/wp-content\/uploads\/2021\/07\/Bundesarchiv_Kampf_um_Stalingrad_800x450.jpg?fit=800%2C450&ssl=1&resize=350%2C200","width":350,"height":200,"srcset":"https:\/\/i0.wp.com\/www.freidenker.org\/fw17\/wp-content\/uploads\/2021\/07\/Bundesarchiv_Kampf_um_Stalingrad_800x450.jpg?fit=800%2C450&ssl=1&resize=350%2C200 1x, https:\/\/i0.wp.com\/www.freidenker.org\/fw17\/wp-content\/uploads\/2021\/07\/Bundesarchiv_Kampf_um_Stalingrad_800x450.jpg?fit=800%2C450&ssl=1&resize=525%2C300 1.5x, https:\/\/i0.wp.com\/www.freidenker.org\/fw17\/wp-content\/uploads\/2021\/07\/Bundesarchiv_Kampf_um_Stalingrad_800x450.jpg?fit=800%2C450&ssl=1&resize=700%2C400 2x"},"classes":[]},{"id":18042,"url":"https:\/\/www.freidenker.org\/?p=18042","url_meta":{"origin":10523,"position":5},"title":"Dritter Anlauf","author":"Webredaktion","date":"28. Januar 2024","format":false,"excerpt":"Beitrag von Arnold Sch\u00f6lzel Am 21. Januar vor 100 Jahren starb Wladimir Iljitsch Lenin. Er stand an der Spitze der Gro\u00dfen Sozialistischen Oktoberrevolution von 1917, die ein ganzes Kapitel der Geschichte der Menschheit beendete und ein neues er\u00f6ffnete. Bereits ihre ersten Ma\u00dfnahmen \u2013 das Dekret \u00fcber den Frieden, mit dem\u2026","rel":"","context":"In &quot;Geschichte&quot;","block_context":{"text":"Geschichte","link":"https:\/\/www.freidenker.org\/?cat=1162"},"img":{"alt_text":"","src":"https:\/\/i0.wp.com\/www.freidenker.org\/fw17\/wp-content\/uploads\/2024\/01\/Vladimir_Lenin_giving_a_speech_800x450.jpg?fit=800%2C450&ssl=1&resize=350%2C200","width":350,"height":200,"srcset":"https:\/\/i0.wp.com\/www.freidenker.org\/fw17\/wp-content\/uploads\/2024\/01\/Vladimir_Lenin_giving_a_speech_800x450.jpg?fit=800%2C450&ssl=1&resize=350%2C200 1x, https:\/\/i0.wp.com\/www.freidenker.org\/fw17\/wp-content\/uploads\/2024\/01\/Vladimir_Lenin_giving_a_speech_800x450.jpg?fit=800%2C450&ssl=1&resize=525%2C300 1.5x, https:\/\/i0.wp.com\/www.freidenker.org\/fw17\/wp-content\/uploads\/2024\/01\/Vladimir_Lenin_giving_a_speech_800x450.jpg?fit=800%2C450&ssl=1&resize=700%2C400 2x"},"classes":[]}],"_links":{"self":[{"href":"https:\/\/www.freidenker.org\/index.php?rest_route=\/wp\/v2\/posts\/10523","targetHints":{"allow":["GET"]}}],"collection":[{"href":"https:\/\/www.freidenker.org\/index.php?rest_route=\/wp\/v2\/posts"}],"about":[{"href":"https:\/\/www.freidenker.org\/index.php?rest_route=\/wp\/v2\/types\/post"}],"author":[{"embeddable":true,"href":"https:\/\/www.freidenker.org\/index.php?rest_route=\/wp\/v2\/users\/3"}],"replies":[{"embeddable":true,"href":"https:\/\/www.freidenker.org\/index.php?rest_route=%2Fwp%2Fv2%2Fcomments&post=10523"}],"version-history":[{"count":0,"href":"https:\/\/www.freidenker.org\/index.php?rest_route=\/wp\/v2\/posts\/10523\/revisions"}],"wp:featuredmedia":[{"embeddable":true,"href":"https:\/\/www.freidenker.org\/index.php?rest_route=\/wp\/v2\/media\/10535"}],"wp:attachment":[{"href":"https:\/\/www.freidenker.org\/index.php?rest_route=%2Fwp%2Fv2%2Fmedia&parent=10523"}],"wp:term":[{"taxonomy":"category","embeddable":true,"href":"https:\/\/www.freidenker.org\/index.php?rest_route=%2Fwp%2Fv2%2Fcategories&post=10523"},{"taxonomy":"post_tag","embeddable":true,"href":"https:\/\/www.freidenker.org\/index.php?rest_route=%2Fwp%2Fv2%2Ftags&post=10523"}],"curies":[{"name":"wp","href":"https:\/\/api.w.org\/{rel}","templated":true}]}}