{"id":10514,"date":"2021-06-05T12:59:52","date_gmt":"2021-06-05T10:59:52","guid":{"rendered":"https:\/\/www.freidenker.org\/?p=10514"},"modified":"2021-07-07T03:59:05","modified_gmt":"2021-07-07T01:59:05","slug":"warum-blueht-der-sumpf-die-wurzeln-der-corona-skandale","status":"publish","type":"post","link":"https:\/\/www.freidenker.org\/?p=10514","title":{"rendered":"Warum bl\u00fcht der Sumpf? \u2013 Die Wurzeln der Corona-Skandale"},"content":{"rendered":"<p><strong>Nach den Masken sind es nun die Testzentren. Die ganze COVID-19-Pandemie entwickelt sich zu einer endlosen Kette finanzieller Skandale. Meist wird dann &#8222;Missmanagement&#8220; kritisiert. Aber in Wirklichkeit ist es die logische Konsequenz jahrzehntelanger Politik. <\/strong><\/p>\n<p><em>von <strong>Dagmar Henn<\/strong><\/em><\/p>\n<p><span style=\"font-size: 10pt;\">Erstver\u00f6ffentlichung am 02.06.2021 auf <a href=\"https:\/\/de.rt.com\/meinung\/118371-warum-blueht-der-sumpf-die-wurzeln-der-corona-skandale\/\" target=\"_blank\" rel=\"noopener\">RT DE<\/a><\/span><\/p>\n<p>Bundesgesundheitsminister Jens Spahn scheint ein H\u00e4ndchen daf\u00fcr zu haben, die T\u00fcr f\u00fcr kriminelle Gesch\u00e4fte zu \u00f6ffnen. Die Regelungen zu den B\u00fcrgertestzentren, die in den letzten Tagen ins Kreuzfeuer der Kritik geraten sind, sind ja beileibe nicht der erste solche Fall in den vergangenen 18 Monaten, seit Corona das Leben in Deutschland beherrscht. Davor kamen die diversen <a href=\"https:\/\/www.n-tv.de\/politik\/Tandler-Tochter-soll-Millionen-kassiert-haben-article22541993.html\" target=\"_blank\" rel=\"noopener noreferrer\">Maskenskandale<\/a>, und davor wiederum die Meldungen \u00fcber <a href=\"https:\/\/www.faz.net\/aktuell\/wirtschaft\/krankenhaeuser-psychiatrische-kliniken-als-corona-gewinner-17253860.html\" target=\"_blank\" rel=\"noopener noreferrer\">Kliniken<\/a>, die sich an der Freihaltepauschale bereicherten. Viele Millionen Steuergelder wurden in Taschen gesp\u00fclt, f\u00fcr die sie nicht gedacht waren, und ein Ende ist noch lange nicht abzusehen.<\/p>\n<div class=\"ReadMore-root Section-root Section-is1to3-xs_is1to1\" data-widgets=\"ReadMore\">\n<div class=\"Section-container Section-isRow-isTop-isWrap\">\n<article class=\"Card-root Card-is1to1 \">\n<div class=\"Card-imageWrap\"><\/div>\n<\/article>\n<\/div>\n<\/div>\n<p>Aber ist es wirklich nur Spahn, und ist es nur Corona? Ist es tats\u00e4chlich das <a href=\"https:\/\/www.sueddeutsche.de\/meinung\/corona-schnelltests-betrug-coronahilfen-maskenskandal-testzentren-1.5308244\" target=\"_blank\" rel=\"noopener noreferrer\">Missmanagement<\/a> einzelner Personen oder Ministerien? Die Liste solcher Vorkommnisse in den vergangenen Jahren ist lang, wie die der Beteiligten. Wer erinnert sich noch an den <a href=\"https:\/\/www.welt.de\/politik\/deutschland\/article202162226\/Verteidigungsministerium-Berater-hatten-Bueros-und-Briefkoepfe-der-Bundeswehr.html\" target=\"_blank\" rel=\"noopener noreferrer\">Beraterskandal<\/a> einer Verteidigungsministerin Ursula von der Leyen? An <a href=\"https:\/\/www.dw.com\/de\/leere-fl\u00fcchtlingsheime-geldverschwendung-oder-n\u00f6tige-reserve\/a-41902633\" target=\"_blank\" rel=\"noopener noreferrer\">leerstehende Fl\u00fcchtlingsunterk\u00fcnfte<\/a>, f\u00fcr die langfristige Mietvertr\u00e4ge mit privaten Betreibern geschlossen wurden?<\/p>\n<p>So eigenartig es klingt, hier muss man Spahn tats\u00e4chlich in Schutz nehmen. Denn die Entwicklung, dass sich an allen denkbaren und undenkbaren Stellen ein Sumpf der Korruption ausbreitet und Bl\u00fcten treibt, ist das Ergebnis einer Politik, die \u00fcber Jahrzehnte hinweg auf genau diesen Zustand hingearbeitet hat. Der \u00f6konomisch (nicht sicherheitspolitisch) schwache Staat, den die neoliberale Politik angestrebt und geschaffen hat, ist es, der diesen Sumpf erm\u00f6glicht, ja ihn geradezu anlegt.<\/p>\n<p>Nehmen wir das aktuelle Beispiel, die Testzentren. Fl\u00e4chendeckende Schnelltests kamen erst sehr sp\u00e4t zum Einsatz; im Fr\u00fchjahr letzten Jahres waren sie \u2013 so damals die Begr\u00fcndung \u2013 nicht in ausreichender Menge verf\u00fcgbar. Die vom Paul-Ehrlich-Institut erstellte <a href=\"https:\/\/antigentest.bfarm.de\/ords\/f?p=110:100:4035620808504:::::&amp;tz=2:00\" target=\"_blank\" rel=\"noopener noreferrer\">Liste<\/a> der zugelassenen Tests wird jedoch von chinesischen Herstellern dominiert, die mit Sicherheit bereits im vergangenen Jahr imstande gewesen w\u00e4ren zu liefern. Was allerdings damals noch nicht vorhanden war, ist ein reiches Geflecht an hiesigen Zwischenh\u00e4ndlern.<\/p>\n<p>Diese Zwischenh\u00e4ndler beliefern jetzt die Testzentren, die ihrerseits je Test bis zu 18 Euro abrechnen k\u00f6nnen. Nat\u00fcrlich entstehen in den Testzentren nicht nur die Kosten f\u00fcr die Tests selbst; es braucht auch Personal, das die Tests durchf\u00fchrt und das ganze Verfahren mit der Kassen\u00e4rztlichen Vereinigung abrechnet. Die wiederum erh\u00e4lt das Geld, das sie daf\u00fcr dann bezahlt, vom Bundesamt f\u00fcr Soziale Sicherung (BAS).<\/p>\n<div class=\"ReadMore-root Section-root Section-is1to3-xs_is1to1\" data-widgets=\"ReadMore\">\n<div class=\"Section-container Section-isRow-isTop-isWrap\">\n<article class=\"Card-root Card-is1to1 \">\n<div class=\"Card-imageWrap\"><\/div>\n<\/article>\n<\/div>\n<\/div>\n<p>Nach Angaben des BAS, dessen Zahlen bisher nur bis zum 17. Mai reichen, unterscheiden sich die Bundesl\u00e4nder sehr in der Verteilung der Testzentren zwischen dem \u00d6ffentlichen Gesundheitsdienst (\u00d6GD), der Kassen\u00e4rztlichen Vereinigung (KV) und Testzentren Dritter. In Baden-W\u00fcrttemberg und Schleswig-Holstein dominiert die KV, in Nordrhein (ohne Westfalen) und Bayern der \u00d6GD und in Niedersachsen die Testzentren Dritter &#8230; Unter Letzteren finden sich die krimineller Methoden Verd\u00e4chtigen.<\/p>\n<p>Die Test-Infrastruktur wurde in aller Eile aus dem Boden gestampft, nachdem die Bundesregierung am 8. M\u00e4rz pl\u00f6tzlich die &#8222;B\u00fcrgertests&#8220; einf\u00fchrte. Am 9. M\u00e4rz kommentierte die Kassen\u00e4rztliche Vereinigung Baden-W\u00fcrttemberg in einem <a href=\"https:\/\/www.kvbw-admin.de\/api\/download.php?id=3893\" target=\"_blank\" rel=\"noopener noreferrer\">Rundschreiben<\/a>: &#8222;Das Bundesgesundheitsministerium hat zwar \u00fcber die Medien \u00fcber das Wochenende und auch gestern intensiv die kostenlosen Schnelltests f\u00fcr die Bev\u00f6lkerung angek\u00fcndigt. Die dazu erforderliche, ab Montag g\u00fcltige Rechtsverordnung (&#8230;) wurde aber erst am Montag im Verlauf des sp\u00e4teren Vormittags auf Dr\u00e4ngen der KBV vorgelegt (&#8230;). F\u00fcr uns ist dieses Vorgehen v\u00f6llig inakzeptabel.&#8220;<\/p>\n<p>Also, nachdem uns Corona ein ganzes Jahr begleitet hatte, fiel dem Bundesgesundheitsministerium pl\u00f6tzlich ein, Schnelltests m\u00fcssten f\u00fcr alle verf\u00fcgbar sein, und es wird eine Verordnung \u00fcbers Knie gebrochen, die dem Betrug T\u00fcr und Tor \u00f6ffnet. Warum wurde nicht fr\u00fcher reagiert und geplant?<\/p>\n<p>Weil offensichtlich in der ganzen Struktur des Bundesgesundheitsministeriums niemand mehr \u00fcbrig ist, der imstande ist, wie ein Staat zu denken. Was in diesem Fall bedeutet h\u00e4tte, sich nicht nur fr\u00fchzeitig \u00fcber die Notwendigkeit solcher Tests im Klaren zu sein, sondern ebenso, sie unter staatlicher Regie durchzuf\u00fchren. Also nicht einfach staatliche Mittel oder Mittel der Versicherten der gesetzlichen Krankenkassen zu nehmen und demjenigen auszuh\u00e4ndigen, der gerade &#8222;Hier&#8220; schreit.<\/p>\n<p>Nat\u00fcrlich w\u00e4re das nicht so einfach gewesen, wie es einmal war. Selbst der Staat Bundesrepublik hatte einmal drei Millionen Beamte, die \u2013 und das unterscheidet Beamte grunds\u00e4tzlich von Angestellten \u2013 dazu h\u00e4tten verpflichtet werden k\u00f6nnen, diese Tests durchzuf\u00fchren (der andere deutsche Staat, die DDR, h\u00e4tte die Organisation solcher Dinge ohnehin mit Leichtigkeit gewuppt). Inzwischen sind es nur noch 1,7 Millionen, und die sitzen in Strukturen, die meist unterbesetzt sind; sie stehen nicht mehr so leicht zur Verf\u00fcgung, wie das noch in den 1970ern der Fall gewesen w\u00e4re.<\/p>\n<div class=\"ReadMore-root Section-root Section-is1to3-xs_is1to1\" data-widgets=\"ReadMore\">\n<div class=\"Section-container Section-isRow-isTop-isWrap\">\n<article class=\"Card-root Card-is1to1 \">\n<div class=\"Card-imageWrap\"><\/div>\n<\/article>\n<\/div>\n<\/div>\n<p>Der letzte Fall einer gro\u00dfen Verschiebung von Beamten fand 2005 statt, als man die verbliebenen Beamten von Bahn und Post in die Jobcenter zur Arbeitslosenverfolgung kommandierte. Das ist kein positives Beispiel. Aber grunds\u00e4tzlich bleibt festzuhalten, dass Beamte immer auch eine Personalreserve sind, mit der kritischen Situationen begegnet werden kann, eben weil sie abgeordnet werden k\u00f6nnen; und dass ein Staat, der sich m\u00fcht, m\u00f6glichst wenige Beamte zu haben, immer auch eine seiner Krisenreserven abbaut.<\/p>\n<p>Das verh\u00e4lt sich nicht anders als bei den Krankenhausbetten. Wenn Kliniken nach rein \u00f6konomischen Kriterien gesteuert werden, also danach, im normalen Dauerbetrieb m\u00f6glichst keinen Leerlauf zu haben, dann haben sie keine Reserven f\u00fcr gesundheitliche Krisen, sei es nun die Grippe, eine Massenkarambolage auf der Autobahn oder Corona. Die Vorsorge f\u00fcr Katastrophenf\u00e4lle ist aber eine der grundlegenden Aufgaben eines Staates und die allererste unter denen, die Legitimit\u00e4t erzeugen, und ein Versagen des Staates bei ebendieser Aufgabe sorgt logischerweise f\u00fcr den gr\u00f6\u00dften denkbaren Verlust an Legitimit\u00e4t.<\/p>\n<p>Der erste Punkt, an dem die Umsetzung der Idee eines &#8222;schlanken&#8220; Staates schmerzhafte L\u00fccken hinterlassen hat, ist bei der Verf\u00fcgbarkeit m\u00f6glichen Personals f\u00fcr \u00fcberraschende, aber existenzielle Erfordernisse.<\/p>\n<p>Der zweite Punkt ist die \u00f6konomische Tatenlosigkeit. Welchen vern\u00fcnftigen Grund gibt es denn, die Mittel, mit denen das Testmaterial erworben wird, \u00fcber das Bundesamt f\u00fcr Soziale Sicherung zur Kassen\u00e4rztlichen Vereinigung zu den Testzentren \u00fcber die Zwischenh\u00e4ndler bis zu den (\u00fcberwiegend) chinesischen Herstellerfirmen laufen zu lassen und an jeder dieser Stellen entweder zus\u00e4tzliche Verwaltungskosten zu generieren oder Gewinne einstreichen zu lassen, wenn der Staat ebenso gut direkt mit den Herstellern in Kontakt treten und die Ware erwerben k\u00f6nnte?<\/p>\n<p>Man erinnere sich an die <a href=\"https:\/\/www.t-online.de\/nachrichten\/deutschland\/id_89336386\/corona-maskenbestellung-spahn-zahlt-millionen-fuer-dutzende-anwaelte-.html\" target=\"_blank\" rel=\"noopener noreferrer\">erste Runde<\/a> des Maskenskandals. Damals ging es um Bestellungen des Bundes, die zu v\u00f6llig \u00fcberh\u00f6hten Preisen get\u00e4tigt wurden, immer sch\u00f6n \u00fcber hiesige Unternehmen, die weit \u00fcberwiegend aber gar nichts anderes taten, als die in China erworbenen Masken zu einem Vielfachen des Einkaufspreises weiterzureichen &#8230; Als w\u00e4re niemand im ganzen BMG imstande, die Webseite von Alibaba zu bedienen und dann selbst zu verhandeln. Oder, wenn man Wert auf einheimische Produktion legt, eben selbst eine solche aus dem Boden zu stampfen.<\/p>\n<p>So etwas hat der Staat fr\u00fcher einmal getan, das konnte und durfte er. Es ist reine Ideologie, die den m\u00e4chtigsten \u00f6konomischen Akteur dazu verdammt, abseits zu stehen und noch die eigenartigsten Windungen privater Gesch\u00e4ftemacherei hinzunehmen. Diese Ideologie ist seit Maggie Thatcher so tief auch in die deutsche Gesellschaft eingedrungen, dass Politiker und Verwaltung selbst dann dieses Muster nicht mehr verlassen k\u00f6nnen, wenn es dringend erforderlich w\u00e4re.<\/p>\n<p>Doch selbst, wenn nicht unmittelbar der Staat handelt, gibt es noch vern\u00fcnftige Zwischenstufen. In einem <a href=\"https:\/\/www.pnp.de\/lokales\/stadt-und-landkreis-passau\/passau-stadt\/Das-Ganze-war-absehbar-Malteser-Geschaeftsfuehrer-ueber-den-Abrechnungsbetrugsskandal-4002167.html\" target=\"_blank\" rel=\"noopener noreferrer\">Interview<\/a> mit der <em>Passauer Neuen Presse<\/em> beschrieb der Gesch\u00e4ftsf\u00fchrer der Malteser, wie diese und das Rote Kreuz dort ihre Teststation abrechnen: Sie erheben feste Stundens\u00e4tze f\u00fcr das Personal und f\u00fcr das verbrauchte Hilfsmaterial und erhalten die Tests von der Stadt. Bei diesem Verfahren sind jedenfalls keine Anreize zum Betrug gesetzt.<\/p>\n<div class=\"ReadMore-root Section-root Section-is1to3-xs_is1to1\" data-widgets=\"ReadMore\">\n<div class=\"Section-container Section-isRow-isTop-isWrap\">\n<article class=\"Card-root Card-is1to1 \">\n<div class=\"Card-imageWrap\"><\/div>\n<\/article>\n<\/div>\n<\/div>\n<p>Gehen wir zur\u00fcck zur &#8222;Freihaltepauschale&#8220;. Das waren Zahlungen, die an Klinken geleistet wurden, um ihnen Verluste zu erstatten, die dadurch entstanden, dass Betten f\u00fcr m\u00f6gliche COVID-19-Patienten freigehalten wurden. Diese Pauschale f\u00fchrte bei einigen Klinken dazu, dass sie ihren Normalbetrieb fast einstellten und das Geld aus der Pauschale einstrichen; schlie\u00dflich waren so die Gewinne h\u00f6her.<\/p>\n<p>Das war allerdings keine Folge irgendeines Naturgesetzes, sondern politischer Entscheidungen. Klinken wurden zu gewinnorientierten Unternehmen gemacht, sie m\u00fcssen es nicht sein. Jahrzehntelang funktionierte das Gesundheitswesen in Deutschland \u00fcberwiegend auf der Basis von Kostenerstattungen; was anfiel, wurde bezahlt. Dann machte sich der Glaube breit, nach privatwirtschaftlichen Kriterien betriebene Krankenh\u00e4user seien effizienter und \u2013 hier der v\u00f6llige Trugschluss \u2013 kosteng\u00fcnstiger. Ein Blick in die USA h\u00e4tte damals schon gen\u00fcgt, das Gegenteil als wahr zu erkennen; das dortige Gesundheitswesen ist das teuerste weltweit &#8230;<\/p>\n<p>Der Haupteffekt dieser Umsteuerung war, dass immer mehr Kliniken privatisiert wurden und das, was eventuell eingespart wurde, jetzt als Gewinn in die Taschen der Eigent\u00fcmer l\u00e4uft, statt die Aufwendungen der Kassen zu verringern, und dass die Qualit\u00e4t an vielen Stellen deutlich nachlie\u00df. Der Nebeneffekt war, dass die f\u00fcr Notsituationen erforderlichen Reserven gestrichen wurden. Wenn man nun die Tatsache ber\u00fccksichtigt, dass die ganzen Ma\u00dfnahmen, die uns im letzten Jahr den Alltag vers\u00fc\u00dften, damit begr\u00fcndet wurden, die Klinken d\u00fcrften nicht \u00fcberlastet werden, stellt man fest, dass die Bev\u00f6lkerung schon mehrfach f\u00fcr den Aberglauben der privatwirtschaftlichen Effizienz bezahlt hat.<\/p>\n<p>Damit man den Leuten erfolgreich einreden kann, eine private L\u00f6sung sei besser, schneller und wirtschaftlicher, wurden die allt\u00e4glichen Verfahren im \u00f6ffentlichen Bereich langsamer und unwirtschaftlicher gemacht. Das Stichwort hier lautet &#8222;Ausschreibung&#8220;.<\/p>\n<p>Eine \u00f6ffentliche Stelle ist <a href=\"https:\/\/www.haufe.de\/compliance\/management-praxis\/anwalt-rehm-wann-muss-eine-oeffentliche-ausschreibung-erfolgen_230130_341890.html\" target=\"_blank\" rel=\"noopener noreferrer\">verpflichtet<\/a>, Auftr\u00e4ge \u00fcber einem bestimmten Schwellenwert europaweit auszuschreiben. Eine europaweite Ausschreibung ist ein m\u00fchsames Verfahren \u2013 die Ausschreibung selbst muss mehrsprachig erfolgen, dann d\u00fcrfen sich Bewerber melden, nat\u00fcrlich ebenfalls mehrsprachig; die Anforderungen, die gestellt werden d\u00fcrfen, sind eng begrenzt; selbst im g\u00fcnstigsten Fall dauert die Abwicklung einige Monate. In diesen Monaten ist noch nichts geschehen. Mit etwas Pech muss die Ausschreibung noch einmal wiederholt werden, dann ist man m\u00fchelos bei einem reinen Verwaltungsvorlauf von einem Jahr.<\/p>\n<p>Ein privates Unternehmen hat dieses Problem nicht und kann allein deshalb mit der Abwicklung eines Auftrags schon fertig sein, w\u00e4hrend die \u00f6ffentliche Stelle noch in der Vergabeschleife h\u00e4ngt. Da diese Vorgabe \u00fcberall gilt, und zwar nicht erst seit gestern, und zudem gerade die planerischen Teile der Verwaltungen bis an die Grenze der Handlungsunf\u00e4higkeit geschrumpft wurden, ist die konkrete t\u00e4gliche Erfahrung der B\u00fcrger die, dass \u00f6ffentliche Stellen Aufgaben nur sehr langsam l\u00f6sen und private Unternehmen toll effizient sind; es handelt sich dabei aber um eine gezielt aufgebaute T\u00e4uschung.<\/p>\n<div class=\"ReadMore-root Section-root Section-is1to3-xs_is1to1\" data-widgets=\"ReadMore\">\n<div class=\"Section-container Section-isRow-isTop-isWrap\">\n<article class=\"Card-root Card-is1to1 \">\n<div class=\"Card-imageWrap\"><\/div>\n<\/article>\n<\/div>\n<\/div>\n<p>Wenn dann eine Situation eintritt, in der diese Regel aufgehoben werden muss, weil dringlich gehandelt werden muss, und die sogenannte Freihandvergabe zul\u00e4ssig ist, trifft sie auf Personal, das gar nicht mehr wei\u00df, wie es damit umgehen soll, und in einem Moment, in dem die St\u00e4rke des Staates zum Zuge kommen k\u00f6nnte, nur mit \u00e4u\u00dferster Schw\u00e4che zu reagieren wei\u00df. Dann schl\u00e4gt \u2013 wie beim Maskenkauf \u2013 die Stunde der externen Berater, die nat\u00fcrlich daf\u00fcr sorgen, dass das Ergebnis im Interesse ihrer (Konzern-)Kundschaft ausf\u00e4llt.<\/p>\n<p>Weitgehend verschwunden ist auch das Wissen um die h\u00e4rteren staatlichen Ma\u00dfnahmen (au\u00dfer im Umgang mit dem B\u00fcrger). Beschlagnahmungen und Enteignungen spielen kaum eine Rolle; wenn aus dringendem \u00f6ffentlichem Interesse eine Immobilie ben\u00f6tigt wird, wird sie brav gemietet, und zwar zu dem Preis, den der Eigent\u00fcmer gerne h\u00e4tte. Nat\u00fcrlich hat ein Eigent\u00fcmer bei einem Mietvertrag ein Interesse an einer m\u00f6glichst langen Laufzeit, w\u00e4hrend er bei einer Beschlagnahmung daran interessiert w\u00e4re, sie m\u00f6glichst bald wieder zu beenden \u2013 die Konsequenz daraus waren <a href=\"https:\/\/www.dw.com\/de\/leere-fl%C3%BCchtlingsheime-geldverschwendung-oder-n%C3%B6tige-reserve\/a-41902633\" target=\"_blank\" rel=\"noopener noreferrer\">leere Fl\u00fcchtlingsheime<\/a> oder <a href=\"https:\/\/www.morgenpost.de\/bezirke\/charlottenburg-wilmersdorf\/article231312794\/13-Millionen-fuer-Betrieb-der-Corona-Klinik-auf-Messegelaende.html\" target=\"_blank\" rel=\"noopener noreferrer\">Corona-Klinken<\/a>, die Millionen verschlangen.<\/p>\n<p>Spahn ist zwar mit Sicherheit nicht die hellste Kerze auf der Torte, aber an dem fortschreitenden Staatsversagen, das wir momentan erleben d\u00fcrfen, haben viele H\u00e4nde mitgewirkt. Von den ersten Anf\u00e4ngen unter Helmut Kohls &#8222;geistig-moralischer Wende&#8220; bis zum heutigen Zustand brauchte es mehr als eine Generation. Inzwischen ist die staatliche Maschinerie derart abgewrackt, dass ihr selbst der Gutwilligste nur noch ein Stottern entlocken k\u00f6nnte. Corona bringt das Elend nur ans Licht.<\/p>\n<div class=\"ArticleView-shares\">\n<div class=\"ShareBlock-isReact\" data-rtcomponent=\"ShareBlock\">\n<p style=\"text-align: right;\"><em>Dagmar Henn ist Mitglied des Deutschen Freidenker-Verbandes<\/em><\/p>\n<\/div>\n<\/div>\n<p><span style=\"font-size: 10pt;\">Link zur Erstver\u00f6ffentlichung auf RT DE: <a href=\"https:\/\/de.rt.com\/meinung\/118371-warum-blueht-der-sumpf-die-wurzeln-der-corona-skandale\/\" target=\"_blank\" rel=\"noopener\">https:\/\/de.rt.com\/meinung\/118371-warum-blueht-der-sumpf-die-wurzeln-der-corona-skandale\/<\/a><\/span><\/p>\n<hr \/>\n<p><span style=\"font-size: 10pt;\">Bild: <a href=\"https:\/\/pixabay.com\/de\/photos\/face-mask-covid-19-epidemic-4986554\/\" target=\"_blank\" rel=\"noopener\">pixabay.com<\/a> \/ <a class=\"hover_opacity\" href=\"https:\/\/pixabay.com\/de\/users\/leo2014-5181606\/\">leo2014<\/a>\u00a0\/ <a href=\"https:\/\/pixabay.com\/de\/service\/license\/\">Pixabay License<\/a><\/span><\/p>\n","protected":false},"excerpt":{"rendered":"<p><b>Beitrag von Dagmar Henn<\/b><br \/>\nBundesgesundheitsminister Jens Spahn scheint ein H\u00e4ndchen daf\u00fcr zu haben, die T\u00fcr f\u00fcr kriminelle Gesch\u00e4fte zu \u00f6ffnen. Die Regelungen zu den B\u00fcrgertestzentren, die in den letzten Tagen ins Kreuzfeuer der Kritik geraten sind, sind ja beileibe nicht der erste solche Fall in den vergangenen 18 Monaten, seit Corona das Leben in Deutschland beherrscht. Davor kamen die diversen Maskenskandale, und davor wiederum die Meldungen \u00fcber Kliniken, die sich an der Freihaltepauschale bereicherten. Viele Millionen Steuergelder wurden in Taschen gesp\u00fclt, f\u00fcr die sie nicht gedacht waren, und ein Ende ist noch lange nicht abzusehen.<\/p>\n","protected":false},"author":3,"featured_media":10515,"comment_status":"closed","ping_status":"closed","sticky":false,"template":"","format":"standard","meta":{"colormag_page_container_layout":"default_layout","colormag_page_sidebar_layout":"default_layout","advanced_seo_description":"","jetpack_seo_html_title":"","jetpack_seo_noindex":false,"jetpack_post_was_ever_published":false,"footnotes":""},"categories":[11],"tags":[1256,577,391,1384,1257,122],"class_list":["post-10514","post","type-post","status-publish","format-standard","has-post-thumbnail","hentry","category-arbeit-soziales","tag-corona-virus","tag-gesundheitspolitik","tag-gesundheitswesen","tag-korruption","tag-pandemie","tag-wirtschaft"],"jetpack_featured_media_url":"https:\/\/i0.wp.com\/www.freidenker.org\/fw17\/wp-content\/uploads\/2021\/06\/face-mask-4986554_800x450.jpg?fit=800%2C450&ssl=1","jetpack_shortlink":"https:\/\/wp.me\/p9stpK-2JA","jetpack-related-posts":[{"id":8536,"url":"https:\/\/www.freidenker.org\/?p=8536","url_meta":{"origin":10514,"position":0},"title":"Video: Ruhige Worte zu aufregenden Zeiten","author":"Webredaktion","date":"15. August 2020","format":false,"excerpt":"Rede von Dagmar Henn Die durch Corona ausgel\u00f6sten Ver\u00e4nderungen betreffen viele Bereiche des Lebens. Die gesellschaftliche Stimmung ist aufgeheizt, ruhige und sachliche Diskussion ist kaum noch m\u00f6glich. Viele haben zu Recht Angst um ihre Existenz. Die Vorgaben, die -so wird es zumindest gesagt - der Pandemie geschuldet sind, greifen tief\u2026","rel":"","context":"In &quot;Arbeit &amp; Soziales&quot;","block_context":{"text":"Arbeit &amp; Soziales","link":"https:\/\/www.freidenker.org\/?cat=11"},"img":{"alt_text":"","src":"https:\/\/i0.wp.com\/www.freidenker.org\/fw17\/wp-content\/uploads\/2020\/08\/coronavirus-4914028_800x450.jpg?fit=800%2C450&ssl=1&resize=350%2C200","width":350,"height":200,"srcset":"https:\/\/i0.wp.com\/www.freidenker.org\/fw17\/wp-content\/uploads\/2020\/08\/coronavirus-4914028_800x450.jpg?fit=800%2C450&ssl=1&resize=350%2C200 1x, https:\/\/i0.wp.com\/www.freidenker.org\/fw17\/wp-content\/uploads\/2020\/08\/coronavirus-4914028_800x450.jpg?fit=800%2C450&ssl=1&resize=525%2C300 1.5x, https:\/\/i0.wp.com\/www.freidenker.org\/fw17\/wp-content\/uploads\/2020\/08\/coronavirus-4914028_800x450.jpg?fit=800%2C450&ssl=1&resize=700%2C400 2x"},"classes":[]},{"id":19608,"url":"https:\/\/www.freidenker.org\/?p=19608","url_meta":{"origin":10514,"position":1},"title":"RKI-Protokolle: Wenn die Perversion zur Normalit\u00e4t wird, sind Skandale nicht mehr m\u00f6glich","author":"Webredaktion","date":"31. Juli 2024","format":false,"excerpt":"Beitrag von Tom J. Wellbrock Ruprecht Rolf Gotthelf Polenz geh\u00f6rt zu den Schlimmsten. Er ist seit 2013 Pr\u00e4sident der Deutschen Gesellschaft f\u00fcr Osteuropakunde, war von 2005 bis 2013 Vorsitzender des Ausw\u00e4rtigen Ausschusses des Deutschen Bundestages und von April bis November 2000 Generalsekret\u00e4r der CDU. Polenz ist auf X (ehemals Twitter)\u2026","rel":"","context":"In &quot;Demokratie \u2013 Medien \u2013 Aufkl\u00e4rung&quot;","block_context":{"text":"Demokratie \u2013 Medien \u2013 Aufkl\u00e4rung","link":"https:\/\/www.freidenker.org\/?cat=12"},"img":{"alt_text":"","src":"https:\/\/i0.wp.com\/www.freidenker.org\/fw17\/wp-content\/uploads\/2024\/07\/Berlin_RKI_building_Nordufer_asv2021-03_img1_800x450.jpg?fit=800%2C450&ssl=1&resize=350%2C200","width":350,"height":200,"srcset":"https:\/\/i0.wp.com\/www.freidenker.org\/fw17\/wp-content\/uploads\/2024\/07\/Berlin_RKI_building_Nordufer_asv2021-03_img1_800x450.jpg?fit=800%2C450&ssl=1&resize=350%2C200 1x, https:\/\/i0.wp.com\/www.freidenker.org\/fw17\/wp-content\/uploads\/2024\/07\/Berlin_RKI_building_Nordufer_asv2021-03_img1_800x450.jpg?fit=800%2C450&ssl=1&resize=525%2C300 1.5x, https:\/\/i0.wp.com\/www.freidenker.org\/fw17\/wp-content\/uploads\/2024\/07\/Berlin_RKI_building_Nordufer_asv2021-03_img1_800x450.jpg?fit=800%2C450&ssl=1&resize=700%2C400 2x"},"classes":[]},{"id":11553,"url":"https:\/\/www.freidenker.org\/?p=11553","url_meta":{"origin":10514,"position":2},"title":"Umfrage ergibt: Impfstrategie der Regierung gescheitert","author":"Webredaktion","date":"31. Oktober 2021","format":false,"excerpt":"Beitrag von Dagmar Henn Mit unz\u00e4hligen Methoden hat die Bundesregierung in den letzten Monaten versucht, die bisher ungeimpften B\u00fcrger zum Impfen zu bewegen. Das beginnt mit best\u00e4ndigen Vorhaltungen in den Medien, die von \"faul\" \u00fcber \"unsolidarisch\" bis \"gef\u00e4hrlich\" reichten, und setzt sich fort \u00fcber zunehmend diskriminierende Ma\u00dfnahmen wie 2G-Regeln, Lohnentzug\u2026","rel":"","context":"In &quot;Arbeit &amp; Soziales&quot;","block_context":{"text":"Arbeit &amp; Soziales","link":"https:\/\/www.freidenker.org\/?cat=11"},"img":{"alt_text":"","src":"https:\/\/i0.wp.com\/www.freidenker.org\/fw17\/wp-content\/uploads\/2021\/10\/vaccination-center-5950693_800x450_v2.jpg?fit=800%2C450&ssl=1&resize=350%2C200","width":350,"height":200,"srcset":"https:\/\/i0.wp.com\/www.freidenker.org\/fw17\/wp-content\/uploads\/2021\/10\/vaccination-center-5950693_800x450_v2.jpg?fit=800%2C450&ssl=1&resize=350%2C200 1x, https:\/\/i0.wp.com\/www.freidenker.org\/fw17\/wp-content\/uploads\/2021\/10\/vaccination-center-5950693_800x450_v2.jpg?fit=800%2C450&ssl=1&resize=525%2C300 1.5x, https:\/\/i0.wp.com\/www.freidenker.org\/fw17\/wp-content\/uploads\/2021\/10\/vaccination-center-5950693_800x450_v2.jpg?fit=800%2C450&ssl=1&resize=700%2C400 2x"},"classes":[]},{"id":11853,"url":"https:\/\/www.freidenker.org\/?p=11853","url_meta":{"origin":10514,"position":3},"title":"Boris Palmer und die Impfpflicht: Mit Corona in den B\u00fcrgerkrieg?","author":"Webredaktion","date":"24. Dezember 2021","format":false,"excerpt":"Beitrag von Dagmar Henn Es gab schon viele geistige und auch praktische \u00dcberschreitungen w\u00e4hrend dieser Corona-Zeit, aber die j\u00fcngsten \u00c4u\u00dferungen des T\u00fcbinger Oberb\u00fcrgermeisters Boris Palmer stellen alles Bisherige in den Schatten. Das ist besonders auff\u00e4llig, weil Palmer bisher als sehr pragmatischer Politiker aufgefallen war, der nicht jede ideologische Kapriole seiner\u2026","rel":"","context":"In &quot;Demokratie \u2013 Medien \u2013 Aufkl\u00e4rung&quot;","block_context":{"text":"Demokratie \u2013 Medien \u2013 Aufkl\u00e4rung","link":"https:\/\/www.freidenker.org\/?cat=12"},"img":{"alt_text":"","src":"https:\/\/i0.wp.com\/www.freidenker.org\/fw17\/wp-content\/uploads\/2021\/12\/impf-weihnacht_800x450.jpg?fit=800%2C450&ssl=1&resize=350%2C200","width":350,"height":200,"srcset":"https:\/\/i0.wp.com\/www.freidenker.org\/fw17\/wp-content\/uploads\/2021\/12\/impf-weihnacht_800x450.jpg?fit=800%2C450&ssl=1&resize=350%2C200 1x, https:\/\/i0.wp.com\/www.freidenker.org\/fw17\/wp-content\/uploads\/2021\/12\/impf-weihnacht_800x450.jpg?fit=800%2C450&ssl=1&resize=525%2C300 1.5x, https:\/\/i0.wp.com\/www.freidenker.org\/fw17\/wp-content\/uploads\/2021\/12\/impf-weihnacht_800x450.jpg?fit=800%2C450&ssl=1&resize=700%2C400 2x"},"classes":[]},{"id":12032,"url":"https:\/\/www.freidenker.org\/?p=12032","url_meta":{"origin":10514,"position":4},"title":"Stern TV und des Kaisers neue Kleider","author":"Webredaktion","date":"21. Januar 2022","format":false,"excerpt":"Beitrag von Dagmar Henn Jetzt fallen die Propagandisten der Ma\u00dfnahmen schon \u00fcbereinander her, wenn der kleinste Platz f\u00fcr Widerspruch gelassen wird. Die Sendung Stern TV hat sich den Fauxpas erlaubt, in 90 Minuten Impfwerbung und Ma\u00dfnahmenverteidigung einem Satz nicht sofort zu widersprechen. ... Was gab es einmal f\u00fcr gro\u00dfartige Gespr\u00e4che\u2026","rel":"","context":"In &quot;Demokratie \u2013 Medien \u2013 Aufkl\u00e4rung&quot;","block_context":{"text":"Demokratie \u2013 Medien \u2013 Aufkl\u00e4rung","link":"https:\/\/www.freidenker.org\/?cat=12"},"img":{"alt_text":"","src":"https:\/\/i0.wp.com\/www.freidenker.org\/fw17\/wp-content\/uploads\/2022\/01\/KaisersNeueKleider_fairy-tale-1750666_800x450.jpg?fit=800%2C450&ssl=1&resize=350%2C200","width":350,"height":200,"srcset":"https:\/\/i0.wp.com\/www.freidenker.org\/fw17\/wp-content\/uploads\/2022\/01\/KaisersNeueKleider_fairy-tale-1750666_800x450.jpg?fit=800%2C450&ssl=1&resize=350%2C200 1x, https:\/\/i0.wp.com\/www.freidenker.org\/fw17\/wp-content\/uploads\/2022\/01\/KaisersNeueKleider_fairy-tale-1750666_800x450.jpg?fit=800%2C450&ssl=1&resize=525%2C300 1.5x, https:\/\/i0.wp.com\/www.freidenker.org\/fw17\/wp-content\/uploads\/2022\/01\/KaisersNeueKleider_fairy-tale-1750666_800x450.jpg?fit=800%2C450&ssl=1&resize=700%2C400 2x"},"classes":[]},{"id":11017,"url":"https:\/\/www.freidenker.org\/?p=11017","url_meta":{"origin":10514,"position":5},"title":"Corona-Savonarola oder trojanisches Pferd des medizinisch-industriellen Komplexes?","author":"Webredaktion","date":"14. August 2021","format":false,"excerpt":"Beitrag von Dagmar Henn Karl Lauterbach scheint immer f\u00fcr einen Lacher gut. \u00dcbertreibungen und irrwitzige Vorschl\u00e4ge purzeln dem Ritter von der hageren Gestalt in jeder Talkshow von den Lippen, dass einem schwindlig wird, und die n\u00e4chste Ank\u00fcndigung eines Weltuntergangs ist nie weit entfernt. So hat er noch eins draufgelegt auf\u2026","rel":"","context":"In &quot;Arbeit &amp; Soziales&quot;","block_context":{"text":"Arbeit &amp; Soziales","link":"https:\/\/www.freidenker.org\/?cat=11"},"img":{"alt_text":"","src":"https:\/\/i0.wp.com\/www.freidenker.org\/fw17\/wp-content\/uploads\/2021\/08\/Lauterbach_Euro_Viren_800x450.jpg?fit=800%2C450&ssl=1&resize=350%2C200","width":350,"height":200,"srcset":"https:\/\/i0.wp.com\/www.freidenker.org\/fw17\/wp-content\/uploads\/2021\/08\/Lauterbach_Euro_Viren_800x450.jpg?fit=800%2C450&ssl=1&resize=350%2C200 1x, https:\/\/i0.wp.com\/www.freidenker.org\/fw17\/wp-content\/uploads\/2021\/08\/Lauterbach_Euro_Viren_800x450.jpg?fit=800%2C450&ssl=1&resize=525%2C300 1.5x, https:\/\/i0.wp.com\/www.freidenker.org\/fw17\/wp-content\/uploads\/2021\/08\/Lauterbach_Euro_Viren_800x450.jpg?fit=800%2C450&ssl=1&resize=700%2C400 2x"},"classes":[]}],"_links":{"self":[{"href":"https:\/\/www.freidenker.org\/index.php?rest_route=\/wp\/v2\/posts\/10514","targetHints":{"allow":["GET"]}}],"collection":[{"href":"https:\/\/www.freidenker.org\/index.php?rest_route=\/wp\/v2\/posts"}],"about":[{"href":"https:\/\/www.freidenker.org\/index.php?rest_route=\/wp\/v2\/types\/post"}],"author":[{"embeddable":true,"href":"https:\/\/www.freidenker.org\/index.php?rest_route=\/wp\/v2\/users\/3"}],"replies":[{"embeddable":true,"href":"https:\/\/www.freidenker.org\/index.php?rest_route=%2Fwp%2Fv2%2Fcomments&post=10514"}],"version-history":[{"count":0,"href":"https:\/\/www.freidenker.org\/index.php?rest_route=\/wp\/v2\/posts\/10514\/revisions"}],"wp:featuredmedia":[{"embeddable":true,"href":"https:\/\/www.freidenker.org\/index.php?rest_route=\/wp\/v2\/media\/10515"}],"wp:attachment":[{"href":"https:\/\/www.freidenker.org\/index.php?rest_route=%2Fwp%2Fv2%2Fmedia&parent=10514"}],"wp:term":[{"taxonomy":"category","embeddable":true,"href":"https:\/\/www.freidenker.org\/index.php?rest_route=%2Fwp%2Fv2%2Fcategories&post=10514"},{"taxonomy":"post_tag","embeddable":true,"href":"https:\/\/www.freidenker.org\/index.php?rest_route=%2Fwp%2Fv2%2Ftags&post=10514"}],"curies":[{"name":"wp","href":"https:\/\/api.w.org\/{rel}","templated":true}]}}