{"id":10504,"date":"2021-06-02T23:48:39","date_gmt":"2021-06-02T21:48:39","guid":{"rendered":"https:\/\/www.freidenker.org\/?p=10504"},"modified":"2021-07-07T03:59:27","modified_gmt":"2021-07-07T01:59:27","slug":"ein-haesslicher-herbst-kinderimpfung-und-die-moeglichen-folgen","status":"publish","type":"post","link":"https:\/\/www.freidenker.org\/?p=10504","title":{"rendered":"Ein h\u00e4sslicher Herbst? Kinderimpfung und die m\u00f6glichen Folgen"},"content":{"rendered":"<div class=\"ArticleView-shares\">\n<div class=\"ShareBlock-isReact\" data-rtcomponent=\"ShareBlock\">\n<div class=\"ShareBlock-root\">\n<p><strong>Kaum verh\u00fcllter Zwang, so lassen sich viele Entwicklungen der deutschen Corona-Politik beschreiben. Jetzt richtet sich das Auge der Impfer auf Kinder und Jugendliche. Wenn sich die Entwicklung so fortsetzt, wie sie sich abzeichnet, wird dieser Zwang \u00fcble Folgen haben. <\/strong><\/p>\n<p><em>von <strong>Dagmar Henn<\/strong><\/em><\/p>\n<p><span style=\"font-size: 10pt;\">Erstver\u00f6ffentlichung am 29.05.2021 auf <a href=\"https:\/\/de.rt.com\/meinung\/118201-ein-haesslicher-herbst-kinderimpfung-und-die-moeglichen-folgen\/\" target=\"_blank\" rel=\"noopener\">RT DE<\/a><\/span><\/p>\n<\/div>\n<\/div>\n<\/div>\n<div class=\"ArticleView-summary\">\n<div>\n<p>In der Frage der Impfung von Kindern und Jugendlichen entfaltet sich gerade ein Drama mit vielen Darstellern und Interessen. Wir befinden uns noch am Anfang des ersten Aktes; aber schon jetzt l\u00e4sst ein genauer Blick auf die Beteiligten erahnen, in welcher Tragik das Ganze enden k\u00f6nnte.<\/p>\n<p>Zuerst einmal m\u00fcssen wir die n\u00fcchternen Fakten in Erinnerung rufen. Kinder und Jugendliche, die an COVID-19 erkranken, erleiden sehr selten einen schweren Verlauf; in der <a href=\"https:\/\/dip21.bundestag.de\/dip21\/btd\/19\/283\/1928348.pdf\">Antwort<\/a> der Bundesregierung auf eine Anfrage der FDP-Fraktion vom 9. April wurden gerade elf Todesf\u00e4lle in der Altersgruppe unter 20 Jahren benannt. Bezogen auf die 385.022 belegten Infektionsf\u00e4lle sind das 0,0028 Prozent.<\/p>\n<p>Wenn man dann noch mit einbezieht, dass die allgemeine Dunkelziffer nach der M\u00fcnchner Kohortenstudie 75 Prozent betr\u00e4gt, also viermal so viele Menschen eine Infektion hinter sich haben, wie als Infizierte erfasst sind, k\u00e4me man auf 0,0007 Prozent Sterblichkeit; in Wirklichkeit liegt sie noch darunter, weil die Quote unerkannter Infektionen bei Kindern und Jugendlichen infolge der weit milderen Verl\u00e4ufe h\u00f6her sein d\u00fcrfte als bei Erwachsenen. Oder anders herum \u2013 von 140.000 infizierten Kindern br\u00e4uchten 1.200 eine Behandlung im Krankenhaus, 17 m\u00fcssten auf die Intensivstation und eines w\u00fcrde an der Erkrankung versterben.<\/p>\n<p>Das klingt erst einmal wie ein b\u00f6sartiges Rechenspiel; es ist aber eine n\u00f6tige Vergleichszahl, um Sinn oder Unsinn einer Impfung zu bewerten. Denn auch, wenn es aus dem Blick geraten ist \u2013 der erste Grundsatz \u00e4rztlichen Handelns lautet &#8222;<a href=\"https:\/\/de.wikipedia.org\/wiki\/Primum_non_nocere\">primum non nocere<\/a>&#8222;; vor allem nicht zu schaden. Und das gilt bezogen auf den einzelnen Patienten, der keiner Behandlung unterzogen werden darf, die ihm mehr schadet als nutzt.<\/p>\n<p>Nach den vom Paul-Ehrlich-Institut ver\u00f6ffentlichten <a href=\"https:\/\/www.pei.de\/SharedDocs\/Downloads\/DE\/newsroom\/dossiers\/sicherheitsberichte\/sicherheitsbericht-27-12-bis-30-04-21.pdf?__blob=publicationFile&amp;v=5\">Informationen<\/a> kommt in der bisherigen Impfkampagne ein Todesfall auf 56.400 Geimpfte. Das bedeutet, selbst nach den offiziellen Zahlen ist es f\u00fcr Kinder und Jugendliche dreimal so wahrscheinlich, an der Impfung zu versterben wie an der Erkrankung. Das m\u00fcsste eigentlich \u2013 primum non nocere \u2013 die Frage grunds\u00e4tzlich gekl\u00e4rt haben.<\/p>\n<p>Dennoch wird gerade von Bundeskanzlerin Angela Merkel gewaltig darauf gedr\u00e4ngt, auch Kinder und Jugendliche zu impfen, und zwar mit dem BioNTech-mRNA-Impfstoff. Dabei ist klar, dass langfristige Nebenwirkungen bei dieser Art des Impfstoffs v\u00f6llig unbekannt sind, aber naturgem\u00e4\u00df desto schwerer wiegen, je j\u00fcnger die geimpfte Person ist. Die Vernunft w\u00fcrde, wenn \u00fcberhaupt, zu einem anderen Impfstoff raten.<\/p>\n<p>Einzelne Bundesl\u00e4nder wie Mecklenburg-Vorpommern, Hessen, Sachsen und Bayern stecken bereits in den <a href=\"https:\/\/www.news4teachers.de\/2021\/05\/debatte-ueber-impfungen-fuer-schueler-merkel-und-die-ministerpraesidenten-beraten\/\">Vorbereitungen f\u00fcr Impfkampagnen<\/a> f\u00fcr Sch\u00fcler ab zw\u00f6lf. Andere warten noch ab. Schlie\u00dflich \u00e4u\u00dfert sich die St\u00e4ndige Impfkommission (STIKO) noch <a href=\"https:\/\/www.deutschlandfunk.de\/corona-impfung-von-kindern-und-jugendlichen-stiko.694.de.html?dram:article_id=497759\">vorsichtig<\/a>.<\/p>\n<p>Aber die Anzeichen mehren sich, dass sich das demn\u00e4chst \u00e4ndern wird. Nicht, weil die medizinische Bewertung der Impfung sich \u00e4ndert. Gerade bei den mRNA-Impfstoffen w\u00e4re eine wirkliche Bewertung erst in einigen Jahren denkbar. Nein, es d\u00fcrfte sich \u00e4ndern, weil bereits medialer Druck in diese Richtung aufgebaut wird.<\/p>\n<p>Dazu geh\u00f6ren Meldungen wie &#8222;Sch\u00fcler fordern Vorgriffsrecht auf BioNTech-Impfstoff&#8220; in der <em><a href=\"https:\/\/www.tagesschau.de\/newsticker\/liveblog-coronavirus-donnerstag-217.html#RusslandSputnik-Lieferungen-fuer-Unicef\">Tagessschau<\/a><\/em>. Dario Schramm, Generalsekret\u00e4r der Bundessch\u00fclerkonferenz (eines Zusammenschlusses der Landessch\u00fclersprecher) und, da nebenbei auch Gesch\u00e4ftsf\u00fchrer der Jusos Bergisch Gladbach, ein aufstrebender angehender Berufspolitiker, \u00e4u\u00dferte sich entsprechend und fand daf\u00fcr ein breites Medienecho. Schlie\u00dflich ist nichts \u00fcberzeugender, als wenn die Betroffenen scheinbar nichts anderes w\u00fcnschen.<\/p>\n<p>Dazu geh\u00f6ren aber auch Beitr\u00e4ge wie dieser im <em>Deutschlandfunk<\/em>: <a href=\"https:\/\/www.deutschlandfunkkultur.de\/minderjaehrige-in-der-pandemie-fuenf-gruende-kinder-gegen.2165.de.html?dram:article_id=497874\">&#8222;F\u00fcnf Gr\u00fcnde, Kinder gegen COVID-19 zu impfen&#8220;<\/a>. Der erste Punkt, der angef\u00fchrt wird, ist, dass Kinder und Jugendliche doch so sehr unter den Ma\u00dfnahmen leiden. Daraus wird aber mitnichten die Konsequenz gezogen, dass die Regierung diese Ma\u00dfnahmen beenden solle. Das zweite &#8222;Argument&#8220; lautet, ein Impfstoff, der zugelassen sei, sei schon allein deshalb vertrauensw\u00fcrdig. Argument vier d\u00fcrfte eines der Leitmotive der kommenden Wochen werden:<\/p>\n<blockquote><p><em> &#8222;Es wird nicht reichen, nur die Erwachsenen zu impfen \u2013 fast 13 Millionen Deutsche sind unter 16 Jahren. Sie pauschal nicht zu impfen, gef\u00e4hrdet das Ziel, eine m\u00f6glichst gro\u00dfe Immunit\u00e4t zu erreichen.&#8220;<\/em><\/p><\/blockquote>\n<p>Schon zwei Wochen davor hatte eine Mitarbeiterin desselben Senders Bundesgesundheitsminister Jens Spahn dieselbe Behauptung als eine Art sprachlichen roten Teppich ausgerollt, um seine Verk\u00fcndung eines &#8222;Impfangebotes&#8220; an alle Menschen ab zw\u00f6lf Jahren\u00a0<a href=\"https:\/\/www.deutschlandfunk.de\/freigabe-von-johnson-johnson-spahn-cdu-es-ist-ein-schritt.694.de.html?dram:article_id=497046\">einzuleiten<\/a>: &#8222;Viele Experten sind sich auch einig, f\u00fcr Herdenimmunit\u00e4t brauchen wir die Impfung von Jugendlichen, von \u00fcber 12-J\u00e4hrigen.&#8220; Um danach geradezu auf eine Zulassung von BioNTech zu dr\u00e4ngen. Primum non nocere?<\/p>\n<p>Der Staatssender <em><a href=\"https:\/\/www.dw.com\/de\/faktencheck-wie-sinnvoll-sind-corona-impfungen-f%C3%BCr-kinder-und-jugendliche\/a-57615466\">Deutsche Welle<\/a><\/em> legt noch eins drauf: &#8222;Die Annahme, dass die Kinder vor COVID-19 allein durch das Impfen der Erwachsenen gesch\u00fctzt werden k\u00f6nnen, ist falsch.&#8220; Und findet sogar einen Vertreter des Verbands der Kinder- und Jugend\u00e4rzte, der erg\u00e4nzt:<\/p>\n<blockquote><p><em>&#8222;Wenn wir von 80 Millionen Bundesb\u00fcrgern ausgehen, dann aber von 80 Prozent davon (mit Impfungen erreicht), dann wird es total knapp, wenn man eine gesamte Bev\u00f6lkerungsgruppe ausl\u00e4sst. Und deshalb brauchen wir die Kinder und Jugendlichen auch mit im Boot.&#8220;<\/em><\/p><\/blockquote>\n<p>In einem <a href=\"https:\/\/www.swr.de\/wissen\/pro-und-contra-kinder-impfen-gegen-corona-100.html\">Beitrag<\/a> des <em>SWR<\/em> werden Eltern, die die Impfung nicht f\u00fcr sicher halten, gleich beschimpft. Man m\u00fcsse ja schlie\u00dflich Kinder impfen, um zu beweisen, dass der Impfstoff sicher sei. &#8222;Denn nur so fallen seltene und sehr seltene Nebenwirkungen auf. Und zu sagen &#8218;Ja, Kinder sollen damit geimpft werden, damit wir herausfinden, ob der Impfstoff auch sicher ist \u2013 aber bitte nicht meine&#8216; ist egoistisch.&#8220;<\/p>\n<p>Primum non nocere?<\/p>\n<p>Zugegeben, der direkte Informationswert solcher Aussagen ist gering. Aber sie lassen erkennen, in welche Richtung sich die Argumentation entwickeln wird. Eltern, die ihre Kinder nicht impfen lassen, sind unsolidarisch und egoistisch. Das ist, nebenbei bemerkt, eine Verst\u00fcmmelung des Begriffs Solidarit\u00e4t hin zum &#8222;kaum verh\u00fcllten Zwang&#8220;.<\/p>\n<p>Szenenwechsel. Woher kommt dieser Drang, ausgerechnet den BioNTech-Impfstoff immer neuen Zielgruppen in die Adern zu jagen? Die Antwort darauf findet sich unter anderen im <em><a href=\"https:\/\/www.handelsblatt.com\/unternehmen\/industrie\/handelsblatt-pharmatagung-eine-impfstoffrevolution-mrna-technologie-hilft-dem-pharmastandort-deutschland\/27113492.html\">Handelsblatt<\/a><\/em> vom 20. April dieses Jahres. Dieser Artikel berichtet von der Pharmakonferenz, die das Blatt j\u00e4hrlich ausrichtet und die dieses Jahr rein virtuell stattfand. Dennoch, man kann sich dabei einen Saal voller Vertreter der deutschen pharmazeutischen Industrie denken. Der Chef des Verbands der forschenden pharmazeutischen Industrie, Han Steutel, bejubelt da die mRNA-Entwicklungen von BioNTech und Curevac. &#8222;Das k\u00f6nnte f\u00fcr den Pharmastandort Deutschland wissenschaftlich und wirtschaftlich eine nachhaltige Bedeutung haben.&#8220;<\/p>\n<p>Die Bundesregierung erkl\u00e4rte schon im M\u00e4rz auf eine <a href=\"https:\/\/polit-x.de\/de\/documents\/5229385\/bund\/bundestag\/drucksachen\/antwort-2021-03-12-auf-die-kleine-anfrage-drucksache-1926753-beteiligung-des-bundes-an-der-curevac-ag-ii\">Anfrage der FDP<\/a> hin die Biotechnologieforschung zu einer systemrelevanten Industrie, die man am Standort Deutschland zu st\u00e4rken w\u00fcnsche. Das erkl\u00e4rt, warum ausw\u00e4rtige Impfstoffe mit aller Gewalt ferngehalten werden, auch wenn das dem eigentlich erkl\u00e4rten Ziel einer m\u00f6glichst schnellen Impfung der Bev\u00f6lkerung widerspricht: Nur die Impfung mit einem deutschen Impfstoff dient den Interessen der deutschen Industrie &#8230;<\/p>\n<p>Die STIKO zweifelt? Sie wird es lassen. Non nocere? Hier geht es um eine m\u00f6gliche Vormachtstellung auf einem Zukunftsmarkt, da darf man nicht kleinlich sein. Eltern, die egoistisch auf dem Wohl ihrer Kinder bestehen, d\u00fcrfen Deutschlands Gr\u00f6\u00dfe nicht im Weg stehen.<\/p>\n<p>Wie aber wird sich das tats\u00e4chlich weiter entfalten? Da nun klar ist, dass die Faktenlage und das \u00e4rztliche Ethos ignoriert werden, die Kanzlerin eisern entschlossen ist, die Herde bis zum letzten Lamm durchzuimpfen, und die Medien ihr brav sekundieren werden?<\/p>\n<p>Nun, der dritte Akt, nachdem die Truppen einmal aufgestellt sind, d\u00fcrfte in ausgiebiger Seelenmassage bestehen. Die Tonart zeichnet sich schon ab. Sobald die Impfung f\u00fcr Kinder freigegeben ist, werden sich die Berichte \u00fcber die verheerenden Folgen der Ma\u00dfnahmen f\u00fcr Kinder und Jugendliche h\u00e4ufen. Das Material dar\u00fcber liegt l\u00e4ngst vor \u2013 schon 2020 hatte die DAK gemeldet, dass als Folge des Lockdowns sich in Berlin die Zahl der Einweisungen in die Kinder- und Jugendpsychiatrien <a href=\"https:\/\/www.dorstenerzeitung.de\/nachrichten\/studie-jeder-und-jede-zweite-jugendliche-hat-in-der-pandemie-zukunftsaengste-1636842.html\">verdoppelt hatte<\/a>.<\/p>\n<p>Kinder und Jugendliche leiden unter den Ma\u00dfnahmen. Sie f\u00fcrchten die Zukunft; sie verlieren jede Freude am Lernen; sie entwickeln psychische St\u00f6rungen, die zuvor nicht da waren; all das ist dokumentiert, spielte aber bisher bei der Berichterstattung eine v\u00f6llig untergeordnete Rolle. Man k\u00f6nnte Wetten darauf abschlie\u00dfen, dass sich das jetzt \u00e4ndern wird. Eine Welle des Mitgef\u00fchls mit der gequ\u00e4lten Kreatur wird durch die Gazetten fluten.<\/p>\n<p>Mitgef\u00fchl mit einem Pferdefu\u00df. Denn es wird von zwei Botschaften begleitet. Die erste wird lauten: Jetzt k\u00f6nnte das ganze Elend endlich ein Ende haben, denn es gibt ja die Impfung; und die zweite: Wenn da nicht die egoistischen Eltern w\u00e4ren, die sich verweigern.<\/p>\n<p>Bisher sieht nach einer <a href=\"https:\/\/www.augsburger-allgemeine.de\/special\/bayern-monitor\/Corona-Impfung-fuer-Kinder-Zwei-von-fuenf-Eltern-wollen-ihre-Kinder-nicht-impfen-lassen-Umfrage-id59749576.html\">Umfrage<\/a> der <em>Augsburger Allgemeinen<\/em> fast die H\u00e4lfte eine Impfung von Kindern skeptisch, und ein Drittel will seine Kinder gar nicht impfen lassen. Die rechte Opferbereitschaft ist also noch nicht vorhanden. Und einem direkten Impfzwang steht die Haftung im Wege. Denn sobald eine Impfung erzwungen wird, haftet der Erzwinger f\u00fcr alle dadurch verursachten Sch\u00e4den.<\/p>\n<p>Aber es gibt die Option des indirekten Zwangs. Wenn erst einmal, unter medialem Missbrauch des Corona-Ma\u00dfnahmenelends der Jugend, die richtige Stimmung geschaffen ist, muss dann nur noch der Position des <a href=\"https:\/\/www.bundesaerztekammer.de\/fileadmin\/user_upload\/downloads\/pdf-Ordner\/124.DAET\/Beschlussprotokoll_Stand_06.05.2021.pdf\">\u00c4rztetages<\/a> gefolgt werden, der Anfang des Monats eine Impfkampagne bei Kindern forderte. Darin hei\u00dft es:<\/p>\n<blockquote><p><em> &#8222;Das Recht auf Bildung kann im Winter 2021\/2022 nur mit einer rechtzeitigen COVID-19-Impfung gesichert werden. (&#8230;) Die gleichberechtigte gesellschaftliche Teilhabe erlangen Familien mit Kindern nur mit geimpften Kindern zur\u00fcck.&#8220;<\/em><\/p><\/blockquote>\n<p>Was also, wenn der Schulbesuch im Herbst oder auch nur die Aufhebung von Maskenpflicht, Abstandsgebot und Fernunterricht vom Vollzug der Impfung abh\u00e4ngig gemacht werden? Also zwar kein direkter Impfzwang verh\u00e4ngt wird, aus dem oben erw\u00e4hnten Grund, aber ohne Impfung die Schulpflicht nicht erf\u00fcllt werden kann?<\/p>\n<p>Wie sich die Lehrer dazu stellen, d\u00fcrfte eine wichtige Rolle spielen. Die GEW-Vorsitzende Marlis Tepe <a href=\"https:\/\/www.gew.de\/aktuelles\/detailseite\/neuigkeiten\/sorgfalt-geht-vor-schnelligkeit\/\">erkl\u00e4rte<\/a> j\u00fcngst, Kinder und Jugendliche d\u00fcrften aber nicht nur geimpft werden, damit sie Schulen zum Pr\u00e4senzunterricht zur\u00fcckkehren k\u00f6nnten. Der Sprecher des Deutschen Lehrerverbandes, Heinz-Peter Meidinger, hat sich aber schon entt\u00e4uscht dar\u00fcber <a href=\"https:\/\/www.sueddeutsche.de\/politik\/corona-aktuell-inzidenz-zahlen-deutschland-1.5292111\">ge\u00e4u\u00dfert<\/a>, dass bisher keine speziell auf Jugendliche zugeschnittene Impfkampagne geplant sei.<\/p>\n<p>Aber nehmen wir es einfach mal an. Wir haben im Verlauf dieser Krise schon viele Dinge erlebt, die davor niemand f\u00fcr m\u00f6glich gehalten h\u00e4tte \u2013 Testpflicht vor einem Biergartenbesuch beispielsweise. Und wenn man sich nicht zum Spielball der politischen Entscheidungen machen lassen m\u00f6chte, bleibt nichts anderes \u00fcbrig, als verschiedene m\u00f6gliche Entwicklungen vorab zu durchdenken und seine jeweilige Antwort darauf zu finden. Tun wir so, als w\u00fcrde das Wirklichkeit im Herbst: Schulbesuch nur noch nach Impfung. Ganz freiwillig nat\u00fcrlich.<\/p>\n<p>Jetzt muss ich ein wenig auf eigene Erfahrungen zur\u00fcckgreifen, um zu illustrieren, wie das ab diesem Punkt weitergehen k\u00f6nnte. In meiner Zeit im M\u00fcnchner Stadtrat hatte ich Kontakt mit einer Familie, deren f\u00fcnfzehnj\u00e4hrige Tochter den Schulbesuch verweigerte.<\/p>\n<p>Wohlgemerkt, das M\u00e4dchen ging zu den Schulaufgaben immer noch in die Schule und hatte immer noch gute Noten. Trotzdem wurde sie erst vom Gymnasium geworfen, dann bis in die Hauptschule weitergereicht und zuletzt vom Jugendamt aus der Familie geholt und in ein geschlossenes Jugendheim gebracht.<\/p>\n<p>Wohlgemerkt, sie war nicht selbstmordgef\u00e4hrdet, hatte keine Essst\u00f6rung, war nicht gewaltt\u00e4tig oder selbstzerst\u00f6rerisch, sie wollte nur nicht in die Schule gehen.<\/p>\n<p>Die Eltern waren entsetzt. Ich fragte damals nach, wo denn f\u00fcr das Jugendamt die Selbst- oder Fremdgef\u00e4hrdung sei, wenn au\u00dfer dem Fernbleiben von der Schule nichts vorlag, erhielt aber mit Verweis auf den Datenschutz keine Antwort. Gleichzeitig versuchte das Jugendamt, den Eltern das Sorgerecht zu nehmen.<\/p>\n<p>Nun muss man dazu sagen, dass das M\u00fcnchner Jugendamt keinesfalls eines der schlechtesten ist; es gibt dort viele engagierte und aufmerksame Mitarbeiter. Aber man darf ebenfalls nie vergessen, dass auch die Jugendhilfe ein Gesch\u00e4ft ist und station\u00e4re Unterbringung eine ganze Menge einbringt. Wir reden hier von Tagess\u00e4tzen von 500 Euro und mehr. Und wo so viel Geld im Spiel ist, geschehen auch eigenartige Dinge.<\/p>\n<p>Das M\u00e4dchen ist damals aus dem Heim gefl\u00fcchtet, und Eltern wie Tochter hielten sich so lange im Ausland auf, bis in der Gerichtsverhandlung \u00fcber das Sorgerecht der Antrag des Jugendamtes scheiterte. Erst dann konnten sie anfangen, in ein normales Leben zur\u00fcckzukehren.<\/p>\n<p>Betreiber von Heimen f\u00fcr Kinder und Jugendliche sind meistens die Wohlfahrtskonzerne, also Caritas, Diakonie und Parit\u00e4tischer Wohlfahrtsverband, aber es gibt inzwischen eine ganze Menge privatwirtschaftlich betriebener Einrichtungen. Sie alle wurden 2015 massiv ausgebaut, um die unbegleiteten minderj\u00e4hrigen Fl\u00fcchtlinge zu betreuen. Ihnen geht seit einiger Zeit der Nachschub aus.<\/p>\n<p>Es wird nur von wenigen wahrgenommen, aber diese Wohlfahrtsverb\u00e4nde sind wirtschaftliche Giganten mit Besch\u00e4ftigtenzahlen von jeweils \u00fcber einer halben Million, darunter haupts\u00e4chlich ehrenamtliche Mitarbeiter. Allein der Deutsche Caritasverband verf\u00fcgt \u00fcber 600.000 Angestellte und 500.000 ehrenamtliche Helfer. So ein Konzern hat Einfluss und Macht und vermag es durchaus, die Politik in seinem Interesse zu bewegen. Station\u00e4re Jugendhilfe ist einer der ergiebigsten Sektoren auf diesem Markt.<\/p>\n<p>G\u00e4be es diese m\u00e4chtigen Mitspieler nicht, man m\u00fcsste sich weniger Sorgen machen, was im Falle eines Schulbesuchs nur mit Impfung geschieht. So aber kann man den Eltern, die sich jetzt dar\u00fcber Sorgen machen, zwar entgegnen, dass das nicht bewiesen ist und nicht unbedingt so kommen muss, aber man kann nicht sagen, ihre Sorgen seien unbegr\u00fcndet und v\u00f6llig an den Haaren herbeigezogen.<\/p>\n<p>Nat\u00fcrlich k\u00f6nnte man das Problem auch anders l\u00f6sen \u2013 die Lehrer, die geimpft werden wollen, impfen, und dann den Kindern und Jugendlichen ihr Leben zur\u00fcckgeben. Aber der ganze Verlauf des letzten Jahres belegt, dass die vern\u00fcnftigen Ma\u00dfnahmen eher selten ergriffen werden und sich im Zweifel die lebensfeindlichste Variante durchsetzt; und die gewaltigen \u00f6konomischen Interessen, die im Spiel sind, k\u00f6nnten nur mit wesentlich mehr Widerstand in die Schranken gewiesen werden.<\/p>\n<p>Man wird in den n\u00e4chsten Wochen sehen, wie hoch der Druck auf Jugendliche wird, sich impfen zu lassen, nun, da die Europ\u00e4ische Arzneimittelagentur EMA die erste Freigabe erteilt hat. Je st\u00e4rker er wird, desto h\u00f6her steigt die Wahrscheinlichkeit f\u00fcr einen h\u00e4sslichen Herbst f\u00fcr Kinder und ihre Eltern.<\/p>\n<div class=\"ArticleView-shares\">\n<div class=\"ShareBlock-isReact\" data-rtcomponent=\"ShareBlock\">\n<p style=\"text-align: right;\"><em>Dagmar Henn ist Mitglied des Deutschen Freidenker-Verbandes<\/em><\/p>\n<\/div>\n<\/div>\n<p><span style=\"font-size: 10pt;\">Link zur Erstver\u00f6ffentlichung auf RT DE: <a href=\"https:\/\/de.rt.com\/meinung\/118201-ein-haesslicher-herbst-kinderimpfung-und-die-moeglichen-folgen\/\" target=\"_blank\" rel=\"noopener\">https:\/\/de.rt.com\/meinung\/118201-ein-haesslicher-herbst-kinderimpfung-und-die-moeglichen-folgen\/<\/a><\/span><\/p>\n<hr \/>\n<p><span style=\"font-size: 10pt;\">Bild: <a href=\"https:\/\/pixabay.com\/de\/photos\/spritze-einwegspritze-nadel-1974677\/\" target=\"_blank\" rel=\"noopener\">pixabay.com<\/a> \/ <a class=\"hover_opacity\" href=\"https:\/\/pixabay.com\/de\/users\/myriams-fotos-1627417\/\">Myriams-Fotos<\/a> \/ <a href=\"https:\/\/pixabay.com\/de\/service\/license\/\">Pixabay License<\/a><\/span><\/p>\n<\/div>\n<\/div>\n","protected":false},"excerpt":{"rendered":"<p><b>Beitrag von Dagmar Henn<\/b><br \/>\nIn der Frage der Impfung von Kindern und Jugendlichen entfaltet sich gerade ein Drama mit vielen Darstellern und Interessen. Wir befinden uns noch am Anfang des ersten Aktes; aber schon jetzt l\u00e4sst ein genauer Blick auf die Beteiligten erahnen, in welcher Tragik das Ganze enden k\u00f6nnte. Zuerst einmal m\u00fcssen wir die n\u00fcchternen Fakten in Erinnerung rufen. Kinder und Jugendliche, die an COVID-19 erkranken, erleiden sehr selten einen schweren Verlauf; in der Antwort der Bundesregierung auf eine Anfrage der FDP-Fraktion vom 9. April wurden gerade elf Todesf\u00e4lle in der Altersgruppe unter 20 Jahren benannt. Bezogen auf die 385.022 belegten Infektionsf\u00e4lle sind das 0,000028 Prozent.<\/p>\n","protected":false},"author":3,"featured_media":10506,"comment_status":"closed","ping_status":"closed","sticky":false,"template":"","format":"standard","meta":{"colormag_page_container_layout":"default_layout","colormag_page_sidebar_layout":"default_layout","advanced_seo_description":"","jetpack_seo_html_title":"","jetpack_seo_noindex":false,"jetpack_post_was_ever_published":false,"footnotes":""},"categories":[12],"tags":[1256,577,1278,1006,95,1257],"class_list":["post-10504","post","type-post","status-publish","format-standard","has-post-thumbnail","hentry","category-demokratie-medien-aufklaerung","tag-corona-virus","tag-gesundheitspolitik","tag-impfung","tag-kinder-und-jugendgesundheit","tag-kinderrechte","tag-pandemie"],"jetpack_featured_media_url":"https:\/\/i0.wp.com\/www.freidenker.org\/fw17\/wp-content\/uploads\/2021\/06\/teddy_syringe-1974677_800x450.jpg?fit=800%2C450&ssl=1","jetpack_shortlink":"https:\/\/wp.me\/p9stpK-2Jq","jetpack-related-posts":[{"id":11051,"url":"https:\/\/www.freidenker.org\/?p=11051","url_meta":{"origin":10504,"position":0},"title":"Liebe Frau Kalayci &#8211; Ein Brief an die Berliner Gesundheitssenatorin","author":"Webredaktion","date":"15. August 2021","format":false,"excerpt":"Brief von von Dagmar Henn Die Berliner Gesundheitssenatorin Dilek Kalayci hat sich mit einem Brief an die Berliner Jugendlichen gewandt, in dem sie diese zur Impfung auffordert. Dieses Schreiben ist ein ethisch wie textkritisch absto\u00dfendes Exemplar manipulativer Kommunikation. Dieser Brief soll das auch Frau Kalayci erkl\u00e4ren. Liebe Frau Kalayci, es\u2026","rel":"","context":"In &quot;Arbeit &amp; Soziales&quot;","block_context":{"text":"Arbeit &amp; Soziales","link":"https:\/\/www.freidenker.org\/?cat=11"},"img":{"alt_text":"","src":"https:\/\/i0.wp.com\/www.freidenker.org\/fw17\/wp-content\/uploads\/2021\/08\/kalayci_mit_spritze_v2_800x450.jpg?fit=800%2C450&ssl=1&resize=350%2C200","width":350,"height":200,"srcset":"https:\/\/i0.wp.com\/www.freidenker.org\/fw17\/wp-content\/uploads\/2021\/08\/kalayci_mit_spritze_v2_800x450.jpg?fit=800%2C450&ssl=1&resize=350%2C200 1x, https:\/\/i0.wp.com\/www.freidenker.org\/fw17\/wp-content\/uploads\/2021\/08\/kalayci_mit_spritze_v2_800x450.jpg?fit=800%2C450&ssl=1&resize=525%2C300 1.5x, https:\/\/i0.wp.com\/www.freidenker.org\/fw17\/wp-content\/uploads\/2021\/08\/kalayci_mit_spritze_v2_800x450.jpg?fit=800%2C450&ssl=1&resize=700%2C400 2x"},"classes":[]},{"id":19608,"url":"https:\/\/www.freidenker.org\/?p=19608","url_meta":{"origin":10504,"position":1},"title":"RKI-Protokolle: Wenn die Perversion zur Normalit\u00e4t wird, sind Skandale nicht mehr m\u00f6glich","author":"Webredaktion","date":"31. Juli 2024","format":false,"excerpt":"Beitrag von Tom J. Wellbrock Ruprecht Rolf Gotthelf Polenz geh\u00f6rt zu den Schlimmsten. Er ist seit 2013 Pr\u00e4sident der Deutschen Gesellschaft f\u00fcr Osteuropakunde, war von 2005 bis 2013 Vorsitzender des Ausw\u00e4rtigen Ausschusses des Deutschen Bundestages und von April bis November 2000 Generalsekret\u00e4r der CDU. Polenz ist auf X (ehemals Twitter)\u2026","rel":"","context":"In &quot;Demokratie \u2013 Medien \u2013 Aufkl\u00e4rung&quot;","block_context":{"text":"Demokratie \u2013 Medien \u2013 Aufkl\u00e4rung","link":"https:\/\/www.freidenker.org\/?cat=12"},"img":{"alt_text":"","src":"https:\/\/i0.wp.com\/www.freidenker.org\/fw17\/wp-content\/uploads\/2024\/07\/Berlin_RKI_building_Nordufer_asv2021-03_img1_800x450.jpg?fit=800%2C450&ssl=1&resize=350%2C200","width":350,"height":200,"srcset":"https:\/\/i0.wp.com\/www.freidenker.org\/fw17\/wp-content\/uploads\/2024\/07\/Berlin_RKI_building_Nordufer_asv2021-03_img1_800x450.jpg?fit=800%2C450&ssl=1&resize=350%2C200 1x, https:\/\/i0.wp.com\/www.freidenker.org\/fw17\/wp-content\/uploads\/2024\/07\/Berlin_RKI_building_Nordufer_asv2021-03_img1_800x450.jpg?fit=800%2C450&ssl=1&resize=525%2C300 1.5x, https:\/\/i0.wp.com\/www.freidenker.org\/fw17\/wp-content\/uploads\/2024\/07\/Berlin_RKI_building_Nordufer_asv2021-03_img1_800x450.jpg?fit=800%2C450&ssl=1&resize=700%2C400 2x"},"classes":[]},{"id":20161,"url":"https:\/\/www.freidenker.org\/?p=20161","url_meta":{"origin":10504,"position":2},"title":"Eckart von Hirschhausen und Lauterbach drohen mit &#8222;Corona-Aufarbeitung&#8220;","author":"Webredaktion","date":"30. Oktober 2024","format":false,"excerpt":"Beitrag von Bernhard Loyen Die Ampelkoalition wird sich aufgrund \"unterschiedlicher Auffassungen\" in dieser Legislaturperiode nicht mehr mit dem Thema \"Aufarbeitung der Corona-Pandemie\" besch\u00e4ftigen. Ein seitens SPD und Gr\u00fcnen pr\u00e4ferierter \"B\u00fcrgerrat\" sei bis zur Bundestagswahl 2025 nicht realisierbar, so das\u00a0RT-Update\u00a0vom 11. Oktober zum Thema der konsequenten Verweigerungshaltung verantwortlicher Protagonisten dreier dunkler\u2026","rel":"","context":"In &quot;Demokratie \u2013 Medien \u2013 Aufkl\u00e4rung&quot;","block_context":{"text":"Demokratie \u2013 Medien \u2013 Aufkl\u00e4rung","link":"https:\/\/www.freidenker.org\/?cat=12"},"img":{"alt_text":"","src":"https:\/\/i0.wp.com\/www.freidenker.org\/fw17\/wp-content\/uploads\/2024\/10\/Health_for_Future_IMG_0265_50174308517_800x450.jpg?fit=800%2C450&ssl=1&resize=350%2C200","width":350,"height":200,"srcset":"https:\/\/i0.wp.com\/www.freidenker.org\/fw17\/wp-content\/uploads\/2024\/10\/Health_for_Future_IMG_0265_50174308517_800x450.jpg?fit=800%2C450&ssl=1&resize=350%2C200 1x, https:\/\/i0.wp.com\/www.freidenker.org\/fw17\/wp-content\/uploads\/2024\/10\/Health_for_Future_IMG_0265_50174308517_800x450.jpg?fit=800%2C450&ssl=1&resize=525%2C300 1.5x, https:\/\/i0.wp.com\/www.freidenker.org\/fw17\/wp-content\/uploads\/2024\/10\/Health_for_Future_IMG_0265_50174308517_800x450.jpg?fit=800%2C450&ssl=1&resize=700%2C400 2x"},"classes":[]},{"id":11553,"url":"https:\/\/www.freidenker.org\/?p=11553","url_meta":{"origin":10504,"position":3},"title":"Umfrage ergibt: Impfstrategie der Regierung gescheitert","author":"Webredaktion","date":"31. Oktober 2021","format":false,"excerpt":"Beitrag von Dagmar Henn Mit unz\u00e4hligen Methoden hat die Bundesregierung in den letzten Monaten versucht, die bisher ungeimpften B\u00fcrger zum Impfen zu bewegen. Das beginnt mit best\u00e4ndigen Vorhaltungen in den Medien, die von \"faul\" \u00fcber \"unsolidarisch\" bis \"gef\u00e4hrlich\" reichten, und setzt sich fort \u00fcber zunehmend diskriminierende Ma\u00dfnahmen wie 2G-Regeln, Lohnentzug\u2026","rel":"","context":"In &quot;Arbeit &amp; Soziales&quot;","block_context":{"text":"Arbeit &amp; Soziales","link":"https:\/\/www.freidenker.org\/?cat=11"},"img":{"alt_text":"","src":"https:\/\/i0.wp.com\/www.freidenker.org\/fw17\/wp-content\/uploads\/2021\/10\/vaccination-center-5950693_800x450_v2.jpg?fit=800%2C450&ssl=1&resize=350%2C200","width":350,"height":200,"srcset":"https:\/\/i0.wp.com\/www.freidenker.org\/fw17\/wp-content\/uploads\/2021\/10\/vaccination-center-5950693_800x450_v2.jpg?fit=800%2C450&ssl=1&resize=350%2C200 1x, https:\/\/i0.wp.com\/www.freidenker.org\/fw17\/wp-content\/uploads\/2021\/10\/vaccination-center-5950693_800x450_v2.jpg?fit=800%2C450&ssl=1&resize=525%2C300 1.5x, https:\/\/i0.wp.com\/www.freidenker.org\/fw17\/wp-content\/uploads\/2021\/10\/vaccination-center-5950693_800x450_v2.jpg?fit=800%2C450&ssl=1&resize=700%2C400 2x"},"classes":[]},{"id":23744,"url":"https:\/\/www.freidenker.org\/?p=23744","url_meta":{"origin":10504,"position":4},"title":"Deutschlands fehlende Kinderliebe und die Fertigmenschen","author":"Webredaktion","date":"8. Dezember 2025","format":false,"excerpt":"Beitrag von Dagmar Henn Wenn jetzt \u00fcber Einschnitte beim B\u00fcrgergeld gesprochen wird, wird dabei immer das Bild von Migranten mit aufgerufen, ob Syrer oder Ukrainer; und weil die Zahl der Menschen, die dank der Migrationspolitik von Bundesregierung und EU uneingeladen in Deutschland leben, enorm ist, verschwinden die einheimischen Armen ganz\u2026","rel":"","context":"In &quot;Arbeit &amp; Soziales&quot;","block_context":{"text":"Arbeit &amp; Soziales","link":"https:\/\/www.freidenker.org\/?cat=11"},"img":{"alt_text":"","src":"https:\/\/i0.wp.com\/www.freidenker.org\/fw17\/wp-content\/uploads\/2025\/12\/Henn_KInderliebe_und_Fertigmenschen_800x450.jpg?fit=800%2C450&ssl=1&resize=350%2C200","width":350,"height":200,"srcset":"https:\/\/i0.wp.com\/www.freidenker.org\/fw17\/wp-content\/uploads\/2025\/12\/Henn_KInderliebe_und_Fertigmenschen_800x450.jpg?fit=800%2C450&ssl=1&resize=350%2C200 1x, https:\/\/i0.wp.com\/www.freidenker.org\/fw17\/wp-content\/uploads\/2025\/12\/Henn_KInderliebe_und_Fertigmenschen_800x450.jpg?fit=800%2C450&ssl=1&resize=525%2C300 1.5x, https:\/\/i0.wp.com\/www.freidenker.org\/fw17\/wp-content\/uploads\/2025\/12\/Henn_KInderliebe_und_Fertigmenschen_800x450.jpg?fit=800%2C450&ssl=1&resize=700%2C400 2x"},"classes":[]},{"id":11627,"url":"https:\/\/www.freidenker.org\/?p=11627","url_meta":{"origin":10504,"position":5},"title":"Tyrannei? Muss man woanders suchen: Eine Erwiderung auf Montgomery","author":"Webredaktion","date":"15. November 2021","format":false,"excerpt":"Beitrag von Dagmar Henn Lieber Herr Montgomery, zuerst: Es ist mir ganz recht, Ihnen zu schreiben und Ihnen nicht pers\u00f6nlich gegen\u00fcberzustehen; das erspart es mir, in Ihrer Kleidung nach dem Dolch zu suchen. Schlie\u00dflich haben Sie mich, wie Millionen andere, j\u00fcngst zum Tyrannen erkl\u00e4rt. Es ist mir nat\u00fcrlich klar, dass\u2026","rel":"","context":"In &quot;Demokratie \u2013 Medien \u2013 Aufkl\u00e4rung&quot;","block_context":{"text":"Demokratie \u2013 Medien \u2013 Aufkl\u00e4rung","link":"https:\/\/www.freidenker.org\/?cat=12"},"img":{"alt_text":"","src":"https:\/\/i0.wp.com\/www.freidenker.org\/fw17\/wp-content\/uploads\/2021\/11\/Montgomery_800x450.jpg?fit=800%2C450&ssl=1&resize=350%2C200","width":350,"height":200,"srcset":"https:\/\/i0.wp.com\/www.freidenker.org\/fw17\/wp-content\/uploads\/2021\/11\/Montgomery_800x450.jpg?fit=800%2C450&ssl=1&resize=350%2C200 1x, https:\/\/i0.wp.com\/www.freidenker.org\/fw17\/wp-content\/uploads\/2021\/11\/Montgomery_800x450.jpg?fit=800%2C450&ssl=1&resize=525%2C300 1.5x, https:\/\/i0.wp.com\/www.freidenker.org\/fw17\/wp-content\/uploads\/2021\/11\/Montgomery_800x450.jpg?fit=800%2C450&ssl=1&resize=700%2C400 2x"},"classes":[]}],"_links":{"self":[{"href":"https:\/\/www.freidenker.org\/index.php?rest_route=\/wp\/v2\/posts\/10504","targetHints":{"allow":["GET"]}}],"collection":[{"href":"https:\/\/www.freidenker.org\/index.php?rest_route=\/wp\/v2\/posts"}],"about":[{"href":"https:\/\/www.freidenker.org\/index.php?rest_route=\/wp\/v2\/types\/post"}],"author":[{"embeddable":true,"href":"https:\/\/www.freidenker.org\/index.php?rest_route=\/wp\/v2\/users\/3"}],"replies":[{"embeddable":true,"href":"https:\/\/www.freidenker.org\/index.php?rest_route=%2Fwp%2Fv2%2Fcomments&post=10504"}],"version-history":[{"count":0,"href":"https:\/\/www.freidenker.org\/index.php?rest_route=\/wp\/v2\/posts\/10504\/revisions"}],"wp:featuredmedia":[{"embeddable":true,"href":"https:\/\/www.freidenker.org\/index.php?rest_route=\/wp\/v2\/media\/10506"}],"wp:attachment":[{"href":"https:\/\/www.freidenker.org\/index.php?rest_route=%2Fwp%2Fv2%2Fmedia&parent=10504"}],"wp:term":[{"taxonomy":"category","embeddable":true,"href":"https:\/\/www.freidenker.org\/index.php?rest_route=%2Fwp%2Fv2%2Fcategories&post=10504"},{"taxonomy":"post_tag","embeddable":true,"href":"https:\/\/www.freidenker.org\/index.php?rest_route=%2Fwp%2Fv2%2Ftags&post=10504"}],"curies":[{"name":"wp","href":"https:\/\/api.w.org\/{rel}","templated":true}]}}