{"id":10426,"date":"2021-05-26T00:53:20","date_gmt":"2021-05-25T22:53:20","guid":{"rendered":"https:\/\/www.freidenker.org\/?p=10426"},"modified":"2021-06-24T02:29:07","modified_gmt":"2021-06-24T00:29:07","slug":"wir-trauern-um-dr-werner-seppmann","status":"publish","type":"post","link":"https:\/\/www.freidenker.org\/?p=10426","title":{"rendered":"Wir trauern um Dr. Werner Seppmann"},"content":{"rendered":"<div style=\"border: 3pt solid; padding: 20pt; text-align: center;\">\n<p style=\"text-align: center;\"><span style=\"font-size: 14pt;\">Wir trauern um unseren Genossen<\/span><\/p>\n<p style=\"text-align: center;\"><span style=\"font-size: 18pt;\"><strong>Dr. Werner Seppmann<\/strong><\/span><\/p>\n<p style=\"text-align: center;\"><span style=\"font-size: 14pt;\">17. August 1950 &#8211; 12. Mai 2021<\/span><\/p>\n<p>Mit Werner verliert die Linke in Deutschland einen bedeutenden marxistischen Philosophen und Soziologen, der Deutsche Freidenker-Verband verliert ein profiliertes Mitglied seines Beirats.<\/p>\n<p>Sein Schaffen folgte dem Ziel, die Marx\u2019sche Lehre als Instrument der gesellschaftlichen Erkenntnis, der Kapitalismuskritik und der sozialistischen Perspektive lebendig zu halten und als Instrument gegen die Unterwerfung unter sp\u00e4tkapitalistische Herrschaftsinteressen zu sch\u00e4rfen. Dabei war er dem Dogmatismus ebenso abhold wie dem Revisionismus und mahnte, die Werke der Klassiker nicht als Zitatenschatz zu behandeln. Als Waffe f\u00fcr Gesellschaftsver\u00e4nderung ben\u00f6tigt ein zukunftsf\u00e4higer Marxismus-Leninismus neben der philosophischen Fundierung st\u00e4ndig die Integration neuer empirischer Erkenntnisse.<\/p>\n<p>Die postmoderne Zerst\u00f6rung von Wissenschaft und Vernunft bewirkt asoziale Individualisierung, fragmentierte Identit\u00e4ten, zivilisatorische und sozio-kulturelle Regressionstendenzen, f\u00f6rdert ein verzerrtes Denken und eine von Entfremdung gepr\u00e4gte gesellschaftliche Praxis, gegen die eigenen und die Interessen der Bev\u00f6lkerungsmehrheit zu handeln. Eine politische Praxis im Interesse der Mehrheit braucht die begr\u00fcndete Erkenntnis, dass die Arbeiterklasse durch alle Strukturwandel hindurch das revolution\u00e4re Subjekt bleibt, ben\u00f6tigt ein reflektiertes Wissen \u00fcber den Charakter des gegenw\u00e4rtigen Kapitalismus und seine Entwicklungstendenzen sowie eine Strategie gegen Desorientierung, Anpassung und Unterwerfung.<\/p>\n<p>Die Weltanschauungsgemeinschaft der Freidenker wird die Erkenntnisse von Werner Seppmann weiterverbreiten und versuchen, sie praxiswirksam zu machen.<\/p>\n<p style=\"text-align: center;\"><strong><span style=\"font-size: 14pt;\">Deutscher Freidenker Verband<\/span><\/strong><\/p>\n<p style=\"text-align: center;\"><span style=\"font-size: 14pt;\">Verbandsvorstand\u00a0 \u00a0 \u00a0 \u00a0 \u00a0 \u00a0Landesvorstand Nordrhein-Westfalen<\/span><\/p>\n<\/div>\n<p>&nbsp;<\/p>\n<figure id=\"attachment_10481\" aria-describedby=\"caption-attachment-10481\" style=\"width: 800px\" class=\"wp-caption aligncenter\"><img data-recalc-dims=\"1\" loading=\"lazy\" decoding=\"async\" data-attachment-id=\"10481\" data-permalink=\"https:\/\/www.freidenker.org\/?attachment_id=10481\" data-orig-file=\"https:\/\/i0.wp.com\/www.freidenker.org\/fw17\/wp-content\/uploads\/2021\/05\/werner_seppmann_konferenz_800x450.jpg?fit=800%2C450&amp;ssl=1\" data-orig-size=\"800,450\" data-comments-opened=\"0\" data-image-meta=\"{&quot;aperture&quot;:&quot;0&quot;,&quot;credit&quot;:&quot;&quot;,&quot;camera&quot;:&quot;&quot;,&quot;caption&quot;:&quot;&quot;,&quot;created_timestamp&quot;:&quot;0&quot;,&quot;copyright&quot;:&quot;&quot;,&quot;focal_length&quot;:&quot;0&quot;,&quot;iso&quot;:&quot;0&quot;,&quot;shutter_speed&quot;:&quot;0&quot;,&quot;title&quot;:&quot;&quot;,&quot;orientation&quot;:&quot;1&quot;}\" data-image-title=\"werner_seppmann_konferenz_800x450\" data-image-description=\"\" data-image-caption=\"\" data-large-file=\"https:\/\/i0.wp.com\/www.freidenker.org\/fw17\/wp-content\/uploads\/2021\/05\/werner_seppmann_konferenz_800x450.jpg?fit=800%2C450&amp;ssl=1\" class=\"wp-image-10481 size-full\" src=\"https:\/\/i0.wp.com\/www.freidenker.org\/fw17\/wp-content\/uploads\/2021\/05\/werner_seppmann_konferenz_800x450.jpg?resize=800%2C450&#038;ssl=1\" alt=\"\" width=\"800\" height=\"450\" srcset=\"https:\/\/i0.wp.com\/www.freidenker.org\/fw17\/wp-content\/uploads\/2021\/05\/werner_seppmann_konferenz_800x450.jpg?w=800&amp;ssl=1 800w, https:\/\/i0.wp.com\/www.freidenker.org\/fw17\/wp-content\/uploads\/2021\/05\/werner_seppmann_konferenz_800x450.jpg?resize=300%2C169&amp;ssl=1 300w, https:\/\/i0.wp.com\/www.freidenker.org\/fw17\/wp-content\/uploads\/2021\/05\/werner_seppmann_konferenz_800x450.jpg?resize=768%2C432&amp;ssl=1 768w\" sizes=\"auto, (max-width: 800px) 100vw, 800px\" \/><figcaption id=\"caption-attachment-10481\" class=\"wp-caption-text\"><span style=\"font-size: 10pt;\">Dr. Werner Seppmann auf der Wissenschaftlichen Konferenz des Deutschen Freidenker-Verbandes &#8222;Individuum und Gesellschaft &#8211; Menschenbild und Pers\u00f6nlichkeitstheorie im Marxismus&#8220; am 28. April 2018 in Hannover<\/span><\/figcaption><\/figure>\n<p><span style=\"font-size: 10pt;\">Foto oben: <a href=\"https:\/\/mangroven-verlag.de\/werner-seppmann\/\" target=\"_blank\" rel=\"noopener\">Mangroven Verlag<\/a><\/span><\/p>\n","protected":false},"excerpt":{"rendered":"<p>Mit Werner verliert die Linke in Deutschland einen bedeutenden marxistischen Philosophen und Soziologen, der Deutsche Freidenker-Verband verliert ein profiliertes Mitglied seines Beirats.<br \/>\nSein Schaffen folgte dem Ziel, die Marx\u2019sche Lehre als Instrument der gesellschaftlichen Erkenntnis, der Kapitalismuskritik und der sozialistischen Perspektive lebendig zu halten und als Instrument gegen die Unterwerfung unter sp\u00e4tkapitalistische Herrschaftsinteressen zu sch\u00e4rfen. Dabei war er dem Dogmatismus ebenso abhold wie dem Revisionismus und mahnte, die Werke der Klassiker nicht als Zitatenschatz zu behandeln. Als Waffe f\u00fcr Gesellschaftsver\u00e4nderung ben\u00f6tigt ein zukunftsf\u00e4higer Marxismus-Leninismus neben der philosophischen Fundierung st\u00e4ndig die Integration neuer empirischer Erkenntnisse.<\/p>\n","protected":false},"author":3,"featured_media":10432,"comment_status":"closed","ping_status":"closed","sticky":false,"template":"","format":"standard","meta":{"colormag_page_container_layout":"default_layout","colormag_page_sidebar_layout":"default_layout","advanced_seo_description":"","jetpack_seo_html_title":"","jetpack_seo_noindex":false,"jetpack_post_was_ever_published":false,"footnotes":""},"categories":[16,17],"tags":[1363,1034,700,495,25,22],"class_list":["post-10426","post","type-post","status-publish","format-standard","has-post-thumbnail","hentry","category-weltanschauung-philosophie","category-weltliche-trauerkultur","tag-lv-nrw","tag-marxismus","tag-nachruf","tag-philosophie","tag-trauer","tag-weltliche-trauerkultur"],"jetpack_featured_media_url":"https:\/\/i0.wp.com\/www.freidenker.org\/fw17\/wp-content\/uploads\/2021\/05\/werner_seppmann_mangroven_800x450.jpg?fit=800%2C450&ssl=1","jetpack_shortlink":"https:\/\/wp.me\/p9stpK-2Ia","jetpack-related-posts":[{"id":9497,"url":"https:\/\/www.freidenker.org\/?p=9497","url_meta":{"origin":10426,"position":0},"title":"Wir trauern um Andr\u00e9 M\u00fcller sen.","author":"Webredaktion","date":"5. Februar 2021","format":false,"excerpt":"Nachruf auf Andr\u00e9 M\u00fcller sen. Andr\u00e9, geboren in einer kommunistischen Arbeiterfamilie und mit b\u00fcrgerlichem Namen Willi Fetz, erlernte das Tischlerhandwerk, bevor er Dichter, Theaterkritiker und Kulturredakteur wurde und sich als Autor von Erz\u00e4hlungen, Romanen, Kinderb\u00fcchern, Anekdoten, Satiren und B\u00fchnenst\u00fccken sowie als Dramaturgie-Dozent einen Namen machte. Zu seinen bedeutendsten Leistungen geh\u00f6rt\u2026","rel":"","context":"In &quot;Weltliche Trauerkultur&quot;","block_context":{"text":"Weltliche Trauerkultur","link":"https:\/\/www.freidenker.org\/?cat=17"},"img":{"alt_text":"","src":"https:\/\/i0.wp.com\/www.freidenker.org\/fw17\/wp-content\/uploads\/2021\/02\/andre_mueller_v2_800x450.jpg?fit=800%2C450&ssl=1&resize=350%2C200","width":350,"height":200,"srcset":"https:\/\/i0.wp.com\/www.freidenker.org\/fw17\/wp-content\/uploads\/2021\/02\/andre_mueller_v2_800x450.jpg?fit=800%2C450&ssl=1&resize=350%2C200 1x, https:\/\/i0.wp.com\/www.freidenker.org\/fw17\/wp-content\/uploads\/2021\/02\/andre_mueller_v2_800x450.jpg?fit=800%2C450&ssl=1&resize=525%2C300 1.5x, https:\/\/i0.wp.com\/www.freidenker.org\/fw17\/wp-content\/uploads\/2021\/02\/andre_mueller_v2_800x450.jpg?fit=800%2C450&ssl=1&resize=700%2C400 2x"},"classes":[]},{"id":22382,"url":"https:\/\/www.freidenker.org\/?p=22382","url_meta":{"origin":10426,"position":1},"title":"Wir trauern um Prof. Dr. Erich Hahn","author":"Webredaktion","date":"14. Juli 2025","format":false,"excerpt":"Wir trauern um unseren Freund und Genossen Prof. Dr. Erich Hahn, 5. M\u00e4rz 1930 - 24. Juni 2025 Erich war Mitglied des Zentralkomitees der Sozialistischen Einheitspartei Deutschlands und Nationalpreistr\u00e4ger der DDR, er leitete an der Akademie f\u00fcr Gesellschaftswissenschaften beim ZK der SED das Institut f\u00fcr Marxistisch-Leninistische Philosophie und war Vorsitzender\u2026","rel":"","context":"In &quot;Weltliche Trauerkultur&quot;","block_context":{"text":"Weltliche Trauerkultur","link":"https:\/\/www.freidenker.org\/?cat=17"},"img":{"alt_text":"","src":"https:\/\/i0.wp.com\/www.freidenker.org\/fw17\/wp-content\/uploads\/2025\/07\/Erich_Hahn_Berlin_2007_v2_800x445_mR.jpg?fit=800%2C445&ssl=1&resize=350%2C200","width":350,"height":200,"srcset":"https:\/\/i0.wp.com\/www.freidenker.org\/fw17\/wp-content\/uploads\/2025\/07\/Erich_Hahn_Berlin_2007_v2_800x445_mR.jpg?fit=800%2C445&ssl=1&resize=350%2C200 1x, https:\/\/i0.wp.com\/www.freidenker.org\/fw17\/wp-content\/uploads\/2025\/07\/Erich_Hahn_Berlin_2007_v2_800x445_mR.jpg?fit=800%2C445&ssl=1&resize=525%2C300 1.5x, https:\/\/i0.wp.com\/www.freidenker.org\/fw17\/wp-content\/uploads\/2025\/07\/Erich_Hahn_Berlin_2007_v2_800x445_mR.jpg?fit=800%2C445&ssl=1&resize=700%2C400 2x"},"classes":[]},{"id":4654,"url":"https:\/\/www.freidenker.org\/?p=4654","url_meta":{"origin":10426,"position":2},"title":"15.03.2018 &#8211; Kritik des Computers, Autorenlesung mit Werner Seppmann","author":"Webredaktion","date":"27. Februar 2018","format":false,"excerpt":"Der Deutsche Freidenker-Verband e.V. Quedlinburg und der Rosa-Luxemburg-Club Harz laden am 15.3.2018 um 20:00 Uhr zu einer Autorenlesung mit Werner Seppmann zu seinem Buch \"Kritik des Computers\" aus dem Angroven-Verlag ein.","rel":"","context":"In &quot;Veranstaltungen in den DFV-Landesverb\u00e4nden&quot;","block_context":{"text":"Veranstaltungen in den DFV-Landesverb\u00e4nden","link":"https:\/\/www.freidenker.org\/?cat=19"},"img":{"alt_text":"","src":"https:\/\/i0.wp.com\/www.freidenker.org\/fw17\/wp-content\/uploads\/2018\/02\/buecherfruehling.jpg?fit=800%2C445&ssl=1&resize=350%2C200","width":350,"height":200,"srcset":"https:\/\/i0.wp.com\/www.freidenker.org\/fw17\/wp-content\/uploads\/2018\/02\/buecherfruehling.jpg?fit=800%2C445&ssl=1&resize=350%2C200 1x, https:\/\/i0.wp.com\/www.freidenker.org\/fw17\/wp-content\/uploads\/2018\/02\/buecherfruehling.jpg?fit=800%2C445&ssl=1&resize=525%2C300 1.5x, https:\/\/i0.wp.com\/www.freidenker.org\/fw17\/wp-content\/uploads\/2018\/02\/buecherfruehling.jpg?fit=800%2C445&ssl=1&resize=700%2C400 2x"},"classes":[]},{"id":3292,"url":"https:\/\/www.freidenker.org\/?p=3292","url_meta":{"origin":10426,"position":3},"title":"Ehrendes Gedenken: Prof. Dr. Hans-G\u00fcnter Eschke","author":"Webredaktion","date":"28. November 2007","format":false,"excerpt":"Nachrufe des Bundesvorsitzenden und der DFV-Ortsgruppe Jena auf Hans-G\u00fcnter Eschke Mit Hans-G\u00fcnter Eschke verliert der Deutsche Freidenker-Verband einen sehr verdienstvollen Freund und Genossen, einen Mitstreiter, der seine ganze Pers\u00f6nlichkeit in den Kampf um Aufkl\u00e4rung und Humanismus, gegen Irrationalismus und Volksverdummung einbrachte. Als Professor f\u00fcr Philosophie und anerkannter Hochschullehrer an der\u2026","rel":"","context":"In &quot;Weltliche Trauerkultur&quot;","block_context":{"text":"Weltliche Trauerkultur","link":"https:\/\/www.freidenker.org\/?cat=17"},"img":{"alt_text":"","src":"https:\/\/i0.wp.com\/www.freidenker.org\/fw17\/wp-content\/uploads\/2007\/11\/sunset-473604_800x445.jpg?fit=800%2C445&ssl=1&resize=350%2C200","width":350,"height":200,"srcset":"https:\/\/i0.wp.com\/www.freidenker.org\/fw17\/wp-content\/uploads\/2007\/11\/sunset-473604_800x445.jpg?fit=800%2C445&ssl=1&resize=350%2C200 1x, https:\/\/i0.wp.com\/www.freidenker.org\/fw17\/wp-content\/uploads\/2007\/11\/sunset-473604_800x445.jpg?fit=800%2C445&ssl=1&resize=525%2C300 1.5x, https:\/\/i0.wp.com\/www.freidenker.org\/fw17\/wp-content\/uploads\/2007\/11\/sunset-473604_800x445.jpg?fit=800%2C445&ssl=1&resize=700%2C400 2x"},"classes":[]},{"id":6231,"url":"https:\/\/www.freidenker.org\/?p=6231","url_meta":{"origin":10426,"position":4},"title":"Wir trauern um Horst Schild","author":"Webredaktion","date":"16. April 2019","format":false,"excerpt":"Wir trauern um Dr. phil. habil. Horst Schild (7. Dezember 1940 \u2013 7. April 2019) Horst war Gr\u00fcndungsmitglied des Verbandes der Freidenker der DDR und gestaltete die beim Verbandstag 1991 in Braunschweig vollzogene Vereinigung zu einem gemeinsamen Deutschen Freidenker-Verband aktiv mit. Seitdem war er ununterbrochen f\u00fcr die Freidenker in Dresden\u2026","rel":"","context":"In &quot;Weltliche Trauerkultur&quot;","block_context":{"text":"Weltliche Trauerkultur","link":"https:\/\/www.freidenker.org\/?cat=17"},"img":{"alt_text":"","src":"https:\/\/i0.wp.com\/www.freidenker.org\/fw17\/wp-content\/uploads\/2019\/04\/horst_schild_nachruf_800x445.jpg?fit=800%2C445&ssl=1&resize=350%2C200","width":350,"height":200,"srcset":"https:\/\/i0.wp.com\/www.freidenker.org\/fw17\/wp-content\/uploads\/2019\/04\/horst_schild_nachruf_800x445.jpg?fit=800%2C445&ssl=1&resize=350%2C200 1x, https:\/\/i0.wp.com\/www.freidenker.org\/fw17\/wp-content\/uploads\/2019\/04\/horst_schild_nachruf_800x445.jpg?fit=800%2C445&ssl=1&resize=525%2C300 1.5x, https:\/\/i0.wp.com\/www.freidenker.org\/fw17\/wp-content\/uploads\/2019\/04\/horst_schild_nachruf_800x445.jpg?fit=800%2C445&ssl=1&resize=700%2C400 2x"},"classes":[]},{"id":4953,"url":"https:\/\/www.freidenker.org\/?p=4953","url_meta":{"origin":10426,"position":5},"title":"Unser Jan ist tot","author":"Webredaktion","date":"28. Dezember 2017","format":false,"excerpt":"Kurz vor Weihnachten erreichte uns die Nachricht, dass unser Freidenkergenosse Dr. Dr. Jan Bretschneider am 21. Dezember 2017 nach schwerer, unheilbarer Krankheit in Weimar verstorben ist. Der Tod Jans rei\u00dft eine nur schwer zu schlie\u00dfende L\u00fccke in die Reihen unseres Landesverbandes und des Ortsverbandes Erfurt, dem er seit vielen Jahren\u2026","rel":"","context":"In &quot;Weltliche Trauerkultur&quot;","block_context":{"text":"Weltliche Trauerkultur","link":"https:\/\/www.freidenker.org\/?cat=17"},"img":{"alt_text":"","src":"https:\/\/i0.wp.com\/www.freidenker.org\/fw17\/wp-content\/uploads\/2018\/04\/sunrise-3278333_800x445.jpg?fit=800%2C445&ssl=1&resize=350%2C200","width":350,"height":200,"srcset":"https:\/\/i0.wp.com\/www.freidenker.org\/fw17\/wp-content\/uploads\/2018\/04\/sunrise-3278333_800x445.jpg?fit=800%2C445&ssl=1&resize=350%2C200 1x, https:\/\/i0.wp.com\/www.freidenker.org\/fw17\/wp-content\/uploads\/2018\/04\/sunrise-3278333_800x445.jpg?fit=800%2C445&ssl=1&resize=525%2C300 1.5x, https:\/\/i0.wp.com\/www.freidenker.org\/fw17\/wp-content\/uploads\/2018\/04\/sunrise-3278333_800x445.jpg?fit=800%2C445&ssl=1&resize=700%2C400 2x"},"classes":[]}],"_links":{"self":[{"href":"https:\/\/www.freidenker.org\/index.php?rest_route=\/wp\/v2\/posts\/10426","targetHints":{"allow":["GET"]}}],"collection":[{"href":"https:\/\/www.freidenker.org\/index.php?rest_route=\/wp\/v2\/posts"}],"about":[{"href":"https:\/\/www.freidenker.org\/index.php?rest_route=\/wp\/v2\/types\/post"}],"author":[{"embeddable":true,"href":"https:\/\/www.freidenker.org\/index.php?rest_route=\/wp\/v2\/users\/3"}],"replies":[{"embeddable":true,"href":"https:\/\/www.freidenker.org\/index.php?rest_route=%2Fwp%2Fv2%2Fcomments&post=10426"}],"version-history":[{"count":0,"href":"https:\/\/www.freidenker.org\/index.php?rest_route=\/wp\/v2\/posts\/10426\/revisions"}],"wp:featuredmedia":[{"embeddable":true,"href":"https:\/\/www.freidenker.org\/index.php?rest_route=\/wp\/v2\/media\/10432"}],"wp:attachment":[{"href":"https:\/\/www.freidenker.org\/index.php?rest_route=%2Fwp%2Fv2%2Fmedia&parent=10426"}],"wp:term":[{"taxonomy":"category","embeddable":true,"href":"https:\/\/www.freidenker.org\/index.php?rest_route=%2Fwp%2Fv2%2Fcategories&post=10426"},{"taxonomy":"post_tag","embeddable":true,"href":"https:\/\/www.freidenker.org\/index.php?rest_route=%2Fwp%2Fv2%2Ftags&post=10426"}],"curies":[{"name":"wp","href":"https:\/\/api.w.org\/{rel}","templated":true}]}}