{"id":10366,"date":"2021-05-25T03:12:55","date_gmt":"2021-05-25T01:12:55","guid":{"rendered":"https:\/\/www.freidenker.org\/?p=10366"},"modified":"2021-06-24T02:29:31","modified_gmt":"2021-06-24T00:29:31","slug":"stoppt-den-krieg-und-die-vertreibung-bestraft-kriegsverbrecher","status":"publish","type":"post","link":"https:\/\/www.freidenker.org\/?p=10366","title":{"rendered":"Stoppt den Krieg und die Vertreibung, bestraft Kriegsverbrecher!"},"content":{"rendered":"<p>Das Aktionsb\u00fcndnis &#8222;<a href=\"https:\/\/www.palaestinaspricht.de\/aktivitaeten\/ongoingnakba\" target=\"_blank\" rel=\"noopener\">Pal\u00e4stina spricht<\/a>&#8220; hatte zum 15.05.2020 zu deutschlandweiten Demonstrationen unter dem Motto &#8222;Ongoing Nakba Action Days&#8220; aufgerufen, die in Berlin, K\u00f6ln, Stuttgart, Frankfurt a.M., Freiburg, Hamburg und Kassel statttfanden.<\/p>\n<p>Im <a href=\"https:\/\/www.palaestinaspricht.de\/aktivitaeten\/ongoingnakba\" target=\"_blank\" rel=\"noopener\">Aufruf<\/a> dazu hie\u00df es:<\/p>\n<p style=\"padding-left: 40px;\"><em>Am 15.05. begehen wir Pal\u00e4stinenser*innen auf der ganzen Welt den &#8222;Tag der Nakba&#8220;. Es ist ein wichtiger Tag f\u00fcr alle Pal\u00e4stinenser*innen und ihre Communities weltweit, da wir uns an diesem Tag an das erinnern wollen, was unsere Vorfahren 1948 erlitten haben und mit welchen Konsequenzen wir, ihre Nachfahren, leben m\u00fcssen: Im Jahr 1948, im Zuge der Gr\u00fcndung des zionistischen Staats, zogen zionistische israelische Milizen durch Pal\u00e4stina: Hunderte Pal\u00e4stinenser*innen wurden ermordet und ca. 700 000 vertrieben. Mehr als 600 pal\u00e4stinensische D\u00f6rfer wurden zerst\u00f6rt und entv\u00f6lkert. Diese Katastrophe, die wir \u201ean-nakba\u201c nennen, ist der Beginn unserer andauernden Unterdr\u00fcckung, Vertreibung und ethnischen S\u00e4uberung durch den Staat Israel, welcher ein direktes Erbe der brutalen britischen Kolonialherrschaft ist.<\/em><\/p>\n<p style=\"padding-left: 40px;\"><em>Wir wollen betonen, dass die historische Katastrophe Pal\u00e4stinas nicht abgeschlossen ist, sondern t\u00e4glich weiterhin andauert. Wir leben bis heute in Fl\u00fcchtlingslagern, werden aus unseren H\u00e4usern vertrieben wie z.B. derzeit in Sheikh Jarrah, oder leiden tagt\u00e4glich im weltgr\u00f6\u00dften Freiluftgef\u00e4ngnis (Gaza). Wir werden in der Westbank eingesperrt, verhaftet und im &#8222;offiziellen&#8220; israelischen Staatsgebiet werden wir als B\u00fcrger dritter Klasse behandelt. In der Diaspora wird uns das Erinnern genommen.<\/em><\/p>\n<p style=\"padding-left: 40px;\"><em>Ab dem 15.05.2021 wollen wir, als Pal\u00e4stinenser*innen die in Deutschland leben, bewusst an unsere Vorfahren denken und unsere Mitmenschen aufkl\u00e4ren, um mit uns f\u00fcr ein freies Pal\u00e4stina f\u00fcr uns und unsere Nachfahren zu k\u00e4mpfen. F\u00fcr ein freies Pal\u00e4stina, vom Jordan bis zum Mittelmeer. Es ist ein Kampf f\u00fcr die Freiheit unserer pal\u00e4stinensischen Gefangenen in den Gef\u00e4ngnissen der Besatzung. Ein Kampf, der den pal\u00e4stinensischen Kindern eine normale Kindheit erm\u00f6glichen soll, ein Kampf f\u00fcr freie Menschen in diesem Land und f\u00fcr freie Menschen in allen L\u00e4ndern dieser Welt.<\/em><\/p>\n<p>Dem Aufruf waren Tausende Menschen gefolgt, darunter viele Freidenker. Wir dokumentieren hier die Rede von Annette Groth, ehem. MdB und Mitglied des Beirates des Freidenker-Verbandes auf der Veranstaltung in Stuttgart und ver\u00f6ffentlichen Fotos der Demonstration in Berlin.<\/p>\n<p>Neben den Demonstrationen von &#8222;Pal\u00e4stina spricht&#8220; fanden in vielen anderen St\u00e4dten weitere Veranstaltungen statt, u.a. auch eine Mahnwache in Heidelberg, dort organisiert vom <a href=\"https:\/\/www.friedensbuendnis-heidelberg.de\/\" target=\"_blank\" rel=\"noopener\">Friedensb\u00fcndnis Heidelberg<\/a>. Wir ver\u00f6ffentlichen hier die Rede von Joachim Guilliard, Koordinator des Friedensb\u00fcndnisses sowie eine Fotogalerie von dieser Kundgebung.<\/p>\n<hr \/>\n<h4>Stoppt den Krieg und die Vertreibung, bestraft Kriegsverbrecher!<\/h4>\n<p><em>Rede von <strong>Annette Groth,<\/strong> ehemaliges MdB (Linke), am 15.5. 2021 auf der Mahnwache in Stuttgart, organisiert von \u201ePal\u00e4stina spricht\u201c<\/em><\/p>\n<p>Wir haben heute schon einiges \u00fcber die Nakba geh\u00f6rt, darum m\u00f6chte ich auf die konkrete Situation in Pal\u00e4stina\/ Israel und in Gaza fokussieren.<\/p>\n<p>Letzte Nacht sind in Gaza 2 Frauen und 8 Kinder durch Bomben get\u00f6tet worden, ein S\u00e4ugling hat \u00fcberlebt, insges. sind bislang 132 Menschen allein in Gaza get\u00f6tet worden, darunter 39 Kinder und 22 Frauen, die Zahl der Verwundeten betr\u00e4gt 542, einschlie\u00dflich 158 Kinder und 121 Frauen.<\/p>\n<p>10.000 Menschen in Gaza haben durch Israels Bombardierungen ihre Wohnung verloren, so der Chef des dortigen UN-Pal\u00e4stinenserhilfswerks, Mathias Schmale. In dem Hanadi-Hochhaus, das durch israelische Bomben v\u00f6llig zerst\u00f6rt wurde, haben fast 80 Familien gewohnt, sie sind jetzt auf der Stra\u00dfe.<\/p>\n<p>Deutsche Politiker und Medien sprechen von \u201emilitanten\u201d Pal\u00e4stinensern und der \u201eradikal-islamischen\u201d Hamas und dem Recht auf Selbstverteidigung Israels.<\/p>\n<p>Aber die Ursachen f\u00fcr die Bombardierung Gazas und die kriegerischen Auseinandersetzungen zwischen arabischen und j\u00fcdischen israelischen Staatsangeh\u00f6rigen werden zumeist nicht erw\u00e4hnt. K\u00fcrzlich hat ein israelisches Gericht die Vertreibung pal\u00e4stinensischer Familien in Ost-Jerusalem f\u00fcr rechtm\u00e4\u00dfig erkl\u00e4rt hat, Familien, die seit Jahrzehnten dort leben, sollen vertrieben werden, und rechtsextreme Siedler sollen in diese H\u00e4user einziehen. Ein barbarischer Akt gegen das V\u00f6lkerecht. Denn ein israelisches Gericht hat \u00fcberhaupt keine Befugnis zur Rechtsprechung in Ost Jerusalem, Al-Quds, weil die Besetzung und Aneignung von Al-Quds durch Israel illegal nach Internationalem Recht ist.<\/p>\n<p>Seit dem 4.5.2021 st\u00fcrmt die israelische Milit\u00e4rpolizei immer wieder das Ost-Jerusalemer Viertel Sheikh Jarrah, Proteste werden von der Polizei brutal unterdr\u00fcckt. Die Polizei begann, &#8222;Gummigeschosse&#8220; direkt in die Gesichter der Demonstranten zu schie\u00dfen, wodurch diese ihre Augen verloren. Schlagst\u00f6cke, Stinkwasser, Blendgranaten und berittene Pferde werden eingesetzt. In die Familienh\u00e4user warfen Polizisten zudem immer wieder Tr\u00e4nengaskanister und das haben sie sogar in die AL Aksa Moschee gespr\u00fcht. Das Filmmaterial \u00fcber das brutale Vorgehen in der Al-Aqsa Moschee, die drittheiligste St\u00e4tte des Islams, verbreitete sich in den sozialen Netzwerken und lie\u00df die Proteste eskalieren.<\/p>\n<p>Saleh Higazi von Amnesty International kommentiert: <strong>&#8222;Die j\u00fcngste Gewalttat wirft ein Schlaglicht auf Israels anhaltende Kampagne zum Ausbau illegaler israelischer Siedlungen und zur verst\u00e4rkten Zwangsr\u00e4umung pal\u00e4stinensischer Bewohner &#8211; wie etwa in Sheikh Jarrah -, um Platz f\u00fcr israelische Siedler zu schaffen. Diese Zwangsr\u00e4umungen sind Teil eines fortlaufenden Musters in Sheikh Jarrah, sie verletzen eklatant das V\u00f6lkerrecht und k\u00e4men Kriegsverbrechen gleich.&#8220; \u201eDie von Amnesty International gesammelten Beweise zeigen ein erschreckendes Muster israelischer Streitkr\u00e4fte, die in den letzten Tagen missbr\u00e4uchlich und mutwillig Gewalt gegen weitgehend friedliche pal\u00e4stinensische Demonstranten angewendet haben.\u201c <\/strong>Ein pal\u00e4stinensischer Journalist, der am Ort des Geschehens anwesend war, beschrieb, wie die israelischen Streitkr\u00e4fte randalierten und Geschosse und Tr\u00e4nengas abfeuerten. Er sagte zu Amnesty International: <strong>&#8222;Ich berichte seit 10 Jahren \u00fcber die Ereignisse in Jerusalem&#8230; und ich hatte noch nie in meinem Leben solche Angst. Jeder war ein Ziel, ich m\u00f6chte sagen, dass die Schie\u00dferei zuf\u00e4llig war, aber das w\u00e4re eine L\u00fcge. Sie wussten genau, auf wen und wohin sie ihre Kugeln und Granaten richteten. Die meisten Menschen wurden in den Oberk\u00f6rper (Augen, Gesicht und Brust) getroffen.&#8220; <\/strong><\/p>\n<p>Auch er wurde in den R\u00fccken geschossen &#8211; w\u00e4hrend er seine Kamera hochhielt und versuchte, das Gebiet zu verlassen.<\/p>\n<p>Wie die Situation in Gaza ist, schildert am 14.5. ein Freund, der in Deutschland studiert hat und mit seiner Frau und 3 Kindern in Gaza lebt:<\/p>\n<p style=\"padding-left: 40px;\">\u201eEs gibt keinen Strom, da das einzige Elektrizit\u00e4tswerk fast ausgeschaltet, weil es keine Brennstoffe gibt. Die Brennstoffe kommen aus Israel und die PA bzw. Katar zahlen daf\u00fcr.<\/p>\n<p style=\"padding-left: 40px;\">Es gibt kein Leitungswasser. Und wenn es das mal gibt, dann ist es nur f\u00fcr die Klosp\u00fclung geeignet, sonst nicht. Das Wasser ist sehr versalzen.<\/p>\n<p style=\"padding-left: 40px;\">Es gibt kaum Medikamente in den Krankenh\u00e4usern. Die Patienten m\u00fcssen sie selber kaufen. Wenn es sie denn in den Apotheken geben sollte.<\/p>\n<p style=\"padding-left: 40px;\">Die Intensit\u00e4t der israelischen Luftangriffe ist sehr zu sp\u00fcren. Das Haus wackelt und bebt als w\u00e4ren die Luftangriffe nebenan. \u2026 Ich habe das Gef\u00fchl, dass die israelischen Piloten jeden Einzelnen von uns, auch die Kinder hassen. Ich kann es mir sonst nicht erkl\u00e4ren, wie sie gezielt eine Wohnung bombardieren, obwohl sie sehen, dass da Kinder schlafen (geschlafen haben, denn sie sind jetzt tot).<\/p>\n<p style=\"padding-left: 40px;\">Gestern Nacht waren die Angriffe heftiger, st\u00e4rker, und irgendwie anders. \u2026 Ich dachte, es handle sich um einen USA Action-Film. Es ist aber LEIDER sehr real. Die vierte Nacht infolge ohne Schlaf, weder ich noch die Kinder und ebenso wenig meine Frau. Dann wurden Gift-Gas-Granaten auf unterschiedliche Stadtviertel in Gaza Stadt und im Norden vom Gazastreifen abgeworfen. Uns brannten gestern Nacht die Augen und wir hatten schlimme Atemprobleme. Das ist ein Horrorfilm und wir sind mittendrin. Ohne es zu wollen.<\/p>\n<p style=\"padding-left: 40px;\">Ich hoffe, dass ein Waffenstillstand sofort erreicht werden kann, um das weitere Blutvergie\u00dfen zu stoppen. Aus den Medien, auch aus den deutschen Nachrichten, ist zu h\u00f6ren, dass Israel den von \u00c4gypten konkret vorgeschlagenen Waffenstillstand abgelehnt hat. Der Vorschlag war bestimmt mit Hamas abgestimmt, aber Israel will Gaza weiter bombardieren.\u201c<\/p>\n<p>Ich hoffe sehr, dass er und seine Familie diese fruchtbaren Bombardierungen \u00fcberleben.<\/p>\n<p>Tats\u00e4chlich lehnt Netanjahu Angebote nach Waffenstillstand vonseiten der Hamas bislang ab, was insbesondere innenpolitische Gr\u00fcnde hat. Derzeit sind die Koalitionsverhandlungen zwischen etlichen Parteien unterbrochen, die nach dem Scheitern einer Regierungsbildung unter Netanjahu erforderlich wurden.<\/p>\n<p>Netanjahus Gegner sind bereit, sich von der arabischen Raam-Partei tolerieren zu lassen, nicht nur das: Sie brauchen die arabische Partei, um eine Mehrheit in der Knesset zu haben.<\/p>\n<p>Raam hat aber angek\u00fcndigt, die Koalitionsverhandlungen zu unterbrechen, solange die K\u00e4mpfe andauern. Das ist f\u00fcr Netanjahu eine einmalige Chance, denn er will so lange an der Macht bleiben, bis er ein Gesetz durch die Knesset gebracht hat, das ihm Immunit\u00e4t gew\u00e4hrt. Denn sein Prozess wegen Korruption in drei F\u00e4llen l\u00e4uft. Tachles, das Schweizer J\u00fcdische Wochenmagazi, kommentiert wie folgt: <strong>\u201eEs geht schon lange nicht mehr um das Land. Alles und jeder wird zum Spielball der Interessen des Premiers. Es ist eine verrottete politische Kultur, die sich in Israel breitgemacht hat. \u2026Und wer nicht f\u00fcr Netanyahu ist, ist sowieso ein \u00abFeind\u00bb, auf alle F\u00e4lle ein \u00abLinker\u00bb.<\/strong>\u201c (Tachles, J\u00fcdisches Wochenmagazin vom 12.5. 2021)<\/p>\n<p>Wer Netanjahu unterst\u00fctzt, solidarisiert sich auch mit ultrarechten Regierungen wie Ungarn und Brasilien, Netanjahus gute Freunde. Geh\u00f6rt das auch zur ber\u00fchmten \u201edeutschen Staatsr\u00e4son\u201c??<\/p>\n<p>Wer solidarisch sein will, muss die wenigen linken j\u00fcdischen Israelis unterst\u00fctzen, die f\u00fcr gleiche Rechte f\u00fcr Pal\u00e4stinenserInnen k\u00e4mpfen, gegen Apartheid im eigenen Land, gegen Ausbeutung und Unterdr\u00fcckung und f\u00fcr Menschenrechte und V\u00f6lkerrecht. Diese Unterst\u00fctzung brauchen auch Organisationen wie die J\u00fcdische Stimme f\u00fcr einen gerechten Frieden in Nahost, die sich ebenso f\u00fcr Gleichberechtigung einsetzt. Es ist skandal\u00f6s, dass Mitglieder dieser Organisation als antisemitisch beschimpft werden und Auftrittsverbot in vielen St\u00e4dten haben!<\/p>\n<p>Zuletzt m\u00f6chte ich die Forderung von Amnesty International nachdr\u00fccklich unterst\u00fctzen. AI fordert die internationale Gemeinschaft auf, Israel f\u00fcr seine systematischen Verst\u00f6\u00dfe gegen das V\u00f6lkerrecht zur Rechenschaft zu ziehen. Zitat <strong>&#8222;Israel darf nicht weiter gegen Pal\u00e4stinenser w\u00fcten, die lediglich ihr Existenzrecht verteidigen und gegen ihre Zwangsvertreibung protestieren. Blo\u00dfe \u00c4u\u00dferungen der Besorgnis \u00fcber Israels v\u00f6llige Missachtung seiner Verpflichtungen nach internationalem Recht reichen nicht aus. Es m\u00fcssen die eklatanten Verst\u00f6\u00dfe klar und deutlich angeprangert werden, einschlie\u00dflich der Zwangsvertreibung, der Ausweitung der illegalen Siedlungen und der brutalen Unterdr\u00fcckung von Menschen, die gegen diese schweren Verst\u00f6\u00dfe protestieren&#8220;. <\/strong><\/p>\n<p>Die Verst\u00f6\u00dfe gegen Menschenrechte und gegen das V\u00f6lkerrecht sind schon viel zu lange von der internationalen Gemeinschaft und auch insbesondere von der deutschen Regierung hingenommen worden. Das d\u00fcrfen wir nicht l\u00e4nger zulassen!! Verbrecher geh\u00f6ren bestraft!<\/p>\n<p>Das EU-Israel-Assoziierungsabkommen muss ausgesetzt werden!<\/p>\n<p>Hoch die internationale Solidarit\u00e4t!<\/p>\n<p style=\"text-align: right;\"><em>Annette Groth ist ehem. MdB und Mitglied des Beirats des Deutschen Freidenker-Verbands<\/em><\/p>\n<hr \/>\n<h5>Fotogalerie: Aktionstag gegen die andauernde Nakba, Berlin 15.05.2021<\/h5>\n<div class=\"tiled-gallery type-rectangular tiled-gallery-unresized\" data-original-width=\"800\" data-carousel-extra='{&quot;blog_id&quot;:1,&quot;permalink&quot;:&quot;https:\\\/\\\/www.freidenker.org\\\/?p=10366&quot;,&quot;likes_blog_id&quot;:139773280}' itemscope itemtype=\"http:\/\/schema.org\/ImageGallery\" > <div class=\"gallery-row\" style=\"width: 800px; height: 358px;\" data-original-width=\"800\" data-original-height=\"358\" > <div class=\"gallery-group images-1\" style=\"width: 534px; height: 358px;\" data-original-width=\"534\" data-original-height=\"358\" > <div class=\"tiled-gallery-item tiled-gallery-item-large\" itemprop=\"associatedMedia\" itemscope itemtype=\"http:\/\/schema.org\/ImageObject\"> <a href=\"https:\/\/www.freidenker.org\/?attachment_id=10383\" border=\"0\" itemprop=\"url\"> <meta itemprop=\"width\" content=\"530\"> <meta itemprop=\"height\" content=\"354\"> <img decoding=\"async\" class=\"\" data-attachment-id=\"10383\" data-orig-file=\"https:\/\/www.freidenker.org\/fw17\/wp-content\/uploads\/2021\/05\/Demostart-3.jpg\" data-orig-size=\"1920,1281\" data-comments-opened=\"\" data-image-meta=\"{&quot;aperture&quot;:&quot;4&quot;,&quot;credit&quot;:&quot;&quot;,&quot;camera&quot;:&quot;DMC-LX5&quot;,&quot;caption&quot;:&quot;&quot;,&quot;created_timestamp&quot;:&quot;1621097335&quot;,&quot;copyright&quot;:&quot;&quot;,&quot;focal_length&quot;:&quot;5.1&quot;,&quot;iso&quot;:&quot;80&quot;,&quot;shutter_speed&quot;:&quot;0.0015625&quot;,&quot;title&quot;:&quot;&quot;,&quot;orientation&quot;:&quot;1&quot;}\" data-image-title=\"\" data-image-description=\"\" data-medium-file=\"https:\/\/i0.wp.com\/www.freidenker.org\/fw17\/wp-content\/uploads\/2021\/05\/Demostart-3.jpg?fit=300%2C200&#038;ssl=1\" data-large-file=\"https:\/\/i0.wp.com\/www.freidenker.org\/fw17\/wp-content\/uploads\/2021\/05\/Demostart-3.jpg?fit=800%2C534&#038;ssl=1\" src=\"https:\/\/i0.wp.com\/www.freidenker.org\/fw17\/wp-content\/uploads\/2021\/05\/Demostart-3.jpg?w=530&#038;h=354&#038;ssl=1\" srcset=\"https:\/\/i0.wp.com\/www.freidenker.org\/fw17\/wp-content\/uploads\/2021\/05\/Demostart-3.jpg?w=1920&amp;ssl=1 1920w, https:\/\/i0.wp.com\/www.freidenker.org\/fw17\/wp-content\/uploads\/2021\/05\/Demostart-3.jpg?resize=300%2C200&amp;ssl=1 300w, https:\/\/i0.wp.com\/www.freidenker.org\/fw17\/wp-content\/uploads\/2021\/05\/Demostart-3.jpg?resize=1024%2C683&amp;ssl=1 1024w, https:\/\/i0.wp.com\/www.freidenker.org\/fw17\/wp-content\/uploads\/2021\/05\/Demostart-3.jpg?resize=768%2C512&amp;ssl=1 768w, https:\/\/i0.wp.com\/www.freidenker.org\/fw17\/wp-content\/uploads\/2021\/05\/Demostart-3.jpg?resize=1536%2C1025&amp;ssl=1 1536w, https:\/\/i0.wp.com\/www.freidenker.org\/fw17\/wp-content\/uploads\/2021\/05\/Demostart-3.jpg?w=1600&amp;ssl=1 1600w\" width=\"530\" height=\"354\" loading=\"lazy\" data-original-width=\"530\" data-original-height=\"354\" itemprop=\"http:\/\/schema.org\/image\" title=\"\" alt=\"Aktionstag gegen die andauernde Nakba, Berlin 15.05.2021\" style=\"width: 530px; height: 354px;\" \/> <\/a> <div class=\"tiled-gallery-caption\" itemprop=\"caption description\"> Aktionstag gegen die andauernde Nakba, Berlin 15.05.2021 <\/div> <\/div> <\/div> <!-- close group --> <div class=\"gallery-group images-2\" style=\"width: 266px; height: 358px;\" data-original-width=\"266\" data-original-height=\"358\" > <div class=\"tiled-gallery-item tiled-gallery-item-large\" itemprop=\"associatedMedia\" itemscope itemtype=\"http:\/\/schema.org\/ImageObject\"> <a href=\"https:\/\/www.freidenker.org\/?attachment_id=10382\" border=\"0\" itemprop=\"url\"> <meta itemprop=\"width\" content=\"262\"> <meta itemprop=\"height\" content=\"175\"> <img decoding=\"async\" class=\"\" data-attachment-id=\"10382\" data-orig-file=\"https:\/\/www.freidenker.org\/fw17\/wp-content\/uploads\/2021\/05\/Demostart-2.jpg\" data-orig-size=\"1920,1281\" data-comments-opened=\"\" data-image-meta=\"{&quot;aperture&quot;:&quot;3.5&quot;,&quot;credit&quot;:&quot;&quot;,&quot;camera&quot;:&quot;DMC-LX5&quot;,&quot;caption&quot;:&quot;&quot;,&quot;created_timestamp&quot;:&quot;1621097296&quot;,&quot;copyright&quot;:&quot;&quot;,&quot;focal_length&quot;:&quot;5.1&quot;,&quot;iso&quot;:&quot;80&quot;,&quot;shutter_speed&quot;:&quot;0.002&quot;,&quot;title&quot;:&quot;&quot;,&quot;orientation&quot;:&quot;1&quot;}\" data-image-title=\"\" data-image-description=\"\" data-medium-file=\"https:\/\/i0.wp.com\/www.freidenker.org\/fw17\/wp-content\/uploads\/2021\/05\/Demostart-2.jpg?fit=300%2C200&#038;ssl=1\" data-large-file=\"https:\/\/i0.wp.com\/www.freidenker.org\/fw17\/wp-content\/uploads\/2021\/05\/Demostart-2.jpg?fit=800%2C534&#038;ssl=1\" src=\"https:\/\/i0.wp.com\/www.freidenker.org\/fw17\/wp-content\/uploads\/2021\/05\/Demostart-2.jpg?w=262&#038;h=175&#038;ssl=1\" srcset=\"https:\/\/i0.wp.com\/www.freidenker.org\/fw17\/wp-content\/uploads\/2021\/05\/Demostart-2.jpg?w=1920&amp;ssl=1 1920w, https:\/\/i0.wp.com\/www.freidenker.org\/fw17\/wp-content\/uploads\/2021\/05\/Demostart-2.jpg?resize=300%2C200&amp;ssl=1 300w, https:\/\/i0.wp.com\/www.freidenker.org\/fw17\/wp-content\/uploads\/2021\/05\/Demostart-2.jpg?resize=1024%2C683&amp;ssl=1 1024w, https:\/\/i0.wp.com\/www.freidenker.org\/fw17\/wp-content\/uploads\/2021\/05\/Demostart-2.jpg?resize=768%2C512&amp;ssl=1 768w, https:\/\/i0.wp.com\/www.freidenker.org\/fw17\/wp-content\/uploads\/2021\/05\/Demostart-2.jpg?resize=1536%2C1025&amp;ssl=1 1536w, https:\/\/i0.wp.com\/www.freidenker.org\/fw17\/wp-content\/uploads\/2021\/05\/Demostart-2.jpg?w=1600&amp;ssl=1 1600w\" width=\"262\" height=\"175\" loading=\"lazy\" data-original-width=\"262\" data-original-height=\"175\" itemprop=\"http:\/\/schema.org\/image\" title=\"\" alt=\"Aktionstag gegen die andauernde Nakba, Berlin 15.05.2021\" style=\"width: 262px; height: 175px;\" \/> <\/a> <div class=\"tiled-gallery-caption\" itemprop=\"caption description\"> Aktionstag gegen die andauernde Nakba, Berlin 15.05.2021 <\/div> <\/div> <div class=\"tiled-gallery-item tiled-gallery-item-large\" itemprop=\"associatedMedia\" itemscope itemtype=\"http:\/\/schema.org\/ImageObject\"> <a href=\"https:\/\/www.freidenker.org\/?attachment_id=10384\" border=\"0\" itemprop=\"url\"> <meta itemprop=\"width\" content=\"262\"> <meta itemprop=\"height\" content=\"175\"> <img decoding=\"async\" class=\"\" data-attachment-id=\"10384\" data-orig-file=\"https:\/\/www.freidenker.org\/fw17\/wp-content\/uploads\/2021\/05\/From-The-River-To-The-Sea.jpg\" data-orig-size=\"1920,1281\" data-comments-opened=\"\" data-image-meta=\"{&quot;aperture&quot;:&quot;3.2&quot;,&quot;credit&quot;:&quot;&quot;,&quot;camera&quot;:&quot;DMC-LX5&quot;,&quot;caption&quot;:&quot;&quot;,&quot;created_timestamp&quot;:&quot;1621099277&quot;,&quot;copyright&quot;:&quot;&quot;,&quot;focal_length&quot;:&quot;17.1&quot;,&quot;iso&quot;:&quot;80&quot;,&quot;shutter_speed&quot;:&quot;0.008&quot;,&quot;title&quot;:&quot;&quot;,&quot;orientation&quot;:&quot;1&quot;}\" data-image-title=\"\" data-image-description=\"\" data-medium-file=\"https:\/\/i0.wp.com\/www.freidenker.org\/fw17\/wp-content\/uploads\/2021\/05\/From-The-River-To-The-Sea.jpg?fit=300%2C200&#038;ssl=1\" data-large-file=\"https:\/\/i0.wp.com\/www.freidenker.org\/fw17\/wp-content\/uploads\/2021\/05\/From-The-River-To-The-Sea.jpg?fit=800%2C534&#038;ssl=1\" src=\"https:\/\/i0.wp.com\/www.freidenker.org\/fw17\/wp-content\/uploads\/2021\/05\/From-The-River-To-The-Sea.jpg?w=262&#038;h=175&#038;ssl=1\" srcset=\"https:\/\/i0.wp.com\/www.freidenker.org\/fw17\/wp-content\/uploads\/2021\/05\/From-The-River-To-The-Sea.jpg?w=1920&amp;ssl=1 1920w, https:\/\/i0.wp.com\/www.freidenker.org\/fw17\/wp-content\/uploads\/2021\/05\/From-The-River-To-The-Sea.jpg?resize=300%2C200&amp;ssl=1 300w, https:\/\/i0.wp.com\/www.freidenker.org\/fw17\/wp-content\/uploads\/2021\/05\/From-The-River-To-The-Sea.jpg?resize=1024%2C683&amp;ssl=1 1024w, https:\/\/i0.wp.com\/www.freidenker.org\/fw17\/wp-content\/uploads\/2021\/05\/From-The-River-To-The-Sea.jpg?resize=768%2C512&amp;ssl=1 768w, https:\/\/i0.wp.com\/www.freidenker.org\/fw17\/wp-content\/uploads\/2021\/05\/From-The-River-To-The-Sea.jpg?resize=1536%2C1025&amp;ssl=1 1536w, https:\/\/i0.wp.com\/www.freidenker.org\/fw17\/wp-content\/uploads\/2021\/05\/From-The-River-To-The-Sea.jpg?w=1600&amp;ssl=1 1600w\" width=\"262\" height=\"175\" loading=\"lazy\" data-original-width=\"262\" data-original-height=\"175\" itemprop=\"http:\/\/schema.org\/image\" title=\"\" alt=\"Aktionstag gegen die andauernde Nakba, Berlin 15.05.2021\" style=\"width: 262px; height: 175px;\" \/> <\/a> <div class=\"tiled-gallery-caption\" itemprop=\"caption description\"> Aktionstag gegen die andauernde Nakba, Berlin 15.05.2021 <\/div> <\/div> <\/div> <!-- close group --> <\/div> <!-- close row --> <div class=\"gallery-row\" style=\"width: 800px; height: 179px;\" data-original-width=\"800\" data-original-height=\"179\" > <div class=\"gallery-group images-1\" style=\"width: 267px; height: 179px;\" data-original-width=\"267\" data-original-height=\"179\" > <div class=\"tiled-gallery-item tiled-gallery-item-large\" itemprop=\"associatedMedia\" itemscope itemtype=\"http:\/\/schema.org\/ImageObject\"> <a href=\"https:\/\/www.freidenker.org\/?attachment_id=10385\" border=\"0\" itemprop=\"url\"> <meta itemprop=\"width\" content=\"263\"> <meta itemprop=\"height\" content=\"175\"> <img decoding=\"async\" class=\"\" data-attachment-id=\"10385\" data-orig-file=\"https:\/\/www.freidenker.org\/fw17\/wp-content\/uploads\/2021\/05\/Jews-for-Palestine.jpg\" data-orig-size=\"1920,1281\" data-comments-opened=\"\" data-image-meta=\"{&quot;aperture&quot;:&quot;2.9&quot;,&quot;credit&quot;:&quot;&quot;,&quot;camera&quot;:&quot;DMC-LX5&quot;,&quot;caption&quot;:&quot;&quot;,&quot;created_timestamp&quot;:&quot;1621099200&quot;,&quot;copyright&quot;:&quot;&quot;,&quot;focal_length&quot;:&quot;13.9&quot;,&quot;iso&quot;:&quot;160&quot;,&quot;shutter_speed&quot;:&quot;0.01&quot;,&quot;title&quot;:&quot;&quot;,&quot;orientation&quot;:&quot;1&quot;}\" data-image-title=\"\" data-image-description=\"\" data-medium-file=\"https:\/\/i0.wp.com\/www.freidenker.org\/fw17\/wp-content\/uploads\/2021\/05\/Jews-for-Palestine.jpg?fit=300%2C200&#038;ssl=1\" data-large-file=\"https:\/\/i0.wp.com\/www.freidenker.org\/fw17\/wp-content\/uploads\/2021\/05\/Jews-for-Palestine.jpg?fit=800%2C534&#038;ssl=1\" src=\"https:\/\/i0.wp.com\/www.freidenker.org\/fw17\/wp-content\/uploads\/2021\/05\/Jews-for-Palestine.jpg?w=263&#038;h=175&#038;ssl=1\" srcset=\"https:\/\/i0.wp.com\/www.freidenker.org\/fw17\/wp-content\/uploads\/2021\/05\/Jews-for-Palestine.jpg?w=1920&amp;ssl=1 1920w, https:\/\/i0.wp.com\/www.freidenker.org\/fw17\/wp-content\/uploads\/2021\/05\/Jews-for-Palestine.jpg?resize=300%2C200&amp;ssl=1 300w, https:\/\/i0.wp.com\/www.freidenker.org\/fw17\/wp-content\/uploads\/2021\/05\/Jews-for-Palestine.jpg?resize=1024%2C683&amp;ssl=1 1024w, https:\/\/i0.wp.com\/www.freidenker.org\/fw17\/wp-content\/uploads\/2021\/05\/Jews-for-Palestine.jpg?resize=768%2C512&amp;ssl=1 768w, https:\/\/i0.wp.com\/www.freidenker.org\/fw17\/wp-content\/uploads\/2021\/05\/Jews-for-Palestine.jpg?resize=1536%2C1025&amp;ssl=1 1536w, https:\/\/i0.wp.com\/www.freidenker.org\/fw17\/wp-content\/uploads\/2021\/05\/Jews-for-Palestine.jpg?w=1600&amp;ssl=1 1600w\" width=\"263\" height=\"175\" loading=\"lazy\" data-original-width=\"263\" data-original-height=\"175\" itemprop=\"http:\/\/schema.org\/image\" title=\"\" alt=\"Aktionstag gegen die andauernde Nakba, Berlin 15.05.2021\" style=\"width: 263px; height: 175px;\" \/> <\/a> <div class=\"tiled-gallery-caption\" itemprop=\"caption description\"> Aktionstag gegen die andauernde Nakba, Berlin 15.05.2021 <\/div> <\/div> <\/div> <!-- close group --> <div class=\"gallery-group images-1\" style=\"width: 267px; height: 179px;\" data-original-width=\"267\" data-original-height=\"179\" > <div class=\"tiled-gallery-item tiled-gallery-item-large\" itemprop=\"associatedMedia\" itemscope itemtype=\"http:\/\/schema.org\/ImageObject\"> <a href=\"https:\/\/www.freidenker.org\/?attachment_id=10386\" border=\"0\" itemprop=\"url\"> <meta itemprop=\"width\" content=\"263\"> <meta itemprop=\"height\" content=\"175\"> <img decoding=\"async\" class=\"\" data-attachment-id=\"10386\" data-orig-file=\"https:\/\/www.freidenker.org\/fw17\/wp-content\/uploads\/2021\/05\/P1040691.jpg\" data-orig-size=\"1920,1281\" data-comments-opened=\"\" data-image-meta=\"{&quot;aperture&quot;:&quot;2.8&quot;,&quot;credit&quot;:&quot;&quot;,&quot;camera&quot;:&quot;DMC-LX5&quot;,&quot;caption&quot;:&quot;&quot;,&quot;created_timestamp&quot;:&quot;1621097889&quot;,&quot;copyright&quot;:&quot;&quot;,&quot;focal_length&quot;:&quot;10.7&quot;,&quot;iso&quot;:&quot;80&quot;,&quot;shutter_speed&quot;:&quot;0.003125&quot;,&quot;title&quot;:&quot;&quot;,&quot;orientation&quot;:&quot;1&quot;}\" data-image-title=\"\" data-image-description=\"\" data-medium-file=\"https:\/\/i0.wp.com\/www.freidenker.org\/fw17\/wp-content\/uploads\/2021\/05\/P1040691.jpg?fit=300%2C200&#038;ssl=1\" data-large-file=\"https:\/\/i0.wp.com\/www.freidenker.org\/fw17\/wp-content\/uploads\/2021\/05\/P1040691.jpg?fit=800%2C534&#038;ssl=1\" src=\"https:\/\/i0.wp.com\/www.freidenker.org\/fw17\/wp-content\/uploads\/2021\/05\/P1040691.jpg?w=263&#038;h=175&#038;ssl=1\" srcset=\"https:\/\/i0.wp.com\/www.freidenker.org\/fw17\/wp-content\/uploads\/2021\/05\/P1040691.jpg?w=1920&amp;ssl=1 1920w, https:\/\/i0.wp.com\/www.freidenker.org\/fw17\/wp-content\/uploads\/2021\/05\/P1040691.jpg?resize=300%2C200&amp;ssl=1 300w, https:\/\/i0.wp.com\/www.freidenker.org\/fw17\/wp-content\/uploads\/2021\/05\/P1040691.jpg?resize=1024%2C683&amp;ssl=1 1024w, https:\/\/i0.wp.com\/www.freidenker.org\/fw17\/wp-content\/uploads\/2021\/05\/P1040691.jpg?resize=768%2C512&amp;ssl=1 768w, https:\/\/i0.wp.com\/www.freidenker.org\/fw17\/wp-content\/uploads\/2021\/05\/P1040691.jpg?resize=1536%2C1025&amp;ssl=1 1536w, https:\/\/i0.wp.com\/www.freidenker.org\/fw17\/wp-content\/uploads\/2021\/05\/P1040691.jpg?w=1600&amp;ssl=1 1600w\" width=\"263\" height=\"175\" loading=\"lazy\" data-original-width=\"263\" data-original-height=\"175\" itemprop=\"http:\/\/schema.org\/image\" title=\"\" alt=\"Aktionstag gegen die andauernde Nakba, Berlin 15.05.2021\" style=\"width: 263px; height: 175px;\" \/> <\/a> <div class=\"tiled-gallery-caption\" itemprop=\"caption description\"> Aktionstag gegen die andauernde Nakba, Berlin 15.05.2021 <\/div> <\/div> <\/div> <!-- close group --> <div class=\"gallery-group images-1\" style=\"width: 266px; height: 179px;\" data-original-width=\"266\" data-original-height=\"179\" > <div class=\"tiled-gallery-item tiled-gallery-item-large\" itemprop=\"associatedMedia\" itemscope itemtype=\"http:\/\/schema.org\/ImageObject\"> <a href=\"https:\/\/www.freidenker.org\/?attachment_id=10387\" border=\"0\" itemprop=\"url\"> <meta itemprop=\"width\" content=\"262\"> <meta itemprop=\"height\" content=\"175\"> <img decoding=\"async\" class=\"\" data-attachment-id=\"10387\" data-orig-file=\"https:\/\/www.freidenker.org\/fw17\/wp-content\/uploads\/2021\/05\/P1040698.jpg\" data-orig-size=\"1920,1281\" data-comments-opened=\"\" data-image-meta=\"{&quot;aperture&quot;:&quot;3.1&quot;,&quot;credit&quot;:&quot;&quot;,&quot;camera&quot;:&quot;DMC-LX5&quot;,&quot;caption&quot;:&quot;&quot;,&quot;created_timestamp&quot;:&quot;1621098042&quot;,&quot;copyright&quot;:&quot;&quot;,&quot;focal_length&quot;:&quot;16&quot;,&quot;iso&quot;:&quot;400&quot;,&quot;shutter_speed&quot;:&quot;0.005&quot;,&quot;title&quot;:&quot;&quot;,&quot;orientation&quot;:&quot;1&quot;}\" data-image-title=\"\" data-image-description=\"\" data-medium-file=\"https:\/\/i0.wp.com\/www.freidenker.org\/fw17\/wp-content\/uploads\/2021\/05\/P1040698.jpg?fit=300%2C200&#038;ssl=1\" data-large-file=\"https:\/\/i0.wp.com\/www.freidenker.org\/fw17\/wp-content\/uploads\/2021\/05\/P1040698.jpg?fit=800%2C534&#038;ssl=1\" src=\"https:\/\/i0.wp.com\/www.freidenker.org\/fw17\/wp-content\/uploads\/2021\/05\/P1040698.jpg?w=262&#038;h=175&#038;ssl=1\" srcset=\"https:\/\/i0.wp.com\/www.freidenker.org\/fw17\/wp-content\/uploads\/2021\/05\/P1040698.jpg?w=1920&amp;ssl=1 1920w, https:\/\/i0.wp.com\/www.freidenker.org\/fw17\/wp-content\/uploads\/2021\/05\/P1040698.jpg?resize=300%2C200&amp;ssl=1 300w, https:\/\/i0.wp.com\/www.freidenker.org\/fw17\/wp-content\/uploads\/2021\/05\/P1040698.jpg?resize=1024%2C683&amp;ssl=1 1024w, https:\/\/i0.wp.com\/www.freidenker.org\/fw17\/wp-content\/uploads\/2021\/05\/P1040698.jpg?resize=768%2C512&amp;ssl=1 768w, https:\/\/i0.wp.com\/www.freidenker.org\/fw17\/wp-content\/uploads\/2021\/05\/P1040698.jpg?resize=1536%2C1025&amp;ssl=1 1536w, https:\/\/i0.wp.com\/www.freidenker.org\/fw17\/wp-content\/uploads\/2021\/05\/P1040698.jpg?w=1600&amp;ssl=1 1600w\" width=\"262\" height=\"175\" loading=\"lazy\" data-original-width=\"262\" data-original-height=\"175\" itemprop=\"http:\/\/schema.org\/image\" title=\"\" alt=\"Aktionstag gegen die andauernde Nakba, Berlin 15.05.2021\" style=\"width: 262px; height: 175px;\" \/> <\/a> <div class=\"tiled-gallery-caption\" itemprop=\"caption description\"> Aktionstag gegen die andauernde Nakba, Berlin 15.05.2021 <\/div> <\/div> <\/div> <!-- close group --> <\/div> <!-- close row --> <div class=\"gallery-row\" style=\"width: 800px; height: 358px;\" data-original-width=\"800\" data-original-height=\"358\" > <div class=\"gallery-group images-2\" style=\"width: 266px; height: 358px;\" data-original-width=\"266\" data-original-height=\"358\" > <div class=\"tiled-gallery-item tiled-gallery-item-large\" itemprop=\"associatedMedia\" itemscope itemtype=\"http:\/\/schema.org\/ImageObject\"> <a href=\"https:\/\/www.freidenker.org\/?attachment_id=10388\" border=\"0\" itemprop=\"url\"> <meta itemprop=\"width\" content=\"262\"> <meta itemprop=\"height\" content=\"175\"> <img decoding=\"async\" class=\"\" data-attachment-id=\"10388\" data-orig-file=\"https:\/\/www.freidenker.org\/fw17\/wp-content\/uploads\/2021\/05\/P1040699.jpg\" data-orig-size=\"1920,1281\" data-comments-opened=\"\" data-image-meta=\"{&quot;aperture&quot;:&quot;3.1&quot;,&quot;credit&quot;:&quot;&quot;,&quot;camera&quot;:&quot;DMC-LX5&quot;,&quot;caption&quot;:&quot;&quot;,&quot;created_timestamp&quot;:&quot;1621098049&quot;,&quot;copyright&quot;:&quot;&quot;,&quot;focal_length&quot;:&quot;16&quot;,&quot;iso&quot;:&quot;200&quot;,&quot;shutter_speed&quot;:&quot;0.005&quot;,&quot;title&quot;:&quot;&quot;,&quot;orientation&quot;:&quot;1&quot;}\" data-image-title=\"\" data-image-description=\"\" data-medium-file=\"https:\/\/i0.wp.com\/www.freidenker.org\/fw17\/wp-content\/uploads\/2021\/05\/P1040699.jpg?fit=300%2C200&#038;ssl=1\" data-large-file=\"https:\/\/i0.wp.com\/www.freidenker.org\/fw17\/wp-content\/uploads\/2021\/05\/P1040699.jpg?fit=800%2C534&#038;ssl=1\" src=\"https:\/\/i0.wp.com\/www.freidenker.org\/fw17\/wp-content\/uploads\/2021\/05\/P1040699.jpg?w=262&#038;h=175&#038;ssl=1\" srcset=\"https:\/\/i0.wp.com\/www.freidenker.org\/fw17\/wp-content\/uploads\/2021\/05\/P1040699.jpg?w=1920&amp;ssl=1 1920w, https:\/\/i0.wp.com\/www.freidenker.org\/fw17\/wp-content\/uploads\/2021\/05\/P1040699.jpg?resize=300%2C200&amp;ssl=1 300w, https:\/\/i0.wp.com\/www.freidenker.org\/fw17\/wp-content\/uploads\/2021\/05\/P1040699.jpg?resize=1024%2C683&amp;ssl=1 1024w, https:\/\/i0.wp.com\/www.freidenker.org\/fw17\/wp-content\/uploads\/2021\/05\/P1040699.jpg?resize=768%2C512&amp;ssl=1 768w, https:\/\/i0.wp.com\/www.freidenker.org\/fw17\/wp-content\/uploads\/2021\/05\/P1040699.jpg?resize=1536%2C1025&amp;ssl=1 1536w, https:\/\/i0.wp.com\/www.freidenker.org\/fw17\/wp-content\/uploads\/2021\/05\/P1040699.jpg?w=1600&amp;ssl=1 1600w\" width=\"262\" height=\"175\" loading=\"lazy\" data-original-width=\"262\" data-original-height=\"175\" itemprop=\"http:\/\/schema.org\/image\" title=\"\" alt=\"Aktionstag gegen die andauernde Nakba, Berlin 15.05.2021\" style=\"width: 262px; height: 175px;\" \/> <\/a> <div class=\"tiled-gallery-caption\" itemprop=\"caption description\"> Aktionstag gegen die andauernde Nakba, Berlin 15.05.2021 <\/div> <\/div> <div class=\"tiled-gallery-item tiled-gallery-item-large\" itemprop=\"associatedMedia\" itemscope itemtype=\"http:\/\/schema.org\/ImageObject\"> <a href=\"https:\/\/www.freidenker.org\/?attachment_id=10397\" border=\"0\" itemprop=\"url\"> <meta itemprop=\"width\" content=\"262\"> <meta itemprop=\"height\" content=\"175\"> <img decoding=\"async\" class=\"\" data-attachment-id=\"10397\" data-orig-file=\"https:\/\/www.freidenker.org\/fw17\/wp-content\/uploads\/2021\/05\/P1040739.jpg\" data-orig-size=\"1920,1281\" data-comments-opened=\"\" data-image-meta=\"{&quot;aperture&quot;:&quot;3.1&quot;,&quot;credit&quot;:&quot;&quot;,&quot;camera&quot;:&quot;DMC-LX5&quot;,&quot;caption&quot;:&quot;&quot;,&quot;created_timestamp&quot;:&quot;1621099254&quot;,&quot;copyright&quot;:&quot;&quot;,&quot;focal_length&quot;:&quot;16&quot;,&quot;iso&quot;:&quot;80&quot;,&quot;shutter_speed&quot;:&quot;0.004&quot;,&quot;title&quot;:&quot;&quot;,&quot;orientation&quot;:&quot;1&quot;}\" data-image-title=\"\" data-image-description=\"\" data-medium-file=\"https:\/\/i0.wp.com\/www.freidenker.org\/fw17\/wp-content\/uploads\/2021\/05\/P1040739.jpg?fit=300%2C200&#038;ssl=1\" data-large-file=\"https:\/\/i0.wp.com\/www.freidenker.org\/fw17\/wp-content\/uploads\/2021\/05\/P1040739.jpg?fit=800%2C534&#038;ssl=1\" src=\"https:\/\/i0.wp.com\/www.freidenker.org\/fw17\/wp-content\/uploads\/2021\/05\/P1040739.jpg?w=262&#038;h=175&#038;ssl=1\" srcset=\"https:\/\/i0.wp.com\/www.freidenker.org\/fw17\/wp-content\/uploads\/2021\/05\/P1040739.jpg?w=1920&amp;ssl=1 1920w, https:\/\/i0.wp.com\/www.freidenker.org\/fw17\/wp-content\/uploads\/2021\/05\/P1040739.jpg?resize=300%2C200&amp;ssl=1 300w, https:\/\/i0.wp.com\/www.freidenker.org\/fw17\/wp-content\/uploads\/2021\/05\/P1040739.jpg?resize=1024%2C683&amp;ssl=1 1024w, https:\/\/i0.wp.com\/www.freidenker.org\/fw17\/wp-content\/uploads\/2021\/05\/P1040739.jpg?resize=768%2C512&amp;ssl=1 768w, https:\/\/i0.wp.com\/www.freidenker.org\/fw17\/wp-content\/uploads\/2021\/05\/P1040739.jpg?resize=1536%2C1025&amp;ssl=1 1536w, https:\/\/i0.wp.com\/www.freidenker.org\/fw17\/wp-content\/uploads\/2021\/05\/P1040739.jpg?w=1600&amp;ssl=1 1600w\" width=\"262\" height=\"175\" loading=\"lazy\" data-original-width=\"262\" data-original-height=\"175\" itemprop=\"http:\/\/schema.org\/image\" title=\"\" alt=\"Aktionstag gegen die andauernde Nakba, Berlin 15.05.2021\" style=\"width: 262px; height: 175px;\" \/> <\/a> <div class=\"tiled-gallery-caption\" itemprop=\"caption description\"> Aktionstag gegen die andauernde Nakba, Berlin 15.05.2021 <\/div> <\/div> <\/div> <!-- close group --> <div class=\"gallery-group images-1\" style=\"width: 534px; height: 358px;\" data-original-width=\"534\" data-original-height=\"358\" > <div class=\"tiled-gallery-item tiled-gallery-item-large\" itemprop=\"associatedMedia\" itemscope itemtype=\"http:\/\/schema.org\/ImageObject\"> <a href=\"https:\/\/www.freidenker.org\/?attachment_id=10396\" border=\"0\" itemprop=\"url\"> <meta itemprop=\"width\" content=\"530\"> <meta itemprop=\"height\" content=\"354\"> <img decoding=\"async\" class=\"\" data-attachment-id=\"10396\" data-orig-file=\"https:\/\/www.freidenker.org\/fw17\/wp-content\/uploads\/2021\/05\/P1040731.jpg\" data-orig-size=\"1920,1281\" data-comments-opened=\"\" data-image-meta=\"{&quot;aperture&quot;:&quot;3.3&quot;,&quot;credit&quot;:&quot;&quot;,&quot;camera&quot;:&quot;DMC-LX5&quot;,&quot;caption&quot;:&quot;&quot;,&quot;created_timestamp&quot;:&quot;1621099103&quot;,&quot;copyright&quot;:&quot;&quot;,&quot;focal_length&quot;:&quot;19.2&quot;,&quot;iso&quot;:&quot;80&quot;,&quot;shutter_speed&quot;:&quot;0.003125&quot;,&quot;title&quot;:&quot;&quot;,&quot;orientation&quot;:&quot;1&quot;}\" data-image-title=\"\" data-image-description=\"\" data-medium-file=\"https:\/\/i0.wp.com\/www.freidenker.org\/fw17\/wp-content\/uploads\/2021\/05\/P1040731.jpg?fit=300%2C200&#038;ssl=1\" data-large-file=\"https:\/\/i0.wp.com\/www.freidenker.org\/fw17\/wp-content\/uploads\/2021\/05\/P1040731.jpg?fit=800%2C534&#038;ssl=1\" src=\"https:\/\/i0.wp.com\/www.freidenker.org\/fw17\/wp-content\/uploads\/2021\/05\/P1040731.jpg?w=530&#038;h=354&#038;ssl=1\" srcset=\"https:\/\/i0.wp.com\/www.freidenker.org\/fw17\/wp-content\/uploads\/2021\/05\/P1040731.jpg?w=1920&amp;ssl=1 1920w, https:\/\/i0.wp.com\/www.freidenker.org\/fw17\/wp-content\/uploads\/2021\/05\/P1040731.jpg?resize=300%2C200&amp;ssl=1 300w, https:\/\/i0.wp.com\/www.freidenker.org\/fw17\/wp-content\/uploads\/2021\/05\/P1040731.jpg?resize=1024%2C683&amp;ssl=1 1024w, https:\/\/i0.wp.com\/www.freidenker.org\/fw17\/wp-content\/uploads\/2021\/05\/P1040731.jpg?resize=768%2C512&amp;ssl=1 768w, https:\/\/i0.wp.com\/www.freidenker.org\/fw17\/wp-content\/uploads\/2021\/05\/P1040731.jpg?resize=1536%2C1025&amp;ssl=1 1536w, https:\/\/i0.wp.com\/www.freidenker.org\/fw17\/wp-content\/uploads\/2021\/05\/P1040731.jpg?w=1600&amp;ssl=1 1600w\" width=\"530\" height=\"354\" loading=\"lazy\" data-original-width=\"530\" data-original-height=\"354\" itemprop=\"http:\/\/schema.org\/image\" title=\"\" alt=\"Aktionstag gegen die andauernde Nakba, Berlin 15.05.2021\" style=\"width: 530px; height: 354px;\" \/> <\/a> <div class=\"tiled-gallery-caption\" itemprop=\"caption description\"> Aktionstag gegen die andauernde Nakba, Berlin 15.05.2021 <\/div> <\/div> <\/div> <!-- close group --> <\/div> <!-- close row --> <div class=\"gallery-row\" style=\"width: 800px; height: 268px;\" data-original-width=\"800\" data-original-height=\"268\" > <div class=\"gallery-group images-1\" style=\"width: 400px; height: 268px;\" data-original-width=\"400\" data-original-height=\"268\" > <div class=\"tiled-gallery-item tiled-gallery-item-large\" itemprop=\"associatedMedia\" itemscope itemtype=\"http:\/\/schema.org\/ImageObject\"> <a href=\"https:\/\/www.freidenker.org\/?attachment_id=10390\" border=\"0\" itemprop=\"url\"> <meta itemprop=\"width\" content=\"396\"> <meta itemprop=\"height\" content=\"264\"> <img decoding=\"async\" class=\"\" data-attachment-id=\"10390\" data-orig-file=\"https:\/\/www.freidenker.org\/fw17\/wp-content\/uploads\/2021\/05\/P1040702.jpg\" data-orig-size=\"1920,1281\" data-comments-opened=\"\" data-image-meta=\"{&quot;aperture&quot;:&quot;2.7&quot;,&quot;credit&quot;:&quot;&quot;,&quot;camera&quot;:&quot;DMC-LX5&quot;,&quot;caption&quot;:&quot;&quot;,&quot;created_timestamp&quot;:&quot;1621098171&quot;,&quot;copyright&quot;:&quot;&quot;,&quot;focal_length&quot;:&quot;10.7&quot;,&quot;iso&quot;:&quot;250&quot;,&quot;shutter_speed&quot;:&quot;0.003125&quot;,&quot;title&quot;:&quot;&quot;,&quot;orientation&quot;:&quot;1&quot;}\" data-image-title=\"\" data-image-description=\"\" data-medium-file=\"https:\/\/i0.wp.com\/www.freidenker.org\/fw17\/wp-content\/uploads\/2021\/05\/P1040702.jpg?fit=300%2C200&#038;ssl=1\" data-large-file=\"https:\/\/i0.wp.com\/www.freidenker.org\/fw17\/wp-content\/uploads\/2021\/05\/P1040702.jpg?fit=800%2C534&#038;ssl=1\" src=\"https:\/\/i0.wp.com\/www.freidenker.org\/fw17\/wp-content\/uploads\/2021\/05\/P1040702.jpg?w=396&#038;h=264&#038;ssl=1\" srcset=\"https:\/\/i0.wp.com\/www.freidenker.org\/fw17\/wp-content\/uploads\/2021\/05\/P1040702.jpg?w=1920&amp;ssl=1 1920w, https:\/\/i0.wp.com\/www.freidenker.org\/fw17\/wp-content\/uploads\/2021\/05\/P1040702.jpg?resize=300%2C200&amp;ssl=1 300w, https:\/\/i0.wp.com\/www.freidenker.org\/fw17\/wp-content\/uploads\/2021\/05\/P1040702.jpg?resize=1024%2C683&amp;ssl=1 1024w, https:\/\/i0.wp.com\/www.freidenker.org\/fw17\/wp-content\/uploads\/2021\/05\/P1040702.jpg?resize=768%2C512&amp;ssl=1 768w, https:\/\/i0.wp.com\/www.freidenker.org\/fw17\/wp-content\/uploads\/2021\/05\/P1040702.jpg?resize=1536%2C1025&amp;ssl=1 1536w, https:\/\/i0.wp.com\/www.freidenker.org\/fw17\/wp-content\/uploads\/2021\/05\/P1040702.jpg?w=1600&amp;ssl=1 1600w\" width=\"396\" height=\"264\" loading=\"lazy\" data-original-width=\"396\" data-original-height=\"264\" itemprop=\"http:\/\/schema.org\/image\" title=\"\" alt=\"Aktionstag gegen die andauernde Nakba, Berlin 15.05.2021\" style=\"width: 396px; height: 264px;\" \/> <\/a> <div class=\"tiled-gallery-caption\" itemprop=\"caption description\"> Aktionstag gegen die andauernde Nakba, Berlin 15.05.2021 <\/div> <\/div> <\/div> <!-- close group --> <div class=\"gallery-group images-1\" style=\"width: 400px; height: 268px;\" data-original-width=\"400\" data-original-height=\"268\" > <div class=\"tiled-gallery-item tiled-gallery-item-large\" itemprop=\"associatedMedia\" itemscope itemtype=\"http:\/\/schema.org\/ImageObject\"> <a href=\"https:\/\/www.freidenker.org\/?attachment_id=10395\" border=\"0\" itemprop=\"url\"> <meta itemprop=\"width\" content=\"396\"> <meta itemprop=\"height\" content=\"264\"> <img decoding=\"async\" class=\"\" data-attachment-id=\"10395\" data-orig-file=\"https:\/\/www.freidenker.org\/fw17\/wp-content\/uploads\/2021\/05\/P1040726.jpg\" data-orig-size=\"1920,1281\" data-comments-opened=\"\" data-image-meta=\"{&quot;aperture&quot;:&quot;3.1&quot;,&quot;credit&quot;:&quot;&quot;,&quot;camera&quot;:&quot;DMC-LX5&quot;,&quot;caption&quot;:&quot;&quot;,&quot;created_timestamp&quot;:&quot;1621099007&quot;,&quot;copyright&quot;:&quot;&quot;,&quot;focal_length&quot;:&quot;16&quot;,&quot;iso&quot;:&quot;160&quot;,&quot;shutter_speed&quot;:&quot;0.005&quot;,&quot;title&quot;:&quot;&quot;,&quot;orientation&quot;:&quot;1&quot;}\" data-image-title=\"\" data-image-description=\"\" data-medium-file=\"https:\/\/i0.wp.com\/www.freidenker.org\/fw17\/wp-content\/uploads\/2021\/05\/P1040726.jpg?fit=300%2C200&#038;ssl=1\" data-large-file=\"https:\/\/i0.wp.com\/www.freidenker.org\/fw17\/wp-content\/uploads\/2021\/05\/P1040726.jpg?fit=800%2C534&#038;ssl=1\" src=\"https:\/\/i0.wp.com\/www.freidenker.org\/fw17\/wp-content\/uploads\/2021\/05\/P1040726.jpg?w=396&#038;h=264&#038;ssl=1\" srcset=\"https:\/\/i0.wp.com\/www.freidenker.org\/fw17\/wp-content\/uploads\/2021\/05\/P1040726.jpg?w=1920&amp;ssl=1 1920w, https:\/\/i0.wp.com\/www.freidenker.org\/fw17\/wp-content\/uploads\/2021\/05\/P1040726.jpg?resize=300%2C200&amp;ssl=1 300w, https:\/\/i0.wp.com\/www.freidenker.org\/fw17\/wp-content\/uploads\/2021\/05\/P1040726.jpg?resize=1024%2C683&amp;ssl=1 1024w, https:\/\/i0.wp.com\/www.freidenker.org\/fw17\/wp-content\/uploads\/2021\/05\/P1040726.jpg?resize=768%2C512&amp;ssl=1 768w, https:\/\/i0.wp.com\/www.freidenker.org\/fw17\/wp-content\/uploads\/2021\/05\/P1040726.jpg?resize=1536%2C1025&amp;ssl=1 1536w, https:\/\/i0.wp.com\/www.freidenker.org\/fw17\/wp-content\/uploads\/2021\/05\/P1040726.jpg?w=1600&amp;ssl=1 1600w\" width=\"396\" height=\"264\" loading=\"lazy\" data-original-width=\"396\" data-original-height=\"264\" itemprop=\"http:\/\/schema.org\/image\" title=\"\" alt=\"Aktionstag gegen die andauernde Nakba, Berlin 15.05.2021\" style=\"width: 396px; height: 264px;\" \/> <\/a> <div class=\"tiled-gallery-caption\" itemprop=\"caption description\"> Aktionstag gegen die andauernde Nakba, Berlin 15.05.2021 <\/div> <\/div> <\/div> <!-- close group --> <\/div> <!-- close row --> <div class=\"gallery-row\" style=\"width: 800px; height: 358px;\" data-original-width=\"800\" data-original-height=\"358\" > <div class=\"gallery-group images-1\" style=\"width: 534px; height: 358px;\" data-original-width=\"534\" data-original-height=\"358\" > <div class=\"tiled-gallery-item tiled-gallery-item-large\" itemprop=\"associatedMedia\" itemscope itemtype=\"http:\/\/schema.org\/ImageObject\"> <a href=\"https:\/\/www.freidenker.org\/?attachment_id=10394\" border=\"0\" itemprop=\"url\"> <meta itemprop=\"width\" content=\"530\"> <meta itemprop=\"height\" content=\"354\"> <img decoding=\"async\" class=\"\" data-attachment-id=\"10394\" data-orig-file=\"https:\/\/www.freidenker.org\/fw17\/wp-content\/uploads\/2021\/05\/P1040720.jpg\" data-orig-size=\"1920,1281\" data-comments-opened=\"\" data-image-meta=\"{&quot;aperture&quot;:&quot;2.3&quot;,&quot;credit&quot;:&quot;&quot;,&quot;camera&quot;:&quot;DMC-LX5&quot;,&quot;caption&quot;:&quot;&quot;,&quot;created_timestamp&quot;:&quot;1621098598&quot;,&quot;copyright&quot;:&quot;&quot;,&quot;focal_length&quot;:&quot;7.5&quot;,&quot;iso&quot;:&quot;160&quot;,&quot;shutter_speed&quot;:&quot;0.004&quot;,&quot;title&quot;:&quot;&quot;,&quot;orientation&quot;:&quot;1&quot;}\" data-image-title=\"\" data-image-description=\"\" data-medium-file=\"https:\/\/i0.wp.com\/www.freidenker.org\/fw17\/wp-content\/uploads\/2021\/05\/P1040720.jpg?fit=300%2C200&#038;ssl=1\" data-large-file=\"https:\/\/i0.wp.com\/www.freidenker.org\/fw17\/wp-content\/uploads\/2021\/05\/P1040720.jpg?fit=800%2C534&#038;ssl=1\" src=\"https:\/\/i0.wp.com\/www.freidenker.org\/fw17\/wp-content\/uploads\/2021\/05\/P1040720.jpg?w=530&#038;h=354&#038;ssl=1\" srcset=\"https:\/\/i0.wp.com\/www.freidenker.org\/fw17\/wp-content\/uploads\/2021\/05\/P1040720.jpg?w=1920&amp;ssl=1 1920w, https:\/\/i0.wp.com\/www.freidenker.org\/fw17\/wp-content\/uploads\/2021\/05\/P1040720.jpg?resize=300%2C200&amp;ssl=1 300w, https:\/\/i0.wp.com\/www.freidenker.org\/fw17\/wp-content\/uploads\/2021\/05\/P1040720.jpg?resize=1024%2C683&amp;ssl=1 1024w, https:\/\/i0.wp.com\/www.freidenker.org\/fw17\/wp-content\/uploads\/2021\/05\/P1040720.jpg?resize=768%2C512&amp;ssl=1 768w, https:\/\/i0.wp.com\/www.freidenker.org\/fw17\/wp-content\/uploads\/2021\/05\/P1040720.jpg?resize=1536%2C1025&amp;ssl=1 1536w, https:\/\/i0.wp.com\/www.freidenker.org\/fw17\/wp-content\/uploads\/2021\/05\/P1040720.jpg?w=1600&amp;ssl=1 1600w\" width=\"530\" height=\"354\" loading=\"lazy\" data-original-width=\"530\" data-original-height=\"354\" itemprop=\"http:\/\/schema.org\/image\" title=\"\" alt=\"Aktionstag gegen die andauernde Nakba, Berlin 15.05.2021\" style=\"width: 530px; height: 354px;\" \/> <\/a> <div class=\"tiled-gallery-caption\" itemprop=\"caption description\"> Aktionstag gegen die andauernde Nakba, Berlin 15.05.2021 <\/div> <\/div> <\/div> <!-- close group --> <div class=\"gallery-group images-2\" style=\"width: 266px; height: 358px;\" data-original-width=\"266\" data-original-height=\"358\" > <div class=\"tiled-gallery-item tiled-gallery-item-large\" itemprop=\"associatedMedia\" itemscope itemtype=\"http:\/\/schema.org\/ImageObject\"> <a href=\"https:\/\/www.freidenker.org\/?attachment_id=10392\" border=\"0\" itemprop=\"url\"> <meta itemprop=\"width\" content=\"262\"> <meta itemprop=\"height\" content=\"175\"> <img decoding=\"async\" class=\"\" data-attachment-id=\"10392\" data-orig-file=\"https:\/\/www.freidenker.org\/fw17\/wp-content\/uploads\/2021\/05\/P1040706.jpg\" data-orig-size=\"1920,1281\" data-comments-opened=\"\" data-image-meta=\"{&quot;aperture&quot;:&quot;2.8&quot;,&quot;credit&quot;:&quot;&quot;,&quot;camera&quot;:&quot;DMC-LX5&quot;,&quot;caption&quot;:&quot;&quot;,&quot;created_timestamp&quot;:&quot;1621098204&quot;,&quot;copyright&quot;:&quot;&quot;,&quot;focal_length&quot;:&quot;6&quot;,&quot;iso&quot;:&quot;80&quot;,&quot;shutter_speed&quot;:&quot;0.008&quot;,&quot;title&quot;:&quot;&quot;,&quot;orientation&quot;:&quot;1&quot;}\" data-image-title=\"\" data-image-description=\"\" data-medium-file=\"https:\/\/i0.wp.com\/www.freidenker.org\/fw17\/wp-content\/uploads\/2021\/05\/P1040706.jpg?fit=300%2C200&#038;ssl=1\" data-large-file=\"https:\/\/i0.wp.com\/www.freidenker.org\/fw17\/wp-content\/uploads\/2021\/05\/P1040706.jpg?fit=800%2C534&#038;ssl=1\" src=\"https:\/\/i0.wp.com\/www.freidenker.org\/fw17\/wp-content\/uploads\/2021\/05\/P1040706.jpg?w=262&#038;h=175&#038;ssl=1\" srcset=\"https:\/\/i0.wp.com\/www.freidenker.org\/fw17\/wp-content\/uploads\/2021\/05\/P1040706.jpg?w=1920&amp;ssl=1 1920w, https:\/\/i0.wp.com\/www.freidenker.org\/fw17\/wp-content\/uploads\/2021\/05\/P1040706.jpg?resize=300%2C200&amp;ssl=1 300w, https:\/\/i0.wp.com\/www.freidenker.org\/fw17\/wp-content\/uploads\/2021\/05\/P1040706.jpg?resize=1024%2C683&amp;ssl=1 1024w, https:\/\/i0.wp.com\/www.freidenker.org\/fw17\/wp-content\/uploads\/2021\/05\/P1040706.jpg?resize=768%2C512&amp;ssl=1 768w, https:\/\/i0.wp.com\/www.freidenker.org\/fw17\/wp-content\/uploads\/2021\/05\/P1040706.jpg?resize=1536%2C1025&amp;ssl=1 1536w, https:\/\/i0.wp.com\/www.freidenker.org\/fw17\/wp-content\/uploads\/2021\/05\/P1040706.jpg?w=1600&amp;ssl=1 1600w\" width=\"262\" height=\"175\" loading=\"lazy\" data-original-width=\"262\" data-original-height=\"175\" itemprop=\"http:\/\/schema.org\/image\" title=\"\" alt=\"Aktionstag gegen die andauernde Nakba, Berlin 15.05.2021\" style=\"width: 262px; height: 175px;\" \/> <\/a> <div class=\"tiled-gallery-caption\" itemprop=\"caption description\"> Aktionstag gegen die andauernde Nakba, Berlin 15.05.2021 <\/div> <\/div> <div class=\"tiled-gallery-item tiled-gallery-item-large\" itemprop=\"associatedMedia\" itemscope itemtype=\"http:\/\/schema.org\/ImageObject\"> <a href=\"https:\/\/www.freidenker.org\/?attachment_id=10381\" border=\"0\" itemprop=\"url\"> <meta itemprop=\"width\" content=\"262\"> <meta itemprop=\"height\" content=\"175\"> <img decoding=\"async\" class=\"\" data-attachment-id=\"10381\" data-orig-file=\"https:\/\/www.freidenker.org\/fw17\/wp-content\/uploads\/2021\/05\/Antizionism-is-not-Antisemitism.jpg\" data-orig-size=\"1920,1281\" data-comments-opened=\"\" data-image-meta=\"{&quot;aperture&quot;:&quot;2.2&quot;,&quot;credit&quot;:&quot;&quot;,&quot;camera&quot;:&quot;DMC-LX5&quot;,&quot;caption&quot;:&quot;&quot;,&quot;created_timestamp&quot;:&quot;1621098567&quot;,&quot;copyright&quot;:&quot;&quot;,&quot;focal_length&quot;:&quot;5.1&quot;,&quot;iso&quot;:&quot;160&quot;,&quot;shutter_speed&quot;:&quot;0.004&quot;,&quot;title&quot;:&quot;&quot;,&quot;orientation&quot;:&quot;1&quot;}\" data-image-title=\"\" data-image-description=\"\" data-medium-file=\"https:\/\/i0.wp.com\/www.freidenker.org\/fw17\/wp-content\/uploads\/2021\/05\/Antizionism-is-not-Antisemitism.jpg?fit=300%2C200&#038;ssl=1\" data-large-file=\"https:\/\/i0.wp.com\/www.freidenker.org\/fw17\/wp-content\/uploads\/2021\/05\/Antizionism-is-not-Antisemitism.jpg?fit=800%2C534&#038;ssl=1\" src=\"https:\/\/i0.wp.com\/www.freidenker.org\/fw17\/wp-content\/uploads\/2021\/05\/Antizionism-is-not-Antisemitism.jpg?w=262&#038;h=175&#038;ssl=1\" srcset=\"https:\/\/i0.wp.com\/www.freidenker.org\/fw17\/wp-content\/uploads\/2021\/05\/Antizionism-is-not-Antisemitism.jpg?w=1920&amp;ssl=1 1920w, https:\/\/i0.wp.com\/www.freidenker.org\/fw17\/wp-content\/uploads\/2021\/05\/Antizionism-is-not-Antisemitism.jpg?resize=300%2C200&amp;ssl=1 300w, https:\/\/i0.wp.com\/www.freidenker.org\/fw17\/wp-content\/uploads\/2021\/05\/Antizionism-is-not-Antisemitism.jpg?resize=1024%2C683&amp;ssl=1 1024w, https:\/\/i0.wp.com\/www.freidenker.org\/fw17\/wp-content\/uploads\/2021\/05\/Antizionism-is-not-Antisemitism.jpg?resize=768%2C512&amp;ssl=1 768w, https:\/\/i0.wp.com\/www.freidenker.org\/fw17\/wp-content\/uploads\/2021\/05\/Antizionism-is-not-Antisemitism.jpg?resize=1536%2C1025&amp;ssl=1 1536w, https:\/\/i0.wp.com\/www.freidenker.org\/fw17\/wp-content\/uploads\/2021\/05\/Antizionism-is-not-Antisemitism.jpg?w=1600&amp;ssl=1 1600w\" width=\"262\" height=\"175\" loading=\"lazy\" data-original-width=\"262\" data-original-height=\"175\" itemprop=\"http:\/\/schema.org\/image\" title=\"\" alt=\"Aktionstag gegen die andauernde Nakba, Berlin 15.05.2021\" style=\"width: 262px; height: 175px;\" \/> <\/a> <div class=\"tiled-gallery-caption\" itemprop=\"caption description\"> Aktionstag gegen die andauernde Nakba, Berlin 15.05.2021 <\/div> <\/div> <\/div> <!-- close group --> <\/div> <!-- close row --> <div class=\"gallery-row\" style=\"width: 800px; height: 179px;\" data-original-width=\"800\" data-original-height=\"179\" > <div class=\"gallery-group images-1\" style=\"width: 267px; height: 179px;\" data-original-width=\"267\" data-original-height=\"179\" > <div class=\"tiled-gallery-item tiled-gallery-item-large\" itemprop=\"associatedMedia\" itemscope itemtype=\"http:\/\/schema.org\/ImageObject\"> <a href=\"https:\/\/www.freidenker.org\/?attachment_id=10399\" border=\"0\" itemprop=\"url\"> <meta itemprop=\"width\" content=\"263\"> <meta itemprop=\"height\" content=\"175\"> <img decoding=\"async\" class=\"\" data-attachment-id=\"10399\" data-orig-file=\"https:\/\/www.freidenker.org\/fw17\/wp-content\/uploads\/2021\/05\/P1040754.jpg\" data-orig-size=\"1920,1281\" data-comments-opened=\"\" data-image-meta=\"{&quot;aperture&quot;:&quot;2.2&quot;,&quot;credit&quot;:&quot;&quot;,&quot;camera&quot;:&quot;DMC-LX5&quot;,&quot;caption&quot;:&quot;&quot;,&quot;created_timestamp&quot;:&quot;1621100637&quot;,&quot;copyright&quot;:&quot;&quot;,&quot;focal_length&quot;:&quot;5.1&quot;,&quot;iso&quot;:&quot;80&quot;,&quot;shutter_speed&quot;:&quot;0.008&quot;,&quot;title&quot;:&quot;&quot;,&quot;orientation&quot;:&quot;1&quot;}\" data-image-title=\"\" data-image-description=\"\" data-medium-file=\"https:\/\/i0.wp.com\/www.freidenker.org\/fw17\/wp-content\/uploads\/2021\/05\/P1040754.jpg?fit=300%2C200&#038;ssl=1\" data-large-file=\"https:\/\/i0.wp.com\/www.freidenker.org\/fw17\/wp-content\/uploads\/2021\/05\/P1040754.jpg?fit=800%2C534&#038;ssl=1\" src=\"https:\/\/i0.wp.com\/www.freidenker.org\/fw17\/wp-content\/uploads\/2021\/05\/P1040754.jpg?w=263&#038;h=175&#038;ssl=1\" srcset=\"https:\/\/i0.wp.com\/www.freidenker.org\/fw17\/wp-content\/uploads\/2021\/05\/P1040754.jpg?w=1920&amp;ssl=1 1920w, https:\/\/i0.wp.com\/www.freidenker.org\/fw17\/wp-content\/uploads\/2021\/05\/P1040754.jpg?resize=300%2C200&amp;ssl=1 300w, https:\/\/i0.wp.com\/www.freidenker.org\/fw17\/wp-content\/uploads\/2021\/05\/P1040754.jpg?resize=1024%2C683&amp;ssl=1 1024w, https:\/\/i0.wp.com\/www.freidenker.org\/fw17\/wp-content\/uploads\/2021\/05\/P1040754.jpg?resize=768%2C512&amp;ssl=1 768w, https:\/\/i0.wp.com\/www.freidenker.org\/fw17\/wp-content\/uploads\/2021\/05\/P1040754.jpg?resize=1536%2C1025&amp;ssl=1 1536w, https:\/\/i0.wp.com\/www.freidenker.org\/fw17\/wp-content\/uploads\/2021\/05\/P1040754.jpg?w=1600&amp;ssl=1 1600w\" width=\"263\" height=\"175\" loading=\"lazy\" data-original-width=\"263\" data-original-height=\"175\" itemprop=\"http:\/\/schema.org\/image\" title=\"\" alt=\"Aktionstag gegen die andauernde Nakba, Berlin 15.05.2021\" style=\"width: 263px; height: 175px;\" \/> <\/a> <div class=\"tiled-gallery-caption\" itemprop=\"caption description\"> Aktionstag gegen die andauernde Nakba, Berlin 15.05.2021 <\/div> <\/div> <\/div> <!-- close group --> <div class=\"gallery-group images-1\" style=\"width: 267px; height: 179px;\" data-original-width=\"267\" data-original-height=\"179\" > <div class=\"tiled-gallery-item tiled-gallery-item-large\" itemprop=\"associatedMedia\" itemscope itemtype=\"http:\/\/schema.org\/ImageObject\"> <a href=\"https:\/\/www.freidenker.org\/?attachment_id=10398\" border=\"0\" itemprop=\"url\"> <meta itemprop=\"width\" content=\"263\"> <meta itemprop=\"height\" content=\"175\"> <img decoding=\"async\" class=\"\" data-attachment-id=\"10398\" data-orig-file=\"https:\/\/www.freidenker.org\/fw17\/wp-content\/uploads\/2021\/05\/P1040746.jpg\" data-orig-size=\"1920,1281\" data-comments-opened=\"\" data-image-meta=\"{&quot;aperture&quot;:&quot;2.8&quot;,&quot;credit&quot;:&quot;&quot;,&quot;camera&quot;:&quot;DMC-LX5&quot;,&quot;caption&quot;:&quot;&quot;,&quot;created_timestamp&quot;:&quot;1621100063&quot;,&quot;copyright&quot;:&quot;&quot;,&quot;focal_length&quot;:&quot;6.4&quot;,&quot;iso&quot;:&quot;80&quot;,&quot;shutter_speed&quot;:&quot;0.002&quot;,&quot;title&quot;:&quot;&quot;,&quot;orientation&quot;:&quot;1&quot;}\" data-image-title=\"\" data-image-description=\"\" data-medium-file=\"https:\/\/i0.wp.com\/www.freidenker.org\/fw17\/wp-content\/uploads\/2021\/05\/P1040746.jpg?fit=300%2C200&#038;ssl=1\" data-large-file=\"https:\/\/i0.wp.com\/www.freidenker.org\/fw17\/wp-content\/uploads\/2021\/05\/P1040746.jpg?fit=800%2C534&#038;ssl=1\" src=\"https:\/\/i0.wp.com\/www.freidenker.org\/fw17\/wp-content\/uploads\/2021\/05\/P1040746.jpg?w=263&#038;h=175&#038;ssl=1\" srcset=\"https:\/\/i0.wp.com\/www.freidenker.org\/fw17\/wp-content\/uploads\/2021\/05\/P1040746.jpg?w=1920&amp;ssl=1 1920w, https:\/\/i0.wp.com\/www.freidenker.org\/fw17\/wp-content\/uploads\/2021\/05\/P1040746.jpg?resize=300%2C200&amp;ssl=1 300w, https:\/\/i0.wp.com\/www.freidenker.org\/fw17\/wp-content\/uploads\/2021\/05\/P1040746.jpg?resize=1024%2C683&amp;ssl=1 1024w, https:\/\/i0.wp.com\/www.freidenker.org\/fw17\/wp-content\/uploads\/2021\/05\/P1040746.jpg?resize=768%2C512&amp;ssl=1 768w, https:\/\/i0.wp.com\/www.freidenker.org\/fw17\/wp-content\/uploads\/2021\/05\/P1040746.jpg?resize=1536%2C1025&amp;ssl=1 1536w, https:\/\/i0.wp.com\/www.freidenker.org\/fw17\/wp-content\/uploads\/2021\/05\/P1040746.jpg?w=1600&amp;ssl=1 1600w\" width=\"263\" height=\"175\" loading=\"lazy\" data-original-width=\"263\" data-original-height=\"175\" itemprop=\"http:\/\/schema.org\/image\" title=\"\" alt=\"Aktionstag gegen die andauernde Nakba, Berlin 15.05.2021\" style=\"width: 263px; height: 175px;\" \/> <\/a> <div class=\"tiled-gallery-caption\" itemprop=\"caption description\"> Aktionstag gegen die andauernde Nakba, Berlin 15.05.2021 <\/div> <\/div> <\/div> <!-- close group --> <div class=\"gallery-group images-1\" style=\"width: 266px; height: 179px;\" data-original-width=\"266\" data-original-height=\"179\" > <div class=\"tiled-gallery-item tiled-gallery-item-large\" itemprop=\"associatedMedia\" itemscope itemtype=\"http:\/\/schema.org\/ImageObject\"> <a href=\"https:\/\/www.freidenker.org\/?attachment_id=10391\" border=\"0\" itemprop=\"url\"> <meta itemprop=\"width\" content=\"262\"> <meta itemprop=\"height\" content=\"175\"> <img decoding=\"async\" class=\"\" data-attachment-id=\"10391\" data-orig-file=\"https:\/\/www.freidenker.org\/fw17\/wp-content\/uploads\/2021\/05\/P1040703.jpg\" data-orig-size=\"1920,1281\" data-comments-opened=\"\" data-image-meta=\"{&quot;aperture&quot;:&quot;3.1&quot;,&quot;credit&quot;:&quot;&quot;,&quot;camera&quot;:&quot;DMC-LX5&quot;,&quot;caption&quot;:&quot;&quot;,&quot;created_timestamp&quot;:&quot;1621098179&quot;,&quot;copyright&quot;:&quot;&quot;,&quot;focal_length&quot;:&quot;16&quot;,&quot;iso&quot;:&quot;80&quot;,&quot;shutter_speed&quot;:&quot;0.00625&quot;,&quot;title&quot;:&quot;&quot;,&quot;orientation&quot;:&quot;1&quot;}\" data-image-title=\"\" data-image-description=\"\" data-medium-file=\"https:\/\/i0.wp.com\/www.freidenker.org\/fw17\/wp-content\/uploads\/2021\/05\/P1040703.jpg?fit=300%2C200&#038;ssl=1\" data-large-file=\"https:\/\/i0.wp.com\/www.freidenker.org\/fw17\/wp-content\/uploads\/2021\/05\/P1040703.jpg?fit=800%2C534&#038;ssl=1\" src=\"https:\/\/i0.wp.com\/www.freidenker.org\/fw17\/wp-content\/uploads\/2021\/05\/P1040703.jpg?w=262&#038;h=175&#038;ssl=1\" srcset=\"https:\/\/i0.wp.com\/www.freidenker.org\/fw17\/wp-content\/uploads\/2021\/05\/P1040703.jpg?w=1920&amp;ssl=1 1920w, https:\/\/i0.wp.com\/www.freidenker.org\/fw17\/wp-content\/uploads\/2021\/05\/P1040703.jpg?resize=300%2C200&amp;ssl=1 300w, https:\/\/i0.wp.com\/www.freidenker.org\/fw17\/wp-content\/uploads\/2021\/05\/P1040703.jpg?resize=1024%2C683&amp;ssl=1 1024w, https:\/\/i0.wp.com\/www.freidenker.org\/fw17\/wp-content\/uploads\/2021\/05\/P1040703.jpg?resize=768%2C512&amp;ssl=1 768w, https:\/\/i0.wp.com\/www.freidenker.org\/fw17\/wp-content\/uploads\/2021\/05\/P1040703.jpg?resize=1536%2C1025&amp;ssl=1 1536w, https:\/\/i0.wp.com\/www.freidenker.org\/fw17\/wp-content\/uploads\/2021\/05\/P1040703.jpg?w=1600&amp;ssl=1 1600w\" width=\"262\" height=\"175\" loading=\"lazy\" data-original-width=\"262\" data-original-height=\"175\" itemprop=\"http:\/\/schema.org\/image\" title=\"\" alt=\"Aktionstag gegen die andauernde Nakba, Berlin 15.05.2021\" style=\"width: 262px; height: 175px;\" \/> <\/a> <div class=\"tiled-gallery-caption\" itemprop=\"caption description\"> Aktionstag gegen die andauernde Nakba, Berlin 15.05.2021 <\/div> <\/div> <\/div> <!-- close group --> <\/div> <!-- close row --> <div class=\"gallery-row\" style=\"width: 800px; height: 268px;\" data-original-width=\"800\" data-original-height=\"268\" > <div class=\"gallery-group images-1\" style=\"width: 400px; height: 268px;\" data-original-width=\"400\" data-original-height=\"268\" > <div class=\"tiled-gallery-item tiled-gallery-item-large\" itemprop=\"associatedMedia\" itemscope itemtype=\"http:\/\/schema.org\/ImageObject\"> <a href=\"https:\/\/www.freidenker.org\/?attachment_id=10389\" border=\"0\" itemprop=\"url\"> <meta itemprop=\"width\" content=\"396\"> <meta itemprop=\"height\" content=\"264\"> <img decoding=\"async\" class=\"\" data-attachment-id=\"10389\" data-orig-file=\"https:\/\/www.freidenker.org\/fw17\/wp-content\/uploads\/2021\/05\/P1040700.jpg\" data-orig-size=\"1920,1281\" data-comments-opened=\"\" data-image-meta=\"{&quot;aperture&quot;:&quot;2.8&quot;,&quot;credit&quot;:&quot;&quot;,&quot;camera&quot;:&quot;DMC-LX5&quot;,&quot;caption&quot;:&quot;&quot;,&quot;created_timestamp&quot;:&quot;1621098109&quot;,&quot;copyright&quot;:&quot;&quot;,&quot;focal_length&quot;:&quot;10&quot;,&quot;iso&quot;:&quot;125&quot;,&quot;shutter_speed&quot;:&quot;0.0025&quot;,&quot;title&quot;:&quot;&quot;,&quot;orientation&quot;:&quot;1&quot;}\" data-image-title=\"\" data-image-description=\"\" data-medium-file=\"https:\/\/i0.wp.com\/www.freidenker.org\/fw17\/wp-content\/uploads\/2021\/05\/P1040700.jpg?fit=300%2C200&#038;ssl=1\" data-large-file=\"https:\/\/i0.wp.com\/www.freidenker.org\/fw17\/wp-content\/uploads\/2021\/05\/P1040700.jpg?fit=800%2C534&#038;ssl=1\" src=\"https:\/\/i0.wp.com\/www.freidenker.org\/fw17\/wp-content\/uploads\/2021\/05\/P1040700.jpg?w=396&#038;h=264&#038;ssl=1\" srcset=\"https:\/\/i0.wp.com\/www.freidenker.org\/fw17\/wp-content\/uploads\/2021\/05\/P1040700.jpg?w=1920&amp;ssl=1 1920w, https:\/\/i0.wp.com\/www.freidenker.org\/fw17\/wp-content\/uploads\/2021\/05\/P1040700.jpg?resize=300%2C200&amp;ssl=1 300w, https:\/\/i0.wp.com\/www.freidenker.org\/fw17\/wp-content\/uploads\/2021\/05\/P1040700.jpg?resize=1024%2C683&amp;ssl=1 1024w, https:\/\/i0.wp.com\/www.freidenker.org\/fw17\/wp-content\/uploads\/2021\/05\/P1040700.jpg?resize=768%2C512&amp;ssl=1 768w, https:\/\/i0.wp.com\/www.freidenker.org\/fw17\/wp-content\/uploads\/2021\/05\/P1040700.jpg?resize=1536%2C1025&amp;ssl=1 1536w, https:\/\/i0.wp.com\/www.freidenker.org\/fw17\/wp-content\/uploads\/2021\/05\/P1040700.jpg?w=1600&amp;ssl=1 1600w\" width=\"396\" height=\"264\" loading=\"lazy\" data-original-width=\"396\" data-original-height=\"264\" itemprop=\"http:\/\/schema.org\/image\" title=\"\" alt=\"Aktionstag gegen die andauernde Nakba, Berlin 15.05.2021\" style=\"width: 396px; height: 264px;\" \/> <\/a> <div class=\"tiled-gallery-caption\" itemprop=\"caption description\"> Aktionstag gegen die andauernde Nakba, Berlin 15.05.2021 <\/div> <\/div> <\/div> <!-- close group --> <div class=\"gallery-group images-1\" style=\"width: 400px; height: 268px;\" data-original-width=\"400\" data-original-height=\"268\" > <div class=\"tiled-gallery-item tiled-gallery-item-large\" itemprop=\"associatedMedia\" itemscope itemtype=\"http:\/\/schema.org\/ImageObject\"> <a href=\"https:\/\/www.freidenker.org\/?attachment_id=10393\" border=\"0\" itemprop=\"url\"> <meta itemprop=\"width\" content=\"396\"> <meta itemprop=\"height\" content=\"264\"> <img decoding=\"async\" class=\"\" data-attachment-id=\"10393\" data-orig-file=\"https:\/\/www.freidenker.org\/fw17\/wp-content\/uploads\/2021\/05\/P1040710.jpg\" data-orig-size=\"1920,1281\" data-comments-opened=\"\" data-image-meta=\"{&quot;aperture&quot;:&quot;2.8&quot;,&quot;credit&quot;:&quot;&quot;,&quot;camera&quot;:&quot;DMC-LX5&quot;,&quot;caption&quot;:&quot;&quot;,&quot;created_timestamp&quot;:&quot;1621098243&quot;,&quot;copyright&quot;:&quot;&quot;,&quot;focal_length&quot;:&quot;5.1&quot;,&quot;iso&quot;:&quot;80&quot;,&quot;shutter_speed&quot;:&quot;0.003125&quot;,&quot;title&quot;:&quot;&quot;,&quot;orientation&quot;:&quot;1&quot;}\" data-image-title=\"\" data-image-description=\"\" data-medium-file=\"https:\/\/i0.wp.com\/www.freidenker.org\/fw17\/wp-content\/uploads\/2021\/05\/P1040710.jpg?fit=300%2C200&#038;ssl=1\" data-large-file=\"https:\/\/i0.wp.com\/www.freidenker.org\/fw17\/wp-content\/uploads\/2021\/05\/P1040710.jpg?fit=800%2C534&#038;ssl=1\" src=\"https:\/\/i0.wp.com\/www.freidenker.org\/fw17\/wp-content\/uploads\/2021\/05\/P1040710.jpg?w=396&#038;h=264&#038;ssl=1\" srcset=\"https:\/\/i0.wp.com\/www.freidenker.org\/fw17\/wp-content\/uploads\/2021\/05\/P1040710.jpg?w=1920&amp;ssl=1 1920w, https:\/\/i0.wp.com\/www.freidenker.org\/fw17\/wp-content\/uploads\/2021\/05\/P1040710.jpg?resize=300%2C200&amp;ssl=1 300w, https:\/\/i0.wp.com\/www.freidenker.org\/fw17\/wp-content\/uploads\/2021\/05\/P1040710.jpg?resize=1024%2C683&amp;ssl=1 1024w, https:\/\/i0.wp.com\/www.freidenker.org\/fw17\/wp-content\/uploads\/2021\/05\/P1040710.jpg?resize=768%2C512&amp;ssl=1 768w, https:\/\/i0.wp.com\/www.freidenker.org\/fw17\/wp-content\/uploads\/2021\/05\/P1040710.jpg?resize=1536%2C1025&amp;ssl=1 1536w, https:\/\/i0.wp.com\/www.freidenker.org\/fw17\/wp-content\/uploads\/2021\/05\/P1040710.jpg?w=1600&amp;ssl=1 1600w\" width=\"396\" height=\"264\" loading=\"lazy\" data-original-width=\"396\" data-original-height=\"264\" itemprop=\"http:\/\/schema.org\/image\" title=\"\" alt=\"Aktionstag gegen die andauernde Nakba, Berlin 15.05.2021\" style=\"width: 396px; height: 264px;\" \/> <\/a> <div class=\"tiled-gallery-caption\" itemprop=\"caption description\"> Aktionstag gegen die andauernde Nakba, Berlin 15.05.2021 <\/div> <\/div> <\/div> <!-- close group --> <\/div> <!-- close row --> <\/div>\n<p><span style=\"font-size: 10pt;\">Fotos: Ingrid Koschmieder<\/span><\/p>\n<hr \/>\n<h4>Gewalt im Nahen Osten kann nur durch Beenden von Besatzung und Unterdr\u00fcckung beendet werden<\/h4>\n<p><em>Rede von <strong>Joachim Guilliard<\/strong> auf der Mahnwache gegen die Gewalteskalation im Nahen Osten am 15.05.2021 in Heidelberg <\/em><\/p>\n<p>Der Nahost-Konflikt steuert erneut auf einen neuen gr\u00f6\u00dferen Krieg zu. Doch es sind nicht die Raketen der Hamas, die die neue Eskalation provozierten, wie es deutsche Politiker und Medien suggerieren. Es war vielmehr die erneute Vertreibung von pal\u00e4stinensischen Familien aus Ostjerusalem, ein erneuter Akt im fortgesetzten Raub pal\u00e4stinensischen Landes, mit dem Israel den Pal\u00e4stinensern ihre Lebensgrundlage in Ost-Jerusalem zerst\u00f6ren will.<\/p>\n<p>Es war die Torpedierung pal\u00e4stinensischer Wahlen durch die Weigerung der Netanjahu-Regierung, den Pal\u00e4stinenserinnen und Pal\u00e4stinensern in Ost-Jerusalem ihr Wahlrecht zu gew\u00e4hren. Es waren die israelischen Sicherheitskr\u00e4fte, die seit Beginn des Ramadan den Muslimen die Bewegungs- und Religionsfreiheit auf dem Haram Al Sharif\/Tempelberg v\u00f6lkerrechtswidrig einschr\u00e4nkten und die Proteste dagegen mit \u00e4u\u00dferster Brutalit\u00e4t niederschlugen. Alles deutet daraufhin, dass Israels Dauerpremier Benjamin Netanjahu bewusst auf eine Gewalteskalation hinarbeitete. F\u00fcr ihn ist diese Eskalation, sind die Raketen der Hamas die letzte Chance doch noch eine erneute Wiederwahl und Schutz vor Strafverfolgung zu erreichen.<\/p>\n<p>International regte sich kaum Protest gegen die st\u00e4ndige Gewalteskalation der Besatzungsmacht. Wenn die von der Welt im Stich gelassenen Pal\u00e4stinenser in ihrer ohnm\u00e4chtigen Wut zu ihrer letzten Waffe, den Raketen, greifen, so liegt die Verantwortung auch bei den USA und den EU-Staaten. Sie alle haben ihren engen nah\u00f6stlichen Verb\u00fcndeten nicht nur gew\u00e4hren lassen, sondern letztlich aktiv unterst\u00fctzt.<\/p>\n<p>Der neue US-Pr\u00e4sident hat Trumps Entscheidung bzgl. Israel nicht revidiert, der Jerusalem als Hauptstadt und den Landraub im Westjordanland anerkannte. Wenn die Bundesregierung nun einseitig die Hamas f\u00fcr den Beschuss ziviler Ziele verurteilt, die ungleich t\u00f6dlicheren Luftangriffe aber als Selbstverteidigung rechtfertigt, stellt auch sie sich erneut hinter die brutale Besatzungspolitik. Dabei gibt es, wie der V\u00f6lkerrechtler Norman Paech anl\u00e4sslich des Gaza-Krieges 2008\/09 erl\u00e4uterte, f\u00fcr eine rechtswidrige Besatzung keinerlei Recht auf Verteidigung, sondern nur die Verpflichtung, die Besatzung vollst\u00e4ndig aufzuheben.<\/p>\n<p>Zudem m\u00fcssen wir unsere Regierung fragen, wo in diesem v\u00f6llig asymmetrischen Konflikt die Verteidigung der pal\u00e4stinensischen Bev\u00f6lkerung bleibt?<\/p>\n<p>Wir stehen hier, um gegen die Gewaltpolitik Israels zu protestieren. Wir fordern von der deutschen Regierung und der EU ein entschiedenes Engagement f\u00fcr einen raschen Waffenstillstand. Dazu d\u00fcrfen sie nicht nur einseitig die Hamas f\u00fcr den Beschuss ziviler Ziele verurteilen, sie m\u00fcssen sich vielmehr auch klar gegen das ungleich t\u00f6dlichere Bombardement des Gazastreifens wenden. Wenn die israelische Luftwaffe mehrst\u00f6ckige Wohngeb\u00e4ude zusammenbombt, so ist dies nicht nur v\u00f6llig unverh\u00e4ltnism\u00e4\u00dfig, sondern ein Angriff auf die Zivilbev\u00f6lkerung, ihre kollektive Bestrafung und damit ein Kriegsverbrechen.<\/p>\n<p>Wir wenden uns gleichzeitig auch gegen jede Form von wirklichem Antisemitismus, d.h. Hass gegen Juden, weil sie Juden sind, und gegen die j\u00fcngsten Angriffe hierzulande auf j\u00fcdische Einrichtungen. Es geht nicht um Juden und Araber, sondern um die Politik eines Staates, der Territorien besetzt h\u00e4lt, die dortige Bev\u00f6lkerung unterdr\u00fcckt und eine Minderheit im Land diskriminiert.<\/p>\n<p>Der einzige Weg, die Gewalt in Israel und Pal\u00e4stina zu stoppen, ist diese Besatzung und Unterdr\u00fcckung zu beenden!<\/p>\n<p>Wir fordern die Bundesregierung auf, sich st\u00e4rker f\u00fcr die Rechte der Pal\u00e4stinenserInnen einzusetzen. Den eindeutigen Vorgaben der UNO und des V\u00f6lkerrechts muss endlich Geltung verschafft werden. Vertreibungen und Landraub m\u00fcssen gestoppt, die Besetzung des Westjordanlandes und die Blockade des Gazastreifens m\u00fcssen aufgehoben werden. Die arabische Bev\u00f6lkerung unter israelischer Herrschaft muss die gleichen Rechte bekommen wie die j\u00fcdische.<\/p>\n<p style=\"text-align: right;\"><em>Joachim Guilliard koordiniert das \u201eFriedensb\u00fcndnis Heidelberg\u201c<br \/>\nund ist Mitglied des Deutschen Freidenker-Verbandes<\/em><\/p>\n<h5>Fotogalerie: Mahnwache gegen die Gewalteskalation im Nahen Osten, Heidelberg 15.05.2021<\/h5>\n<div class=\"tiled-gallery type-rectangular tiled-gallery-unresized\" data-original-width=\"800\" data-carousel-extra='{&quot;blog_id&quot;:1,&quot;permalink&quot;:&quot;https:\\\/\\\/www.freidenker.org\\\/?p=10366&quot;,&quot;likes_blog_id&quot;:139773280}' itemscope itemtype=\"http:\/\/schema.org\/ImageGallery\" > <div class=\"gallery-row\" style=\"width: 800px; height: 300px;\" data-original-width=\"800\" data-original-height=\"300\" > <div class=\"gallery-group images-1\" style=\"width: 200px; height: 300px;\" data-original-width=\"200\" data-original-height=\"300\" > <div class=\"tiled-gallery-item tiled-gallery-item-small\" itemprop=\"associatedMedia\" itemscope itemtype=\"http:\/\/schema.org\/ImageObject\"> <a href=\"https:\/\/www.freidenker.org\/?attachment_id=10367\" border=\"0\" itemprop=\"url\"> <meta itemprop=\"width\" content=\"196\"> <meta itemprop=\"height\" content=\"296\"> <img decoding=\"async\" class=\"\" data-attachment-id=\"10367\" data-orig-file=\"https:\/\/www.freidenker.org\/fw17\/wp-content\/uploads\/2021\/05\/image01.jpg\" data-orig-size=\"816,1232\" data-comments-opened=\"\" data-image-meta=\"{&quot;aperture&quot;:&quot;5.6&quot;,&quot;credit&quot;:&quot;&quot;,&quot;camera&quot;:&quot;NIKON D5100&quot;,&quot;caption&quot;:&quot;&quot;,&quot;created_timestamp&quot;:&quot;1621080737&quot;,&quot;copyright&quot;:&quot;&quot;,&quot;focal_length&quot;:&quot;105&quot;,&quot;iso&quot;:&quot;200&quot;,&quot;shutter_speed&quot;:&quot;0.008&quot;,&quot;title&quot;:&quot;&quot;,&quot;orientation&quot;:&quot;1&quot;}\" data-image-title=\"\" data-image-description=\"\" data-medium-file=\"https:\/\/i0.wp.com\/www.freidenker.org\/fw17\/wp-content\/uploads\/2021\/05\/image01.jpg?fit=199%2C300&#038;ssl=1\" data-large-file=\"https:\/\/i0.wp.com\/www.freidenker.org\/fw17\/wp-content\/uploads\/2021\/05\/image01.jpg?fit=678%2C1024&#038;ssl=1\" src=\"https:\/\/i0.wp.com\/www.freidenker.org\/fw17\/wp-content\/uploads\/2021\/05\/image01.jpg?w=196&#038;h=296&#038;ssl=1\" srcset=\"https:\/\/i0.wp.com\/www.freidenker.org\/fw17\/wp-content\/uploads\/2021\/05\/image01.jpg?w=816&amp;ssl=1 816w, https:\/\/i0.wp.com\/www.freidenker.org\/fw17\/wp-content\/uploads\/2021\/05\/image01.jpg?resize=199%2C300&amp;ssl=1 199w, https:\/\/i0.wp.com\/www.freidenker.org\/fw17\/wp-content\/uploads\/2021\/05\/image01.jpg?resize=678%2C1024&amp;ssl=1 678w, https:\/\/i0.wp.com\/www.freidenker.org\/fw17\/wp-content\/uploads\/2021\/05\/image01.jpg?resize=768%2C1160&amp;ssl=1 768w\" width=\"196\" height=\"296\" loading=\"lazy\" data-original-width=\"196\" data-original-height=\"296\" itemprop=\"http:\/\/schema.org\/image\" title=\"\" alt=\"Mahnwache gegen die Gewalteskalation im Nahen Osten, Heidelberg 15.05.2021\" style=\"width: 196px; height: 296px;\" \/> <\/a> <div class=\"tiled-gallery-caption\" itemprop=\"caption description\"> Mahnwache gegen die Gewalteskalation im Nahen Osten, Heidelberg 15.05.2021 <\/div> <\/div> <\/div> <!-- close group --> <div class=\"gallery-group images-1\" style=\"width: 200px; height: 300px;\" data-original-width=\"200\" data-original-height=\"300\" > <div class=\"tiled-gallery-item tiled-gallery-item-small\" itemprop=\"associatedMedia\" itemscope itemtype=\"http:\/\/schema.org\/ImageObject\"> <a href=\"https:\/\/www.freidenker.org\/?attachment_id=10368\" border=\"0\" itemprop=\"url\"> <meta itemprop=\"width\" content=\"196\"> <meta itemprop=\"height\" content=\"296\"> <img decoding=\"async\" class=\"\" data-attachment-id=\"10368\" data-orig-file=\"https:\/\/www.freidenker.org\/fw17\/wp-content\/uploads\/2021\/05\/image02.jpg\" data-orig-size=\"1150,1737\" data-comments-opened=\"\" data-image-meta=\"{&quot;aperture&quot;:&quot;0&quot;,&quot;credit&quot;:&quot;&quot;,&quot;camera&quot;:&quot;&quot;,&quot;caption&quot;:&quot;&quot;,&quot;created_timestamp&quot;:&quot;0&quot;,&quot;copyright&quot;:&quot;&quot;,&quot;focal_length&quot;:&quot;0&quot;,&quot;iso&quot;:&quot;0&quot;,&quot;shutter_speed&quot;:&quot;0&quot;,&quot;title&quot;:&quot;&quot;,&quot;orientation&quot;:&quot;0&quot;}\" data-image-title=\"\" data-image-description=\"\" data-medium-file=\"https:\/\/i0.wp.com\/www.freidenker.org\/fw17\/wp-content\/uploads\/2021\/05\/image02.jpg?fit=199%2C300&#038;ssl=1\" data-large-file=\"https:\/\/i0.wp.com\/www.freidenker.org\/fw17\/wp-content\/uploads\/2021\/05\/image02.jpg?fit=678%2C1024&#038;ssl=1\" src=\"https:\/\/i0.wp.com\/www.freidenker.org\/fw17\/wp-content\/uploads\/2021\/05\/image02.jpg?w=196&#038;h=296&#038;ssl=1\" srcset=\"https:\/\/i0.wp.com\/www.freidenker.org\/fw17\/wp-content\/uploads\/2021\/05\/image02.jpg?w=1150&amp;ssl=1 1150w, https:\/\/i0.wp.com\/www.freidenker.org\/fw17\/wp-content\/uploads\/2021\/05\/image02.jpg?resize=199%2C300&amp;ssl=1 199w, https:\/\/i0.wp.com\/www.freidenker.org\/fw17\/wp-content\/uploads\/2021\/05\/image02.jpg?resize=678%2C1024&amp;ssl=1 678w, https:\/\/i0.wp.com\/www.freidenker.org\/fw17\/wp-content\/uploads\/2021\/05\/image02.jpg?resize=768%2C1160&amp;ssl=1 768w, https:\/\/i0.wp.com\/www.freidenker.org\/fw17\/wp-content\/uploads\/2021\/05\/image02.jpg?resize=1017%2C1536&amp;ssl=1 1017w\" width=\"196\" height=\"296\" loading=\"lazy\" data-original-width=\"196\" data-original-height=\"296\" itemprop=\"http:\/\/schema.org\/image\" title=\"\" alt=\"Mahnwache gegen die Gewalteskalation im Nahen Osten, Heidelberg 15.05.2021\" style=\"width: 196px; height: 296px;\" \/> <\/a> <div class=\"tiled-gallery-caption\" itemprop=\"caption description\"> Mahnwache gegen die Gewalteskalation im Nahen Osten, Heidelberg 15.05.2021 <\/div> <\/div> <\/div> <!-- close group --> <div class=\"gallery-group images-1\" style=\"width: 200px; height: 300px;\" data-original-width=\"200\" data-original-height=\"300\" > <div class=\"tiled-gallery-item tiled-gallery-item-small\" itemprop=\"associatedMedia\" itemscope itemtype=\"http:\/\/schema.org\/ImageObject\"> <a href=\"https:\/\/www.freidenker.org\/?attachment_id=10369\" border=\"0\" itemprop=\"url\"> <meta itemprop=\"width\" content=\"196\"> <meta itemprop=\"height\" content=\"296\"> <img decoding=\"async\" class=\"\" data-attachment-id=\"10369\" data-orig-file=\"https:\/\/www.freidenker.org\/fw17\/wp-content\/uploads\/2021\/05\/image03.jpg\" data-orig-size=\"816,1232\" data-comments-opened=\"\" data-image-meta=\"{&quot;aperture&quot;:&quot;5.6&quot;,&quot;credit&quot;:&quot;&quot;,&quot;camera&quot;:&quot;NIKON D5100&quot;,&quot;caption&quot;:&quot;&quot;,&quot;created_timestamp&quot;:&quot;1621080700&quot;,&quot;copyright&quot;:&quot;&quot;,&quot;focal_length&quot;:&quot;38&quot;,&quot;iso&quot;:&quot;280&quot;,&quot;shutter_speed&quot;:&quot;0.008&quot;,&quot;title&quot;:&quot;&quot;,&quot;orientation&quot;:&quot;1&quot;}\" data-image-title=\"\" data-image-description=\"\" data-medium-file=\"https:\/\/i0.wp.com\/www.freidenker.org\/fw17\/wp-content\/uploads\/2021\/05\/image03.jpg?fit=199%2C300&#038;ssl=1\" data-large-file=\"https:\/\/i0.wp.com\/www.freidenker.org\/fw17\/wp-content\/uploads\/2021\/05\/image03.jpg?fit=678%2C1024&#038;ssl=1\" src=\"https:\/\/i0.wp.com\/www.freidenker.org\/fw17\/wp-content\/uploads\/2021\/05\/image03.jpg?w=196&#038;h=296&#038;ssl=1\" srcset=\"https:\/\/i0.wp.com\/www.freidenker.org\/fw17\/wp-content\/uploads\/2021\/05\/image03.jpg?w=816&amp;ssl=1 816w, https:\/\/i0.wp.com\/www.freidenker.org\/fw17\/wp-content\/uploads\/2021\/05\/image03.jpg?resize=199%2C300&amp;ssl=1 199w, https:\/\/i0.wp.com\/www.freidenker.org\/fw17\/wp-content\/uploads\/2021\/05\/image03.jpg?resize=678%2C1024&amp;ssl=1 678w, https:\/\/i0.wp.com\/www.freidenker.org\/fw17\/wp-content\/uploads\/2021\/05\/image03.jpg?resize=768%2C1160&amp;ssl=1 768w\" width=\"196\" height=\"296\" loading=\"lazy\" data-original-width=\"196\" data-original-height=\"296\" itemprop=\"http:\/\/schema.org\/image\" title=\"\" alt=\"Mahnwache gegen die Gewalteskalation im Nahen Osten, Heidelberg 15.05.2021\" style=\"width: 196px; height: 296px;\" \/> <\/a> <div class=\"tiled-gallery-caption\" itemprop=\"caption description\"> Mahnwache gegen die Gewalteskalation im Nahen Osten, Heidelberg 15.05.2021 <\/div> <\/div> <\/div> <!-- close group --> <div class=\"gallery-group images-1\" style=\"width: 200px; height: 300px;\" data-original-width=\"200\" data-original-height=\"300\" > <div class=\"tiled-gallery-item tiled-gallery-item-small\" itemprop=\"associatedMedia\" itemscope itemtype=\"http:\/\/schema.org\/ImageObject\"> <a href=\"https:\/\/www.freidenker.org\/?attachment_id=10370\" border=\"0\" itemprop=\"url\"> <meta itemprop=\"width\" content=\"196\"> <meta itemprop=\"height\" content=\"296\"> <img decoding=\"async\" class=\"\" data-attachment-id=\"10370\" data-orig-file=\"https:\/\/www.freidenker.org\/fw17\/wp-content\/uploads\/2021\/05\/image04.jpg\" data-orig-size=\"816,1232\" data-comments-opened=\"\" data-image-meta=\"{&quot;aperture&quot;:&quot;5.6&quot;,&quot;credit&quot;:&quot;&quot;,&quot;camera&quot;:&quot;NIKON D5100&quot;,&quot;caption&quot;:&quot;&quot;,&quot;created_timestamp&quot;:&quot;1621081618&quot;,&quot;copyright&quot;:&quot;&quot;,&quot;focal_length&quot;:&quot;80&quot;,&quot;iso&quot;:&quot;220&quot;,&quot;shutter_speed&quot;:&quot;0.008&quot;,&quot;title&quot;:&quot;&quot;,&quot;orientation&quot;:&quot;1&quot;}\" data-image-title=\"\" data-image-description=\"\" data-medium-file=\"https:\/\/i0.wp.com\/www.freidenker.org\/fw17\/wp-content\/uploads\/2021\/05\/image04.jpg?fit=199%2C300&#038;ssl=1\" data-large-file=\"https:\/\/i0.wp.com\/www.freidenker.org\/fw17\/wp-content\/uploads\/2021\/05\/image04.jpg?fit=678%2C1024&#038;ssl=1\" src=\"https:\/\/i0.wp.com\/www.freidenker.org\/fw17\/wp-content\/uploads\/2021\/05\/image04.jpg?w=196&#038;h=296&#038;ssl=1\" srcset=\"https:\/\/i0.wp.com\/www.freidenker.org\/fw17\/wp-content\/uploads\/2021\/05\/image04.jpg?w=816&amp;ssl=1 816w, https:\/\/i0.wp.com\/www.freidenker.org\/fw17\/wp-content\/uploads\/2021\/05\/image04.jpg?resize=199%2C300&amp;ssl=1 199w, https:\/\/i0.wp.com\/www.freidenker.org\/fw17\/wp-content\/uploads\/2021\/05\/image04.jpg?resize=678%2C1024&amp;ssl=1 678w, https:\/\/i0.wp.com\/www.freidenker.org\/fw17\/wp-content\/uploads\/2021\/05\/image04.jpg?resize=768%2C1160&amp;ssl=1 768w\" width=\"196\" height=\"296\" loading=\"lazy\" data-original-width=\"196\" data-original-height=\"296\" itemprop=\"http:\/\/schema.org\/image\" title=\"\" alt=\"Mahnwache gegen die Gewalteskalation im Nahen Osten, Heidelberg 15.05.2021\" style=\"width: 196px; height: 296px;\" \/> <\/a> <div class=\"tiled-gallery-caption\" itemprop=\"caption description\"> Mahnwache gegen die Gewalteskalation im Nahen Osten, Heidelberg 15.05.2021 <\/div> <\/div> <\/div> <!-- close group --> <\/div> <!-- close row --> <div class=\"gallery-row\" style=\"width: 800px; height: 369px;\" data-original-width=\"800\" data-original-height=\"369\" > <div class=\"gallery-group images-1\" style=\"width: 554px; height: 369px;\" data-original-width=\"554\" data-original-height=\"369\" > <div class=\"tiled-gallery-item tiled-gallery-item-large\" itemprop=\"associatedMedia\" itemscope itemtype=\"http:\/\/schema.org\/ImageObject\"> <a href=\"https:\/\/www.freidenker.org\/?attachment_id=10371\" border=\"0\" itemprop=\"url\"> <meta itemprop=\"width\" content=\"550\"> <meta itemprop=\"height\" content=\"365\"> <img decoding=\"async\" class=\"\" data-attachment-id=\"10371\" data-orig-file=\"https:\/\/www.freidenker.org\/fw17\/wp-content\/uploads\/2021\/05\/image05.jpg\" data-orig-size=\"1048,694\" data-comments-opened=\"\" data-image-meta=\"{&quot;aperture&quot;:&quot;7.1&quot;,&quot;credit&quot;:&quot;&quot;,&quot;camera&quot;:&quot;NIKON D5100&quot;,&quot;caption&quot;:&quot;&quot;,&quot;created_timestamp&quot;:&quot;1621081728&quot;,&quot;copyright&quot;:&quot;&quot;,&quot;focal_length&quot;:&quot;18&quot;,&quot;iso&quot;:&quot;200&quot;,&quot;shutter_speed&quot;:&quot;0.005&quot;,&quot;title&quot;:&quot;&quot;,&quot;orientation&quot;:&quot;1&quot;}\" data-image-title=\"\" data-image-description=\"\" data-medium-file=\"https:\/\/i0.wp.com\/www.freidenker.org\/fw17\/wp-content\/uploads\/2021\/05\/image05.jpg?fit=300%2C199&#038;ssl=1\" data-large-file=\"https:\/\/i0.wp.com\/www.freidenker.org\/fw17\/wp-content\/uploads\/2021\/05\/image05.jpg?fit=800%2C530&#038;ssl=1\" src=\"https:\/\/i0.wp.com\/www.freidenker.org\/fw17\/wp-content\/uploads\/2021\/05\/image05.jpg?w=550&#038;h=365&#038;ssl=1\" srcset=\"https:\/\/i0.wp.com\/www.freidenker.org\/fw17\/wp-content\/uploads\/2021\/05\/image05.jpg?w=1048&amp;ssl=1 1048w, https:\/\/i0.wp.com\/www.freidenker.org\/fw17\/wp-content\/uploads\/2021\/05\/image05.jpg?resize=300%2C199&amp;ssl=1 300w, https:\/\/i0.wp.com\/www.freidenker.org\/fw17\/wp-content\/uploads\/2021\/05\/image05.jpg?resize=1024%2C678&amp;ssl=1 1024w, https:\/\/i0.wp.com\/www.freidenker.org\/fw17\/wp-content\/uploads\/2021\/05\/image05.jpg?resize=768%2C509&amp;ssl=1 768w\" width=\"550\" height=\"365\" loading=\"lazy\" data-original-width=\"550\" data-original-height=\"365\" itemprop=\"http:\/\/schema.org\/image\" title=\"\" alt=\"Mahnwache gegen die Gewalteskalation im Nahen Osten, Heidelberg 15.05.2021\" style=\"width: 550px; height: 365px;\" \/> <\/a> <div class=\"tiled-gallery-caption\" itemprop=\"caption description\"> Mahnwache gegen die Gewalteskalation im Nahen Osten, Heidelberg 15.05.2021 <\/div> <\/div> <\/div> <!-- close group --> <div class=\"gallery-group images-1\" style=\"width: 246px; height: 369px;\" data-original-width=\"246\" data-original-height=\"369\" > <div class=\"tiled-gallery-item tiled-gallery-item-small\" itemprop=\"associatedMedia\" itemscope itemtype=\"http:\/\/schema.org\/ImageObject\"> <a href=\"https:\/\/www.freidenker.org\/?attachment_id=10372\" border=\"0\" itemprop=\"url\"> <meta itemprop=\"width\" content=\"242\"> <meta itemprop=\"height\" content=\"365\"> <img decoding=\"async\" class=\"\" data-attachment-id=\"10372\" data-orig-file=\"https:\/\/www.freidenker.org\/fw17\/wp-content\/uploads\/2021\/05\/image06.jpg\" data-orig-size=\"980,1479\" data-comments-opened=\"\" data-image-meta=\"{&quot;aperture&quot;:&quot;7.1&quot;,&quot;credit&quot;:&quot;&quot;,&quot;camera&quot;:&quot;NIKON D5100&quot;,&quot;caption&quot;:&quot;&quot;,&quot;created_timestamp&quot;:&quot;1621082272&quot;,&quot;copyright&quot;:&quot;&quot;,&quot;focal_length&quot;:&quot;35&quot;,&quot;iso&quot;:&quot;200&quot;,&quot;shutter_speed&quot;:&quot;0.005&quot;,&quot;title&quot;:&quot;&quot;,&quot;orientation&quot;:&quot;1&quot;}\" data-image-title=\"\" data-image-description=\"\" data-medium-file=\"https:\/\/i0.wp.com\/www.freidenker.org\/fw17\/wp-content\/uploads\/2021\/05\/image06.jpg?fit=199%2C300&#038;ssl=1\" data-large-file=\"https:\/\/i0.wp.com\/www.freidenker.org\/fw17\/wp-content\/uploads\/2021\/05\/image06.jpg?fit=679%2C1024&#038;ssl=1\" src=\"https:\/\/i0.wp.com\/www.freidenker.org\/fw17\/wp-content\/uploads\/2021\/05\/image06.jpg?w=242&#038;h=365&#038;ssl=1\" srcset=\"https:\/\/i0.wp.com\/www.freidenker.org\/fw17\/wp-content\/uploads\/2021\/05\/image06.jpg?w=980&amp;ssl=1 980w, https:\/\/i0.wp.com\/www.freidenker.org\/fw17\/wp-content\/uploads\/2021\/05\/image06.jpg?resize=199%2C300&amp;ssl=1 199w, https:\/\/i0.wp.com\/www.freidenker.org\/fw17\/wp-content\/uploads\/2021\/05\/image06.jpg?resize=679%2C1024&amp;ssl=1 679w, https:\/\/i0.wp.com\/www.freidenker.org\/fw17\/wp-content\/uploads\/2021\/05\/image06.jpg?resize=768%2C1159&amp;ssl=1 768w\" width=\"242\" height=\"365\" loading=\"lazy\" data-original-width=\"242\" data-original-height=\"365\" itemprop=\"http:\/\/schema.org\/image\" title=\"\" alt=\"Mahnwache gegen die Gewalteskalation im Nahen Osten, Heidelberg 15.05.2021\" style=\"width: 242px; height: 365px;\" \/> <\/a> <div class=\"tiled-gallery-caption\" itemprop=\"caption description\"> Mahnwache gegen die Gewalteskalation im Nahen Osten, Heidelberg 15.05.2021 <\/div> <\/div> <\/div> <!-- close group --> <\/div> <!-- close row --> <div class=\"gallery-row\" style=\"width: 800px; height: 384px;\" data-original-width=\"800\" data-original-height=\"384\" > <div class=\"gallery-group images-1\" style=\"width: 256px; height: 384px;\" data-original-width=\"256\" data-original-height=\"384\" > <div class=\"tiled-gallery-item tiled-gallery-item-large\" itemprop=\"associatedMedia\" itemscope itemtype=\"http:\/\/schema.org\/ImageObject\"> <a href=\"https:\/\/www.freidenker.org\/?attachment_id=10373\" border=\"0\" itemprop=\"url\"> <meta itemprop=\"width\" content=\"252\"> <meta itemprop=\"height\" content=\"380\"> <img decoding=\"async\" class=\"\" data-attachment-id=\"10373\" data-orig-file=\"https:\/\/www.freidenker.org\/fw17\/wp-content\/uploads\/2021\/05\/image07.jpg\" data-orig-size=\"816,1232\" data-comments-opened=\"\" data-image-meta=\"{&quot;aperture&quot;:&quot;6.3&quot;,&quot;credit&quot;:&quot;&quot;,&quot;camera&quot;:&quot;NIKON D5100&quot;,&quot;caption&quot;:&quot;&quot;,&quot;created_timestamp&quot;:&quot;1621082290&quot;,&quot;copyright&quot;:&quot;&quot;,&quot;focal_length&quot;:&quot;85&quot;,&quot;iso&quot;:&quot;200&quot;,&quot;shutter_speed&quot;:&quot;0.00625&quot;,&quot;title&quot;:&quot;&quot;,&quot;orientation&quot;:&quot;1&quot;}\" data-image-title=\"\" data-image-description=\"\" data-medium-file=\"https:\/\/i0.wp.com\/www.freidenker.org\/fw17\/wp-content\/uploads\/2021\/05\/image07.jpg?fit=199%2C300&#038;ssl=1\" data-large-file=\"https:\/\/i0.wp.com\/www.freidenker.org\/fw17\/wp-content\/uploads\/2021\/05\/image07.jpg?fit=678%2C1024&#038;ssl=1\" src=\"https:\/\/i0.wp.com\/www.freidenker.org\/fw17\/wp-content\/uploads\/2021\/05\/image07.jpg?w=252&#038;h=380&#038;ssl=1\" srcset=\"https:\/\/i0.wp.com\/www.freidenker.org\/fw17\/wp-content\/uploads\/2021\/05\/image07.jpg?w=816&amp;ssl=1 816w, https:\/\/i0.wp.com\/www.freidenker.org\/fw17\/wp-content\/uploads\/2021\/05\/image07.jpg?resize=199%2C300&amp;ssl=1 199w, https:\/\/i0.wp.com\/www.freidenker.org\/fw17\/wp-content\/uploads\/2021\/05\/image07.jpg?resize=678%2C1024&amp;ssl=1 678w, https:\/\/i0.wp.com\/www.freidenker.org\/fw17\/wp-content\/uploads\/2021\/05\/image07.jpg?resize=768%2C1160&amp;ssl=1 768w\" width=\"252\" height=\"380\" loading=\"lazy\" data-original-width=\"252\" data-original-height=\"380\" itemprop=\"http:\/\/schema.org\/image\" title=\"\" alt=\"Mahnwache gegen die Gewalteskalation im Nahen Osten, Heidelberg 15.05.2021; Vera Glitscher-Bailey vom Freidenker-Verband\" style=\"width: 252px; height: 380px;\" \/> <\/a> <div class=\"tiled-gallery-caption\" itemprop=\"caption description\"> Mahnwache gegen die Gewalteskalation im Nahen Osten, Heidelberg 15.05.2021; Vera Glitscher-Bailey vom Freidenker-Verband <\/div> <\/div> <\/div> <!-- close group --> <div class=\"gallery-group images-2\" style=\"width: 288px; height: 384px;\" data-original-width=\"288\" data-original-height=\"384\" > <div class=\"tiled-gallery-item tiled-gallery-item-large\" itemprop=\"associatedMedia\" itemscope itemtype=\"http:\/\/schema.org\/ImageObject\"> <a href=\"https:\/\/www.freidenker.org\/?attachment_id=10374\" border=\"0\" itemprop=\"url\"> <meta itemprop=\"width\" content=\"284\"> <meta itemprop=\"height\" content=\"188\"> <img decoding=\"async\" class=\"\" data-attachment-id=\"10374\" data-orig-file=\"https:\/\/www.freidenker.org\/fw17\/wp-content\/uploads\/2021\/05\/image08.jpg\" data-orig-size=\"913,605\" data-comments-opened=\"\" data-image-meta=\"{&quot;aperture&quot;:&quot;7.1&quot;,&quot;credit&quot;:&quot;&quot;,&quot;camera&quot;:&quot;NIKON D5100&quot;,&quot;caption&quot;:&quot;&quot;,&quot;created_timestamp&quot;:&quot;1621082377&quot;,&quot;copyright&quot;:&quot;&quot;,&quot;focal_length&quot;:&quot;18&quot;,&quot;iso&quot;:&quot;200&quot;,&quot;shutter_speed&quot;:&quot;0.005&quot;,&quot;title&quot;:&quot;&quot;,&quot;orientation&quot;:&quot;1&quot;}\" data-image-title=\"\" data-image-description=\"\" data-medium-file=\"https:\/\/i0.wp.com\/www.freidenker.org\/fw17\/wp-content\/uploads\/2021\/05\/image08.jpg?fit=300%2C199&#038;ssl=1\" data-large-file=\"https:\/\/i0.wp.com\/www.freidenker.org\/fw17\/wp-content\/uploads\/2021\/05\/image08.jpg?fit=800%2C530&#038;ssl=1\" src=\"https:\/\/i0.wp.com\/www.freidenker.org\/fw17\/wp-content\/uploads\/2021\/05\/image08.jpg?w=284&#038;h=188&#038;ssl=1\" srcset=\"https:\/\/i0.wp.com\/www.freidenker.org\/fw17\/wp-content\/uploads\/2021\/05\/image08.jpg?w=913&amp;ssl=1 913w, https:\/\/i0.wp.com\/www.freidenker.org\/fw17\/wp-content\/uploads\/2021\/05\/image08.jpg?resize=300%2C199&amp;ssl=1 300w, https:\/\/i0.wp.com\/www.freidenker.org\/fw17\/wp-content\/uploads\/2021\/05\/image08.jpg?resize=768%2C509&amp;ssl=1 768w\" width=\"284\" height=\"188\" loading=\"lazy\" data-original-width=\"284\" data-original-height=\"188\" itemprop=\"http:\/\/schema.org\/image\" title=\"\" alt=\"Mahnwache gegen die Gewalteskalation im Nahen Osten, Heidelberg 15.05.2021\" style=\"width: 284px; height: 188px;\" \/> <\/a> <div class=\"tiled-gallery-caption\" itemprop=\"caption description\"> Mahnwache gegen die Gewalteskalation im Nahen Osten, Heidelberg 15.05.2021 <\/div> <\/div> <div class=\"tiled-gallery-item tiled-gallery-item-large\" itemprop=\"associatedMedia\" itemscope itemtype=\"http:\/\/schema.org\/ImageObject\"> <a href=\"https:\/\/www.freidenker.org\/?attachment_id=10375\" border=\"0\" itemprop=\"url\"> <meta itemprop=\"width\" content=\"284\"> <meta itemprop=\"height\" content=\"188\"> <img decoding=\"async\" class=\"\" data-attachment-id=\"10375\" data-orig-file=\"https:\/\/www.freidenker.org\/fw17\/wp-content\/uploads\/2021\/05\/image09.jpg\" data-orig-size=\"1113,738\" data-comments-opened=\"\" data-image-meta=\"{&quot;aperture&quot;:&quot;6.3&quot;,&quot;credit&quot;:&quot;&quot;,&quot;camera&quot;:&quot;NIKON D5100&quot;,&quot;caption&quot;:&quot;&quot;,&quot;created_timestamp&quot;:&quot;1621082425&quot;,&quot;copyright&quot;:&quot;&quot;,&quot;focal_length&quot;:&quot;18&quot;,&quot;iso&quot;:&quot;200&quot;,&quot;shutter_speed&quot;:&quot;0.00625&quot;,&quot;title&quot;:&quot;&quot;,&quot;orientation&quot;:&quot;1&quot;}\" data-image-title=\"\" data-image-description=\"\" data-medium-file=\"https:\/\/i0.wp.com\/www.freidenker.org\/fw17\/wp-content\/uploads\/2021\/05\/image09.jpg?fit=300%2C199&#038;ssl=1\" data-large-file=\"https:\/\/i0.wp.com\/www.freidenker.org\/fw17\/wp-content\/uploads\/2021\/05\/image09.jpg?fit=800%2C530&#038;ssl=1\" src=\"https:\/\/i0.wp.com\/www.freidenker.org\/fw17\/wp-content\/uploads\/2021\/05\/image09.jpg?w=284&#038;h=188&#038;ssl=1\" srcset=\"https:\/\/i0.wp.com\/www.freidenker.org\/fw17\/wp-content\/uploads\/2021\/05\/image09.jpg?w=1113&amp;ssl=1 1113w, https:\/\/i0.wp.com\/www.freidenker.org\/fw17\/wp-content\/uploads\/2021\/05\/image09.jpg?resize=300%2C199&amp;ssl=1 300w, https:\/\/i0.wp.com\/www.freidenker.org\/fw17\/wp-content\/uploads\/2021\/05\/image09.jpg?resize=1024%2C679&amp;ssl=1 1024w, https:\/\/i0.wp.com\/www.freidenker.org\/fw17\/wp-content\/uploads\/2021\/05\/image09.jpg?resize=768%2C509&amp;ssl=1 768w\" width=\"284\" height=\"188\" loading=\"lazy\" data-original-width=\"284\" data-original-height=\"188\" itemprop=\"http:\/\/schema.org\/image\" title=\"\" alt=\"Mahnwache gegen die Gewalteskalation im Nahen Osten, Heidelberg 15.05.2021\" style=\"width: 284px; height: 188px;\" \/> <\/a> <div class=\"tiled-gallery-caption\" itemprop=\"caption description\"> Mahnwache gegen die Gewalteskalation im Nahen Osten, Heidelberg 15.05.2021 <\/div> <\/div> <\/div> <!-- close group --> <div class=\"gallery-group images-1\" style=\"width: 256px; height: 384px;\" data-original-width=\"256\" data-original-height=\"384\" > <div class=\"tiled-gallery-item tiled-gallery-item-large\" itemprop=\"associatedMedia\" itemscope itemtype=\"http:\/\/schema.org\/ImageObject\"> <a href=\"https:\/\/www.freidenker.org\/?attachment_id=10376\" border=\"0\" itemprop=\"url\"> <meta itemprop=\"width\" content=\"252\"> <meta itemprop=\"height\" content=\"380\"> <img decoding=\"async\" class=\"\" data-attachment-id=\"10376\" data-orig-file=\"https:\/\/www.freidenker.org\/fw17\/wp-content\/uploads\/2021\/05\/image10.jpg\" data-orig-size=\"816,1232\" data-comments-opened=\"\" data-image-meta=\"{&quot;aperture&quot;:&quot;5.6&quot;,&quot;credit&quot;:&quot;&quot;,&quot;camera&quot;:&quot;NIKON D5100&quot;,&quot;caption&quot;:&quot;&quot;,&quot;created_timestamp&quot;:&quot;1621082557&quot;,&quot;copyright&quot;:&quot;&quot;,&quot;focal_length&quot;:&quot;80&quot;,&quot;iso&quot;:&quot;200&quot;,&quot;shutter_speed&quot;:&quot;0.008&quot;,&quot;title&quot;:&quot;&quot;,&quot;orientation&quot;:&quot;1&quot;}\" data-image-title=\"\" data-image-description=\"\" data-medium-file=\"https:\/\/i0.wp.com\/www.freidenker.org\/fw17\/wp-content\/uploads\/2021\/05\/image10.jpg?fit=199%2C300&#038;ssl=1\" data-large-file=\"https:\/\/i0.wp.com\/www.freidenker.org\/fw17\/wp-content\/uploads\/2021\/05\/image10.jpg?fit=678%2C1024&#038;ssl=1\" src=\"https:\/\/i0.wp.com\/www.freidenker.org\/fw17\/wp-content\/uploads\/2021\/05\/image10.jpg?w=252&#038;h=380&#038;ssl=1\" srcset=\"https:\/\/i0.wp.com\/www.freidenker.org\/fw17\/wp-content\/uploads\/2021\/05\/image10.jpg?w=816&amp;ssl=1 816w, https:\/\/i0.wp.com\/www.freidenker.org\/fw17\/wp-content\/uploads\/2021\/05\/image10.jpg?resize=199%2C300&amp;ssl=1 199w, https:\/\/i0.wp.com\/www.freidenker.org\/fw17\/wp-content\/uploads\/2021\/05\/image10.jpg?resize=678%2C1024&amp;ssl=1 678w, https:\/\/i0.wp.com\/www.freidenker.org\/fw17\/wp-content\/uploads\/2021\/05\/image10.jpg?resize=768%2C1160&amp;ssl=1 768w\" width=\"252\" height=\"380\" loading=\"lazy\" data-original-width=\"252\" data-original-height=\"380\" itemprop=\"http:\/\/schema.org\/image\" title=\"\" alt=\"Mahnwache gegen die Gewalteskalation im Nahen Osten, Heidelberg 15.05.2021\" style=\"width: 252px; height: 380px;\" \/> <\/a> <div class=\"tiled-gallery-caption\" itemprop=\"caption description\"> Mahnwache gegen die Gewalteskalation im Nahen Osten, Heidelberg 15.05.2021 <\/div> <\/div> <\/div> <!-- close group --> <\/div> <!-- close row --> <div class=\"gallery-row\" style=\"width: 800px; height: 228px;\" data-original-width=\"800\" data-original-height=\"228\" > <div class=\"gallery-group images-1\" style=\"width: 343px; height: 228px;\" data-original-width=\"343\" data-original-height=\"228\" > <div class=\"tiled-gallery-item tiled-gallery-item-large\" itemprop=\"associatedMedia\" itemscope itemtype=\"http:\/\/schema.org\/ImageObject\"> <a href=\"https:\/\/www.freidenker.org\/?attachment_id=10377\" border=\"0\" itemprop=\"url\"> <meta itemprop=\"width\" content=\"339\"> <meta itemprop=\"height\" content=\"224\"> <img decoding=\"async\" class=\"\" data-attachment-id=\"10377\" data-orig-file=\"https:\/\/www.freidenker.org\/fw17\/wp-content\/uploads\/2021\/05\/image11.jpg\" data-orig-size=\"1232,816\" data-comments-opened=\"\" data-image-meta=\"{&quot;aperture&quot;:&quot;7.1&quot;,&quot;credit&quot;:&quot;&quot;,&quot;camera&quot;:&quot;NIKON D5100&quot;,&quot;caption&quot;:&quot;&quot;,&quot;created_timestamp&quot;:&quot;1621082581&quot;,&quot;copyright&quot;:&quot;&quot;,&quot;focal_length&quot;:&quot;18&quot;,&quot;iso&quot;:&quot;200&quot;,&quot;shutter_speed&quot;:&quot;0.005&quot;,&quot;title&quot;:&quot;&quot;,&quot;orientation&quot;:&quot;1&quot;}\" data-image-title=\"\" data-image-description=\"\" data-medium-file=\"https:\/\/i0.wp.com\/www.freidenker.org\/fw17\/wp-content\/uploads\/2021\/05\/image11.jpg?fit=300%2C199&#038;ssl=1\" data-large-file=\"https:\/\/i0.wp.com\/www.freidenker.org\/fw17\/wp-content\/uploads\/2021\/05\/image11.jpg?fit=800%2C530&#038;ssl=1\" src=\"https:\/\/i0.wp.com\/www.freidenker.org\/fw17\/wp-content\/uploads\/2021\/05\/image11.jpg?w=339&#038;h=224&#038;ssl=1\" srcset=\"https:\/\/i0.wp.com\/www.freidenker.org\/fw17\/wp-content\/uploads\/2021\/05\/image11.jpg?w=1232&amp;ssl=1 1232w, https:\/\/i0.wp.com\/www.freidenker.org\/fw17\/wp-content\/uploads\/2021\/05\/image11.jpg?resize=300%2C199&amp;ssl=1 300w, https:\/\/i0.wp.com\/www.freidenker.org\/fw17\/wp-content\/uploads\/2021\/05\/image11.jpg?resize=1024%2C678&amp;ssl=1 1024w, https:\/\/i0.wp.com\/www.freidenker.org\/fw17\/wp-content\/uploads\/2021\/05\/image11.jpg?resize=768%2C509&amp;ssl=1 768w\" width=\"339\" height=\"224\" loading=\"lazy\" data-original-width=\"339\" data-original-height=\"224\" itemprop=\"http:\/\/schema.org\/image\" title=\"\" alt=\"Mahnwache gegen die Gewalteskalation im Nahen Osten, Heidelberg 15.05.2021\" style=\"width: 339px; height: 224px;\" \/> <\/a> <div class=\"tiled-gallery-caption\" itemprop=\"caption description\"> Mahnwache gegen die Gewalteskalation im Nahen Osten, Heidelberg 15.05.2021 <\/div> <\/div> <\/div> <!-- close group --> <div class=\"gallery-group images-1\" style=\"width: 152px; height: 228px;\" data-original-width=\"152\" data-original-height=\"228\" > <div class=\"tiled-gallery-item tiled-gallery-item-small\" itemprop=\"associatedMedia\" itemscope itemtype=\"http:\/\/schema.org\/ImageObject\"> <a href=\"https:\/\/www.freidenker.org\/?attachment_id=10378\" border=\"0\" itemprop=\"url\"> <meta itemprop=\"width\" content=\"148\"> <meta itemprop=\"height\" content=\"224\"> <img decoding=\"async\" class=\"\" data-attachment-id=\"10378\" data-orig-file=\"https:\/\/www.freidenker.org\/fw17\/wp-content\/uploads\/2021\/05\/image13.jpg\" data-orig-size=\"1356,2048\" data-comments-opened=\"\" data-image-meta=\"{&quot;aperture&quot;:&quot;0&quot;,&quot;credit&quot;:&quot;&quot;,&quot;camera&quot;:&quot;&quot;,&quot;caption&quot;:&quot;&quot;,&quot;created_timestamp&quot;:&quot;0&quot;,&quot;copyright&quot;:&quot;&quot;,&quot;focal_length&quot;:&quot;0&quot;,&quot;iso&quot;:&quot;0&quot;,&quot;shutter_speed&quot;:&quot;0&quot;,&quot;title&quot;:&quot;&quot;,&quot;orientation&quot;:&quot;0&quot;}\" data-image-title=\"\" data-image-description=\"\" data-medium-file=\"https:\/\/i0.wp.com\/www.freidenker.org\/fw17\/wp-content\/uploads\/2021\/05\/image13.jpg?fit=199%2C300&#038;ssl=1\" data-large-file=\"https:\/\/i0.wp.com\/www.freidenker.org\/fw17\/wp-content\/uploads\/2021\/05\/image13.jpg?fit=678%2C1024&#038;ssl=1\" src=\"https:\/\/i0.wp.com\/www.freidenker.org\/fw17\/wp-content\/uploads\/2021\/05\/image13.jpg?w=148&#038;h=224&#038;ssl=1\" srcset=\"https:\/\/i0.wp.com\/www.freidenker.org\/fw17\/wp-content\/uploads\/2021\/05\/image13.jpg?w=1356&amp;ssl=1 1356w, https:\/\/i0.wp.com\/www.freidenker.org\/fw17\/wp-content\/uploads\/2021\/05\/image13.jpg?resize=199%2C300&amp;ssl=1 199w, https:\/\/i0.wp.com\/www.freidenker.org\/fw17\/wp-content\/uploads\/2021\/05\/image13.jpg?resize=678%2C1024&amp;ssl=1 678w, https:\/\/i0.wp.com\/www.freidenker.org\/fw17\/wp-content\/uploads\/2021\/05\/image13.jpg?resize=768%2C1160&amp;ssl=1 768w, https:\/\/i0.wp.com\/www.freidenker.org\/fw17\/wp-content\/uploads\/2021\/05\/image13.jpg?resize=1017%2C1536&amp;ssl=1 1017w\" width=\"148\" height=\"224\" loading=\"lazy\" data-original-width=\"148\" data-original-height=\"224\" itemprop=\"http:\/\/schema.org\/image\" title=\"\" alt=\"Mahnwache gegen die Gewalteskalation im Nahen Osten, Heidelberg 15.05.2021\" style=\"width: 148px; height: 224px;\" \/> <\/a> <div class=\"tiled-gallery-caption\" itemprop=\"caption description\"> Mahnwache gegen die Gewalteskalation im Nahen Osten, Heidelberg 15.05.2021 <\/div> <\/div> <\/div> <!-- close group --> <div class=\"gallery-group images-1\" style=\"width: 152px; height: 228px;\" data-original-width=\"152\" data-original-height=\"228\" > <div class=\"tiled-gallery-item tiled-gallery-item-small\" itemprop=\"associatedMedia\" itemscope itemtype=\"http:\/\/schema.org\/ImageObject\"> <a href=\"https:\/\/www.freidenker.org\/?attachment_id=10379\" border=\"0\" itemprop=\"url\"> <meta itemprop=\"width\" content=\"148\"> <meta itemprop=\"height\" content=\"224\"> <img decoding=\"async\" class=\"\" data-attachment-id=\"10379\" data-orig-file=\"https:\/\/www.freidenker.org\/fw17\/wp-content\/uploads\/2021\/05\/image14.jpg\" data-orig-size=\"1356,2048\" data-comments-opened=\"\" data-image-meta=\"{&quot;aperture&quot;:&quot;0&quot;,&quot;credit&quot;:&quot;&quot;,&quot;camera&quot;:&quot;&quot;,&quot;caption&quot;:&quot;&quot;,&quot;created_timestamp&quot;:&quot;0&quot;,&quot;copyright&quot;:&quot;&quot;,&quot;focal_length&quot;:&quot;0&quot;,&quot;iso&quot;:&quot;0&quot;,&quot;shutter_speed&quot;:&quot;0&quot;,&quot;title&quot;:&quot;&quot;,&quot;orientation&quot;:&quot;0&quot;}\" data-image-title=\"\" data-image-description=\"\" data-medium-file=\"https:\/\/i0.wp.com\/www.freidenker.org\/fw17\/wp-content\/uploads\/2021\/05\/image14.jpg?fit=199%2C300&#038;ssl=1\" data-large-file=\"https:\/\/i0.wp.com\/www.freidenker.org\/fw17\/wp-content\/uploads\/2021\/05\/image14.jpg?fit=678%2C1024&#038;ssl=1\" src=\"https:\/\/i0.wp.com\/www.freidenker.org\/fw17\/wp-content\/uploads\/2021\/05\/image14.jpg?w=148&#038;h=224&#038;ssl=1\" srcset=\"https:\/\/i0.wp.com\/www.freidenker.org\/fw17\/wp-content\/uploads\/2021\/05\/image14.jpg?w=1356&amp;ssl=1 1356w, https:\/\/i0.wp.com\/www.freidenker.org\/fw17\/wp-content\/uploads\/2021\/05\/image14.jpg?resize=199%2C300&amp;ssl=1 199w, https:\/\/i0.wp.com\/www.freidenker.org\/fw17\/wp-content\/uploads\/2021\/05\/image14.jpg?resize=678%2C1024&amp;ssl=1 678w, https:\/\/i0.wp.com\/www.freidenker.org\/fw17\/wp-content\/uploads\/2021\/05\/image14.jpg?resize=768%2C1160&amp;ssl=1 768w, https:\/\/i0.wp.com\/www.freidenker.org\/fw17\/wp-content\/uploads\/2021\/05\/image14.jpg?resize=1017%2C1536&amp;ssl=1 1017w\" width=\"148\" height=\"224\" loading=\"lazy\" data-original-width=\"148\" data-original-height=\"224\" itemprop=\"http:\/\/schema.org\/image\" title=\"\" alt=\"Mahnwache gegen die Gewalteskalation im Nahen Osten, Heidelberg 15.05.2021\" style=\"width: 148px; height: 224px;\" \/> <\/a> <div class=\"tiled-gallery-caption\" itemprop=\"caption description\"> Mahnwache gegen die Gewalteskalation im Nahen Osten, Heidelberg 15.05.2021 <\/div> <\/div> <\/div> <!-- close group --> <div class=\"gallery-group images-1\" style=\"width: 153px; height: 228px;\" data-original-width=\"153\" data-original-height=\"228\" > <div class=\"tiled-gallery-item tiled-gallery-item-small\" itemprop=\"associatedMedia\" itemscope itemtype=\"http:\/\/schema.org\/ImageObject\"> <a href=\"https:\/\/www.freidenker.org\/?attachment_id=10380\" border=\"0\" itemprop=\"url\"> <meta itemprop=\"width\" content=\"149\"> <meta itemprop=\"height\" content=\"224\"> <img decoding=\"async\" class=\"\" data-attachment-id=\"10380\" data-orig-file=\"https:\/\/www.freidenker.org\/fw17\/wp-content\/uploads\/2021\/05\/image15.jpg\" data-orig-size=\"816,1232\" data-comments-opened=\"\" data-image-meta=\"{&quot;aperture&quot;:&quot;5.6&quot;,&quot;credit&quot;:&quot;&quot;,&quot;camera&quot;:&quot;NIKON D5100&quot;,&quot;caption&quot;:&quot;&quot;,&quot;created_timestamp&quot;:&quot;1621080726&quot;,&quot;copyright&quot;:&quot;&quot;,&quot;focal_length&quot;:&quot;75&quot;,&quot;iso&quot;:&quot;400&quot;,&quot;shutter_speed&quot;:&quot;0.008&quot;,&quot;title&quot;:&quot;&quot;,&quot;orientation&quot;:&quot;1&quot;}\" data-image-title=\"\" data-image-description=\"\" data-medium-file=\"https:\/\/i0.wp.com\/www.freidenker.org\/fw17\/wp-content\/uploads\/2021\/05\/image15.jpg?fit=199%2C300&#038;ssl=1\" data-large-file=\"https:\/\/i0.wp.com\/www.freidenker.org\/fw17\/wp-content\/uploads\/2021\/05\/image15.jpg?fit=678%2C1024&#038;ssl=1\" src=\"https:\/\/i0.wp.com\/www.freidenker.org\/fw17\/wp-content\/uploads\/2021\/05\/image15.jpg?w=149&#038;h=224&#038;ssl=1\" srcset=\"https:\/\/i0.wp.com\/www.freidenker.org\/fw17\/wp-content\/uploads\/2021\/05\/image15.jpg?w=816&amp;ssl=1 816w, https:\/\/i0.wp.com\/www.freidenker.org\/fw17\/wp-content\/uploads\/2021\/05\/image15.jpg?resize=199%2C300&amp;ssl=1 199w, https:\/\/i0.wp.com\/www.freidenker.org\/fw17\/wp-content\/uploads\/2021\/05\/image15.jpg?resize=678%2C1024&amp;ssl=1 678w, https:\/\/i0.wp.com\/www.freidenker.org\/fw17\/wp-content\/uploads\/2021\/05\/image15.jpg?resize=768%2C1160&amp;ssl=1 768w\" width=\"149\" height=\"224\" loading=\"lazy\" data-original-width=\"149\" data-original-height=\"224\" itemprop=\"http:\/\/schema.org\/image\" title=\"\" alt=\"Mahnwache gegen die Gewalteskalation im Nahen Osten, Heidelberg 15.05.2021\" style=\"width: 149px; height: 224px;\" \/> <\/a> <div class=\"tiled-gallery-caption\" itemprop=\"caption description\"> Mahnwache gegen die Gewalteskalation im Nahen Osten, Heidelberg 15.05.2021 <\/div> <\/div> <\/div> <!-- close group --> <\/div> <!-- close row --> <\/div>\n<p><span style=\"font-size: 10pt;\">Fotos: Friedensb\u00fcndnis Heidelberg, Quelle: <a href=\"https:\/\/www.friedensbuendnis-heidelberg.de\/\" target=\"_blank\" rel=\"noopener\">https:\/\/www.friedensbuendnis-heidelberg.de\/<\/a><\/span><\/p>\n<hr \/>\n<p><span style=\"font-size: 10pt;\">Foto oben: Ingrid Koschmieder<\/span><\/p>\n","protected":false},"excerpt":{"rendered":"<p>Das Aktionsb\u00fcndnis &#8222;Pal\u00e4stina spricht&#8220; hatte zum 15.05.2020 zu deutschlandweiten Demonstrationen unter dem Motto &#8222;Ongoing Nakba Action Days&#8220; aufgerufen, die in Berlin, K\u00f6ln, Stuttgart, Frankfurt a.M., Freiburg, Hamburg und Kassel stattfanden.<br \/>\nDem Aufruf waren Tausende Menschen gefolgt, darunter viele Freidenker. Wir dokumentieren hier die Rede von <b>Annette Groth<\/b>, ehem. MdB und Mitglied des Beirates des Freidenker-Verbandes auf der Veranstaltung in Stuttgart und ver\u00f6ffentlichen Fotos der Demonstration in Berlin.<br \/>\nNeben den Demonstrationen von &#8222;Pal\u00e4stina spricht&#8220; fanden in vielen anderen St\u00e4dten weitere Veranstaltungen statt, u.a. auch in Heidelberg, dort organisiert vom Friedensb\u00fcndnis Heidelberg. Wir ver\u00f6ffentlichen hier die Rede von <b>Joachim Guilliard<\/b>, Koordinator des Friedensb\u00fcndnisses sowie eine Fotogalerie von dieser Veranstaltung.<\/p>\n","protected":false},"author":3,"featured_media":10404,"comment_status":"closed","ping_status":"closed","sticky":false,"template":"","format":"standard","meta":{"colormag_page_container_layout":"default_layout","colormag_page_sidebar_layout":"default_layout","advanced_seo_description":"","jetpack_seo_html_title":"","jetpack_seo_noindex":false,"jetpack_post_was_ever_published":false,"footnotes":""},"categories":[13],"tags":[1392,411,1084,393,807,394,579],"class_list":["post-10366","post","type-post","status-publish","format-standard","has-post-thumbnail","hentry","category-frieden-antifaschismus-solidaritaet","tag-apartheid","tag-demonstration","tag-fluechtlinge","tag-israel","tag-nakba","tag-palaestina","tag-zionismus"],"jetpack_featured_media_url":"https:\/\/i0.wp.com\/www.freidenker.org\/fw17\/wp-content\/uploads\/2021\/05\/nakba_2021-05-15_800x450.jpg?fit=800%2C450&ssl=1","jetpack_shortlink":"https:\/\/wp.me\/p9stpK-2Hc","jetpack-related-posts":[{"id":16091,"url":"https:\/\/www.freidenker.org\/?p=16091","url_meta":{"origin":10366,"position":0},"title":"75 Jahre Nakba \u2013 75 Jahre zionistische Kolonisation Pal\u00e4stinas","author":"Webredaktion","date":"18. Mai 2023","format":false,"excerpt":"Beitrag von kommunistische-organisation.de W\u00e4hrend die europ\u00e4isch-zionistische Siedlerkolonie Israel am 15. Mai 2023 ihr 75-j\u00e4hriges Bestehen feiert, erinnern Pal\u00e4stinenserinnen und Pal\u00e4stinenser an die seit 75 Jahren anhaltende ethnische S\u00e4uberung ihrer Heimat. Die zionistischen Kolonialherren und ihre europ\u00e4ischen Partner planten bereits lange vor der Nakba, Pal\u00e4stina von \u201eden Arabern zu befreien\u201c, was\u2026","rel":"","context":"In &quot;Frieden - Antifaschismus - Solidarit\u00e4t&quot;","block_context":{"text":"Frieden - Antifaschismus - Solidarit\u00e4t","link":"https:\/\/www.freidenker.org\/?cat=13"},"img":{"alt_text":"","src":"https:\/\/i0.wp.com\/www.freidenker.org\/fw17\/wp-content\/uploads\/2023\/05\/The_key_of_return_52081830136_800x450.jpg?fit=800%2C450&ssl=1&resize=350%2C200","width":350,"height":200,"srcset":"https:\/\/i0.wp.com\/www.freidenker.org\/fw17\/wp-content\/uploads\/2023\/05\/The_key_of_return_52081830136_800x450.jpg?fit=800%2C450&ssl=1&resize=350%2C200 1x, https:\/\/i0.wp.com\/www.freidenker.org\/fw17\/wp-content\/uploads\/2023\/05\/The_key_of_return_52081830136_800x450.jpg?fit=800%2C450&ssl=1&resize=525%2C300 1.5x, https:\/\/i0.wp.com\/www.freidenker.org\/fw17\/wp-content\/uploads\/2023\/05\/The_key_of_return_52081830136_800x450.jpg?fit=800%2C450&ssl=1&resize=700%2C400 2x"},"classes":[]},{"id":22575,"url":"https:\/\/www.freidenker.org\/?p=22575","url_meta":{"origin":10366,"position":1},"title":"Stoppt Rassismus! Stoppt Israels V\u00f6lkermord in Gaza!","author":"Webredaktion","date":"7. August 2025","format":false,"excerpt":"Pressemitteilung des Landesverbands Nordrhein-Westfalen im Deutschen Freidenker-Verband, 6. August 2025 Der Freidenker-Landesverband NRW bezieht Stellung zu den Geschehnissen in Pal\u00e4stina. Was sich dort vollzieht, ist eine extreme Form von Rassismus - exekutiert von den zionistischen Kr\u00e4ften Israels und gebilligt insbesondere von den Regierungsparteien der BRD. Der von Israel in Gaza\u2026","rel":"","context":"In &quot;Frieden - Antifaschismus - Solidarit\u00e4t&quot;","block_context":{"text":"Frieden - Antifaschismus - Solidarit\u00e4t","link":"https:\/\/www.freidenker.org\/?cat=13"},"img":{"alt_text":"","src":"https:\/\/i0.wp.com\/www.freidenker.org\/fw17\/wp-content\/uploads\/2025\/08\/Palestina_spricht_Munich_2023-10-09_5074_800x450.jpg?fit=800%2C450&ssl=1&resize=350%2C200","width":350,"height":200,"srcset":"https:\/\/i0.wp.com\/www.freidenker.org\/fw17\/wp-content\/uploads\/2025\/08\/Palestina_spricht_Munich_2023-10-09_5074_800x450.jpg?fit=800%2C450&ssl=1&resize=350%2C200 1x, https:\/\/i0.wp.com\/www.freidenker.org\/fw17\/wp-content\/uploads\/2025\/08\/Palestina_spricht_Munich_2023-10-09_5074_800x450.jpg?fit=800%2C450&ssl=1&resize=525%2C300 1.5x, https:\/\/i0.wp.com\/www.freidenker.org\/fw17\/wp-content\/uploads\/2025\/08\/Palestina_spricht_Munich_2023-10-09_5074_800x450.jpg?fit=800%2C450&ssl=1&resize=700%2C400 2x"},"classes":[]},{"id":10352,"url":"https:\/\/www.freidenker.org\/?p=10352","url_meta":{"origin":10366,"position":2},"title":"15. Mai 2021: 73. Jahrestag der Nakba \u2013 der pal\u00e4stinensischen Katastrophe","author":"Webredaktion","date":"15. Mai 2021","format":false,"excerpt":"Der Deutsche Freidenker-Verband erkl\u00e4rt seine Solidarit\u00e4t mit dem pal\u00e4stinensischen Volk und verurteilt den Terror der israelischen Besatzer. Die deutschen Politiker und die sogenannten \u201eQualit\u00e4tsmedien\u201c wollen uns weismachen, dass die Schuld wie immer bei den sogenannten \u201emilitanten\u201d Pal\u00e4stinensern und der Hamas liegt, die deshalb immer \u201eradikal-islamische\u201d Hamas genannt werden muss. Die\u2026","rel":"","context":"In &quot;Frieden - Antifaschismus - Solidarit\u00e4t&quot;","block_context":{"text":"Frieden - Antifaschismus - Solidarit\u00e4t","link":"https:\/\/www.freidenker.org\/?cat=13"},"img":{"alt_text":"","src":"https:\/\/i0.wp.com\/www.freidenker.org\/fw17\/wp-content\/uploads\/2021\/05\/nakba_2021_v2_800x450.jpg?fit=800%2C450&ssl=1&resize=350%2C200","width":350,"height":200,"srcset":"https:\/\/i0.wp.com\/www.freidenker.org\/fw17\/wp-content\/uploads\/2021\/05\/nakba_2021_v2_800x450.jpg?fit=800%2C450&ssl=1&resize=350%2C200 1x, https:\/\/i0.wp.com\/www.freidenker.org\/fw17\/wp-content\/uploads\/2021\/05\/nakba_2021_v2_800x450.jpg?fit=800%2C450&ssl=1&resize=525%2C300 1.5x, https:\/\/i0.wp.com\/www.freidenker.org\/fw17\/wp-content\/uploads\/2021\/05\/nakba_2021_v2_800x450.jpg?fit=800%2C450&ssl=1&resize=700%2C400 2x"},"classes":[]},{"id":3174,"url":"https:\/\/www.freidenker.org\/?p=3174","url_meta":{"origin":10366,"position":3},"title":"Verwaltungsgericht: Stadt Freiburg muss abgesagte Nakba-Ausstellung zeigen","author":"Webredaktion","date":"10. November 2010","format":false,"excerpt":"Nach urspr\u00fcnglicher Zusage verweigerte die Stadt Freiburg kurzfristig die R\u00e4ume f\u00fcr die Ausstellung \u201eDie Nakba \u2013 Flucht und Vertreibung der Pal\u00e4stinenser 1948\u201c\u2013 auf Druck dubioser \u201eIsrael-Freunde\u201c. Auf Antrag des veranstaltenden Freiburger \"Caf\u00e9 Palestine\" wies das Verwaltungsgericht die Stadt an, die Ausstellung doch stattfinden zu lassen. Die Ausstellung versto\u00dfe inhaltlich nicht\u2026","rel":"","context":"In &quot;Frieden - Antifaschismus - Solidarit\u00e4t&quot;","block_context":{"text":"Frieden - Antifaschismus - Solidarit\u00e4t","link":"https:\/\/www.freidenker.org\/?cat=13"},"img":{"alt_text":"","src":"https:\/\/i0.wp.com\/www.freidenker.org\/fw17\/wp-content\/uploads\/2010\/11\/Oldman_girl_nakba_800x445.jpg?fit=800%2C445&ssl=1&resize=350%2C200","width":350,"height":200,"srcset":"https:\/\/i0.wp.com\/www.freidenker.org\/fw17\/wp-content\/uploads\/2010\/11\/Oldman_girl_nakba_800x445.jpg?fit=800%2C445&ssl=1&resize=350%2C200 1x, https:\/\/i0.wp.com\/www.freidenker.org\/fw17\/wp-content\/uploads\/2010\/11\/Oldman_girl_nakba_800x445.jpg?fit=800%2C445&ssl=1&resize=525%2C300 1.5x, https:\/\/i0.wp.com\/www.freidenker.org\/fw17\/wp-content\/uploads\/2010\/11\/Oldman_girl_nakba_800x445.jpg?fit=800%2C445&ssl=1&resize=700%2C400 2x"},"classes":[]},{"id":19065,"url":"https:\/\/www.freidenker.org\/?p=19065","url_meta":{"origin":10366,"position":4},"title":"Ghassan Abu Sitta: &#8222;In Rafah ist das milit\u00e4rische Ziel ein Massaker an den Pal\u00e4stinensern.&#8220;","author":"Webredaktion","date":"12. Mai 2024","format":false,"excerpt":"Interview von Chiara Cruciati mit Ghassan Abu Sitta Ghassan Abu Sitta, ein f\u00fcr seine humanit\u00e4ren Eins\u00e4tze in Gaza bekannter britisch-pal\u00e4stinensischer Chirurg und Rektor der Universit\u00e4t Glasgow, wurde am Samstag (4.5.) von der franz\u00f6sischen Grenzpolizei auf dem Flughafen Paris-Charles-de-Gaulle die Einreise verweigert. Aufgrund eines deutschen Ersuchens ist ihm f\u00fcr mindestens ein\u2026","rel":"","context":"In &quot;Frieden - Antifaschismus - Solidarit\u00e4t&quot;","block_context":{"text":"Frieden - Antifaschismus - Solidarit\u00e4t","link":"https:\/\/www.freidenker.org\/?cat=13"},"img":{"alt_text":"","src":"https:\/\/i0.wp.com\/www.freidenker.org\/fw17\/wp-content\/uploads\/2024\/05\/Ghassan-Abu-Sitta_Portrait_800x450.jpg?fit=800%2C450&ssl=1&resize=350%2C200","width":350,"height":200,"srcset":"https:\/\/i0.wp.com\/www.freidenker.org\/fw17\/wp-content\/uploads\/2024\/05\/Ghassan-Abu-Sitta_Portrait_800x450.jpg?fit=800%2C450&ssl=1&resize=350%2C200 1x, https:\/\/i0.wp.com\/www.freidenker.org\/fw17\/wp-content\/uploads\/2024\/05\/Ghassan-Abu-Sitta_Portrait_800x450.jpg?fit=800%2C450&ssl=1&resize=525%2C300 1.5x, https:\/\/i0.wp.com\/www.freidenker.org\/fw17\/wp-content\/uploads\/2024\/05\/Ghassan-Abu-Sitta_Portrait_800x450.jpg?fit=800%2C450&ssl=1&resize=700%2C400 2x"},"classes":[]},{"id":20604,"url":"https:\/\/www.freidenker.org\/?p=20604","url_meta":{"origin":10366,"position":5},"title":"Israel begeht V\u00f6lkermord im Gazastreifen und Deutschland ist Mitt\u00e4ter","author":"Webredaktion","date":"29. Dezember 2024","format":false,"excerpt":"Beitrag von Arn Strohmeyer aus: \u201eFREIDENKER\u201c Nr. 4-24 Im Gazastreifen fand und findet noch immer ein V\u00f6lkermord statt. Das ist ein sehr gewichtiger Vorwurf an Israel, aber die meisten V\u00f6lkerrechtler stimmen dem zu. Der Internationale Gerichtshof in Den Haag (IGH) pr\u00fcft eine Anklage in diese Richtung. Die UN-Sonderberichterstatterin zur Men\u00adschenrechtslage\u2026","rel":"","context":"In &quot;Demokratie \u2013 Medien \u2013 Aufkl\u00e4rung&quot;","block_context":{"text":"Demokratie \u2013 Medien \u2013 Aufkl\u00e4rung","link":"https:\/\/www.freidenker.org\/?cat=12"},"img":{"alt_text":"","src":"https:\/\/i0.wp.com\/www.freidenker.org\/fw17\/wp-content\/uploads\/2024\/12\/Haifa_1948_expulsion_800x450.jpg?fit=800%2C450&ssl=1&resize=350%2C200","width":350,"height":200,"srcset":"https:\/\/i0.wp.com\/www.freidenker.org\/fw17\/wp-content\/uploads\/2024\/12\/Haifa_1948_expulsion_800x450.jpg?fit=800%2C450&ssl=1&resize=350%2C200 1x, https:\/\/i0.wp.com\/www.freidenker.org\/fw17\/wp-content\/uploads\/2024\/12\/Haifa_1948_expulsion_800x450.jpg?fit=800%2C450&ssl=1&resize=525%2C300 1.5x, https:\/\/i0.wp.com\/www.freidenker.org\/fw17\/wp-content\/uploads\/2024\/12\/Haifa_1948_expulsion_800x450.jpg?fit=800%2C450&ssl=1&resize=700%2C400 2x"},"classes":[]}],"_links":{"self":[{"href":"https:\/\/www.freidenker.org\/index.php?rest_route=\/wp\/v2\/posts\/10366","targetHints":{"allow":["GET"]}}],"collection":[{"href":"https:\/\/www.freidenker.org\/index.php?rest_route=\/wp\/v2\/posts"}],"about":[{"href":"https:\/\/www.freidenker.org\/index.php?rest_route=\/wp\/v2\/types\/post"}],"author":[{"embeddable":true,"href":"https:\/\/www.freidenker.org\/index.php?rest_route=\/wp\/v2\/users\/3"}],"replies":[{"embeddable":true,"href":"https:\/\/www.freidenker.org\/index.php?rest_route=%2Fwp%2Fv2%2Fcomments&post=10366"}],"version-history":[{"count":0,"href":"https:\/\/www.freidenker.org\/index.php?rest_route=\/wp\/v2\/posts\/10366\/revisions"}],"wp:featuredmedia":[{"embeddable":true,"href":"https:\/\/www.freidenker.org\/index.php?rest_route=\/wp\/v2\/media\/10404"}],"wp:attachment":[{"href":"https:\/\/www.freidenker.org\/index.php?rest_route=%2Fwp%2Fv2%2Fmedia&parent=10366"}],"wp:term":[{"taxonomy":"category","embeddable":true,"href":"https:\/\/www.freidenker.org\/index.php?rest_route=%2Fwp%2Fv2%2Fcategories&post=10366"},{"taxonomy":"post_tag","embeddable":true,"href":"https:\/\/www.freidenker.org\/index.php?rest_route=%2Fwp%2Fv2%2Ftags&post=10366"}],"curies":[{"name":"wp","href":"https:\/\/api.w.org\/{rel}","templated":true}]}}