{"id":10347,"date":"2021-05-14T20:44:53","date_gmt":"2021-05-14T18:44:53","guid":{"rendered":"https:\/\/www.freidenker.org\/?p=10347"},"modified":"2021-06-02T23:08:03","modified_gmt":"2021-06-02T21:08:03","slug":"der-westen-zeigt-das-was-er-ist-der-friedhof-der-menschenrechte","status":"publish","type":"post","link":"https:\/\/www.freidenker.org\/?p=10347","title":{"rendered":"Der Westen zeigt das, was er ist: der Friedhof der Menschenrechte"},"content":{"rendered":"<p>In der Rubrik\u00a0<strong>Tagesdosis<\/strong> wurde am 11.05.2021 bei <a href=\"https:\/\/kenfm.de\/der-westen-zeigt-das-was-er-ist-der-friedhof-der-menschenrechte-von-willy-wimmer\/\" target=\"_blank\" rel=\"noopener noreferrer\">KenFM<\/a> der Beitrag \u201eDer Westen zeigt das, was er ist: der Friedhof der Menschenrechte\u201c<strong>\u00a0<\/strong>von\u00a0<em><strong>Willy Wimmer<\/strong><\/em>\u00a0ver\u00f6ffentlicht.<\/p>\n<p>Den Beitrag als Audio-Datei anh\u00f6ren:<\/p>\n<audio class=\"wp-audio-shortcode\" id=\"audio-10347-1\" preload=\"none\" style=\"width: 100%;\" controls=\"controls\"><source type=\"audio\/mpeg\" src=\"https:\/\/kenfm.de\/multimedia_kenfm\/podcast\/tagesdosis-20210511.mp3?_=1\" \/><a href=\"https:\/\/kenfm.de\/multimedia_kenfm\/podcast\/tagesdosis-20210511.mp3\">https:\/\/kenfm.de\/multimedia_kenfm\/podcast\/tagesdosis-20210511.mp3<\/a><\/audio>\n<p>&nbsp;<\/p>\n<p>Der Beitrag ist auch als Video bei KenTube verf\u00fcgbar: <a href=\"https:\/\/tube.kenfm.de\/videos\/watch\/62b1b694-7c99-4e52-8568-8efb326910b0\" target=\"_blank\" rel=\"noopener\">https:\/\/tube.kenfm.de\/videos\/watch\/62b1b694-7c99-4e52-8568-8efb326910b0<\/a><\/p>\n<h4>Der Westen zeigt das, was er ist: der Friedhof der Menschenrechte (Tagesdosis vom 11.05.2021)<\/h4>\n<p><em>Ein Kommentar von<\/em><strong><em> Willy Wimmer.<\/em><\/strong><\/p>\n<p>Vor wenigen Tagen trafen sich in London die Herren Au\u00dfenminister der sogenannten G7-M\u00e4chte der f\u00fchrenden globalen Industrie- und Wirtschaftsm\u00e4chte und selbsternannter Edeldemokratien. Es war das erste Treffen dieser Runde unter Hinzuziehung von S\u00fcdkorea, Indien und Australien. Es war zudem das erste Treffen in der Formation von G7, nachdem in der Nachfolge von Pr\u00e4sident Donald Trump Pr\u00e4sident Joe Biden im Wei\u00dfen Haus das Zepter \u00fcbernommen hatte. Damit erst keine falschen Vorstellungen aufkommen konnten oder sollten.<\/p>\n<p>Es ging da weiter, wo der ehemalige Vizepr\u00e4sident Joe Biden unter Pr\u00e4sident Obama als eigentlicher Machthaber in der Ukraine aufgeh\u00f6rt hatte. Die eisernen Krallen sollten sich wieder um Russland legen und das mit dem Putsch in der Ukraine 2014 begonnene Werk des Umsturzes \u00f6stlich der Weichsel soll komplettiert werden. Ja, der Unterschied zum amerikanischen Pr\u00e4sidenten Trump kann hervorgehoben werden. Das gilt nicht nur f\u00fcr die politischen Themenfelder, f\u00fcr die er im Wahlkampf 2016 angetreten war, auch wenn man auf der Suche nach den Gr\u00fcnden f\u00fcr seine Friedensgeneigtheit gegen\u00fcber Russland und anderen auf der Welt nicht zu tief graben sollte.<\/p>\n<p>Tatsache ist allerdings, dass es der erste amerikanische Pr\u00e4sident seit mehr als einhundertsechzig Jahren gewesen ist, der in seiner Amtszeit nicht einen der \u00fcblichen Pr\u00e4sidentenkriege gegen andere vom Zaun gebrochen hatte. Es war nicht sein Problem, dass die ganzen Jammergestalten unter den angeblichen Verb\u00fcndeten mit der unter Pr\u00e4sident Trump einger\u00e4umten Freiz\u00fcgigkeit f\u00fcr eigene politische Gestaltung nichts anfangen konnten. Stattdessen wurde mit tatkr\u00e4ftiger F\u00f6rderung der deutschen Bundeskanzlerin so etwas wie ein Motto f\u00fcr die \u201cGruppe der Unzul\u00e4nglichen\u201d ausgegeben: \u201ctotstellen, bis die amerikanischen Kriegstreiber wieder nach Trump an die Macht kommen\u201d. Dann klappt es wieder mit der \u201cGefolgschafts-Einstellung\u201d. London hat dieses Trauma Wirklichkeit werden lassen. Es gab sogar noch eine Zugabe. W\u00e4hrend bis zum Putsch in der Ukraine auf Betreiben derjenigen, die nach Frau Nuland gut f\u00fcnf Milliarden US-Dollar in den Umsturz investiert hatten, Moskau das eigentliche Ziel gewesen ist, kam in London als Feindbild \u201cBeijing\u201d hinzu.<\/p>\n<p>F\u00fcr London war die Ausdehnung auf Beijing nicht ohne Reiz. War es doch der ehemalige britische Premier John Major, der mit dem amerikanischen Pr\u00e4sidenten George Bush und Chinas Legendengestalt Deng-Xiao-Ping sowie Premierminister Nakasone sich bei einem gro\u00dfen Asiengipfel am Ende des Kalten Krieges \u00fcber eine riesige Landkarte beugen konnte. Die Teilnehmer dieses Gipfels legten als Konsequenz aus der angeblich neuen Zeitrechnung nach 1990 fest, den gesamten euro-asiatischen Kontinent zwischen der zu den Philippinen geh\u00f6renden Hauptinsel Luzon \u00fcber Shanghai und Moskau, Duisburg und Rotterdam bis London mit einem Infrastrukturband zu \u00fcberziehen, um Zusammenarbeit auf dem ganzen gemeinsamen Kontinent zu erm\u00f6glichen.<\/p>\n<p>Der Eisenbahn-Minister der jetzt unabh\u00e4ngigen Republik Kasachstan kam mit dieser Teppich-gro\u00dfen Landkarte ins damalige Bonn, um Unterst\u00fctzung f\u00fcr diese gewaltige Idee zu erhalten. Es war nicht nur den gewaltigen Problemen der deutschen Wiedervereinigung geschuldet, bestenfalls Desinteresse f\u00fcr dieses epochale Werk in Bonn anzutreffen.<\/p>\n<p>Schnell stellten sich die Realit\u00e4ten bei diesem den Kontinent in ein neues Zeitalter f\u00fchrenden Projekt ein. Da war zun\u00e4chst die gro\u00dfe Bereitschaft der Europ\u00e4ischen Entwicklungsbank in Luxemburg, sich mit dem Projekt zu besch\u00e4ftigen. All zu schnell musste man feststellen, dass die eigene Zust\u00e4ndigkeit nur bis Moskau reichte, um das marode Eisenbahnnetz auf das von den Staatschefs gew\u00fcnschte Leistungsniveau zu bringen. Zwischen Moskau und der chinesischen Grenze agierte die Europ\u00e4ische Investitionsbank in London. Zu schnell musste man feststellen, wer den bestimmenden Einfluss in dieser Bank hatte.<\/p>\n<p>Die USA und Japan hatten nicht nur kein Interesse daran, das umzusetzen, was Bush und Nakasone unterschrieben hatten. Koste es, was es wolle, wurde jeder Ausbau der Infrastruktur f\u00fcr mehr als ein Jahrzehnt hintertrieben. China hat mit der \u201cglobalen Werkbank Schanghai\u201d seine Chancen genutzt, wie auch die w\u00f6chentlich in Duisburg einlaufenden Z\u00fcge aus dem Reich der Mitte deutlich machen.<\/p>\n<p>Jetzt beschlie\u00dfen die G7-Au\u00dfenminister in London, der wirtschaftlichen Zusammenarbeit mit China Kn\u00fcppel zwischen die Beine zu werfen. Die Mehrheit der Abgeordneten im Europ\u00e4ischen Parlament sind der organisierten Lobbyarbeit US-gest\u00fctzter Nicht-Regierungsorganisationen derart erlegen, dass die Mitgliedstaaten der Europ\u00e4ischen Union es schon nicht mehr wagen, das mit China endlich ausgehandelte Investitionsabkommen dem Parlament vorzulegen.<\/p>\n<h5>Eiszeit und nicht Zusammenarbeit auf dem Kontinent ist angesagt<\/h5>\n<p>London hat mit seinem Au\u00dfenministertreffen den G7 Signalcharakter f\u00fcr die auf Konfrontation ausgerichtete Zukunft. Das wird in der gewollten Verbindung mit der Entwicklung in Hongkong mehr als deutlich. Die G7 wollen China die Z\u00e4hne zeigen, weil China in Hongkong so gehandelt hatte, wie es gehandelt hat. \u00dcber die aus Hongkong und China berichtenden Medien hatte man hier schon mitbekommen, was die Menschen in Hongkong zu hunderttausenden auf die Stra\u00dfen trieb.<\/p>\n<p>Die Forderungen, von denen man hier h\u00f6rte, waren nachvollziehbar. Eine Forderung fiel hier geradezu unter den Tisch. Es war die Forderung nach Unabh\u00e4ngigkeit. Damit wurde nicht nur die Axt angelegt an die Vereinbarungen zwischen London und Beijing zwecks \u00dcbergabe Hongkongs am Ende der Kolonialherrschaft \u00fcber Hongkong durch London. Das vereinbarte Konzept war: ein Land, zwei Systeme.<\/p>\n<p>Es war nicht die Unabh\u00e4ngigkeit Hongkongs am Ende der britischen Herrschaft. Vor allem auch deshalb, weil der bislang einzige und friedensm\u00e4\u00dfig ausgerichtete Versuch, die Taiwan-Frage zu l\u00f6sen, mit der Wirksamkeit und der allgemeinen und auf Dauer angelegten Akzeptanz diese Grundsatzes verbunden ist. Ein Land, zwei Systeme musste in Hongkong seine Chance unter Beweis stellen, um \u00fcberhaupt Gedanken an Taiwan verschwenden zu k\u00f6nnen.<\/p>\n<p>Jetzt die Bewegung in Hongkong bei G7 als Argument heranzuziehen, um gegen\u00fcber Beijing das Tischtuch zu zerrei\u00dfen, bedeutet, bewusst mit dem Fanal des Krieges zu drohen.<\/p>\n<h5>Taiwan wird damit zur Brandfackel<\/h5>\n<p>Beijing alleine sollte es aber in London nicht sein. Moskau kam mit allen Verdamnissen, die man glaubte artikulieren zu k\u00f6nnen, nat\u00fcrlich ebenfalls \u201cdran\u201d. Dabei hatte man f\u00fcr den \u201cAusschluss Russlands\u201d aus der Gemeinschaft der Staaten auf der n\u00f6rdlichen Hemisph\u00e4hre einen verh\u00e4ngnisvollen Bezug gew\u00e4hlt. In wenigen Wochen begeht unser gro\u00dfer \u00f6stlicher Nachbar einen besonderen Jahrestag. Es ist dann achtzig Jahre her, dass das Deutsche Reich der damaligen Sowjetunion den Krieg erkl\u00e4rte.<\/p>\n<p>Ein Krieg, dessen Schrecken und Folgen fast alles \u00fcberstieg, was sich die Menschheit auch nach Napoleon f\u00fcr dieses Land und uns alle vorstellen konnte. Und der deutsche Au\u00dfenminister, Herr Maas, hat bei diesem sch\u00e4ndlichen Vorgehen seine Hand zur Zustimmung f\u00fcr die Zielvorgabe aus Washington f\u00fcr Deutschland gehoben. Dabei ist seit der bedeutenden Rede des russischen Pr\u00e4sidenten Putin Ende Dezember 2019 in St. Petersburg klar, wie umfassend die russische Kennntnis \u00fcber die Abl\u00e4ufe des vergangenen Jahrhunderts in Europa und der Welt ist.<\/p>\n<p>Als Pr\u00e4sident Russlands von dem Unheil zu sprechen, das die Alliierten 1919 in Versailles Deutschland angetan hatten, machte die Dimension deutlich. Wenige Monate sp\u00e4ter folgte der franz\u00f6sische Pr\u00e4sident Macron mit seiner Aussage \u00fcber die franz\u00f6sische Verantwortung f\u00fcr den Aufstieg des Nationalsozialismus in Deutschland.<\/p>\n<p>Es waren die sowjetischen Archive, die nach dem Ende des Ersten Weltkrieges die Welt dar\u00fcber in Kenntnis setzten, welche Auswirkungen das sogenannte Sykes-Picot Abkommen das Jahres 1916 auf den weiteren Verlauf des Ersten Weltkrieges mit der Heimstatt Pal\u00e4stina, die man in Aussicht stellte, gehabt hatte.<\/p>\n<p>Es zwingt sich vor dem Hintergrund der G7- Entwicklung, die weit \u00fcber London und die Hinzunahme bestimmter Staaten hinausgeht, ein Bild auf. Der Weg, der zum Krieg 1914 gegen \u00d6sterreich-Ungarn und Deutschland f\u00fchrte und \u00fcber Versailles auf neue Ziele gegen\u00fcber Deutschland und die damalige Sowjetunion ausgerichtet wurde, ist noch nicht zu Ende und er richtet sich unver\u00e4ndert gegen Russland.<\/p>\n<p>Warum sich mit der Geschichte des letzten Jahrhunderts besch\u00e4ftigen? Es reicht doch angeblich mit den Festlegungen im Interesse Dritter. Wer sich jetzt mit den historischen Abl\u00e4ufen des vergangenen Jahrhunderts besch\u00e4ftigt und zwar umfassend, erkennt die Anlage f\u00fcr den n\u00e4chsten Gro\u00dfkonflikt in Europa und global. Die Anlage zeigt die Handschrift des Westens.<\/p>\n<p>Besonders perfide ist die immerw\u00e4hrende Betonung der \u201cMenschenrechte\u201d in den Erkl\u00e4rungen des Westens gegen\u00fcber den zu ma\u00dfregelnden Staaten. Nat\u00fcrlich erf\u00fcllt es uns mit Stolz, wenn wir in Deutschland auf unsere Verfassung mit der Aufz\u00e4hlung der Menschen- und B\u00fcrgerrechte blicken. Die beste Vorstellung, die man sich von der Welt machen kann, ist die, dass m\u00f6glichst viele Menschen in den Genuss dieser Rechte als Grundrechte kommen k\u00f6nnen und der Abbau dieser Grundrechte in Deutschland endlich ein Ende findet.<\/p>\n<p>Zu den Menschen-und B\u00fcrgerrechten geh\u00f6rt auf der ganzen Welt und bei allen Kulturen das Recht auf Leben und k\u00f6rperliche Unversehrtheit. Das, wozu wir nach 1990 im Verbund westlicher Staaten angetreten sind, gipfelt in einer Aussage, die die ehemalige amerikanische Au\u00dfenministerin, Frau Albright, zu den mehr als f\u00fcnfhunderttausend Kindern im Irak gemacht hatte, die Todesopfer der von den USA betriebenen Sanktionspolitik gegen\u00fcber dem Irak geworden waren.<\/p>\n<p>Sie alle h\u00e4tten leben k\u00f6nnen und ihr \u201cTod war es eben nicht wert\u201d. Die bekannten deutschen Publizisten, Wolfgang Effenberger und Dr. Wolfgang Bittner, haben im \u201cSchwarzbuch NATO\u201d und \u201cDeutschland \u2013 verraten und verkauft\u201d auf die gesamte Dimension j\u00fcngst verdienstvoll hingewiesen.<\/p>\n<blockquote><p><em>Nur die Zeit der Pr\u00e4sidentschaft Trump hat der Welt \u201cLuft zum Atemholen\u201d bei amerikanischen Dauerkriegen seit Mitte des 19. Jahrhunderts gegeben.<\/em><\/p><\/blockquote>\n<p>Das, wof\u00fcr man in London in \u00fcbelster Weise den Grundstock gelegt hat, wird den Schrecken von \u201cBarbarossa\u201d unermesslich \u00fcbersteigen. Vor allem wird das grundlegende Menschenrecht, n\u00e4mlich das auf Leben und k\u00f6rperliche Unversehrtheit, mit F\u00fc\u00dfen getreten.<\/p>\n<p>Man sollte nicht nur in Berlin allen denen in den Arm fallen, die \u00fcber die k\u00fcnftige Regierungsbildung in Deutschland auf allen politischen Seiten wieder das \u201cTor zur H\u00f6lle\u201d und wieder auf fremde Weisung oder Planung aufsto\u00dfen. London und G7 waren die \u201cSchrift an der Wand\u201d<\/p>\n<p style=\"text-align: right;\"><em>Willy Wimmer (CDU), ehem. Bundestagsabgeordneter<br \/>\nsowie Parlamentarischer Staatssekret\u00e4r im Bundesministerium f\u00fcr Verteidigung,<br \/>\n1994 bis 2000 Vizepr\u00e4sident der Parlamentarischen Versammlung der OSZE (Organisation f\u00fcr Sicherheit und Zusammenarbeit in Europa)<\/em><\/p>\n<p>Wir danken dem Autor f\u00fcr die Genehmigung zur Ver\u00f6ffentlichung dieses Beitrags.<\/p>\n<p><span style=\"font-size: 10pt;\">Link zur Erstver\u00f6ffentlichung bei KenFM: <a href=\"https:\/\/kenfm.de\/der-westen-zeigt-das-was-er-ist-der-friedhof-der-menschenrechte-von-willy-wimmer\/\" target=\"_blank\" rel=\"noopener\">https:\/\/kenfm.de\/der-westen-zeigt-das-was-er-ist-der-friedhof-der-menschenrechte-von-willy-wimmer\/<\/a><\/span><\/p>\n<hr \/>\n<p><span style=\"font-size: 10pt;\">Bild: Die Au\u00dfenminister der G7 am 5. Mai 2021 im Lancaster House in London<\/span><br \/>\n<span style=\"font-size: 10pt;\">Foto: Simon Dawson \/ No 10 Downing Street, Lizenz: <a href=\"https:\/\/creativecommons.org\/licenses\/by-nc-nd\/2.0\/\" target=\"_blank\" rel=\"noopener\">CC BY-NC-ND 2.0<\/a><\/span><br \/>\n<span style=\"font-size: 10pt;\">Quelle: <a href=\"https:\/\/www.flickr.com\/photos\/number10gov\/51159737441\" target=\"_blank\" rel=\"noopener\">https:\/\/www.flickr.com\/photos\/number10gov\/51159737441<\/a><\/span><\/p>\n<p>&nbsp;<\/p>\n","protected":false},"excerpt":{"rendered":"<p><b>Ein Kommentar von Willy Wimmer.<\/b><br \/>\nVor wenigen Tagen trafen sich in London die Herren Au\u00dfenminister der sogenannten G7-M\u00e4chte der f\u00fchrenden globalen Industrie- und Wirtschaftsm\u00e4chte und selbsternannter Edeldemokratien. Es war das erste Treffen dieser Runde unter Hinzuziehung von S\u00fcdkorea, Indien und Australien. &#8230; Es ging da weiter, wo der ehemalige Vizepr\u00e4sident Joe Biden unter Pr\u00e4sident Obama als eigentlicher Machthaber in der Ukraine aufgeh\u00f6rt hatte. Die eisernen Krallen sollten sich wieder um Russland legen und das mit dem Putsch in der Ukraine 2014 begonnene Werk des Umsturzes \u00f6stlich der Weichsel soll komplettiert werden. <\/p>\n","protected":false},"author":3,"featured_media":10349,"comment_status":"closed","ping_status":"closed","sticky":false,"template":"","format":"standard","meta":{"colormag_page_container_layout":"default_layout","colormag_page_sidebar_layout":"default_layout","advanced_seo_description":"","jetpack_seo_html_title":"","jetpack_seo_noindex":false,"jetpack_post_was_ever_published":false,"footnotes":""},"categories":[12],"tags":[413,1021,1063,1332,1391,639,185],"class_list":["post-10347","post","type-post","status-publish","format-standard","has-post-thumbnail","hentry","category-demokratie-medien-aufklaerung","tag-china","tag-donald-trump","tag-g7-gipfel","tag-joe-biden","tag-taiwan","tag-ukraine-konflikt","tag-usa"],"jetpack_featured_media_url":"https:\/\/i0.wp.com\/www.freidenker.org\/fw17\/wp-content\/uploads\/2021\/05\/G7_London_2021_800x450.jpg?fit=800%2C450&ssl=1","jetpack_shortlink":"https:\/\/wp.me\/p9stpK-2GT","jetpack-related-posts":[{"id":10940,"url":"https:\/\/www.freidenker.org\/?p=10940","url_meta":{"origin":10347,"position":0},"title":"Die Dimension des n\u00e4chsten Waffengangs","author":"Webredaktion","date":"30. Juli 2021","format":false,"excerpt":"Kommentar von Willy Wimmer Der 22. Juni 2021 bot noch einmal die Gelegenheit, geradezu \u201cin-sich-zu gehen\u201d. Die Welt erinnerte sich an diesem Tag an den Angriff des Deutschen Reiches auf die damalige Sowjetunion vor achtzig Jahren. Es war eine Erinnerung an unsagbares Grauen, dessen Z\u00fcndschnur von den Siegerm\u00e4chten des Ersten\u2026","rel":"","context":"In &quot;Frieden - Antifaschismus - Solidarit\u00e4t&quot;","block_context":{"text":"Frieden - Antifaschismus - Solidarit\u00e4t","link":"https:\/\/www.freidenker.org\/?cat=13"},"img":{"alt_text":"","src":"https:\/\/i0.wp.com\/www.freidenker.org\/fw17\/wp-content\/uploads\/2021\/07\/police-1282330_800x450.jpg?fit=800%2C450&ssl=1&resize=350%2C200","width":350,"height":200,"srcset":"https:\/\/i0.wp.com\/www.freidenker.org\/fw17\/wp-content\/uploads\/2021\/07\/police-1282330_800x450.jpg?fit=800%2C450&ssl=1&resize=350%2C200 1x, https:\/\/i0.wp.com\/www.freidenker.org\/fw17\/wp-content\/uploads\/2021\/07\/police-1282330_800x450.jpg?fit=800%2C450&ssl=1&resize=525%2C300 1.5x, https:\/\/i0.wp.com\/www.freidenker.org\/fw17\/wp-content\/uploads\/2021\/07\/police-1282330_800x450.jpg?fit=800%2C450&ssl=1&resize=700%2C400 2x"},"classes":[]},{"id":12199,"url":"https:\/\/www.freidenker.org\/?p=12199","url_meta":{"origin":10347,"position":1},"title":"Regelbasiertes, amerikanisches Welt-Faustrecht","author":"Webredaktion","date":"19. Februar 2022","format":false,"excerpt":"Ein Kommentar von Willy Wimmer Man musste schon staunen, als sich der deutsche Bundeskanzler bei seinem Antrittsbesuch in Washington auf der gemeinsamen Pressekonferenz mit dem \u201cBoss der westlichen Wertegemeinschaft\u201d und US-Pr\u00e4sidenten, Joe Biden, zu einer von ihm so genannten \u201cregelbasierten Ordnung\u201d vernehmen lies. Das kam aus dem Munde des deutschen\u2026","rel":"","context":"In &quot;Frieden - Antifaschismus - Solidarit\u00e4t&quot;","block_context":{"text":"Frieden - Antifaschismus - Solidarit\u00e4t","link":"https:\/\/www.freidenker.org\/?cat=13"},"img":{"alt_text":"","src":"https:\/\/i0.wp.com\/www.freidenker.org\/fw17\/wp-content\/uploads\/2022\/02\/USA_Faustrecht_v2_800x450.jpg?fit=800%2C450&ssl=1&resize=350%2C200","width":350,"height":200,"srcset":"https:\/\/i0.wp.com\/www.freidenker.org\/fw17\/wp-content\/uploads\/2022\/02\/USA_Faustrecht_v2_800x450.jpg?fit=800%2C450&ssl=1&resize=350%2C200 1x, https:\/\/i0.wp.com\/www.freidenker.org\/fw17\/wp-content\/uploads\/2022\/02\/USA_Faustrecht_v2_800x450.jpg?fit=800%2C450&ssl=1&resize=525%2C300 1.5x, https:\/\/i0.wp.com\/www.freidenker.org\/fw17\/wp-content\/uploads\/2022\/02\/USA_Faustrecht_v2_800x450.jpg?fit=800%2C450&ssl=1&resize=700%2C400 2x"},"classes":[]},{"id":12048,"url":"https:\/\/www.freidenker.org\/?p=12048","url_meta":{"origin":10347,"position":2},"title":"Wladimir und Joe sollen es richten","author":"Webredaktion","date":"24. Januar 2022","format":false,"excerpt":"Genf nach dem Treffen von Lawrow und Blinken - Beitrag von Willy Wimmer Es war m\u00fchsam genug, was der amerikanische Au\u00dfenminister Blinken in den letzten Tagen alles unternehmen musste, um sich auf das Treffen mit seinem russischen Gegenspieler, Au\u00dfenminister Lawrow, vorzubereiten. Es waren nicht nur die hektischen Reisen kreuz und\u2026","rel":"","context":"In &quot;Frieden - Antifaschismus - Solidarit\u00e4t&quot;","block_context":{"text":"Frieden - Antifaschismus - Solidarit\u00e4t","link":"https:\/\/www.freidenker.org\/?cat=13"},"img":{"alt_text":"","src":"https:\/\/i0.wp.com\/www.freidenker.org\/fw17\/wp-content\/uploads\/2022\/01\/lawrow_blinken_genf2022_800x450.jpg?fit=800%2C450&ssl=1&resize=350%2C200","width":350,"height":200,"srcset":"https:\/\/i0.wp.com\/www.freidenker.org\/fw17\/wp-content\/uploads\/2022\/01\/lawrow_blinken_genf2022_800x450.jpg?fit=800%2C450&ssl=1&resize=350%2C200 1x, https:\/\/i0.wp.com\/www.freidenker.org\/fw17\/wp-content\/uploads\/2022\/01\/lawrow_blinken_genf2022_800x450.jpg?fit=800%2C450&ssl=1&resize=525%2C300 1.5x, https:\/\/i0.wp.com\/www.freidenker.org\/fw17\/wp-content\/uploads\/2022\/01\/lawrow_blinken_genf2022_800x450.jpg?fit=800%2C450&ssl=1&resize=700%2C400 2x"},"classes":[]},{"id":7456,"url":"https:\/\/www.freidenker.org\/?p=7456","url_meta":{"origin":10347,"position":3},"title":"Man\u00f6ver der Schande","author":"Webredaktion","date":"21. Januar 2020","format":false,"excerpt":"Beitrag von Willy Wimmer Wenn eine Feststellung jemals zutreffend gewesen sein sollte, dann ist es diese: so etwas h\u00e4tte es bei Helmut Kohl als Bundeskanzler nicht gegeben. Jedem Zeitgenossen sind noch die Bilder von Verdun, dem gro\u00dfen. Schlachtfeld des Ersten Weltkrieges in Erinnerung. Vor dem Mahnmal von Douaumont reichten sich\u2026","rel":"","context":"In &quot;Frieden - Antifaschismus - Solidarit\u00e4t&quot;","block_context":{"text":"Frieden - Antifaschismus - Solidarit\u00e4t","link":"https:\/\/www.freidenker.org\/?cat=13"},"img":{"alt_text":"","src":"https:\/\/i0.wp.com\/www.freidenker.org\/fw17\/wp-content\/uploads\/2020\/01\/willy_wimmer_800x445.jpg?fit=800%2C445&ssl=1&resize=350%2C200","width":350,"height":200,"srcset":"https:\/\/i0.wp.com\/www.freidenker.org\/fw17\/wp-content\/uploads\/2020\/01\/willy_wimmer_800x445.jpg?fit=800%2C445&ssl=1&resize=350%2C200 1x, https:\/\/i0.wp.com\/www.freidenker.org\/fw17\/wp-content\/uploads\/2020\/01\/willy_wimmer_800x445.jpg?fit=800%2C445&ssl=1&resize=525%2C300 1.5x, https:\/\/i0.wp.com\/www.freidenker.org\/fw17\/wp-content\/uploads\/2020\/01\/willy_wimmer_800x445.jpg?fit=800%2C445&ssl=1&resize=700%2C400 2x"},"classes":[]},{"id":11978,"url":"https:\/\/www.freidenker.org\/?p=11978","url_meta":{"origin":10347,"position":4},"title":"Kasachstan hat die Lizenz zum Unheil","author":"Webredaktion","date":"14. Januar 2022","format":false,"excerpt":"Ein Kommentar von Willy Wimmer. Die revolution\u00e4ren Umtriebe auf den Stra\u00dfen von Kasachstan strafen den Satz von Goethe L\u00fcgen. Danach ist es f\u00fcr die Hiesigen unbeachtlich, wenn sich noch jenseits der T\u00fcrkei die V\u00f6lkerschaften die K\u00f6pfe einschlagen. Kasachstan geht uns alle an. Das zeigt sich schon an den geographischen Dimensionen.\u2026","rel":"","context":"In &quot;Frieden - Antifaschismus - Solidarit\u00e4t&quot;","block_context":{"text":"Frieden - Antifaschismus - Solidarit\u00e4t","link":"https:\/\/www.freidenker.org\/?cat=13"},"img":{"alt_text":"","src":"https:\/\/i0.wp.com\/www.freidenker.org\/fw17\/wp-content\/uploads\/2022\/01\/kasachstan_flag-2526505_800x450.jpg?fit=800%2C450&ssl=1&resize=350%2C200","width":350,"height":200,"srcset":"https:\/\/i0.wp.com\/www.freidenker.org\/fw17\/wp-content\/uploads\/2022\/01\/kasachstan_flag-2526505_800x450.jpg?fit=800%2C450&ssl=1&resize=350%2C200 1x, https:\/\/i0.wp.com\/www.freidenker.org\/fw17\/wp-content\/uploads\/2022\/01\/kasachstan_flag-2526505_800x450.jpg?fit=800%2C450&ssl=1&resize=525%2C300 1.5x, https:\/\/i0.wp.com\/www.freidenker.org\/fw17\/wp-content\/uploads\/2022\/01\/kasachstan_flag-2526505_800x450.jpg?fit=800%2C450&ssl=1&resize=700%2C400 2x"},"classes":[]},{"id":12189,"url":"https:\/\/www.freidenker.org\/?p=12189","url_meta":{"origin":10347,"position":5},"title":"Willy Wimmer weist auf konkrete Kriegsgefahren hin \u2013 Asow und die ukrainischen Freiwilligenverb\u00e4nde","author":"Webredaktion","date":"11. Februar 2022","format":false,"excerpt":"Beitrag von Willy Wimmer Seit 2014 zeichnet sich die westliche Politik und damit auch das Verhalten der deutschen Bundesregierung in Sachen Ukraine durch ein unglaubliches Verhalten aus. Alles, was der Westen veranlasst hatte, wird aus der eigenen Wahrnehmung ausgeblendet. Die gesamte Aufmerksamkeit richtet sich auf die Schritte, die Russland als\u2026","rel":"","context":"In &quot;Frieden - Antifaschismus - Solidarit\u00e4t&quot;","block_context":{"text":"Frieden - Antifaschismus - Solidarit\u00e4t","link":"https:\/\/www.freidenker.org\/?cat=13"},"img":{"alt_text":"","src":"https:\/\/i0.wp.com\/www.freidenker.org\/fw17\/wp-content\/uploads\/2022\/02\/Azov_-_Mariupol_-_formation_800x450.jpg?fit=800%2C450&ssl=1&resize=350%2C200","width":350,"height":200,"srcset":"https:\/\/i0.wp.com\/www.freidenker.org\/fw17\/wp-content\/uploads\/2022\/02\/Azov_-_Mariupol_-_formation_800x450.jpg?fit=800%2C450&ssl=1&resize=350%2C200 1x, https:\/\/i0.wp.com\/www.freidenker.org\/fw17\/wp-content\/uploads\/2022\/02\/Azov_-_Mariupol_-_formation_800x450.jpg?fit=800%2C450&ssl=1&resize=525%2C300 1.5x, https:\/\/i0.wp.com\/www.freidenker.org\/fw17\/wp-content\/uploads\/2022\/02\/Azov_-_Mariupol_-_formation_800x450.jpg?fit=800%2C450&ssl=1&resize=700%2C400 2x"},"classes":[]}],"_links":{"self":[{"href":"https:\/\/www.freidenker.org\/index.php?rest_route=\/wp\/v2\/posts\/10347","targetHints":{"allow":["GET"]}}],"collection":[{"href":"https:\/\/www.freidenker.org\/index.php?rest_route=\/wp\/v2\/posts"}],"about":[{"href":"https:\/\/www.freidenker.org\/index.php?rest_route=\/wp\/v2\/types\/post"}],"author":[{"embeddable":true,"href":"https:\/\/www.freidenker.org\/index.php?rest_route=\/wp\/v2\/users\/3"}],"replies":[{"embeddable":true,"href":"https:\/\/www.freidenker.org\/index.php?rest_route=%2Fwp%2Fv2%2Fcomments&post=10347"}],"version-history":[{"count":0,"href":"https:\/\/www.freidenker.org\/index.php?rest_route=\/wp\/v2\/posts\/10347\/revisions"}],"wp:featuredmedia":[{"embeddable":true,"href":"https:\/\/www.freidenker.org\/index.php?rest_route=\/wp\/v2\/media\/10349"}],"wp:attachment":[{"href":"https:\/\/www.freidenker.org\/index.php?rest_route=%2Fwp%2Fv2%2Fmedia&parent=10347"}],"wp:term":[{"taxonomy":"category","embeddable":true,"href":"https:\/\/www.freidenker.org\/index.php?rest_route=%2Fwp%2Fv2%2Fcategories&post=10347"},{"taxonomy":"post_tag","embeddable":true,"href":"https:\/\/www.freidenker.org\/index.php?rest_route=%2Fwp%2Fv2%2Ftags&post=10347"}],"curies":[{"name":"wp","href":"https:\/\/api.w.org\/{rel}","templated":true}]}}