{"id":10337,"date":"2021-05-14T20:43:57","date_gmt":"2021-05-14T18:43:57","guid":{"rendered":"https:\/\/www.freidenker.org\/?p=10337"},"modified":"2021-06-02T23:07:54","modified_gmt":"2021-06-02T21:07:54","slug":"wir-lassen-freundschaftsbande-nicht-abreissen","status":"publish","type":"post","link":"https:\/\/www.freidenker.org\/?p=10337","title":{"rendered":"Wir lassen Freundschaftsbande nicht abrei\u00dfen"},"content":{"rendered":"<h5>Bericht von einer Reise im April 2021 nach Valjevo<\/h5>\n<p><span style=\"font-size: 10pt;\">Erstver\u00f6ffentlichung am 08.05.2021 auf <a href=\"http:\/\/www.freundschaft-mit-valjevo.de\/wordpress\/wir-lassen-freundschaftsbande-nicht-abreissen\/\" target=\"_blank\" rel=\"noopener\">www.freundschaft-mit-valjevo.de<\/a><\/span><\/p>\n<p>Freundschaften d\u00fcrfen auch in Krisenzeiten nicht zum Erliegen kommen. F\u00fcr unseren Verein \u201eFreundschaft mit Valjevo e.V.\u201c hat Bernd Duschner im April die serbische Stadt Valjevo besucht. Bei seinem gut zweiw\u00f6chigen Aufenthalt konnte er zahlreiche Gespr\u00e4che, so u.a. mit Lehrkr\u00e4ften, Krankenhaus\u00e4rzten, Journalisten und dem neuen 36 j\u00e4hrigen B\u00fcrgermeister der Stadt Lazar Gojkovic f\u00fchren. Der Sportlehrer war im vergangenen Jahr als Parteiloser auf der Liste der regierenden serbischen Fortschrittspartei gew\u00e4hlt worden.<\/p>\n<p><strong>Ein Geschenk f\u00fcr Kinder<\/strong><\/p>\n<p>Seit dem Krieg der Nato gegen Serbien 1999 hatte unser Verein jedes Jahr f\u00fcr eine Sch\u00fclergruppe aus Valjevo ein Besuchsprogramm in Pfaffenhofen organisiert. Das war seit dem vergangenen Jahr nicht mehr m\u00f6glich gewesen. Bei seinem Besuch in Valjevo \u00fcbergab Duschner der Stadtb\u00fccherei von Valjevo B\u00fccher des Nobelpreistr\u00e4gers Peter Handke, die dessen Verlag zur Verf\u00fcgung gestellt hatte. Mitgebracht hatte er auch eine Palette mit 260 Paar Schuhen der Firma LOWA. Sie hatten Schuhmachermeister G\u00fcnther Schwarzmeister und seine Frau Lora in wochenlanger Arbeit in ihrer Freizeit fertiggestellt. Die Schuhe wurden an Waisen, die in Gastfamilien aufwachsen und Sozialarbeitern des \u201eCentar za porodicni smestaj\u201c betreut werden sowie an besonders bed\u00fcrftige Kinder der Grundschule Andra Savcic in Valjevo verteilt. Deren Freude und Begeisterung war \u00fcbergro\u00df.<\/p>\n<figure id=\"attachment_10338\" aria-describedby=\"caption-attachment-10338\" style=\"width: 800px\" class=\"wp-caption alignnone\"><img data-recalc-dims=\"1\" loading=\"lazy\" decoding=\"async\" data-attachment-id=\"10338\" data-permalink=\"https:\/\/www.freidenker.org\/?attachment_id=10338\" data-orig-file=\"https:\/\/i0.wp.com\/www.freidenker.org\/fw17\/wp-content\/uploads\/2021\/05\/Ausgabe-von-Schuhen-im-Centar-.jpg?fit=1920%2C1440&amp;ssl=1\" data-orig-size=\"1920,1440\" data-comments-opened=\"0\" data-image-meta=\"{&quot;aperture&quot;:&quot;0&quot;,&quot;credit&quot;:&quot;&quot;,&quot;camera&quot;:&quot;&quot;,&quot;caption&quot;:&quot;&quot;,&quot;created_timestamp&quot;:&quot;0&quot;,&quot;copyright&quot;:&quot;&quot;,&quot;focal_length&quot;:&quot;0&quot;,&quot;iso&quot;:&quot;0&quot;,&quot;shutter_speed&quot;:&quot;0&quot;,&quot;title&quot;:&quot;&quot;,&quot;orientation&quot;:&quot;1&quot;}\" data-image-title=\"Ausgabe-von-Schuhen-im-Centar-\" data-image-description=\"\" data-image-caption=\"\" data-large-file=\"https:\/\/i0.wp.com\/www.freidenker.org\/fw17\/wp-content\/uploads\/2021\/05\/Ausgabe-von-Schuhen-im-Centar-.jpg?fit=800%2C600&amp;ssl=1\" class=\"wp-image-10338 size-large\" src=\"https:\/\/i0.wp.com\/www.freidenker.org\/fw17\/wp-content\/uploads\/2021\/05\/Ausgabe-von-Schuhen-im-Centar-.jpg?resize=800%2C600&#038;ssl=1\" alt=\"\" width=\"800\" height=\"600\" srcset=\"https:\/\/i0.wp.com\/www.freidenker.org\/fw17\/wp-content\/uploads\/2021\/05\/Ausgabe-von-Schuhen-im-Centar-.jpg?resize=1024%2C768&amp;ssl=1 1024w, https:\/\/i0.wp.com\/www.freidenker.org\/fw17\/wp-content\/uploads\/2021\/05\/Ausgabe-von-Schuhen-im-Centar-.jpg?resize=300%2C225&amp;ssl=1 300w, https:\/\/i0.wp.com\/www.freidenker.org\/fw17\/wp-content\/uploads\/2021\/05\/Ausgabe-von-Schuhen-im-Centar-.jpg?resize=768%2C576&amp;ssl=1 768w, https:\/\/i0.wp.com\/www.freidenker.org\/fw17\/wp-content\/uploads\/2021\/05\/Ausgabe-von-Schuhen-im-Centar-.jpg?resize=1536%2C1152&amp;ssl=1 1536w, https:\/\/i0.wp.com\/www.freidenker.org\/fw17\/wp-content\/uploads\/2021\/05\/Ausgabe-von-Schuhen-im-Centar-.jpg?w=1920&amp;ssl=1 1920w, https:\/\/i0.wp.com\/www.freidenker.org\/fw17\/wp-content\/uploads\/2021\/05\/Ausgabe-von-Schuhen-im-Centar-.jpg?w=1600&amp;ssl=1 1600w\" sizes=\"auto, (max-width: 800px) 100vw, 800px\" \/><figcaption id=\"caption-attachment-10338\" class=\"wp-caption-text\"><span style=\"font-size: 10pt;\">Ausgabe von Schuhen<\/span><\/figcaption><\/figure>\n<p><strong>Keine Panik wegen Covid<\/strong><\/p>\n<p>Serbien hat die Pandemie bisher deutlich besser verkraftet als die EU-Staaten. Sein Bruttoinlandsprodukt ging 2020 nur unwesentlich um 1% zur\u00fcck. Das erkl\u00e4rt sich u.a. aus dem h\u00f6heren Anteil von Landwirtschaft und konsumnaher Zweige wie der Lebensmittelindustrie an seiner Volkswirtschaft, einem gut durchdachten St\u00fctzungsprogramm f\u00fcr die Unternehmen und deutlich weniger restriktiven Ma\u00dfnahmen. Zwar, berichtet Duschner, wird auf die Einhaltung allgemeiner Hygienevorschriften geachtet und es ist Pflicht, innerhalb geschlossener R\u00e4ume einen Mund-Nasenschutz zu tragen. Einen \u201eLockdown\u201c gab es jedoch nur im Fr\u00fchjahr 2020. Seitdem waren Einzelhandel, Hotels, Restaurants (zeitweise nur der Au\u00dfenbereich), Fitnesscenter und kulturelle Einrichtungen wie Museen, Bibliotheken und Theater ge\u00f6ffnet. N\u00e4chtliche Ausgangssperren gab es nicht mehr.<\/p>\n<figure id=\"attachment_10340\" aria-describedby=\"caption-attachment-10340\" style=\"width: 800px\" class=\"wp-caption alignnone\"><img data-recalc-dims=\"1\" loading=\"lazy\" decoding=\"async\" data-attachment-id=\"10340\" data-permalink=\"https:\/\/www.freidenker.org\/?attachment_id=10340\" data-orig-file=\"https:\/\/i0.wp.com\/www.freidenker.org\/fw17\/wp-content\/uploads\/2021\/05\/Valjevo-April-2021-6.jpg?fit=1920%2C1440&amp;ssl=1\" data-orig-size=\"1920,1440\" data-comments-opened=\"0\" data-image-meta=\"{&quot;aperture&quot;:&quot;0&quot;,&quot;credit&quot;:&quot;&quot;,&quot;camera&quot;:&quot;&quot;,&quot;caption&quot;:&quot;&quot;,&quot;created_timestamp&quot;:&quot;0&quot;,&quot;copyright&quot;:&quot;&quot;,&quot;focal_length&quot;:&quot;0&quot;,&quot;iso&quot;:&quot;0&quot;,&quot;shutter_speed&quot;:&quot;0&quot;,&quot;title&quot;:&quot;&quot;,&quot;orientation&quot;:&quot;1&quot;}\" data-image-title=\"Valjevo-April-2021-6\" data-image-description=\"\" data-image-caption=\"\" data-large-file=\"https:\/\/i0.wp.com\/www.freidenker.org\/fw17\/wp-content\/uploads\/2021\/05\/Valjevo-April-2021-6.jpg?fit=800%2C600&amp;ssl=1\" class=\"wp-image-10340 size-large\" src=\"https:\/\/i0.wp.com\/www.freidenker.org\/fw17\/wp-content\/uploads\/2021\/05\/Valjevo-April-2021-6.jpg?resize=800%2C600&#038;ssl=1\" alt=\"\" width=\"800\" height=\"600\" srcset=\"https:\/\/i0.wp.com\/www.freidenker.org\/fw17\/wp-content\/uploads\/2021\/05\/Valjevo-April-2021-6.jpg?resize=1024%2C768&amp;ssl=1 1024w, https:\/\/i0.wp.com\/www.freidenker.org\/fw17\/wp-content\/uploads\/2021\/05\/Valjevo-April-2021-6.jpg?resize=300%2C225&amp;ssl=1 300w, https:\/\/i0.wp.com\/www.freidenker.org\/fw17\/wp-content\/uploads\/2021\/05\/Valjevo-April-2021-6.jpg?resize=768%2C576&amp;ssl=1 768w, https:\/\/i0.wp.com\/www.freidenker.org\/fw17\/wp-content\/uploads\/2021\/05\/Valjevo-April-2021-6.jpg?resize=1536%2C1152&amp;ssl=1 1536w, https:\/\/i0.wp.com\/www.freidenker.org\/fw17\/wp-content\/uploads\/2021\/05\/Valjevo-April-2021-6.jpg?w=1920&amp;ssl=1 1920w, https:\/\/i0.wp.com\/www.freidenker.org\/fw17\/wp-content\/uploads\/2021\/05\/Valjevo-April-2021-6.jpg?w=1600&amp;ssl=1 1600w\" sizes=\"auto, (max-width: 800px) 100vw, 800px\" \/><figcaption id=\"caption-attachment-10340\" class=\"wp-caption-text\"><span style=\"font-size: 10pt;\">Valjevo im April 2021<\/span><\/figcaption><\/figure>\n<p>An den Schulen wird im Wechselunterricht unterrichtet, aber es wird nicht getestet. Einen Mund-Nasenschutz m\u00fcssen die Sch\u00fcler im Unterricht nur aufsetzen, wenn sie sich zu Wort melden. Trotzdem fallen die Infektionszahlen und entspannt sich die Situation in den Krankenh\u00e4usern, wie die Daten des zust\u00e4ndigen staatlichen Batut \u2013 Institut belegen. Serbien hat sich fr\u00fchzeitig um Impfstoff gek\u00fcmmert und sich nicht von politischen Vorbehalten leiten lassen. Impfwillige B\u00fcrger wie ausl\u00e4ndischen Besuchern werden neben Pfitzer und Astra-Zeneca der dort weitaus beliebtere russische Sputnik V und der nichtgenetische chinesische Impfstoff von Sinopharm angeboten. Anfang Mai waren bereits 22% der Bev\u00f6lkerung vollst\u00e4ndig geimpft (Deutschland 8,3%). Offizielle Stellen sind stolz, dass sich ein \u201eImpftourismus\u201c nach Serbien entwickelt und das Institut f\u00fcr Virologie Torlak in Belgrad mit der eigenen Herstellung von Sputnik V begonnen hat. Im t\u00e4glichen Leben, den Zeitungen und den Gespr\u00e4chen in der Bev\u00f6lkerung spielt die Infektionskrankheit, so Duschner, bei weitem nicht die Bedeutung wie bei uns. Andere Themen stehen im Vordergrund. Geselliges Beisammensein ist der Bev\u00f6lkerung unver\u00e4ndert wichtig und l\u00e4sst sie sich nicht nehmen.<\/p>\n<figure id=\"attachment_10339\" aria-describedby=\"caption-attachment-10339\" style=\"width: 800px\" class=\"wp-caption alignnone\"><img data-recalc-dims=\"1\" loading=\"lazy\" decoding=\"async\" data-attachment-id=\"10339\" data-permalink=\"https:\/\/www.freidenker.org\/?attachment_id=10339\" data-orig-file=\"https:\/\/i0.wp.com\/www.freidenker.org\/fw17\/wp-content\/uploads\/2021\/05\/Valjevo-April-2021-2-1.jpg?fit=1920%2C1440&amp;ssl=1\" data-orig-size=\"1920,1440\" data-comments-opened=\"0\" data-image-meta=\"{&quot;aperture&quot;:&quot;0&quot;,&quot;credit&quot;:&quot;&quot;,&quot;camera&quot;:&quot;&quot;,&quot;caption&quot;:&quot;&quot;,&quot;created_timestamp&quot;:&quot;0&quot;,&quot;copyright&quot;:&quot;&quot;,&quot;focal_length&quot;:&quot;0&quot;,&quot;iso&quot;:&quot;0&quot;,&quot;shutter_speed&quot;:&quot;0&quot;,&quot;title&quot;:&quot;&quot;,&quot;orientation&quot;:&quot;1&quot;}\" data-image-title=\"Valjevo-April-2021-2-1\" data-image-description=\"\" data-image-caption=\"\" data-large-file=\"https:\/\/i0.wp.com\/www.freidenker.org\/fw17\/wp-content\/uploads\/2021\/05\/Valjevo-April-2021-2-1.jpg?fit=800%2C600&amp;ssl=1\" class=\"wp-image-10339 size-large\" src=\"https:\/\/i0.wp.com\/www.freidenker.org\/fw17\/wp-content\/uploads\/2021\/05\/Valjevo-April-2021-2-1.jpg?resize=800%2C600&#038;ssl=1\" alt=\"\" width=\"800\" height=\"600\" srcset=\"https:\/\/i0.wp.com\/www.freidenker.org\/fw17\/wp-content\/uploads\/2021\/05\/Valjevo-April-2021-2-1.jpg?resize=1024%2C768&amp;ssl=1 1024w, https:\/\/i0.wp.com\/www.freidenker.org\/fw17\/wp-content\/uploads\/2021\/05\/Valjevo-April-2021-2-1.jpg?resize=300%2C225&amp;ssl=1 300w, https:\/\/i0.wp.com\/www.freidenker.org\/fw17\/wp-content\/uploads\/2021\/05\/Valjevo-April-2021-2-1.jpg?resize=768%2C576&amp;ssl=1 768w, https:\/\/i0.wp.com\/www.freidenker.org\/fw17\/wp-content\/uploads\/2021\/05\/Valjevo-April-2021-2-1.jpg?resize=1536%2C1152&amp;ssl=1 1536w, https:\/\/i0.wp.com\/www.freidenker.org\/fw17\/wp-content\/uploads\/2021\/05\/Valjevo-April-2021-2-1.jpg?w=1920&amp;ssl=1 1920w, https:\/\/i0.wp.com\/www.freidenker.org\/fw17\/wp-content\/uploads\/2021\/05\/Valjevo-April-2021-2-1.jpg?w=1600&amp;ssl=1 1600w\" sizes=\"auto, (max-width: 800px) 100vw, 800px\" \/><figcaption id=\"caption-attachment-10339\" class=\"wp-caption-text\"><span style=\"font-size: 10pt;\">Caf\u00e9 und Dessertbar Perla in Valjevo, April 2021<\/span><\/figcaption><\/figure>\n<p>Immer wieder trifft man bei Spazierg\u00e4nge Ortsans\u00e4ssige, die unsere Sprache sprechen, sei es, weil sie Deutsch an der Schule und oder in privaten Instituten gelernt, oder Jahre ihres Berufslebens in Deutschland verbracht haben. Wer nach seiner Pensionierung nach Valjevo zur\u00fcckgekehrt, dort sein eigenes Haus hat, sein Obst und Gem\u00fcse anbaut und Ausfl\u00fcge in die Natur liebt, kann hier ein entspanntes Leben f\u00fchren.<\/p>\n<p><strong>Ausl\u00e4ndische Investoren \u2013 die Rettung ?<\/strong><\/p>\n<p>Nach wie vor ist die hohe Arbeitslosigkeit und die dadurch verursachte starke Abwanderung der j\u00fcngeren und gut ausgebildeten Arbeitskr\u00e4fte das zentrale Problem Serbiens. F\u00fcr der wirtschaftlichen Entwicklung und die Schaffung neuer Arbeitspl\u00e4tze setzt die serbische Regierung einseitig auf die Gewinnung ausl\u00e4ndischer Investoren. In ihren Werbebrosch\u00fcren wirbt sie mit niedrigen L\u00f6hnen und Steuers\u00e4tzen f\u00fcr Unternehmen, und bietet \u00fcppige Subventionen an. Gleichzeitig l\u00e4sst sie die Verkehrsinfrastruktur mit chinesischer Hilfe forciert ausbauen. Mit einer Schnellstra\u00dfe zur Autobahn nach Belgrad soll jetzt die Verkehrsanbindung von Valjevo verbessert werden. Bei der Stadtverwaltung freut man sich zudem \u00fcber die Entscheidung des deutschen Waagenherstellers Bizerba, ein gr\u00f6\u00dferes Werk in der Stadt zu errichten. Aktuelle Meldungen, dass das kanadische Unternehmen \u201eEuro Lithium\u201c bei seinen Untersuchungen in der Region f\u00fcndig geworden ist, sto\u00dfen dagegen bei der Bev\u00f6lkerung auf ein geteiltes Echo. Sollte es zum Abbau von Lithium kommen, werden erhebliche Sch\u00e4den f\u00fcr die Umwelt bef\u00fcrchtet. Deshalb gibt es bereits jetzt Proteste.<\/p>\n<p><strong>Eine Stadt mit antifaschistischer Tradition<\/strong><\/p>\n<p>Valjevo verf\u00fcgt im Stadtzentrum \u00fcber ein au\u00dfergew\u00f6hnlich gut gestaltetes\u00a0 Museum der Stadtgeschichte, in dem eine F\u00fclle interessanter Dokumente zu finden sind. Besonders sehenswert sind, so Duschner, die Abteilungen, die dem Kampf um die Befreiung des Landes von der T\u00fcrkenherrschaft im 19. Jahrhundert und den Leiden und dem Widerstand der serbischen Bev\u00f6lkerung gegen die Aggressionen und Besatzung im 1. und 2. Weltkrieg gewidmet sind. Gerade in diesem Jahr, 80 Jahr nach dem deutschen \u00dcberfall auf Jugoslawien 1941, ist der Besuch dieses Museums f\u00fcr Touristen ein Muss.<\/p>\n<figure id=\"attachment_10341\" aria-describedby=\"caption-attachment-10341\" style=\"width: 800px\" class=\"wp-caption alignnone\"><img data-recalc-dims=\"1\" loading=\"lazy\" decoding=\"async\" data-attachment-id=\"10341\" data-permalink=\"https:\/\/www.freidenker.org\/?attachment_id=10341\" data-orig-file=\"https:\/\/i0.wp.com\/www.freidenker.org\/fw17\/wp-content\/uploads\/2021\/05\/Antifaschist-Jovanovic-Spanac.jpg?fit=1920%2C1440&amp;ssl=1\" data-orig-size=\"1920,1440\" data-comments-opened=\"0\" data-image-meta=\"{&quot;aperture&quot;:&quot;0&quot;,&quot;credit&quot;:&quot;&quot;,&quot;camera&quot;:&quot;&quot;,&quot;caption&quot;:&quot;&quot;,&quot;created_timestamp&quot;:&quot;0&quot;,&quot;copyright&quot;:&quot;&quot;,&quot;focal_length&quot;:&quot;0&quot;,&quot;iso&quot;:&quot;0&quot;,&quot;shutter_speed&quot;:&quot;0&quot;,&quot;title&quot;:&quot;&quot;,&quot;orientation&quot;:&quot;1&quot;}\" data-image-title=\"Antifaschist-Jovanovic-Spanac\" data-image-description=\"\" data-image-caption=\"\" data-large-file=\"https:\/\/i0.wp.com\/www.freidenker.org\/fw17\/wp-content\/uploads\/2021\/05\/Antifaschist-Jovanovic-Spanac.jpg?fit=800%2C600&amp;ssl=1\" class=\"wp-image-10341 size-large\" src=\"https:\/\/i0.wp.com\/www.freidenker.org\/fw17\/wp-content\/uploads\/2021\/05\/Antifaschist-Jovanovic-Spanac.jpg?resize=800%2C600&#038;ssl=1\" alt=\"\" width=\"800\" height=\"600\" srcset=\"https:\/\/i0.wp.com\/www.freidenker.org\/fw17\/wp-content\/uploads\/2021\/05\/Antifaschist-Jovanovic-Spanac.jpg?resize=1024%2C768&amp;ssl=1 1024w, https:\/\/i0.wp.com\/www.freidenker.org\/fw17\/wp-content\/uploads\/2021\/05\/Antifaschist-Jovanovic-Spanac.jpg?resize=300%2C225&amp;ssl=1 300w, https:\/\/i0.wp.com\/www.freidenker.org\/fw17\/wp-content\/uploads\/2021\/05\/Antifaschist-Jovanovic-Spanac.jpg?resize=768%2C576&amp;ssl=1 768w, https:\/\/i0.wp.com\/www.freidenker.org\/fw17\/wp-content\/uploads\/2021\/05\/Antifaschist-Jovanovic-Spanac.jpg?resize=1536%2C1152&amp;ssl=1 1536w, https:\/\/i0.wp.com\/www.freidenker.org\/fw17\/wp-content\/uploads\/2021\/05\/Antifaschist-Jovanovic-Spanac.jpg?w=1920&amp;ssl=1 1920w, https:\/\/i0.wp.com\/www.freidenker.org\/fw17\/wp-content\/uploads\/2021\/05\/Antifaschist-Jovanovic-Spanac.jpg?w=1600&amp;ssl=1 1600w\" sizes=\"auto, (max-width: 800px) 100vw, 800px\" \/><figcaption id=\"caption-attachment-10341\" class=\"wp-caption-text\"><span style=\"font-size: 10pt;\">Antifaschist, \u017dikica Jovanovi\u0107, \u0160panac<\/span><\/figcaption><\/figure>\n<p>Auch heute noch ehrt die Stadt ihre B\u00fcrger, die sich in besonderer Weise f\u00fcr die Freiheit ihres Landes eingesetzt haben. Bei einem Stadtrundgang trifft man ihre Statuen auf \u00f6ffentlichen Pl\u00e4tzen und \u00f6ffentlichen Parks. Dazu geh\u00f6ren General Zivojin Misic. Er hatte im 1. Weltkrieg, in der Kolubaraschlacht im November\/Dezember 1914 den Mittelm\u00e4chten ihre erste empfindliche Niederlage beigebracht. Dazu geh\u00f6ren zahlreiche Statuen von Freiheitsk\u00e4mpfern wie u.a. von .Zikica Jovanovic \u201eSpanac\u201c und Dragojlo Dudic. \u201eSpanac\u201c verteidigte als Mitglied der Internationalen Brigaden in Spanien die Republik und verlor 1942 als Partisan im Kampf gegen die deutschen Besatzer sein Leben. Dragojlo Dudic hatte Partisaneneinheiten in Valjevo geleitet und war Pr\u00e4sident der \u201eRepublik von Uzice\u201c. F\u00fcr 2 Monate war sie im Herbst 1941 das erste von den Faschisten befreite Gebiet in Europa. Sein Tagebuch aus dieser Zeit ist erhalten. Ein Denkmal hat die Stadt auch Milenko Pavlovic errichtet. Der Offizier verlor am 4. Mai 1999 sein Leben, als er sich mit seiner MIG 21 mit verzweifeltem Heldenmut den Geschwadern der Nato entgegenstellte, die Valjevo bombardierten.<\/p>\n<p>Die Geschichte der Stadt gibt Hoffnung, dass die B\u00fcrger von Valjevo auch in Zukunft ihre Rechte und Interessen zu wahren wissen.<\/p>\n<p style=\"text-align: right;\"><em>Bernd Duschner ist Sprecher der Hilfsorganisation Freundschaft mit Valjevo e.V.<br \/>\nund Mitglied des Deutschen Freidenker-Verbandes<\/em><\/p>\n<hr \/>\n<p><span style=\"font-size: 10pt;\">Alle Fotos: Bernd Duschner<\/span><\/p>\n<p><span style=\"font-weight: 400; font-size: 10pt;\"> Bild oben: Taxi in Valjevo im April 2021, darauf abgebildete Personen (v.l.n.r.):<br \/>\n<\/span><span style=\"font-size: 10pt;\">Dichterin <strong>Desanka Maksimovi\u0107<\/strong> (u.a. ber\u00fchmt f\u00fcr ihr Gedicht &#8222;Krvava bajka&#8220; zu der Erschie\u00dfung von 2.800 Geiseln in Kragujevac am 21. Oktober 1941, darunter 144 Gymnasiasten);<br \/>\n<\/span><span style=\"font-size: 10pt;\">General <strong>\u017divojin Misi\u0107,<\/strong> bei der Schlacht an der Kolubara 1914 Chef der siegreichen 1. Armee, bei Kriegsende Oberbefehlshaber der serbischen Armee<br \/>\n<\/span><span style=\"font-size: 10pt;\">Fliegeroffizier <strong>Milenko Pavlovi\u0107<\/strong>, der beim Kampf gegen Nato-Angreifer \u00fcber Valjevo am 4. Mai 1999 abgeschossen wurde.<\/span><\/p>\n","protected":false},"excerpt":{"rendered":"<p>Freundschaften d\u00fcrfen auch in Krisenzeiten nicht zum Erliegen kommen. F\u00fcr den Verein \u201eFreundschaft mit Valjevo e.V.\u201c hat <b>Bernd Duschner<\/b> im April die serbische Stadt Valjevo besucht. Bei seinem gut zweiw\u00f6chigen Aufenthalt konnte er zahlreiche Gespr\u00e4che, so u.a. mit Lehrkr\u00e4ften, Krankenhaus\u00e4rzten, Journalisten und dem neuen 36 j\u00e4hrigen B\u00fcrgermeister der Stadt Lazar Gojkovic f\u00fchren. Der Sportlehrer war im vergangenen Jahr als Parteiloser auf der Liste der regierenden serbischen Fortschrittspartei gew\u00e4hlt worden.\u00a0<\/p>\n","protected":false},"author":3,"featured_media":10342,"comment_status":"closed","ping_status":"closed","sticky":false,"template":"","format":"standard","meta":{"colormag_page_container_layout":"default_layout","colormag_page_sidebar_layout":"default_layout","advanced_seo_description":"","jetpack_seo_html_title":"","jetpack_seo_noindex":false,"jetpack_post_was_ever_published":false,"footnotes":""},"categories":[13],"tags":[1180,1278,1257,764,122],"class_list":["post-10337","post","type-post","status-publish","format-standard","has-post-thumbnail","hentry","category-frieden-antifaschismus-solidaritaet","tag-freundschaft","tag-impfung","tag-pandemie","tag-serbien","tag-wirtschaft"],"jetpack_featured_media_url":"https:\/\/i0.wp.com\/www.freidenker.org\/fw17\/wp-content\/uploads\/2021\/05\/Valjevo_2021_Taxi-3_800x450.jpg?fit=800%2C450&ssl=1","jetpack_shortlink":"https:\/\/wp.me\/p9stpK-2GJ","jetpack-related-posts":[{"id":19457,"url":"https:\/\/www.freidenker.org\/?p=19457","url_meta":{"origin":10337,"position":0},"title":"Serbische Sch\u00fclergruppe in Pfaffenhofen","author":"Webredaktion","date":"4. Juli 2024","format":false,"excerpt":"Beitrag von Bernd Duschner Vom 7.-14. Juli 2024 ist wieder eine Sch\u00fclergruppe aus dem serbischen Stadt Valjevo in Pfaffenhofen zu Gast. Daf\u00fcr bittet der Verein \u201eFreundschaft mit Valjevo\u201c um Solidarit\u00e4tsspenden 25 Jahre liegt der Krieg der Nato gegen die Bundesrepublik Jugoslawien mittlerweile zur\u00fcck. W\u00e4hrend des Krieges 1999 war es nicht\u2026","rel":"","context":"In &quot;Frieden - Antifaschismus - Solidarit\u00e4t&quot;","block_context":{"text":"Frieden - Antifaschismus - Solidarit\u00e4t","link":"https:\/\/www.freidenker.org\/?cat=13"},"img":{"alt_text":"","src":"https:\/\/i0.wp.com\/www.freidenker.org\/fw17\/wp-content\/uploads\/2024\/07\/valjevo_schuelergruppe_01_800x450.jpg?fit=800%2C450&ssl=1&resize=350%2C200","width":350,"height":200,"srcset":"https:\/\/i0.wp.com\/www.freidenker.org\/fw17\/wp-content\/uploads\/2024\/07\/valjevo_schuelergruppe_01_800x450.jpg?fit=800%2C450&ssl=1&resize=350%2C200 1x, https:\/\/i0.wp.com\/www.freidenker.org\/fw17\/wp-content\/uploads\/2024\/07\/valjevo_schuelergruppe_01_800x450.jpg?fit=800%2C450&ssl=1&resize=525%2C300 1.5x, https:\/\/i0.wp.com\/www.freidenker.org\/fw17\/wp-content\/uploads\/2024\/07\/valjevo_schuelergruppe_01_800x450.jpg?fit=800%2C450&ssl=1&resize=700%2C400 2x"},"classes":[]},{"id":9474,"url":"https:\/\/www.freidenker.org\/?p=9474","url_meta":{"origin":10337,"position":1},"title":"Serbien in Zeiten der Corona-Pandemie","author":"Webredaktion","date":"31. Januar 2021","format":false,"excerpt":"Kein Lockdown und freie Wahl des Impfstoffes - Beitrag von Bernd Duschner Im vergangenen Jahr geh\u00f6rte Valjevo samt den eingegliederten D\u00f6rfern mit seinen rund 86.000 Einwohnern zu den Hotspots der Pandemie in Serbien. Bis einschlie\u00dflich 21.1.2021, so der Chefredakteur der Lokalzeitung \u201eNapred\u201c, Slobodan Ciric, waren 151 B\u00fcrger mit oder infolge\u2026","rel":"","context":"In &quot;Arbeit &amp; Soziales&quot;","block_context":{"text":"Arbeit &amp; Soziales","link":"https:\/\/www.freidenker.org\/?cat=11"},"img":{"alt_text":"","src":"https:\/\/i0.wp.com\/www.freidenker.org\/fw17\/wp-content\/uploads\/2021\/01\/Serbien_corona-titel_800x450.jpg?fit=800%2C450&ssl=1&resize=350%2C200","width":350,"height":200,"srcset":"https:\/\/i0.wp.com\/www.freidenker.org\/fw17\/wp-content\/uploads\/2021\/01\/Serbien_corona-titel_800x450.jpg?fit=800%2C450&ssl=1&resize=350%2C200 1x, https:\/\/i0.wp.com\/www.freidenker.org\/fw17\/wp-content\/uploads\/2021\/01\/Serbien_corona-titel_800x450.jpg?fit=800%2C450&ssl=1&resize=525%2C300 1.5x, https:\/\/i0.wp.com\/www.freidenker.org\/fw17\/wp-content\/uploads\/2021\/01\/Serbien_corona-titel_800x450.jpg?fit=800%2C450&ssl=1&resize=700%2C400 2x"},"classes":[]},{"id":14691,"url":"https:\/\/www.freidenker.org\/?p=14691","url_meta":{"origin":10337,"position":2},"title":"Ein Gespr\u00e4ch mit der Leiterin des Italienischen Krankenhauses in Damaskus","author":"Webredaktion","date":"17. November 2022","format":false,"excerpt":"Beitrag von Bernd Duschner Die Friedensgruppe \u201eFreundschaft mit Valjevo e.V.\u201c im oberbayerischen Pfaffenhofen a. d. Ilm arbeitet seit 6 Jahren mit dem \u201eItalienischen Krankenhaus\u201c in Damaskus zusammen. Mit Spendengeldern konnten der Verein dem Krankenhaus immer wieder helfen, so beim Kauf eines gebrauchten Computertomographen, neuer Betten, von Defibrillatoren, der Beschaffung von\u2026","rel":"","context":"In &quot;Frieden - Antifaschismus - Solidarit\u00e4t&quot;","block_context":{"text":"Frieden - Antifaschismus - Solidarit\u00e4t","link":"https:\/\/www.freidenker.org\/?cat=13"},"img":{"alt_text":"","src":"https:\/\/i0.wp.com\/www.freidenker.org\/fw17\/wp-content\/uploads\/2022\/11\/Carol-Tahhan-01_800x450.jpg?fit=800%2C450&ssl=1&resize=350%2C200","width":350,"height":200,"srcset":"https:\/\/i0.wp.com\/www.freidenker.org\/fw17\/wp-content\/uploads\/2022\/11\/Carol-Tahhan-01_800x450.jpg?fit=800%2C450&ssl=1&resize=350%2C200 1x, https:\/\/i0.wp.com\/www.freidenker.org\/fw17\/wp-content\/uploads\/2022\/11\/Carol-Tahhan-01_800x450.jpg?fit=800%2C450&ssl=1&resize=525%2C300 1.5x, https:\/\/i0.wp.com\/www.freidenker.org\/fw17\/wp-content\/uploads\/2022\/11\/Carol-Tahhan-01_800x450.jpg?fit=800%2C450&ssl=1&resize=700%2C400 2x"},"classes":[]},{"id":6856,"url":"https:\/\/www.freidenker.org\/?p=6856","url_meta":{"origin":10337,"position":3},"title":"Nie wieder Krieg!","author":"Webredaktion","date":"24. August 2019","format":false,"excerpt":"Beitrag von Bernd Duschner Mit der Zerschlagung Jugoslawiens und den NATO-Bombardements endete f\u00fcr Deutschland eine mehr als 50-j\u00e4hrige \u201eKriegs-Pause\u201c. Die Vorg\u00e4nge des Jahres 1999 sind eine Blaupause, an der man studieren kann, wie Kriege vor- und medial aufbereitet werden k\u00f6nnen, so dass die Mehrheit der Bev\u00f6lkerung am Ende von der\u2026","rel":"","context":"In &quot;Frieden - Antifaschismus - Solidarit\u00e4t&quot;","block_context":{"text":"Frieden - Antifaschismus - Solidarit\u00e4t","link":"https:\/\/www.freidenker.org\/?cat=13"},"img":{"alt_text":"","src":"https:\/\/i0.wp.com\/www.freidenker.org\/fw17\/wp-content\/uploads\/2019\/08\/Zerst%C3%B6rte_Fabrik_Krusik_Freundschaft_mit_Valjevo.jpg?fit=800%2C445&ssl=1&resize=350%2C200","width":350,"height":200,"srcset":"https:\/\/i0.wp.com\/www.freidenker.org\/fw17\/wp-content\/uploads\/2019\/08\/Zerst%C3%B6rte_Fabrik_Krusik_Freundschaft_mit_Valjevo.jpg?fit=800%2C445&ssl=1&resize=350%2C200 1x, https:\/\/i0.wp.com\/www.freidenker.org\/fw17\/wp-content\/uploads\/2019\/08\/Zerst%C3%B6rte_Fabrik_Krusik_Freundschaft_mit_Valjevo.jpg?fit=800%2C445&ssl=1&resize=525%2C300 1.5x, https:\/\/i0.wp.com\/www.freidenker.org\/fw17\/wp-content\/uploads\/2019\/08\/Zerst%C3%B6rte_Fabrik_Krusik_Freundschaft_mit_Valjevo.jpg?fit=800%2C445&ssl=1&resize=700%2C400 2x"},"classes":[]},{"id":11032,"url":"https:\/\/www.freidenker.org\/?p=11032","url_meta":{"origin":10337,"position":4},"title":"Veranstaltung: 1941 &#8211; Zerst\u00f6rung des ersten Jugoslawien","author":"Webredaktion","date":"15. August 2021","format":false,"excerpt":"Vortrag und Diskussion mit Bernd Duschner Samstag, 28. August 2021, 15 Uhr, Wiener Hof, Langener Str. 23, 63073 Offenbach a. M. - Bieber Vor 80 Jahren, am 6. April 1941, \u00fcberfiel das faschistische Deutschland das damalige K\u00f6nigreich Jugoslawien. Seine territoriale Zerschlagung und Besetzung sollte vor dem Krieg gegen die Sowjetunion\u2026","rel":"","context":"In &quot;Geschichte&quot;","block_context":{"text":"Geschichte","link":"https:\/\/www.freidenker.org\/?cat=1162"},"img":{"alt_text":"","src":"https:\/\/i0.wp.com\/www.freidenker.org\/fw17\/wp-content\/uploads\/2021\/08\/belgrad_1941_faks_800x450.jpg?fit=800%2C450&ssl=1&resize=350%2C200","width":350,"height":200,"srcset":"https:\/\/i0.wp.com\/www.freidenker.org\/fw17\/wp-content\/uploads\/2021\/08\/belgrad_1941_faks_800x450.jpg?fit=800%2C450&ssl=1&resize=350%2C200 1x, https:\/\/i0.wp.com\/www.freidenker.org\/fw17\/wp-content\/uploads\/2021\/08\/belgrad_1941_faks_800x450.jpg?fit=800%2C450&ssl=1&resize=525%2C300 1.5x, https:\/\/i0.wp.com\/www.freidenker.org\/fw17\/wp-content\/uploads\/2021\/08\/belgrad_1941_faks_800x450.jpg?fit=800%2C450&ssl=1&resize=700%2C400 2x"},"classes":[]},{"id":8234,"url":"https:\/\/www.freidenker.org\/?p=8234","url_meta":{"origin":10337,"position":5},"title":"Warum wir als B\u00fcrger nicht schweigen d\u00fcrfen","author":"Webredaktion","date":"16. Juni 2020","format":false,"excerpt":"Leserbrief vom Bernd Duschner. Erschienen im Pfaffenhofener Kurier am 25. Mai 2020 ... Sinnvolle Ma\u00dfnahmen gegen die Ausbreitung der Corona-Epidemie unterst\u00fctzen alle. Dazu geh\u00f6rt allerdings nicht das Verbreiten von Panik und der Angst vor der Begegnung und Gespr\u00e4ch mit unseren Mitmenschen, in denen nur noch potentielle Virentr\u00e4ger gesehen werden. Eine\u2026","rel":"","context":"In &quot;Arbeit &amp; Soziales&quot;","block_context":{"text":"Arbeit &amp; Soziales","link":"https:\/\/www.freidenker.org\/?cat=11"},"img":{"alt_text":"","src":"https:\/\/i0.wp.com\/www.freidenker.org\/fw17\/wp-content\/uploads\/2020\/06\/newspapers-444447_800x450.jpg?fit=800%2C450&ssl=1&resize=350%2C200","width":350,"height":200,"srcset":"https:\/\/i0.wp.com\/www.freidenker.org\/fw17\/wp-content\/uploads\/2020\/06\/newspapers-444447_800x450.jpg?fit=800%2C450&ssl=1&resize=350%2C200 1x, https:\/\/i0.wp.com\/www.freidenker.org\/fw17\/wp-content\/uploads\/2020\/06\/newspapers-444447_800x450.jpg?fit=800%2C450&ssl=1&resize=525%2C300 1.5x, https:\/\/i0.wp.com\/www.freidenker.org\/fw17\/wp-content\/uploads\/2020\/06\/newspapers-444447_800x450.jpg?fit=800%2C450&ssl=1&resize=700%2C400 2x"},"classes":[]}],"_links":{"self":[{"href":"https:\/\/www.freidenker.org\/index.php?rest_route=\/wp\/v2\/posts\/10337","targetHints":{"allow":["GET"]}}],"collection":[{"href":"https:\/\/www.freidenker.org\/index.php?rest_route=\/wp\/v2\/posts"}],"about":[{"href":"https:\/\/www.freidenker.org\/index.php?rest_route=\/wp\/v2\/types\/post"}],"author":[{"embeddable":true,"href":"https:\/\/www.freidenker.org\/index.php?rest_route=\/wp\/v2\/users\/3"}],"replies":[{"embeddable":true,"href":"https:\/\/www.freidenker.org\/index.php?rest_route=%2Fwp%2Fv2%2Fcomments&post=10337"}],"version-history":[{"count":0,"href":"https:\/\/www.freidenker.org\/index.php?rest_route=\/wp\/v2\/posts\/10337\/revisions"}],"wp:featuredmedia":[{"embeddable":true,"href":"https:\/\/www.freidenker.org\/index.php?rest_route=\/wp\/v2\/media\/10342"}],"wp:attachment":[{"href":"https:\/\/www.freidenker.org\/index.php?rest_route=%2Fwp%2Fv2%2Fmedia&parent=10337"}],"wp:term":[{"taxonomy":"category","embeddable":true,"href":"https:\/\/www.freidenker.org\/index.php?rest_route=%2Fwp%2Fv2%2Fcategories&post=10337"},{"taxonomy":"post_tag","embeddable":true,"href":"https:\/\/www.freidenker.org\/index.php?rest_route=%2Fwp%2Fv2%2Ftags&post=10337"}],"curies":[{"name":"wp","href":"https:\/\/api.w.org\/{rel}","templated":true}]}}