{"id":10244,"date":"2021-05-13T18:23:53","date_gmt":"2021-05-13T16:23:53","guid":{"rendered":"https:\/\/www.freidenker.org\/?p=10244"},"modified":"2021-06-02T23:07:33","modified_gmt":"2021-06-02T21:07:33","slug":"tag-der-befreiung-2021","status":"publish","type":"post","link":"https:\/\/www.freidenker.org\/?p=10244","title":{"rendered":"Tag der Befreiung 2021"},"content":{"rendered":"<p>Vor 76 Jahren ging mit der deutschen Kapitulation der Zweite Weltkrieg zu Ende. Auch in diesem Jahr wurde am 8. und 9. Mai mit Kranzniederlegungen, Gedenkkundgebungen und Demonstrationen bundesweit der Befreier gedacht, insbesondere der Roten Armee der Sowjetunion, die die Hauptlast des Krieges getragen und 27 Millionen Opfer zu beklagen hatte.<\/p>\n<p>In diesem Jahr begehen wir auch den 80. Jahrestag des faschistischen \u00dcberfalls auf die Sowjetunion. In Anbetracht zunehmender politischer Scharfmacherei gegen Russland war das Gedenken vielerorts auch mit Warnungen vor einem neuen Krieg gegen Russland verbunden.<\/p>\n<p>Selbstverst\u00e4ndlich waren auch viele Freidenker an den Veranstaltungen beteiligt.<\/p>\n<p>Wir ver\u00f6ffentlichen hier 7 Fotostrecken verschiedener Veranstaltungen in Berlin, Klosterfelde, Dresden, Neuruppin, Frankfurt a.M. und auf den Seelower H\u00f6hen sowie die Reden von Klaus Hartmann, Vorsitzender des Deutschen Freidenker-Verbandes und unserer Mitglieder Liane Kilinc und M\u00e4nne Gr\u00fc\u00df.<\/p>\n<p><a id=\"uebersicht\"><\/a><strong>\u00dcbersicht<\/strong><\/p>\n<ul>\n<li><a href=\"#tiergarten\">Berlin-Tiergarten, 8. Mai 2021<\/a><\/li>\n<li><a href=\"#klosterfelde\">Klosterfelde bei Berlin, 8. Mai 2021<\/a>\n<ul>\n<li><a href=\"#rede_kilinc\">Rede von Liane Kilinc<\/a><\/li>\n<\/ul>\n<\/li>\n<li><a href=\"#dresden\">Dresden, 8. Mai 2021<\/a><\/li>\n<li><a href=\"#neuruppin\">Neuruppin, 8. Mai 2021<\/a><\/li>\n<li><a href=\"#treptow\">Berlin-Treptow, 9. Mai 2021<\/a><\/li>\n<li><a href=\"#seelow\">Seelower H\u00f6hen, 9. Mai 2021<\/a>\n<ul>\n<li><a href=\"#video_seelow\">Video der Redebeitr\u00e4ge<\/a><\/li>\n<li><a href=\"#rede_gruess\">Rede von M\u00e4nne Gr\u00fc\u00df<\/a><\/li>\n<\/ul>\n<\/li>\n<li><a href=\"#frankfurt\">Frankfurt a.M., 9. Mai 2021<\/a>\n<ul>\n<li><a href=\"#rede_hartmann\">Rede von Klaus Hartmann<\/a><\/li>\n<\/ul>\n<\/li>\n<\/ul>\n<hr \/>\n<h5><a id=\"tiergarten\"><\/a>Berlin-Tiergarten, 8. Mai 2021<\/h5>\n<p>Zum 8. Mai hatte die Berliner Friedenskoordination zu einer Kundgebung am Sowjetischen Ehrenmal im Berliner Tiergarten aufgerufen. Dieser Einladung folgten auch viele Freidenker.<\/p>\n<p>Die Kundgebung stand unter dem Motto: &#8222;Dank den Soldaten der Roten Armee f\u00fcr die Befreiung vom Faschismus! Ja zu Frieden mit Russland, zu Entspannung und Abr\u00fcstung! F\u00fcr ein gemeinsames europ\u00e4isches Haus von Lissabon bis Wladiwostok!&#8220;<\/p>\n<div class=\"tiled-gallery type-rectangular tiled-gallery-unresized\" data-original-width=\"800\" data-carousel-extra='{&quot;blog_id&quot;:1,&quot;permalink&quot;:&quot;https:\\\/\\\/www.freidenker.org\\\/?p=10244&quot;,&quot;likes_blog_id&quot;:139773280}' itemscope itemtype=\"http:\/\/schema.org\/ImageGallery\" > <div class=\"gallery-row\" style=\"width: 800px; height: 348px;\" data-original-width=\"800\" data-original-height=\"348\" > <div class=\"gallery-group images-2\" style=\"width: 280px; height: 348px;\" data-original-width=\"280\" data-original-height=\"348\" > <div class=\"tiled-gallery-item tiled-gallery-item-large\" itemprop=\"associatedMedia\" itemscope itemtype=\"http:\/\/schema.org\/ImageObject\"> <a href=\"https:\/\/www.freidenker.org\/?attachment_id=10245\" border=\"0\" itemprop=\"url\"> <meta itemprop=\"width\" content=\"276\"> <meta itemprop=\"height\" content=\"156\"> <img decoding=\"async\" class=\"\" data-attachment-id=\"10245\" data-orig-file=\"https:\/\/www.freidenker.org\/fw17\/wp-content\/uploads\/2021\/05\/Chrstiane-Reymann-Journalistin.jpg\" data-orig-size=\"1280,720\" data-comments-opened=\"\" data-image-meta=\"{&quot;aperture&quot;:&quot;11&quot;,&quot;credit&quot;:&quot;&quot;,&quot;camera&quot;:&quot;DMC-LX5&quot;,&quot;caption&quot;:&quot;&quot;,&quot;created_timestamp&quot;:&quot;1620487717&quot;,&quot;copyright&quot;:&quot;&quot;,&quot;focal_length&quot;:&quot;12.8&quot;,&quot;iso&quot;:&quot;0&quot;,&quot;shutter_speed&quot;:&quot;0.000625&quot;,&quot;title&quot;:&quot;&quot;,&quot;orientation&quot;:&quot;1&quot;}\" data-image-title=\"\" data-image-description=\"\" data-medium-file=\"https:\/\/i0.wp.com\/www.freidenker.org\/fw17\/wp-content\/uploads\/2021\/05\/Chrstiane-Reymann-Journalistin.jpg?fit=300%2C169&#038;ssl=1\" data-large-file=\"https:\/\/i0.wp.com\/www.freidenker.org\/fw17\/wp-content\/uploads\/2021\/05\/Chrstiane-Reymann-Journalistin.jpg?fit=800%2C450&#038;ssl=1\" src=\"https:\/\/i0.wp.com\/www.freidenker.org\/fw17\/wp-content\/uploads\/2021\/05\/Chrstiane-Reymann-Journalistin.jpg?w=276&#038;h=156&#038;ssl=1\" srcset=\"https:\/\/i0.wp.com\/www.freidenker.org\/fw17\/wp-content\/uploads\/2021\/05\/Chrstiane-Reymann-Journalistin.jpg?w=1280&amp;ssl=1 1280w, https:\/\/i0.wp.com\/www.freidenker.org\/fw17\/wp-content\/uploads\/2021\/05\/Chrstiane-Reymann-Journalistin.jpg?resize=300%2C169&amp;ssl=1 300w, https:\/\/i0.wp.com\/www.freidenker.org\/fw17\/wp-content\/uploads\/2021\/05\/Chrstiane-Reymann-Journalistin.jpg?resize=1024%2C576&amp;ssl=1 1024w, https:\/\/i0.wp.com\/www.freidenker.org\/fw17\/wp-content\/uploads\/2021\/05\/Chrstiane-Reymann-Journalistin.jpg?resize=768%2C432&amp;ssl=1 768w\" width=\"276\" height=\"156\" loading=\"lazy\" data-original-width=\"276\" data-original-height=\"156\" itemprop=\"http:\/\/schema.org\/image\" title=\"\" alt=\"Berlin-Tiergarten, 8. Mai 2021: Die Journalistin Chrstiane Reymann bei ihrer Rede\" style=\"width: 276px; height: 156px;\" \/> <\/a> <div class=\"tiled-gallery-caption\" itemprop=\"caption description\"> Berlin-Tiergarten, 8. Mai 2021: Die Journalistin Chrstiane Reymann bei ihrer Rede <\/div> <\/div> <div class=\"tiled-gallery-item tiled-gallery-item-large\" itemprop=\"associatedMedia\" itemscope itemtype=\"http:\/\/schema.org\/ImageObject\"> <a href=\"https:\/\/www.freidenker.org\/?attachment_id=10246\" border=\"0\" itemprop=\"url\"> <meta itemprop=\"width\" content=\"276\"> <meta itemprop=\"height\" content=\"184\"> <img decoding=\"async\" class=\"\" data-attachment-id=\"10246\" data-orig-file=\"https:\/\/www.freidenker.org\/fw17\/wp-content\/uploads\/2021\/05\/Freidenker-Transpi-mit-Albrecht.jpg\" data-orig-size=\"1920,1281\" data-comments-opened=\"\" data-image-meta=\"{&quot;aperture&quot;:&quot;5.6&quot;,&quot;credit&quot;:&quot;&quot;,&quot;camera&quot;:&quot;DMC-LX5&quot;,&quot;caption&quot;:&quot;&quot;,&quot;created_timestamp&quot;:&quot;1620487442&quot;,&quot;copyright&quot;:&quot;&quot;,&quot;focal_length&quot;:&quot;6&quot;,&quot;iso&quot;:&quot;80&quot;,&quot;shutter_speed&quot;:&quot;0.001&quot;,&quot;title&quot;:&quot;&quot;,&quot;orientation&quot;:&quot;1&quot;}\" data-image-title=\"\" data-image-description=\"\" data-medium-file=\"https:\/\/i0.wp.com\/www.freidenker.org\/fw17\/wp-content\/uploads\/2021\/05\/Freidenker-Transpi-mit-Albrecht.jpg?fit=300%2C200&#038;ssl=1\" data-large-file=\"https:\/\/i0.wp.com\/www.freidenker.org\/fw17\/wp-content\/uploads\/2021\/05\/Freidenker-Transpi-mit-Albrecht.jpg?fit=800%2C534&#038;ssl=1\" src=\"https:\/\/i0.wp.com\/www.freidenker.org\/fw17\/wp-content\/uploads\/2021\/05\/Freidenker-Transpi-mit-Albrecht.jpg?w=276&#038;h=184&#038;ssl=1\" srcset=\"https:\/\/i0.wp.com\/www.freidenker.org\/fw17\/wp-content\/uploads\/2021\/05\/Freidenker-Transpi-mit-Albrecht.jpg?w=1920&amp;ssl=1 1920w, https:\/\/i0.wp.com\/www.freidenker.org\/fw17\/wp-content\/uploads\/2021\/05\/Freidenker-Transpi-mit-Albrecht.jpg?resize=300%2C200&amp;ssl=1 300w, https:\/\/i0.wp.com\/www.freidenker.org\/fw17\/wp-content\/uploads\/2021\/05\/Freidenker-Transpi-mit-Albrecht.jpg?resize=1024%2C683&amp;ssl=1 1024w, https:\/\/i0.wp.com\/www.freidenker.org\/fw17\/wp-content\/uploads\/2021\/05\/Freidenker-Transpi-mit-Albrecht.jpg?resize=768%2C512&amp;ssl=1 768w, https:\/\/i0.wp.com\/www.freidenker.org\/fw17\/wp-content\/uploads\/2021\/05\/Freidenker-Transpi-mit-Albrecht.jpg?resize=1536%2C1025&amp;ssl=1 1536w, https:\/\/i0.wp.com\/www.freidenker.org\/fw17\/wp-content\/uploads\/2021\/05\/Freidenker-Transpi-mit-Albrecht.jpg?w=1600&amp;ssl=1 1600w\" width=\"276\" height=\"184\" loading=\"lazy\" data-original-width=\"276\" data-original-height=\"184\" itemprop=\"http:\/\/schema.org\/image\" title=\"\" alt=\"Berlin-Tiergarten, 8. Mai 2021: Vorn Albrecht Ludloff, Mitglied der Berliner Freidenker\" style=\"width: 276px; height: 184px;\" \/> <\/a> <div class=\"tiled-gallery-caption\" itemprop=\"caption description\"> Berlin-Tiergarten, 8. Mai 2021: Vorn Albrecht Ludloff, Mitglied der Berliner Freidenker <\/div> <\/div> <\/div> <!-- close group --> <div class=\"gallery-group images-1\" style=\"width: 520px; height: 348px;\" data-original-width=\"520\" data-original-height=\"348\" > <div class=\"tiled-gallery-item tiled-gallery-item-large\" itemprop=\"associatedMedia\" itemscope itemtype=\"http:\/\/schema.org\/ImageObject\"> <a href=\"https:\/\/www.freidenker.org\/?attachment_id=10247\" border=\"0\" itemprop=\"url\"> <meta itemprop=\"width\" content=\"516\"> <meta itemprop=\"height\" content=\"344\"> <img decoding=\"async\" class=\"\" data-attachment-id=\"10247\" data-orig-file=\"https:\/\/www.freidenker.org\/fw17\/wp-content\/uploads\/2021\/05\/P1040593.jpg\" data-orig-size=\"1920,1281\" data-comments-opened=\"\" data-image-meta=\"{&quot;aperture&quot;:&quot;5&quot;,&quot;credit&quot;:&quot;&quot;,&quot;camera&quot;:&quot;DMC-LX5&quot;,&quot;caption&quot;:&quot;&quot;,&quot;created_timestamp&quot;:&quot;1620486017&quot;,&quot;copyright&quot;:&quot;&quot;,&quot;focal_length&quot;:&quot;5.1&quot;,&quot;iso&quot;:&quot;80&quot;,&quot;shutter_speed&quot;:&quot;0.00125&quot;,&quot;title&quot;:&quot;&quot;,&quot;orientation&quot;:&quot;1&quot;}\" data-image-title=\"\" data-image-description=\"\" data-medium-file=\"https:\/\/i0.wp.com\/www.freidenker.org\/fw17\/wp-content\/uploads\/2021\/05\/P1040593.jpg?fit=300%2C200&#038;ssl=1\" data-large-file=\"https:\/\/i0.wp.com\/www.freidenker.org\/fw17\/wp-content\/uploads\/2021\/05\/P1040593.jpg?fit=800%2C534&#038;ssl=1\" src=\"https:\/\/i0.wp.com\/www.freidenker.org\/fw17\/wp-content\/uploads\/2021\/05\/P1040593.jpg?w=516&#038;h=344&#038;ssl=1\" srcset=\"https:\/\/i0.wp.com\/www.freidenker.org\/fw17\/wp-content\/uploads\/2021\/05\/P1040593.jpg?w=1920&amp;ssl=1 1920w, https:\/\/i0.wp.com\/www.freidenker.org\/fw17\/wp-content\/uploads\/2021\/05\/P1040593.jpg?resize=300%2C200&amp;ssl=1 300w, https:\/\/i0.wp.com\/www.freidenker.org\/fw17\/wp-content\/uploads\/2021\/05\/P1040593.jpg?resize=1024%2C683&amp;ssl=1 1024w, https:\/\/i0.wp.com\/www.freidenker.org\/fw17\/wp-content\/uploads\/2021\/05\/P1040593.jpg?resize=768%2C512&amp;ssl=1 768w, https:\/\/i0.wp.com\/www.freidenker.org\/fw17\/wp-content\/uploads\/2021\/05\/P1040593.jpg?resize=1536%2C1025&amp;ssl=1 1536w, https:\/\/i0.wp.com\/www.freidenker.org\/fw17\/wp-content\/uploads\/2021\/05\/P1040593.jpg?w=1600&amp;ssl=1 1600w\" width=\"516\" height=\"344\" loading=\"lazy\" data-original-width=\"516\" data-original-height=\"344\" itemprop=\"http:\/\/schema.org\/image\" title=\"\" alt=\"Berlin-Tiergarten, 8. Mai 2021\" style=\"width: 516px; height: 344px;\" \/> <\/a> <div class=\"tiled-gallery-caption\" itemprop=\"caption description\"> Berlin-Tiergarten, 8. Mai 2021 <\/div> <\/div> <\/div> <!-- close group --> <\/div> <!-- close row --> <div class=\"gallery-row\" style=\"width: 800px; height: 358px;\" data-original-width=\"800\" data-original-height=\"358\" > <div class=\"gallery-group images-1\" style=\"width: 534px; height: 358px;\" data-original-width=\"534\" data-original-height=\"358\" > <div class=\"tiled-gallery-item tiled-gallery-item-large\" itemprop=\"associatedMedia\" itemscope itemtype=\"http:\/\/schema.org\/ImageObject\"> <a href=\"https:\/\/www.freidenker.org\/?attachment_id=10248\" border=\"0\" itemprop=\"url\"> <meta itemprop=\"width\" content=\"530\"> <meta itemprop=\"height\" content=\"354\"> <img decoding=\"async\" class=\"\" data-attachment-id=\"10248\" data-orig-file=\"https:\/\/www.freidenker.org\/fw17\/wp-content\/uploads\/2021\/05\/P1040605.jpg\" data-orig-size=\"1920,1281\" data-comments-opened=\"\" data-image-meta=\"{&quot;aperture&quot;:&quot;4&quot;,&quot;credit&quot;:&quot;&quot;,&quot;camera&quot;:&quot;DMC-LX5&quot;,&quot;caption&quot;:&quot;&quot;,&quot;created_timestamp&quot;:&quot;1620486924&quot;,&quot;copyright&quot;:&quot;&quot;,&quot;focal_length&quot;:&quot;12.8&quot;,&quot;iso&quot;:&quot;80&quot;,&quot;shutter_speed&quot;:&quot;0.0015625&quot;,&quot;title&quot;:&quot;&quot;,&quot;orientation&quot;:&quot;1&quot;}\" data-image-title=\"\" data-image-description=\"\" data-medium-file=\"https:\/\/i0.wp.com\/www.freidenker.org\/fw17\/wp-content\/uploads\/2021\/05\/P1040605.jpg?fit=300%2C200&#038;ssl=1\" data-large-file=\"https:\/\/i0.wp.com\/www.freidenker.org\/fw17\/wp-content\/uploads\/2021\/05\/P1040605.jpg?fit=800%2C534&#038;ssl=1\" src=\"https:\/\/i0.wp.com\/www.freidenker.org\/fw17\/wp-content\/uploads\/2021\/05\/P1040605.jpg?w=530&#038;h=354&#038;ssl=1\" srcset=\"https:\/\/i0.wp.com\/www.freidenker.org\/fw17\/wp-content\/uploads\/2021\/05\/P1040605.jpg?w=1920&amp;ssl=1 1920w, https:\/\/i0.wp.com\/www.freidenker.org\/fw17\/wp-content\/uploads\/2021\/05\/P1040605.jpg?resize=300%2C200&amp;ssl=1 300w, https:\/\/i0.wp.com\/www.freidenker.org\/fw17\/wp-content\/uploads\/2021\/05\/P1040605.jpg?resize=1024%2C683&amp;ssl=1 1024w, https:\/\/i0.wp.com\/www.freidenker.org\/fw17\/wp-content\/uploads\/2021\/05\/P1040605.jpg?resize=768%2C512&amp;ssl=1 768w, https:\/\/i0.wp.com\/www.freidenker.org\/fw17\/wp-content\/uploads\/2021\/05\/P1040605.jpg?resize=1536%2C1025&amp;ssl=1 1536w, https:\/\/i0.wp.com\/www.freidenker.org\/fw17\/wp-content\/uploads\/2021\/05\/P1040605.jpg?w=1600&amp;ssl=1 1600w\" width=\"530\" height=\"354\" loading=\"lazy\" data-original-width=\"530\" data-original-height=\"354\" itemprop=\"http:\/\/schema.org\/image\" title=\"\" alt=\"Berlin-Tiergarten, 8. Mai 2021\" style=\"width: 530px; height: 354px;\" \/> <\/a> <div class=\"tiled-gallery-caption\" itemprop=\"caption description\"> Berlin-Tiergarten, 8. Mai 2021 <\/div> <\/div> <\/div> <!-- close group --> <div class=\"gallery-group images-2\" style=\"width: 266px; height: 358px;\" data-original-width=\"266\" data-original-height=\"358\" > <div class=\"tiled-gallery-item tiled-gallery-item-large\" itemprop=\"associatedMedia\" itemscope itemtype=\"http:\/\/schema.org\/ImageObject\"> <a href=\"https:\/\/www.freidenker.org\/?attachment_id=10249\" border=\"0\" itemprop=\"url\"> <meta itemprop=\"width\" content=\"262\"> <meta itemprop=\"height\" content=\"175\"> <img decoding=\"async\" class=\"\" data-attachment-id=\"10249\" data-orig-file=\"https:\/\/www.freidenker.org\/fw17\/wp-content\/uploads\/2021\/05\/P1040617.jpg\" data-orig-size=\"1920,1281\" data-comments-opened=\"\" data-image-meta=\"{&quot;aperture&quot;:&quot;5.6&quot;,&quot;credit&quot;:&quot;&quot;,&quot;camera&quot;:&quot;DMC-LX5&quot;,&quot;caption&quot;:&quot;&quot;,&quot;created_timestamp&quot;:&quot;1620487267&quot;,&quot;copyright&quot;:&quot;&quot;,&quot;focal_length&quot;:&quot;19.2&quot;,&quot;iso&quot;:&quot;80&quot;,&quot;shutter_speed&quot;:&quot;0.00125&quot;,&quot;title&quot;:&quot;&quot;,&quot;orientation&quot;:&quot;1&quot;}\" data-image-title=\"\" data-image-description=\"\" data-medium-file=\"https:\/\/i0.wp.com\/www.freidenker.org\/fw17\/wp-content\/uploads\/2021\/05\/P1040617.jpg?fit=300%2C200&#038;ssl=1\" data-large-file=\"https:\/\/i0.wp.com\/www.freidenker.org\/fw17\/wp-content\/uploads\/2021\/05\/P1040617.jpg?fit=800%2C534&#038;ssl=1\" src=\"https:\/\/i0.wp.com\/www.freidenker.org\/fw17\/wp-content\/uploads\/2021\/05\/P1040617.jpg?w=262&#038;h=175&#038;ssl=1\" srcset=\"https:\/\/i0.wp.com\/www.freidenker.org\/fw17\/wp-content\/uploads\/2021\/05\/P1040617.jpg?w=1920&amp;ssl=1 1920w, https:\/\/i0.wp.com\/www.freidenker.org\/fw17\/wp-content\/uploads\/2021\/05\/P1040617.jpg?resize=300%2C200&amp;ssl=1 300w, https:\/\/i0.wp.com\/www.freidenker.org\/fw17\/wp-content\/uploads\/2021\/05\/P1040617.jpg?resize=1024%2C683&amp;ssl=1 1024w, https:\/\/i0.wp.com\/www.freidenker.org\/fw17\/wp-content\/uploads\/2021\/05\/P1040617.jpg?resize=768%2C512&amp;ssl=1 768w, https:\/\/i0.wp.com\/www.freidenker.org\/fw17\/wp-content\/uploads\/2021\/05\/P1040617.jpg?resize=1536%2C1025&amp;ssl=1 1536w, https:\/\/i0.wp.com\/www.freidenker.org\/fw17\/wp-content\/uploads\/2021\/05\/P1040617.jpg?w=1600&amp;ssl=1 1600w\" width=\"262\" height=\"175\" loading=\"lazy\" data-original-width=\"262\" data-original-height=\"175\" itemprop=\"http:\/\/schema.org\/image\" title=\"\" alt=\"Berlin-Tiergarten, 8. Mai 2021\" style=\"width: 262px; height: 175px;\" \/> <\/a> <div class=\"tiled-gallery-caption\" itemprop=\"caption description\"> Berlin-Tiergarten, 8. Mai 2021 <\/div> <\/div> <div class=\"tiled-gallery-item tiled-gallery-item-large\" itemprop=\"associatedMedia\" itemscope itemtype=\"http:\/\/schema.org\/ImageObject\"> <a href=\"https:\/\/www.freidenker.org\/?attachment_id=10250\" border=\"0\" itemprop=\"url\"> <meta itemprop=\"width\" content=\"262\"> <meta itemprop=\"height\" content=\"175\"> <img decoding=\"async\" class=\"\" data-attachment-id=\"10250\" data-orig-file=\"https:\/\/www.freidenker.org\/fw17\/wp-content\/uploads\/2021\/05\/P1040624.jpg\" data-orig-size=\"1920,1281\" data-comments-opened=\"\" data-image-meta=\"{&quot;aperture&quot;:&quot;5&quot;,&quot;credit&quot;:&quot;&quot;,&quot;camera&quot;:&quot;DMC-LX5&quot;,&quot;caption&quot;:&quot;&quot;,&quot;created_timestamp&quot;:&quot;1620487390&quot;,&quot;copyright&quot;:&quot;&quot;,&quot;focal_length&quot;:&quot;17.1&quot;,&quot;iso&quot;:&quot;80&quot;,&quot;shutter_speed&quot;:&quot;0.001&quot;,&quot;title&quot;:&quot;&quot;,&quot;orientation&quot;:&quot;1&quot;}\" data-image-title=\"\" data-image-description=\"\" data-medium-file=\"https:\/\/i0.wp.com\/www.freidenker.org\/fw17\/wp-content\/uploads\/2021\/05\/P1040624.jpg?fit=300%2C200&#038;ssl=1\" data-large-file=\"https:\/\/i0.wp.com\/www.freidenker.org\/fw17\/wp-content\/uploads\/2021\/05\/P1040624.jpg?fit=800%2C534&#038;ssl=1\" src=\"https:\/\/i0.wp.com\/www.freidenker.org\/fw17\/wp-content\/uploads\/2021\/05\/P1040624.jpg?w=262&#038;h=175&#038;ssl=1\" srcset=\"https:\/\/i0.wp.com\/www.freidenker.org\/fw17\/wp-content\/uploads\/2021\/05\/P1040624.jpg?w=1920&amp;ssl=1 1920w, https:\/\/i0.wp.com\/www.freidenker.org\/fw17\/wp-content\/uploads\/2021\/05\/P1040624.jpg?resize=300%2C200&amp;ssl=1 300w, https:\/\/i0.wp.com\/www.freidenker.org\/fw17\/wp-content\/uploads\/2021\/05\/P1040624.jpg?resize=1024%2C683&amp;ssl=1 1024w, https:\/\/i0.wp.com\/www.freidenker.org\/fw17\/wp-content\/uploads\/2021\/05\/P1040624.jpg?resize=768%2C512&amp;ssl=1 768w, https:\/\/i0.wp.com\/www.freidenker.org\/fw17\/wp-content\/uploads\/2021\/05\/P1040624.jpg?resize=1536%2C1025&amp;ssl=1 1536w, https:\/\/i0.wp.com\/www.freidenker.org\/fw17\/wp-content\/uploads\/2021\/05\/P1040624.jpg?w=1600&amp;ssl=1 1600w\" width=\"262\" height=\"175\" loading=\"lazy\" data-original-width=\"262\" data-original-height=\"175\" itemprop=\"http:\/\/schema.org\/image\" title=\"\" alt=\"Berlin-Tiergarten, 8. Mai 2021\" style=\"width: 262px; height: 175px;\" \/> <\/a> <div class=\"tiled-gallery-caption\" itemprop=\"caption description\"> Berlin-Tiergarten, 8. Mai 2021 <\/div> <\/div> <\/div> <!-- close group --> <\/div> <!-- close row --> <\/div>\n<p><span style=\"font-size: 10pt;\">Fotos: Ingrid Koschmieder<\/span><\/p>\n<p>Weitere Bilder dieser Veranstaltung findet ihr in dieser Fotogalerie der Friko Berlin: <a href=\"https:\/\/www.flickr.com\/photos\/frikoberlin\/albums\/72157719141852122\" target=\"_blank\" rel=\"noopener\">https:\/\/www.flickr.com\/photos\/frikoberlin\/albums\/72157719141852122<\/a><\/p>\n<p>Es gibt auch ein Video in zwei Teilen: <a href=\"https:\/\/www.youtube.com\/watch?v=KZ90-WKbCvU\" target=\"_blank\" rel=\"noopener\">https:\/\/www.youtube.com\/watch?v=KZ90-WKbCvU<\/a> und <a href=\"https:\/\/www.youtube.com\/watch?v=igQJ-_yVkUI\" target=\"_blank\" rel=\"noopener\">https:\/\/www.youtube.com\/watch?v=igQJ-_yVkUI<\/a><\/p>\n<p><a href=\"#uebersicht\"><span style=\"font-size: 10pt;\">\u2191 \u00dcbersicht<\/span><\/a><\/p>\n<hr \/>\n<h5><a id=\"klosterfelde\"><\/a>Klosterfelde bei Berlin, 8. Mai 2021<\/h5>\n<p>Nicht nur in den gro\u00dfen St\u00e4dten, auch in zahlreichen kleineren Orten fanden Gedenkkundgebungen statt, wie hier in Klosterfelde bei Berlin. Die Rede hielt Liane Kilinc, Vorsitzende des Friedensbr\u00fccke-Kriegsopferhilfe e.V. und Mitglied im Deutschen Freidenker-Verband.<\/p>\n<div class=\"tiled-gallery type-rectangular tiled-gallery-unresized\" data-original-width=\"800\" data-carousel-extra='{&quot;blog_id&quot;:1,&quot;permalink&quot;:&quot;https:\\\/\\\/www.freidenker.org\\\/?p=10244&quot;,&quot;likes_blog_id&quot;:139773280}' itemscope itemtype=\"http:\/\/schema.org\/ImageGallery\" > <div class=\"gallery-row\" style=\"width: 800px; height: 644px;\" data-original-width=\"800\" data-original-height=\"644\" > <div class=\"gallery-group images-1\" style=\"width: 485px; height: 644px;\" data-original-width=\"485\" data-original-height=\"644\" > <div class=\"tiled-gallery-item tiled-gallery-item-large\" itemprop=\"associatedMedia\" itemscope itemtype=\"http:\/\/schema.org\/ImageObject\"> <a href=\"https:\/\/www.freidenker.org\/?attachment_id=10251\" border=\"0\" itemprop=\"url\"> <meta itemprop=\"width\" content=\"481\"> <meta itemprop=\"height\" content=\"640\"> <img decoding=\"async\" class=\"\" data-attachment-id=\"10251\" data-orig-file=\"https:\/\/www.freidenker.org\/fw17\/wp-content\/uploads\/2021\/05\/0.jpg\" data-orig-size=\"1208,1608\" data-comments-opened=\"\" data-image-meta=\"{&quot;aperture&quot;:&quot;0&quot;,&quot;credit&quot;:&quot;&quot;,&quot;camera&quot;:&quot;&quot;,&quot;caption&quot;:&quot;&quot;,&quot;created_timestamp&quot;:&quot;0&quot;,&quot;copyright&quot;:&quot;&quot;,&quot;focal_length&quot;:&quot;0&quot;,&quot;iso&quot;:&quot;0&quot;,&quot;shutter_speed&quot;:&quot;0&quot;,&quot;title&quot;:&quot;&quot;,&quot;orientation&quot;:&quot;0&quot;}\" data-image-title=\"\" data-image-description=\"\" data-medium-file=\"https:\/\/i0.wp.com\/www.freidenker.org\/fw17\/wp-content\/uploads\/2021\/05\/0.jpg?fit=225%2C300&#038;ssl=1\" data-large-file=\"https:\/\/i0.wp.com\/www.freidenker.org\/fw17\/wp-content\/uploads\/2021\/05\/0.jpg?fit=769%2C1024&#038;ssl=1\" src=\"https:\/\/i0.wp.com\/www.freidenker.org\/fw17\/wp-content\/uploads\/2021\/05\/0.jpg?w=481&#038;h=640&#038;ssl=1\" srcset=\"https:\/\/i0.wp.com\/www.freidenker.org\/fw17\/wp-content\/uploads\/2021\/05\/0.jpg?w=1208&amp;ssl=1 1208w, https:\/\/i0.wp.com\/www.freidenker.org\/fw17\/wp-content\/uploads\/2021\/05\/0.jpg?resize=225%2C300&amp;ssl=1 225w, https:\/\/i0.wp.com\/www.freidenker.org\/fw17\/wp-content\/uploads\/2021\/05\/0.jpg?resize=769%2C1024&amp;ssl=1 769w, https:\/\/i0.wp.com\/www.freidenker.org\/fw17\/wp-content\/uploads\/2021\/05\/0.jpg?resize=768%2C1022&amp;ssl=1 768w, https:\/\/i0.wp.com\/www.freidenker.org\/fw17\/wp-content\/uploads\/2021\/05\/0.jpg?resize=1154%2C1536&amp;ssl=1 1154w\" width=\"481\" height=\"640\" loading=\"lazy\" data-original-width=\"481\" data-original-height=\"640\" itemprop=\"http:\/\/schema.org\/image\" title=\"\" alt=\"Klosterfelde, 8. Mai 2021: Liane Kilinc\" style=\"width: 481px; height: 640px;\" \/> <\/a> <div class=\"tiled-gallery-caption\" itemprop=\"caption description\"> Klosterfelde, 8. Mai 2021: Liane Kilinc <\/div> <\/div> <\/div> <!-- close group --> <div class=\"gallery-group images-3\" style=\"width: 315px; height: 644px;\" data-original-width=\"315\" data-original-height=\"644\" > <div class=\"tiled-gallery-item tiled-gallery-item-large\" itemprop=\"associatedMedia\" itemscope itemtype=\"http:\/\/schema.org\/ImageObject\"> <a href=\"https:\/\/www.freidenker.org\/?attachment_id=10252\" border=\"0\" itemprop=\"url\"> <meta itemprop=\"width\" content=\"311\"> <meta itemprop=\"height\" content=\"210\"> <img decoding=\"async\" class=\"\" data-attachment-id=\"10252\" data-orig-file=\"https:\/\/www.freidenker.org\/fw17\/wp-content\/uploads\/2021\/05\/1.jpg\" data-orig-size=\"1566,1060\" data-comments-opened=\"\" data-image-meta=\"{&quot;aperture&quot;:&quot;0&quot;,&quot;credit&quot;:&quot;&quot;,&quot;camera&quot;:&quot;&quot;,&quot;caption&quot;:&quot;&quot;,&quot;created_timestamp&quot;:&quot;0&quot;,&quot;copyright&quot;:&quot;&quot;,&quot;focal_length&quot;:&quot;0&quot;,&quot;iso&quot;:&quot;0&quot;,&quot;shutter_speed&quot;:&quot;0&quot;,&quot;title&quot;:&quot;&quot;,&quot;orientation&quot;:&quot;0&quot;}\" data-image-title=\"\" data-image-description=\"\" data-medium-file=\"https:\/\/i0.wp.com\/www.freidenker.org\/fw17\/wp-content\/uploads\/2021\/05\/1.jpg?fit=300%2C203&#038;ssl=1\" data-large-file=\"https:\/\/i0.wp.com\/www.freidenker.org\/fw17\/wp-content\/uploads\/2021\/05\/1.jpg?fit=800%2C541&#038;ssl=1\" src=\"https:\/\/i0.wp.com\/www.freidenker.org\/fw17\/wp-content\/uploads\/2021\/05\/1.jpg?w=311&#038;h=210&#038;ssl=1\" srcset=\"https:\/\/i0.wp.com\/www.freidenker.org\/fw17\/wp-content\/uploads\/2021\/05\/1.jpg?w=1566&amp;ssl=1 1566w, https:\/\/i0.wp.com\/www.freidenker.org\/fw17\/wp-content\/uploads\/2021\/05\/1.jpg?resize=300%2C203&amp;ssl=1 300w, https:\/\/i0.wp.com\/www.freidenker.org\/fw17\/wp-content\/uploads\/2021\/05\/1.jpg?resize=1024%2C693&amp;ssl=1 1024w, https:\/\/i0.wp.com\/www.freidenker.org\/fw17\/wp-content\/uploads\/2021\/05\/1.jpg?resize=768%2C520&amp;ssl=1 768w, https:\/\/i0.wp.com\/www.freidenker.org\/fw17\/wp-content\/uploads\/2021\/05\/1.jpg?resize=1536%2C1040&amp;ssl=1 1536w\" width=\"311\" height=\"210\" loading=\"lazy\" data-original-width=\"311\" data-original-height=\"210\" itemprop=\"http:\/\/schema.org\/image\" title=\"\" alt=\"Klosterfelde, 8. Mai 2021: Liane Kilinc bei ihrer Rede\" style=\"width: 311px; height: 210px;\" \/> <\/a> <div class=\"tiled-gallery-caption\" itemprop=\"caption description\"> Klosterfelde, 8. Mai 2021: Liane Kilinc bei ihrer Rede <\/div> <\/div> <div class=\"tiled-gallery-item tiled-gallery-item-large\" itemprop=\"associatedMedia\" itemscope itemtype=\"http:\/\/schema.org\/ImageObject\"> <a href=\"https:\/\/www.freidenker.org\/?attachment_id=10253\" border=\"0\" itemprop=\"url\"> <meta itemprop=\"width\" content=\"311\"> <meta itemprop=\"height\" content=\"227\"> <img decoding=\"async\" class=\"\" data-attachment-id=\"10253\" data-orig-file=\"https:\/\/www.freidenker.org\/fw17\/wp-content\/uploads\/2021\/05\/2.jpg\" data-orig-size=\"1487,1087\" data-comments-opened=\"\" data-image-meta=\"{&quot;aperture&quot;:&quot;0&quot;,&quot;credit&quot;:&quot;&quot;,&quot;camera&quot;:&quot;&quot;,&quot;caption&quot;:&quot;&quot;,&quot;created_timestamp&quot;:&quot;0&quot;,&quot;copyright&quot;:&quot;&quot;,&quot;focal_length&quot;:&quot;0&quot;,&quot;iso&quot;:&quot;0&quot;,&quot;shutter_speed&quot;:&quot;0&quot;,&quot;title&quot;:&quot;&quot;,&quot;orientation&quot;:&quot;0&quot;}\" data-image-title=\"\" data-image-description=\"\" data-medium-file=\"https:\/\/i0.wp.com\/www.freidenker.org\/fw17\/wp-content\/uploads\/2021\/05\/2.jpg?fit=300%2C219&#038;ssl=1\" data-large-file=\"https:\/\/i0.wp.com\/www.freidenker.org\/fw17\/wp-content\/uploads\/2021\/05\/2.jpg?fit=800%2C585&#038;ssl=1\" src=\"https:\/\/i0.wp.com\/www.freidenker.org\/fw17\/wp-content\/uploads\/2021\/05\/2.jpg?w=311&#038;h=227&#038;ssl=1\" srcset=\"https:\/\/i0.wp.com\/www.freidenker.org\/fw17\/wp-content\/uploads\/2021\/05\/2.jpg?w=1487&amp;ssl=1 1487w, https:\/\/i0.wp.com\/www.freidenker.org\/fw17\/wp-content\/uploads\/2021\/05\/2.jpg?resize=300%2C219&amp;ssl=1 300w, https:\/\/i0.wp.com\/www.freidenker.org\/fw17\/wp-content\/uploads\/2021\/05\/2.jpg?resize=1024%2C749&amp;ssl=1 1024w, https:\/\/i0.wp.com\/www.freidenker.org\/fw17\/wp-content\/uploads\/2021\/05\/2.jpg?resize=768%2C561&amp;ssl=1 768w\" width=\"311\" height=\"227\" loading=\"lazy\" data-original-width=\"311\" data-original-height=\"227\" itemprop=\"http:\/\/schema.org\/image\" title=\"\" alt=\"Klosterfelde, 8. Mai 2021\" style=\"width: 311px; height: 227px;\" \/> <\/a> <div class=\"tiled-gallery-caption\" itemprop=\"caption description\"> Klosterfelde, 8. Mai 2021 <\/div> <\/div> <div class=\"tiled-gallery-item tiled-gallery-item-large\" itemprop=\"associatedMedia\" itemscope itemtype=\"http:\/\/schema.org\/ImageObject\"> <a href=\"https:\/\/www.freidenker.org\/?attachment_id=10254\" border=\"0\" itemprop=\"url\"> <meta itemprop=\"width\" content=\"311\"> <meta itemprop=\"height\" content=\"195\"> <img decoding=\"async\" class=\"\" data-attachment-id=\"10254\" data-orig-file=\"https:\/\/www.freidenker.org\/fw17\/wp-content\/uploads\/2021\/05\/5-scaled.jpg\" data-orig-size=\"2560,1604\" data-comments-opened=\"\" data-image-meta=\"{&quot;aperture&quot;:&quot;1.9&quot;,&quot;credit&quot;:&quot;&quot;,&quot;camera&quot;:&quot;SM-G920F&quot;,&quot;caption&quot;:&quot;&quot;,&quot;created_timestamp&quot;:&quot;1620474324&quot;,&quot;copyright&quot;:&quot;&quot;,&quot;focal_length&quot;:&quot;4.3&quot;,&quot;iso&quot;:&quot;40&quot;,&quot;shutter_speed&quot;:&quot;0.0012468827930175&quot;,&quot;title&quot;:&quot;&quot;,&quot;orientation&quot;:&quot;0&quot;}\" data-image-title=\"\" data-image-description=\"\" data-medium-file=\"https:\/\/i0.wp.com\/www.freidenker.org\/fw17\/wp-content\/uploads\/2021\/05\/5-scaled.jpg?fit=300%2C188&#038;ssl=1\" data-large-file=\"https:\/\/i0.wp.com\/www.freidenker.org\/fw17\/wp-content\/uploads\/2021\/05\/5-scaled.jpg?fit=800%2C502&#038;ssl=1\" src=\"https:\/\/i0.wp.com\/www.freidenker.org\/fw17\/wp-content\/uploads\/2021\/05\/5-scaled.jpg?w=311&#038;h=195&#038;ssl=1\" srcset=\"https:\/\/i0.wp.com\/www.freidenker.org\/fw17\/wp-content\/uploads\/2021\/05\/5-scaled.jpg?w=2560&amp;ssl=1 2560w, https:\/\/i0.wp.com\/www.freidenker.org\/fw17\/wp-content\/uploads\/2021\/05\/5-scaled.jpg?resize=300%2C188&amp;ssl=1 300w, https:\/\/i0.wp.com\/www.freidenker.org\/fw17\/wp-content\/uploads\/2021\/05\/5-scaled.jpg?resize=1024%2C642&amp;ssl=1 1024w, https:\/\/i0.wp.com\/www.freidenker.org\/fw17\/wp-content\/uploads\/2021\/05\/5-scaled.jpg?resize=768%2C481&amp;ssl=1 768w, https:\/\/i0.wp.com\/www.freidenker.org\/fw17\/wp-content\/uploads\/2021\/05\/5-scaled.jpg?resize=1536%2C962&amp;ssl=1 1536w, https:\/\/i0.wp.com\/www.freidenker.org\/fw17\/wp-content\/uploads\/2021\/05\/5-scaled.jpg?resize=2048%2C1283&amp;ssl=1 2048w, https:\/\/i0.wp.com\/www.freidenker.org\/fw17\/wp-content\/uploads\/2021\/05\/5-scaled.jpg?w=1600&amp;ssl=1 1600w, https:\/\/i0.wp.com\/www.freidenker.org\/fw17\/wp-content\/uploads\/2021\/05\/5-scaled.jpg?w=2400&amp;ssl=1 2400w\" width=\"311\" height=\"195\" loading=\"lazy\" data-original-width=\"311\" data-original-height=\"195\" itemprop=\"http:\/\/schema.org\/image\" title=\"\" alt=\"Klosterfelde, 8. Mai 2021\" style=\"width: 311px; height: 195px;\" \/> <\/a> <div class=\"tiled-gallery-caption\" itemprop=\"caption description\"> Klosterfelde, 8. Mai 2021 <\/div> <\/div> <\/div> <!-- close group --> <\/div> <!-- close row --> <\/div>\n<p><span style=\"font-size: 10pt;\">Fotos: privat<\/span><\/p>\n<p><a href=\"#uebersicht\"><span style=\"font-size: 10pt;\">\u2191 \u00dcbersicht<\/span><\/a><\/p>\n<h5><a id=\"rede_kilinc\"><\/a>Wir m\u00fcssen \u00fcber diesen Frieden wachen<\/h5>\n<p><em>Rede von <strong>Liane Kilinc<\/strong> auf der Kundgebung in Klosterfelde am 8. Mai 2021<\/em><\/p>\n<p>Wir treffen uns hier, heute, wie jedes Jahr, um den Soldaten der Roten Armee f\u00fcr unsere Befreiung vom Faschismus zu danken.<\/p>\n<p>Wir wissen, dass die Sowjetunion der Motor dieser Befreiung war; dass ihre Truppen die Naziwehrmacht zerschlagen haben; dass ihre St\u00e4dte, ihre D\u00f6rfer, ihre Menschen den Preis f\u00fcr den Frieden bezahlt haben, der durch die Niederlage des Hitlerfaschismus erm\u00f6glicht wurde.<\/p>\n<p>Wir wissen das, auch wenn das offizielle Deutschland nach Wegen sucht, diese einfache Wahrheit zu leugnen.<\/p>\n<p>Unser Dank kommt von Herzen, und ist uns eine Verpflichtung, \u00fcber diesen Frieden zu wachen.<\/p>\n<p>Aber dieses Jahr liegt unser Gedenken unter einem <strong>doppelten Schatten<\/strong>.<\/p>\n<p><strong>Der erste<\/strong> ist der Jahrestag des \u00dcberfalls auf die Sowjetunion, der dieses Jahr achtzig Jahre zur\u00fcckliegt.<\/p>\n<p>Ein \u00dcberfall, an den man in Deutschland ungern erinnert.<\/p>\n<p>So ungern, dass k\u00fcrzlich erst Bundestagspr\u00e4sident Sch\u00e4uble eine Gedenkstunde im Parlament zu diesem Anlass abgelehnt hat. So ungern, dass der grausame Vernichtungskrieg, der an jenem Tag gegen die V\u00f6lker der Sowjetunion begonnen wurde, im Unterricht an den Schulen keine Rolle spielt; man spricht nicht von der Belagerung Leningrads, man spricht nicht von der Schlacht von Stalingrad, man spricht nicht von den K\u00e4mpfen um Sewastopol &#8230; aber man spricht von der Landung in der Normandie.<\/p>\n<p>Der 22.Juni 1941 und der heimt\u00fcckische Angriff, der um viertel nach drei Uhr morgens begann, soll nicht Teil des historischen Gedenkens sein.<\/p>\n<p><strong>Der zweite<\/strong> Schatten ist unsere Gegenwart.<\/p>\n<p>Nicht nur in Gestalt der best\u00e4ndigen, aggressiven Rhetorik von der &#8218;russischen Bedrohung&#8216;, die als &#8218;russische Desinformation&#8216; oder als &#8218;russische Wahlmanipulation&#8216;, als &#8218;russischer Cyberangriff&#8216; regelm\u00e4\u00dfig aus den Druckpressen oder Fernsehlautsprechern rinnt; ja, sogar Impfstoffe soll dieses imaginierte Russland nur als Waffen gebrauchen&#8230;<\/p>\n<p>Nein, der Schatten hat konkretere und fassbarere Formen.<\/p>\n<p>Er f\u00e4hrt auf Eisenbahngleisen in Panzergestalt gen Osten; er f\u00e4hrt in den Uniformen der NATO-Armeen vieltausendk\u00f6pfig den Panzern hinterher; er dreht als Spionageflieger oder -drohne seine Kreise rund um die Krim oder entlang der Frontlinie des ukrainischen B\u00fcrgerkriegs, und er streckt sich in jedem der vielen Man\u00f6ver, Defender 2021 oder eines der kleineren, immer und immer wieder hin zur russischen Grenze.<\/p>\n<p><strong>Der schwarze Schatten<\/strong>, der schon an der Wiege der NATO stand, die als Angriffspakt gegen die Sowjetunion gegr\u00fcndet wurde und nun meint, als Angriffspakt gegen Russland ihre Bestimmung erf\u00fcllen zu k\u00f6nnen.<\/p>\n<p>Eine NATO, die genau jenen Deutschen an die Spitze ihrer milit\u00e4rischen Planungen setzte, der schon das &#8218;Unternehmen Barbarossa&#8216; geplant hatte,\u00a0den Nazigeneral Adolf Heusinger.<\/p>\n<p>Damals zeigte sich ein demokratischer Senator noch entsetzt \u00fcber diese Ernennung. Er sagte: \u201eDas State Department sollte wirklich verstehen, dass ich dieses Argument nicht kaufe, dass \u2026 es n\u00f6tig ist, um die milit\u00e4rische St\u00e4rke Westdeutschlands aufzubauen, einen Nazigeneral in eine Stellung des h\u00f6chsten Kommandos zu hieven \u2026 wo er Einfluss, Autorit\u00e4t und Macht hat, die gemeinsame Milit\u00e4rpolitik zu bestimmen, deren Teil die Vereinigten Staaten sind. Dieser Nazigeneral ist ohne jeden Zweifel mitverantwortlich f\u00fcr den Tod tausender amerikanischer Jungs \u2026 was ist mit unserem Ged\u00e4chtnis passiert?<\/p>\n<p>Ist es wirklich so kurz?<\/p>\n<p>Ja diese NATO wurde nicht nur von Nazigener\u00e4len mit aufgebaut;\u00a0diese NATO verb\u00fcndet sich auch mit jenen, die einst Verb\u00fcndete der Nazis waren. Wie die Anh\u00e4nger Banderas in der Ukraine.<\/p>\n<p>Vor Beginn des deutschen \u00dcberfalls hatte der sp\u00e4tere Adenauer-Minister Theodor Oberl\u00e4nder monatelang jene ukrainischen Truppen gedrillt, die dann als &#8218;Bataillon Nachtigall&#8216; mit der Wehrmacht in die Ukraine eindrangen und von Lemberg bis Babij Jar sich vor allem mit Massakern an ihren j\u00fcdischen Nachbarn hervortaten.<\/p>\n<p>Die heutige Ukraine, die so gerne in die NATO aufgenommen werden will,\u00a0hat Bandera zum Nationalhelden erkl\u00e4rt und verherrlicht den Kriegsverbrecher Schuschkewitsch, der das Bataillon Nachtigall kommandierte.<\/p>\n<p>Die NATO h\u00e4lt jedes Jahr gemeinsame Man\u00f6ver mit dieser Ukraine ab, schickt Ausbilder in ihre Armee und beliefert sie mit den Daten jener eifrig kreisenden Flugger\u00e4te.<\/p>\n<p>Dieser schwarze Schatten hat die Gestalt der ukrainischen Truppen, die an die Front im Donbass gekarrt werden; hat die Gestalt der Haubitzen und Raketenwerfer, die die D\u00f6rfer im Donbass unter Feuer nehmen.<\/p>\n<p>Dort, im Donbass, ber\u00fchren sich der Krieg, den die Nazis begannen, und der, den die Freunde der NATO heute dort f\u00fchren, wie zwei einander \u00fcberlagernde Bilder. Es gibt dort einen Ort, Saur-Mogila, an dem schon im zweiten Weltkrieg eine Schlacht stattfand, f\u00fcr die ein gro\u00dfes Denkmal errichtet worden war. Dieses Denkmal wurde 2014 in Tr\u00fcmmer geschossen, und unter dem gro\u00dfen eisernen Stiefel, der von der Statue \u00fcbriggeblieben ist, liegen die Gr\u00e4ber derer, die den H\u00fcgel in den neuen Gefechten verteidigt hatten.<\/p>\n<p>Von diesem Krieg wird bei uns erz\u00e4hlt, als w\u00fcrde er von Moskau betrieben. Dabei war es die illegal an die Macht gekommene Regierung in der Ukraine,\u00a0die begann, ihre eigenen B\u00fcrger zu beschie\u00dfen.<\/p>\n<p>Eben jene, deren gro\u00dfe Vorbilder Bandera und Schuschkewitsch hei\u00dfen.<\/p>\n<p>Und die nur allzu gern bereit sind, den Anlass zu einem zweiten &#8218;Unternehmen Barbarossa&#8216; zu liefern.<\/p>\n<p><strong>Dieser schwarze Schatten<\/strong> spricht aus den M\u00fcndern der NATO-Kriegsminister.<\/p>\n<p>Ich m\u00f6chte noch ein kleines Zitat bringen:<\/p>\n<p style=\"padding-left: 40px;\"><em>\u201eHeute stehen rund 160 russische Divisionen an unserer Grenze.<\/em><\/p>\n<p style=\"padding-left: 40px;\"><em>Seit Wochen finden dauernde Verletzungen dieser Grenze statt, nicht nur bei uns, sondern ebenso im hohen Norden, wie in Rum\u00e4nien.<\/em><\/p>\n<p style=\"padding-left: 40px;\"><em>Russische Flieger machen es sich zum Vergn\u00fcgen, unbek\u00fcmmert diese Grenzen einfach zu \u00fcbersehen, um uns wohl dadurch zu beweisen, dass sie sich bereits als die Herren dieser Gebiete f\u00fchlen.\u201d<\/em><\/p>\n<p>Klingt das vertraut? Russische Divisionen, die bedrohen, weil sie auf eigenem Gebiet stehen? Klagen \u00fcber russische Flieger?<\/p>\n<p>All das h\u00f6ren wir seit Jahren, mit stetig steigender Frequenz.<\/p>\n<p>Das Zitat ist aber nicht von heute. Es stammt aus der Rede, mit der Hitler am 22.Juni 1941 den Beginn des deutschen \u00dcberfalls im Radio bekannt gab.<\/p>\n<p>In dieser Rede finden sich viele Motive wieder, die uns aus den Medien bekannt sind. Nein, in Wirklichkeit ist es ja andersherum \u2013\u00a0die heutigen Medien verwenden Motive, die schon damals Bestandteil der Propaganda waren. Noch eine Kostprobe gef\u00e4llig?<\/p>\n<p>\u201cDie j\u00fcdisch-bolschewistischen Machthaber in Moskau haben es unentwegt unternommen, unserem und den anderen europ\u00e4ischen V\u00f6lkern ihre Herrschaft aufzuoktroyieren.\u201d<\/p>\n<p>Ja, die Formulierung &#8218;j\u00fcdisch-bolschewistisch&#8216; ist nicht mehr so aktuell.<\/p>\n<p>Aber es ist schon interessant, dass der kleine Taschenspielertrick, das Wort &#8218;Regierung&#8216; durch &#8218;Machthaber&#8216; zu ersetzen, schon dem Herrn Hitler gel\u00e4ufig war. H\u00f6ren wir den Satz noch einmal, ohne die st\u00f6rende Vokabel:<\/p>\n<p>\u201cDie Machthaber in Moskau haben es unentwegt unternommen, unserem und den anderen europ\u00e4ischen V\u00f6lkern ihre Herrschaft aufzuoktroyieren.\u201d<\/p>\n<p>Das ist schon aktuelle NATO-Sprache. Noch n\u00e4her kommen wir mit diesem Satz:<\/p>\n<p>\u201cDie Aufgabe dieser Front ist daher nicht mehr der Schutz einzelner L\u00e4nder, sondern die Sicherung Europas und damit die Rettung aller.\u201d<\/p>\n<p>Wie bei den heutigen NATO-Man\u00f6vern waren am \u00dcberfall auf die Sowjetunion Truppen aus vielen L\u00e4ndern beteiligt. Rum\u00e4nen, die die j\u00fcdischen Einwohner Odessas massakrierten;<\/p>\n<p>Holl\u00e4nder, Franzosen, Italiener, Finnen&#8230;.<\/p>\n<p>Die meisten Menschen hier bei uns erkennen diesen schwarzen Schatten nicht.<\/p>\n<p>Weil man \u00fcber diesen Angriff nicht spricht.<\/p>\n<p>Sie kennen auch diese Rede Hitlers nicht, sonst w\u00fcrde die Propaganda auf taube Ohren treffen. In Russland kennt man allerdings diese Sprache noch sehr gut, und man erkennt sie wieder, wenn man sie in den deutschen Sendern h\u00f6rt. In Russland hat man diesen schwarzen Schatten nie vergessen.<\/p>\n<p>Daf\u00fcr hat schon die ungeheure Zahl der Opfer gesorgt.<\/p>\n<p>Das offizielle Deutschland, diese BRD mit besetztem Anhang, sieht sich, und darin ist es zumindest ehrlich, weit eher in der Nachfolge der \u00dcberfallenden als in der Nachfolge der Befreiten.<\/p>\n<p>Es meint, der Roten Armee vorhalten zu k\u00f6nnen, die Naziarmee nicht durch Blumenw\u00fcrfe niedergerungen zu haben, sondern mit Katjuschas und T34.<\/p>\n<p>Es versucht, den \u00dcberfallenen die Schuld zuzuschieben, statt schon f\u00fcr die Tatsache zu danken, dass keine 70 000 deutschen D\u00f6rfer und \u00fcber 1100 deutsche St\u00e4dte dem Erdboden gleichgemacht wurden. Niemand hat in Deutschland die Bewohner eines Dorfes in eine Kirche getrieben und diese dann angez\u00fcndet. Nein, der erste sowjetische Stadtkommandant von Berlin, Nikolai Bersarin, k\u00fcmmerte sich nicht nur sofort um die Lebensmittel-versorgung der Bev\u00f6lkerung, er \u00f6ffnete auch Kinos und Theater, um den Menschen Lebensmut zu geben.<\/p>\n<p>Nach der Annektion der DDR wurden \u00fcbrigens alle sowjetischen Ehrenb\u00fcrger Berlins von der Liste gestrichen, im Gegensatz zu den US-amerikanischen; Bersarin wurde erst 2003 als einziger wieder aufgenommen&#8230;<\/p>\n<p>Das offizielle Deutschland wagt es, der Sowjetunion vorzuwerfen, dass sie Nazis in Lager gesperrt hat. Es macht sich dabei nie die M\u00fche, darauf hinzuweisen, dass die Hitlerarmee Anweisung hatte, jedes Mitglied der Kommunistischen Partei sofort zu ermorden.<\/p>\n<p>Keinen Augenblick, nie, darf der Gedanke aufkommen, auf welchem Feld die Rote Armee ihren gr\u00f6\u00dften Sieg errang: bei der Bewahrung der Menschlichkeit im Angesicht der gr\u00f6\u00dften Barbarei.<\/p>\n<p>F\u00fcr diesen Sieg steht das gro\u00dfe Denkmal in Treptow.<\/p>\n<p>Das kleine M\u00e4dchen auf dem Arm des sowjetischen Soldaten soll nicht nur an eine Episode, eine einzelne Heldentat erinnern.<\/p>\n<p>Es steht f\u00fcr den Triumph der Humanit\u00e4t \u00fcber Vernichtung und Tod, und es steht f\u00fcr das neue Leben, das zumindest einem Teil unseres Landes danach f\u00fcr vier Jahrzehnte verg\u00f6nnt war.<\/p>\n<p>Wenn wir uns heute an diesen Sieg erinnern und unserem Dank daf\u00fcr Ausdruck verleihen, dann d\u00fcrfen wir es nicht halb tun; wir d\u00fcrfen die Verpflichtung nicht vergessen, die damit einhergeht.<\/p>\n<p><strong>Wir m\u00fcssen \u00fcber diesen Frieden wachen.<\/strong><\/p>\n<p style=\"text-align: right;\"><em>Liane Kilinc ist Vorsitzende des Friedensbr\u00fccke-Kriegsopferhilfe e.V.<br \/>\nund Mitglied im Deutschen Freidenker-Verband<\/em><\/p>\n<p><a href=\"#uebersicht\"><span style=\"font-size: 10pt;\">\u2191 \u00dcbersicht<\/span><\/a><\/p>\n<hr \/>\n<h5><a id=\"dresden\"><\/a>Dresden, 8. Mai 2021<\/h5>\n<p>Mehr als 150 ehemalige Sowjetb\u00fcrger und deutsche Antifaschisten gedachten am 8. Mai 2021 &#8211; am Denkmal f\u00fcr die Befreier Dresdens von Krieg und Faschismus &#8211; der Toten und mahnten, den von der NATO angedrohten Krieg gegen Russland und China nicht zuzulassen.<\/p>\n<p>Die Gedenkworte sprachen Oberst a. D. der NVA J\u00f6rg-Uwe Laasch \/ Verband zur Pflege der Traditionen der NVA und GT der DDR und Dr. Wolfgang Sch\u00e4like, Vorsitzender des Deutsch-Russischen Kulturinstitut Dresden e. V..<\/p>\n<div class=\"tiled-gallery type-rectangular tiled-gallery-unresized\" data-original-width=\"800\" data-carousel-extra='{&quot;blog_id&quot;:1,&quot;permalink&quot;:&quot;https:\\\/\\\/www.freidenker.org\\\/?p=10244&quot;,&quot;likes_blog_id&quot;:139773280}' itemscope itemtype=\"http:\/\/schema.org\/ImageGallery\" > <div class=\"gallery-row\" style=\"width: 800px; height: 401px;\" data-original-width=\"800\" data-original-height=\"401\" > <div class=\"gallery-group images-1\" style=\"width: 534px; height: 401px;\" data-original-width=\"534\" data-original-height=\"401\" > <div class=\"tiled-gallery-item tiled-gallery-item-large\" itemprop=\"associatedMedia\" itemscope itemtype=\"http:\/\/schema.org\/ImageObject\"> <a href=\"https:\/\/www.freidenker.org\/?attachment_id=10282\" border=\"0\" itemprop=\"url\"> <meta itemprop=\"width\" content=\"530\"> <meta itemprop=\"height\" content=\"397\"> <img decoding=\"async\" class=\"\" data-attachment-id=\"10282\" data-orig-file=\"https:\/\/www.freidenker.org\/fw17\/wp-content\/uploads\/2021\/05\/IMG_0093.jpg\" data-orig-size=\"640,480\" data-comments-opened=\"\" data-image-meta=\"{&quot;aperture&quot;:&quot;3.2&quot;,&quot;credit&quot;:&quot;&quot;,&quot;camera&quot;:&quot;Canon PowerShot SX620 HS&quot;,&quot;caption&quot;:&quot;&quot;,&quot;created_timestamp&quot;:&quot;1620468315&quot;,&quot;copyright&quot;:&quot;&quot;,&quot;focal_length&quot;:&quot;4.5&quot;,&quot;iso&quot;:&quot;100&quot;,&quot;shutter_speed&quot;:&quot;0.002&quot;,&quot;title&quot;:&quot;&quot;,&quot;orientation&quot;:&quot;1&quot;}\" data-image-title=\"\" data-image-description=\"\" data-medium-file=\"https:\/\/i0.wp.com\/www.freidenker.org\/fw17\/wp-content\/uploads\/2021\/05\/IMG_0093.jpg?fit=300%2C225&#038;ssl=1\" data-large-file=\"https:\/\/i0.wp.com\/www.freidenker.org\/fw17\/wp-content\/uploads\/2021\/05\/IMG_0093.jpg?fit=640%2C480&#038;ssl=1\" src=\"https:\/\/i0.wp.com\/www.freidenker.org\/fw17\/wp-content\/uploads\/2021\/05\/IMG_0093.jpg?w=530&#038;h=397&#038;ssl=1\" srcset=\"https:\/\/i0.wp.com\/www.freidenker.org\/fw17\/wp-content\/uploads\/2021\/05\/IMG_0093.jpg?w=640&amp;ssl=1 640w, https:\/\/i0.wp.com\/www.freidenker.org\/fw17\/wp-content\/uploads\/2021\/05\/IMG_0093.jpg?resize=300%2C225&amp;ssl=1 300w\" width=\"530\" height=\"397\" loading=\"lazy\" data-original-width=\"530\" data-original-height=\"397\" itemprop=\"http:\/\/schema.org\/image\" title=\"\" alt=\"Dresden, 8. Mai 2021\" style=\"width: 530px; height: 397px;\" \/> <\/a> <div class=\"tiled-gallery-caption\" itemprop=\"caption description\"> Dresden, 8. Mai 2021 <\/div> <\/div> <\/div> <!-- close group --> <div class=\"gallery-group images-2\" style=\"width: 266px; height: 401px;\" data-original-width=\"266\" data-original-height=\"401\" > <div class=\"tiled-gallery-item tiled-gallery-item-large\" itemprop=\"associatedMedia\" itemscope itemtype=\"http:\/\/schema.org\/ImageObject\"> <a href=\"https:\/\/www.freidenker.org\/?attachment_id=10283\" border=\"0\" itemprop=\"url\"> <meta itemprop=\"width\" content=\"262\"> <meta itemprop=\"height\" content=\"197\"> <img decoding=\"async\" class=\"\" data-attachment-id=\"10283\" data-orig-file=\"https:\/\/www.freidenker.org\/fw17\/wp-content\/uploads\/2021\/05\/IMG_0098.jpg\" data-orig-size=\"640,480\" data-comments-opened=\"\" data-image-meta=\"{&quot;aperture&quot;:&quot;3.2&quot;,&quot;credit&quot;:&quot;&quot;,&quot;camera&quot;:&quot;Canon PowerShot SX620 HS&quot;,&quot;caption&quot;:&quot;&quot;,&quot;created_timestamp&quot;:&quot;1620468814&quot;,&quot;copyright&quot;:&quot;&quot;,&quot;focal_length&quot;:&quot;4.5&quot;,&quot;iso&quot;:&quot;80&quot;,&quot;shutter_speed&quot;:&quot;0.00125&quot;,&quot;title&quot;:&quot;&quot;,&quot;orientation&quot;:&quot;1&quot;}\" data-image-title=\"\" data-image-description=\"\" data-medium-file=\"https:\/\/i0.wp.com\/www.freidenker.org\/fw17\/wp-content\/uploads\/2021\/05\/IMG_0098.jpg?fit=300%2C225&#038;ssl=1\" data-large-file=\"https:\/\/i0.wp.com\/www.freidenker.org\/fw17\/wp-content\/uploads\/2021\/05\/IMG_0098.jpg?fit=640%2C480&#038;ssl=1\" src=\"https:\/\/i0.wp.com\/www.freidenker.org\/fw17\/wp-content\/uploads\/2021\/05\/IMG_0098.jpg?w=262&#038;h=197&#038;ssl=1\" srcset=\"https:\/\/i0.wp.com\/www.freidenker.org\/fw17\/wp-content\/uploads\/2021\/05\/IMG_0098.jpg?w=640&amp;ssl=1 640w, https:\/\/i0.wp.com\/www.freidenker.org\/fw17\/wp-content\/uploads\/2021\/05\/IMG_0098.jpg?resize=300%2C225&amp;ssl=1 300w\" width=\"262\" height=\"197\" loading=\"lazy\" data-original-width=\"262\" data-original-height=\"197\" itemprop=\"http:\/\/schema.org\/image\" title=\"\" alt=\"Dresden, 8. Mai 2021\" style=\"width: 262px; height: 197px;\" \/> <\/a> <div class=\"tiled-gallery-caption\" itemprop=\"caption description\"> Dresden, 8. Mai 2021 <\/div> <\/div> <div class=\"tiled-gallery-item tiled-gallery-item-large\" itemprop=\"associatedMedia\" itemscope itemtype=\"http:\/\/schema.org\/ImageObject\"> <a href=\"https:\/\/www.freidenker.org\/?attachment_id=10284\" border=\"0\" itemprop=\"url\"> <meta itemprop=\"width\" content=\"262\"> <meta itemprop=\"height\" content=\"196\"> <img decoding=\"async\" class=\"\" data-attachment-id=\"10284\" data-orig-file=\"https:\/\/www.freidenker.org\/fw17\/wp-content\/uploads\/2021\/05\/IMG_0099.jpg\" data-orig-size=\"640,480\" data-comments-opened=\"\" data-image-meta=\"{&quot;aperture&quot;:&quot;3.2&quot;,&quot;credit&quot;:&quot;&quot;,&quot;camera&quot;:&quot;Canon PowerShot SX620 HS&quot;,&quot;caption&quot;:&quot;&quot;,&quot;created_timestamp&quot;:&quot;1620468884&quot;,&quot;copyright&quot;:&quot;&quot;,&quot;focal_length&quot;:&quot;4.5&quot;,&quot;iso&quot;:&quot;160&quot;,&quot;shutter_speed&quot;:&quot;0.0015625&quot;,&quot;title&quot;:&quot;&quot;,&quot;orientation&quot;:&quot;1&quot;}\" data-image-title=\"\" data-image-description=\"\" data-medium-file=\"https:\/\/i0.wp.com\/www.freidenker.org\/fw17\/wp-content\/uploads\/2021\/05\/IMG_0099.jpg?fit=300%2C225&#038;ssl=1\" data-large-file=\"https:\/\/i0.wp.com\/www.freidenker.org\/fw17\/wp-content\/uploads\/2021\/05\/IMG_0099.jpg?fit=640%2C480&#038;ssl=1\" src=\"https:\/\/i0.wp.com\/www.freidenker.org\/fw17\/wp-content\/uploads\/2021\/05\/IMG_0099.jpg?w=262&#038;h=196&#038;ssl=1\" srcset=\"https:\/\/i0.wp.com\/www.freidenker.org\/fw17\/wp-content\/uploads\/2021\/05\/IMG_0099.jpg?w=640&amp;ssl=1 640w, https:\/\/i0.wp.com\/www.freidenker.org\/fw17\/wp-content\/uploads\/2021\/05\/IMG_0099.jpg?resize=300%2C225&amp;ssl=1 300w\" width=\"262\" height=\"196\" loading=\"lazy\" data-original-width=\"262\" data-original-height=\"196\" itemprop=\"http:\/\/schema.org\/image\" title=\"\" alt=\"Dresden, 8. Mai 2021\" style=\"width: 262px; height: 196px;\" \/> <\/a> <div class=\"tiled-gallery-caption\" itemprop=\"caption description\"> Dresden, 8. Mai 2021 <\/div> <\/div> <\/div> <!-- close group --> <\/div> <!-- close row --> <div class=\"gallery-row\" style=\"width: 800px; height: 301px;\" data-original-width=\"800\" data-original-height=\"301\" > <div class=\"gallery-group images-1\" style=\"width: 400px; height: 301px;\" data-original-width=\"400\" data-original-height=\"301\" > <div class=\"tiled-gallery-item tiled-gallery-item-large\" itemprop=\"associatedMedia\" itemscope itemtype=\"http:\/\/schema.org\/ImageObject\"> <a href=\"https:\/\/www.freidenker.org\/?attachment_id=10322\" border=\"0\" itemprop=\"url\"> <meta itemprop=\"width\" content=\"396\"> <meta itemprop=\"height\" content=\"297\"> <img decoding=\"async\" class=\"\" data-attachment-id=\"10322\" data-orig-file=\"https:\/\/www.freidenker.org\/fw17\/wp-content\/uploads\/2021\/05\/IMG_0100.jpg\" data-orig-size=\"640,480\" data-comments-opened=\"\" data-image-meta=\"{&quot;aperture&quot;:&quot;9&quot;,&quot;credit&quot;:&quot;&quot;,&quot;camera&quot;:&quot;Canon PowerShot SX620 HS&quot;,&quot;caption&quot;:&quot;&quot;,&quot;created_timestamp&quot;:&quot;1620469415&quot;,&quot;copyright&quot;:&quot;&quot;,&quot;focal_length&quot;:&quot;4.5&quot;,&quot;iso&quot;:&quot;160&quot;,&quot;shutter_speed&quot;:&quot;0.005&quot;,&quot;title&quot;:&quot;&quot;,&quot;orientation&quot;:&quot;1&quot;}\" data-image-title=\"\" data-image-description=\"\" data-medium-file=\"https:\/\/i0.wp.com\/www.freidenker.org\/fw17\/wp-content\/uploads\/2021\/05\/IMG_0100.jpg?fit=300%2C225&#038;ssl=1\" data-large-file=\"https:\/\/i0.wp.com\/www.freidenker.org\/fw17\/wp-content\/uploads\/2021\/05\/IMG_0100.jpg?fit=640%2C480&#038;ssl=1\" src=\"https:\/\/i0.wp.com\/www.freidenker.org\/fw17\/wp-content\/uploads\/2021\/05\/IMG_0100.jpg?w=396&#038;h=297&#038;ssl=1\" srcset=\"https:\/\/i0.wp.com\/www.freidenker.org\/fw17\/wp-content\/uploads\/2021\/05\/IMG_0100.jpg?w=640&amp;ssl=1 640w, https:\/\/i0.wp.com\/www.freidenker.org\/fw17\/wp-content\/uploads\/2021\/05\/IMG_0100.jpg?resize=300%2C225&amp;ssl=1 300w\" width=\"396\" height=\"297\" loading=\"lazy\" data-original-width=\"396\" data-original-height=\"297\" itemprop=\"http:\/\/schema.org\/image\" title=\"\" alt=\"Dresden, 8. Mai 2021\" style=\"width: 396px; height: 297px;\" \/> <\/a> <div class=\"tiled-gallery-caption\" itemprop=\"caption description\"> Dresden, 8. Mai 2021 <\/div> <\/div> <\/div> <!-- close group --> <div class=\"gallery-group images-1\" style=\"width: 400px; height: 301px;\" data-original-width=\"400\" data-original-height=\"301\" > <div class=\"tiled-gallery-item tiled-gallery-item-large\" itemprop=\"associatedMedia\" itemscope itemtype=\"http:\/\/schema.org\/ImageObject\"> <a href=\"https:\/\/www.freidenker.org\/?attachment_id=10323\" border=\"0\" itemprop=\"url\"> <meta itemprop=\"width\" content=\"396\"> <meta itemprop=\"height\" content=\"297\"> <img decoding=\"async\" class=\"\" data-attachment-id=\"10323\" data-orig-file=\"https:\/\/www.freidenker.org\/fw17\/wp-content\/uploads\/2021\/05\/IMG_0105.jpg\" data-orig-size=\"640,480\" data-comments-opened=\"\" data-image-meta=\"{&quot;aperture&quot;:&quot;3.2&quot;,&quot;credit&quot;:&quot;&quot;,&quot;camera&quot;:&quot;Canon PowerShot SX620 HS&quot;,&quot;caption&quot;:&quot;&quot;,&quot;created_timestamp&quot;:&quot;1620469581&quot;,&quot;copyright&quot;:&quot;&quot;,&quot;focal_length&quot;:&quot;4.5&quot;,&quot;iso&quot;:&quot;160&quot;,&quot;shutter_speed&quot;:&quot;0.0008&quot;,&quot;title&quot;:&quot;&quot;,&quot;orientation&quot;:&quot;1&quot;}\" data-image-title=\"\" data-image-description=\"\" data-medium-file=\"https:\/\/i0.wp.com\/www.freidenker.org\/fw17\/wp-content\/uploads\/2021\/05\/IMG_0105.jpg?fit=300%2C225&#038;ssl=1\" data-large-file=\"https:\/\/i0.wp.com\/www.freidenker.org\/fw17\/wp-content\/uploads\/2021\/05\/IMG_0105.jpg?fit=640%2C480&#038;ssl=1\" src=\"https:\/\/i0.wp.com\/www.freidenker.org\/fw17\/wp-content\/uploads\/2021\/05\/IMG_0105.jpg?w=396&#038;h=297&#038;ssl=1\" srcset=\"https:\/\/i0.wp.com\/www.freidenker.org\/fw17\/wp-content\/uploads\/2021\/05\/IMG_0105.jpg?w=640&amp;ssl=1 640w, https:\/\/i0.wp.com\/www.freidenker.org\/fw17\/wp-content\/uploads\/2021\/05\/IMG_0105.jpg?resize=300%2C225&amp;ssl=1 300w\" width=\"396\" height=\"297\" loading=\"lazy\" data-original-width=\"396\" data-original-height=\"297\" itemprop=\"http:\/\/schema.org\/image\" title=\"\" alt=\"Dresden, 8. Mai 2021\" style=\"width: 396px; height: 297px;\" \/> <\/a> <div class=\"tiled-gallery-caption\" itemprop=\"caption description\"> Dresden, 8. Mai 2021 <\/div> <\/div> <\/div> <!-- close group --> <\/div> <!-- close row --> <\/div>\n<p><span style=\"font-size: 10pt;\">Fotos: Gerd Hommel<\/span><\/p>\n<p><a href=\"#uebersicht\"><span style=\"font-size: 10pt;\">\u2191 \u00dcbersicht<\/span><\/a><\/p>\n<hr \/>\n<h5><a id=\"neuruppin\"><\/a>Neuruppin, 8. Mai 2021<\/h5>\n<p>Viele, die keine Gelegenheit hatten, an einer Kundgebung teilzunehmen, ehrten die Befreier vom Faschismus auch ganz individuell, wie hier unser Mitglied Jens Oldenburg am Sowjetischen Ehrenmal in Neuruppin.<\/p>\n<div class=\"tiled-gallery type-rectangular tiled-gallery-unresized\" data-original-width=\"800\" data-carousel-extra='{&quot;blog_id&quot;:1,&quot;permalink&quot;:&quot;https:\\\/\\\/www.freidenker.org\\\/?p=10244&quot;,&quot;likes_blog_id&quot;:139773280}' itemscope itemtype=\"http:\/\/schema.org\/ImageGallery\" > <div class=\"gallery-row\" style=\"width: 800px; height: 282px;\" data-original-width=\"800\" data-original-height=\"282\" > <div class=\"gallery-group images-1\" style=\"width: 213px; height: 282px;\" data-original-width=\"213\" data-original-height=\"282\" > <div class=\"tiled-gallery-item tiled-gallery-item-small\" itemprop=\"associatedMedia\" itemscope itemtype=\"http:\/\/schema.org\/ImageObject\"> <a href=\"https:\/\/www.freidenker.org\/?attachment_id=10261\" border=\"0\" itemprop=\"url\"> <meta itemprop=\"width\" content=\"209\"> <meta itemprop=\"height\" content=\"278\"> <img decoding=\"async\" class=\"\" data-attachment-id=\"10261\" data-orig-file=\"https:\/\/www.freidenker.org\/fw17\/wp-content\/uploads\/2021\/05\/20210508_150300.jpg\" data-orig-size=\"1440,1920\" data-comments-opened=\"\" data-image-meta=\"{&quot;aperture&quot;:&quot;2&quot;,&quot;credit&quot;:&quot;&quot;,&quot;camera&quot;:&quot;SM-A515F&quot;,&quot;caption&quot;:&quot;&quot;,&quot;created_timestamp&quot;:&quot;1620486180&quot;,&quot;copyright&quot;:&quot;&quot;,&quot;focal_length&quot;:&quot;4.6&quot;,&quot;iso&quot;:&quot;32&quot;,&quot;shutter_speed&quot;:&quot;0.0022727272727273&quot;,&quot;title&quot;:&quot;&quot;,&quot;orientation&quot;:&quot;1&quot;}\" data-image-title=\"\" data-image-description=\"\" data-medium-file=\"https:\/\/i0.wp.com\/www.freidenker.org\/fw17\/wp-content\/uploads\/2021\/05\/20210508_150300.jpg?fit=225%2C300&#038;ssl=1\" data-large-file=\"https:\/\/i0.wp.com\/www.freidenker.org\/fw17\/wp-content\/uploads\/2021\/05\/20210508_150300.jpg?fit=768%2C1024&#038;ssl=1\" src=\"https:\/\/i0.wp.com\/www.freidenker.org\/fw17\/wp-content\/uploads\/2021\/05\/20210508_150300.jpg?w=209&#038;h=278&#038;ssl=1\" srcset=\"https:\/\/i0.wp.com\/www.freidenker.org\/fw17\/wp-content\/uploads\/2021\/05\/20210508_150300.jpg?w=1440&amp;ssl=1 1440w, https:\/\/i0.wp.com\/www.freidenker.org\/fw17\/wp-content\/uploads\/2021\/05\/20210508_150300.jpg?resize=225%2C300&amp;ssl=1 225w, https:\/\/i0.wp.com\/www.freidenker.org\/fw17\/wp-content\/uploads\/2021\/05\/20210508_150300.jpg?resize=768%2C1024&amp;ssl=1 768w, https:\/\/i0.wp.com\/www.freidenker.org\/fw17\/wp-content\/uploads\/2021\/05\/20210508_150300.jpg?resize=1152%2C1536&amp;ssl=1 1152w\" width=\"209\" height=\"278\" loading=\"lazy\" data-original-width=\"209\" data-original-height=\"278\" itemprop=\"http:\/\/schema.org\/image\" title=\"\" alt=\"Neuruppin, 8. Mai 2021\" style=\"width: 209px; height: 278px;\" \/> <\/a> <div class=\"tiled-gallery-caption\" itemprop=\"caption description\"> Neuruppin, 8. Mai 2021 <\/div> <\/div> <\/div> <!-- close group --> <div class=\"gallery-group images-1\" style=\"width: 375px; height: 282px;\" data-original-width=\"375\" data-original-height=\"282\" > <div class=\"tiled-gallery-item tiled-gallery-item-large\" itemprop=\"associatedMedia\" itemscope itemtype=\"http:\/\/schema.org\/ImageObject\"> <a href=\"https:\/\/www.freidenker.org\/?attachment_id=10262\" border=\"0\" itemprop=\"url\"> <meta itemprop=\"width\" content=\"371\"> <meta itemprop=\"height\" content=\"278\"> <img decoding=\"async\" class=\"\" data-attachment-id=\"10262\" data-orig-file=\"https:\/\/www.freidenker.org\/fw17\/wp-content\/uploads\/2021\/05\/20210508_150330.jpg\" data-orig-size=\"1920,1440\" data-comments-opened=\"\" data-image-meta=\"{&quot;aperture&quot;:&quot;2&quot;,&quot;credit&quot;:&quot;&quot;,&quot;camera&quot;:&quot;SM-A515F&quot;,&quot;caption&quot;:&quot;&quot;,&quot;created_timestamp&quot;:&quot;1620486211&quot;,&quot;copyright&quot;:&quot;&quot;,&quot;focal_length&quot;:&quot;4.6&quot;,&quot;iso&quot;:&quot;32&quot;,&quot;shutter_speed&quot;:&quot;0.0068493150684932&quot;,&quot;title&quot;:&quot;&quot;,&quot;orientation&quot;:&quot;1&quot;}\" data-image-title=\"\" data-image-description=\"\" data-medium-file=\"https:\/\/i0.wp.com\/www.freidenker.org\/fw17\/wp-content\/uploads\/2021\/05\/20210508_150330.jpg?fit=300%2C225&#038;ssl=1\" data-large-file=\"https:\/\/i0.wp.com\/www.freidenker.org\/fw17\/wp-content\/uploads\/2021\/05\/20210508_150330.jpg?fit=800%2C600&#038;ssl=1\" src=\"https:\/\/i0.wp.com\/www.freidenker.org\/fw17\/wp-content\/uploads\/2021\/05\/20210508_150330.jpg?w=371&#038;h=278&#038;ssl=1\" srcset=\"https:\/\/i0.wp.com\/www.freidenker.org\/fw17\/wp-content\/uploads\/2021\/05\/20210508_150330.jpg?w=1920&amp;ssl=1 1920w, https:\/\/i0.wp.com\/www.freidenker.org\/fw17\/wp-content\/uploads\/2021\/05\/20210508_150330.jpg?resize=300%2C225&amp;ssl=1 300w, https:\/\/i0.wp.com\/www.freidenker.org\/fw17\/wp-content\/uploads\/2021\/05\/20210508_150330.jpg?resize=1024%2C768&amp;ssl=1 1024w, https:\/\/i0.wp.com\/www.freidenker.org\/fw17\/wp-content\/uploads\/2021\/05\/20210508_150330.jpg?resize=768%2C576&amp;ssl=1 768w, https:\/\/i0.wp.com\/www.freidenker.org\/fw17\/wp-content\/uploads\/2021\/05\/20210508_150330.jpg?resize=1536%2C1152&amp;ssl=1 1536w, https:\/\/i0.wp.com\/www.freidenker.org\/fw17\/wp-content\/uploads\/2021\/05\/20210508_150330.jpg?w=1600&amp;ssl=1 1600w\" width=\"371\" height=\"278\" loading=\"lazy\" data-original-width=\"371\" data-original-height=\"278\" itemprop=\"http:\/\/schema.org\/image\" title=\"\" alt=\"Neuruppin, 8. Mai 2021: Freidenker Jens Oldenburg\" style=\"width: 371px; height: 278px;\" \/> <\/a> <div class=\"tiled-gallery-caption\" itemprop=\"caption description\"> Neuruppin, 8. Mai 2021: Freidenker Jens Oldenburg <\/div> <\/div> <\/div> <!-- close group --> <div class=\"gallery-group images-1\" style=\"width: 212px; height: 282px;\" data-original-width=\"212\" data-original-height=\"282\" > <div class=\"tiled-gallery-item tiled-gallery-item-small\" itemprop=\"associatedMedia\" itemscope itemtype=\"http:\/\/schema.org\/ImageObject\"> <a href=\"https:\/\/www.freidenker.org\/?attachment_id=10263\" border=\"0\" itemprop=\"url\"> <meta itemprop=\"width\" content=\"208\"> <meta itemprop=\"height\" content=\"278\"> <img decoding=\"async\" class=\"\" data-attachment-id=\"10263\" data-orig-file=\"https:\/\/www.freidenker.org\/fw17\/wp-content\/uploads\/2021\/05\/20210508_150346.jpg\" data-orig-size=\"1440,1920\" data-comments-opened=\"\" data-image-meta=\"{&quot;aperture&quot;:&quot;2&quot;,&quot;credit&quot;:&quot;&quot;,&quot;camera&quot;:&quot;SM-A515F&quot;,&quot;caption&quot;:&quot;&quot;,&quot;created_timestamp&quot;:&quot;1620486226&quot;,&quot;copyright&quot;:&quot;&quot;,&quot;focal_length&quot;:&quot;4.6&quot;,&quot;iso&quot;:&quot;32&quot;,&quot;shutter_speed&quot;:&quot;0.0049751243781095&quot;,&quot;title&quot;:&quot;&quot;,&quot;orientation&quot;:&quot;1&quot;}\" data-image-title=\"\" data-image-description=\"\" data-medium-file=\"https:\/\/i0.wp.com\/www.freidenker.org\/fw17\/wp-content\/uploads\/2021\/05\/20210508_150346.jpg?fit=225%2C300&#038;ssl=1\" data-large-file=\"https:\/\/i0.wp.com\/www.freidenker.org\/fw17\/wp-content\/uploads\/2021\/05\/20210508_150346.jpg?fit=768%2C1024&#038;ssl=1\" src=\"https:\/\/i0.wp.com\/www.freidenker.org\/fw17\/wp-content\/uploads\/2021\/05\/20210508_150346.jpg?w=208&#038;h=278&#038;ssl=1\" srcset=\"https:\/\/i0.wp.com\/www.freidenker.org\/fw17\/wp-content\/uploads\/2021\/05\/20210508_150346.jpg?w=1440&amp;ssl=1 1440w, https:\/\/i0.wp.com\/www.freidenker.org\/fw17\/wp-content\/uploads\/2021\/05\/20210508_150346.jpg?resize=225%2C300&amp;ssl=1 225w, https:\/\/i0.wp.com\/www.freidenker.org\/fw17\/wp-content\/uploads\/2021\/05\/20210508_150346.jpg?resize=768%2C1024&amp;ssl=1 768w, https:\/\/i0.wp.com\/www.freidenker.org\/fw17\/wp-content\/uploads\/2021\/05\/20210508_150346.jpg?resize=1152%2C1536&amp;ssl=1 1152w\" width=\"208\" height=\"278\" loading=\"lazy\" data-original-width=\"208\" data-original-height=\"278\" itemprop=\"http:\/\/schema.org\/image\" title=\"\" alt=\"Neuruppin, 8. Mai 2021: Freidenker Jens Oldenburg\" style=\"width: 208px; height: 278px;\" \/> <\/a> <div class=\"tiled-gallery-caption\" itemprop=\"caption description\"> Neuruppin, 8. Mai 2021: Freidenker Jens Oldenburg <\/div> <\/div> <\/div> <!-- close group --> <\/div> <!-- close row --> <div class=\"gallery-row\" style=\"width: 800px; height: 384px;\" data-original-width=\"800\" data-original-height=\"384\" > <div class=\"gallery-group images-1\" style=\"width: 511px; height: 384px;\" data-original-width=\"511\" data-original-height=\"384\" > <div class=\"tiled-gallery-item tiled-gallery-item-large\" itemprop=\"associatedMedia\" itemscope itemtype=\"http:\/\/schema.org\/ImageObject\"> <a href=\"https:\/\/www.freidenker.org\/?attachment_id=10264\" border=\"0\" itemprop=\"url\"> <meta itemprop=\"width\" content=\"507\"> <meta itemprop=\"height\" content=\"380\"> <img decoding=\"async\" class=\"\" data-attachment-id=\"10264\" data-orig-file=\"https:\/\/www.freidenker.org\/fw17\/wp-content\/uploads\/2021\/05\/20210508_150600.jpg\" data-orig-size=\"1920,1440\" data-comments-opened=\"\" data-image-meta=\"{&quot;aperture&quot;:&quot;2&quot;,&quot;credit&quot;:&quot;&quot;,&quot;camera&quot;:&quot;SM-A515F&quot;,&quot;caption&quot;:&quot;&quot;,&quot;created_timestamp&quot;:&quot;1620486360&quot;,&quot;copyright&quot;:&quot;&quot;,&quot;focal_length&quot;:&quot;4.6&quot;,&quot;iso&quot;:&quot;32&quot;,&quot;shutter_speed&quot;:&quot;0.0088495575221239&quot;,&quot;title&quot;:&quot;&quot;,&quot;orientation&quot;:&quot;1&quot;}\" data-image-title=\"\" data-image-description=\"\" data-medium-file=\"https:\/\/i0.wp.com\/www.freidenker.org\/fw17\/wp-content\/uploads\/2021\/05\/20210508_150600.jpg?fit=300%2C225&#038;ssl=1\" data-large-file=\"https:\/\/i0.wp.com\/www.freidenker.org\/fw17\/wp-content\/uploads\/2021\/05\/20210508_150600.jpg?fit=800%2C600&#038;ssl=1\" src=\"https:\/\/i0.wp.com\/www.freidenker.org\/fw17\/wp-content\/uploads\/2021\/05\/20210508_150600.jpg?w=507&#038;h=380&#038;ssl=1\" srcset=\"https:\/\/i0.wp.com\/www.freidenker.org\/fw17\/wp-content\/uploads\/2021\/05\/20210508_150600.jpg?w=1920&amp;ssl=1 1920w, https:\/\/i0.wp.com\/www.freidenker.org\/fw17\/wp-content\/uploads\/2021\/05\/20210508_150600.jpg?resize=300%2C225&amp;ssl=1 300w, https:\/\/i0.wp.com\/www.freidenker.org\/fw17\/wp-content\/uploads\/2021\/05\/20210508_150600.jpg?resize=1024%2C768&amp;ssl=1 1024w, https:\/\/i0.wp.com\/www.freidenker.org\/fw17\/wp-content\/uploads\/2021\/05\/20210508_150600.jpg?resize=768%2C576&amp;ssl=1 768w, https:\/\/i0.wp.com\/www.freidenker.org\/fw17\/wp-content\/uploads\/2021\/05\/20210508_150600.jpg?resize=1536%2C1152&amp;ssl=1 1536w, https:\/\/i0.wp.com\/www.freidenker.org\/fw17\/wp-content\/uploads\/2021\/05\/20210508_150600.jpg?w=1600&amp;ssl=1 1600w\" width=\"507\" height=\"380\" loading=\"lazy\" data-original-width=\"507\" data-original-height=\"380\" itemprop=\"http:\/\/schema.org\/image\" title=\"\" alt=\"Neuruppin, 8. Mai 2021\" style=\"width: 507px; height: 380px;\" \/> <\/a> <div class=\"tiled-gallery-caption\" itemprop=\"caption description\"> Neuruppin, 8. Mai 2021 <\/div> <\/div> <\/div> <!-- close group --> <div class=\"gallery-group images-1\" style=\"width: 289px; height: 384px;\" data-original-width=\"289\" data-original-height=\"384\" > <div class=\"tiled-gallery-item tiled-gallery-item-large\" itemprop=\"associatedMedia\" itemscope itemtype=\"http:\/\/schema.org\/ImageObject\"> <a href=\"https:\/\/www.freidenker.org\/?attachment_id=10265\" border=\"0\" itemprop=\"url\"> <meta itemprop=\"width\" content=\"285\"> <meta itemprop=\"height\" content=\"380\"> <img decoding=\"async\" class=\"\" data-attachment-id=\"10265\" data-orig-file=\"https:\/\/www.freidenker.org\/fw17\/wp-content\/uploads\/2021\/05\/20210508_150630.jpg\" data-orig-size=\"1440,1920\" data-comments-opened=\"\" data-image-meta=\"{&quot;aperture&quot;:&quot;2&quot;,&quot;credit&quot;:&quot;&quot;,&quot;camera&quot;:&quot;SM-A515F&quot;,&quot;caption&quot;:&quot;&quot;,&quot;created_timestamp&quot;:&quot;1620486390&quot;,&quot;copyright&quot;:&quot;&quot;,&quot;focal_length&quot;:&quot;4.6&quot;,&quot;iso&quot;:&quot;32&quot;,&quot;shutter_speed&quot;:&quot;0.0024630541871921&quot;,&quot;title&quot;:&quot;&quot;,&quot;orientation&quot;:&quot;1&quot;}\" data-image-title=\"\" data-image-description=\"\" data-medium-file=\"https:\/\/i0.wp.com\/www.freidenker.org\/fw17\/wp-content\/uploads\/2021\/05\/20210508_150630.jpg?fit=225%2C300&#038;ssl=1\" data-large-file=\"https:\/\/i0.wp.com\/www.freidenker.org\/fw17\/wp-content\/uploads\/2021\/05\/20210508_150630.jpg?fit=768%2C1024&#038;ssl=1\" src=\"https:\/\/i0.wp.com\/www.freidenker.org\/fw17\/wp-content\/uploads\/2021\/05\/20210508_150630.jpg?w=285&#038;h=380&#038;ssl=1\" srcset=\"https:\/\/i0.wp.com\/www.freidenker.org\/fw17\/wp-content\/uploads\/2021\/05\/20210508_150630.jpg?w=1440&amp;ssl=1 1440w, https:\/\/i0.wp.com\/www.freidenker.org\/fw17\/wp-content\/uploads\/2021\/05\/20210508_150630.jpg?resize=225%2C300&amp;ssl=1 225w, https:\/\/i0.wp.com\/www.freidenker.org\/fw17\/wp-content\/uploads\/2021\/05\/20210508_150630.jpg?resize=768%2C1024&amp;ssl=1 768w, https:\/\/i0.wp.com\/www.freidenker.org\/fw17\/wp-content\/uploads\/2021\/05\/20210508_150630.jpg?resize=1152%2C1536&amp;ssl=1 1152w\" width=\"285\" height=\"380\" loading=\"lazy\" data-original-width=\"285\" data-original-height=\"380\" itemprop=\"http:\/\/schema.org\/image\" title=\"\" alt=\"Neuruppin, 8. Mai 2021\" style=\"width: 285px; height: 380px;\" \/> <\/a> <div class=\"tiled-gallery-caption\" itemprop=\"caption description\"> Neuruppin, 8. Mai 2021 <\/div> <\/div> <\/div> <!-- close group --> <\/div> <!-- close row --> <\/div>\n<p><span style=\"font-size: 10pt;\">Fotos: privat<\/span><\/p>\n<p><a href=\"#uebersicht\"><span style=\"font-size: 10pt;\">\u2191 \u00dcbersicht<\/span><\/a><\/p>\n<hr \/>\n<h5><a id=\"treptow\"><\/a>Berlin-Treptow, 9. Mai 2021<\/h5>\n<p>Tausende Menschen kamen auch dieses Jahr wieder zur traditionellen Ehrung der Befreier zum sowjetischen Ehrenmal in Berlin-Treptow.<\/p>\n<div class=\"tiled-gallery type-rectangular tiled-gallery-unresized\" data-original-width=\"800\" data-carousel-extra='{&quot;blog_id&quot;:1,&quot;permalink&quot;:&quot;https:\\\/\\\/www.freidenker.org\\\/?p=10244&quot;,&quot;likes_blog_id&quot;:139773280}' itemscope itemtype=\"http:\/\/schema.org\/ImageGallery\" > <div class=\"gallery-row\" style=\"width: 800px; height: 358px;\" data-original-width=\"800\" data-original-height=\"358\" > <div class=\"gallery-group images-1\" style=\"width: 534px; height: 358px;\" data-original-width=\"534\" data-original-height=\"358\" > <div class=\"tiled-gallery-item tiled-gallery-item-large\" itemprop=\"associatedMedia\" itemscope itemtype=\"http:\/\/schema.org\/ImageObject\"> <a href=\"https:\/\/www.freidenker.org\/?attachment_id=10266\" border=\"0\" itemprop=\"url\"> <meta itemprop=\"width\" content=\"530\"> <meta itemprop=\"height\" content=\"354\"> <img decoding=\"async\" class=\"\" data-attachment-id=\"10266\" data-orig-file=\"https:\/\/www.freidenker.org\/fw17\/wp-content\/uploads\/2021\/05\/Freidenker-Irene-und-Richard-Wagner.jpg\" data-orig-size=\"1920,1281\" data-comments-opened=\"\" data-image-meta=\"{&quot;aperture&quot;:&quot;4&quot;,&quot;credit&quot;:&quot;&quot;,&quot;camera&quot;:&quot;DMC-LX5&quot;,&quot;caption&quot;:&quot;&quot;,&quot;created_timestamp&quot;:&quot;1620570153&quot;,&quot;copyright&quot;:&quot;&quot;,&quot;focal_length&quot;:&quot;5.1&quot;,&quot;iso&quot;:&quot;80&quot;,&quot;shutter_speed&quot;:&quot;0.00125&quot;,&quot;title&quot;:&quot;&quot;,&quot;orientation&quot;:&quot;1&quot;}\" data-image-title=\"\" data-image-description=\"\" data-medium-file=\"https:\/\/i0.wp.com\/www.freidenker.org\/fw17\/wp-content\/uploads\/2021\/05\/Freidenker-Irene-und-Richard-Wagner.jpg?fit=300%2C200&#038;ssl=1\" data-large-file=\"https:\/\/i0.wp.com\/www.freidenker.org\/fw17\/wp-content\/uploads\/2021\/05\/Freidenker-Irene-und-Richard-Wagner.jpg?fit=800%2C534&#038;ssl=1\" src=\"https:\/\/i0.wp.com\/www.freidenker.org\/fw17\/wp-content\/uploads\/2021\/05\/Freidenker-Irene-und-Richard-Wagner.jpg?w=530&#038;h=354&#038;ssl=1\" srcset=\"https:\/\/i0.wp.com\/www.freidenker.org\/fw17\/wp-content\/uploads\/2021\/05\/Freidenker-Irene-und-Richard-Wagner.jpg?w=1920&amp;ssl=1 1920w, https:\/\/i0.wp.com\/www.freidenker.org\/fw17\/wp-content\/uploads\/2021\/05\/Freidenker-Irene-und-Richard-Wagner.jpg?resize=300%2C200&amp;ssl=1 300w, https:\/\/i0.wp.com\/www.freidenker.org\/fw17\/wp-content\/uploads\/2021\/05\/Freidenker-Irene-und-Richard-Wagner.jpg?resize=1024%2C683&amp;ssl=1 1024w, https:\/\/i0.wp.com\/www.freidenker.org\/fw17\/wp-content\/uploads\/2021\/05\/Freidenker-Irene-und-Richard-Wagner.jpg?resize=768%2C512&amp;ssl=1 768w, https:\/\/i0.wp.com\/www.freidenker.org\/fw17\/wp-content\/uploads\/2021\/05\/Freidenker-Irene-und-Richard-Wagner.jpg?resize=1536%2C1025&amp;ssl=1 1536w, https:\/\/i0.wp.com\/www.freidenker.org\/fw17\/wp-content\/uploads\/2021\/05\/Freidenker-Irene-und-Richard-Wagner.jpg?w=1600&amp;ssl=1 1600w\" width=\"530\" height=\"354\" loading=\"lazy\" data-original-width=\"530\" data-original-height=\"354\" itemprop=\"http:\/\/schema.org\/image\" title=\"\" alt=\"Berlin-Treptow, 9. Mai 2021: Die Freidenker Irene und Richard Wagner\" style=\"width: 530px; height: 354px;\" \/> <\/a> <div class=\"tiled-gallery-caption\" itemprop=\"caption description\"> Berlin-Treptow, 9. Mai 2021: Die Freidenker Irene und Richard Wagner <\/div> <\/div> <\/div> <!-- close group --> <div class=\"gallery-group images-2\" style=\"width: 266px; height: 358px;\" data-original-width=\"266\" data-original-height=\"358\" > <div class=\"tiled-gallery-item tiled-gallery-item-large\" itemprop=\"associatedMedia\" itemscope itemtype=\"http:\/\/schema.org\/ImageObject\"> <a href=\"https:\/\/www.freidenker.org\/?attachment_id=10267\" border=\"0\" itemprop=\"url\"> <meta itemprop=\"width\" content=\"262\"> <meta itemprop=\"height\" content=\"175\"> <img decoding=\"async\" class=\"\" data-attachment-id=\"10267\" data-orig-file=\"https:\/\/www.freidenker.org\/fw17\/wp-content\/uploads\/2021\/05\/Friko-Transpi-fand-viel-Anerkennung.jpg\" data-orig-size=\"1920,1281\" data-comments-opened=\"\" data-image-meta=\"{&quot;aperture&quot;:&quot;4&quot;,&quot;credit&quot;:&quot;&quot;,&quot;camera&quot;:&quot;DMC-LX5&quot;,&quot;caption&quot;:&quot;&quot;,&quot;created_timestamp&quot;:&quot;1620571588&quot;,&quot;copyright&quot;:&quot;&quot;,&quot;focal_length&quot;:&quot;5.1&quot;,&quot;iso&quot;:&quot;80&quot;,&quot;shutter_speed&quot;:&quot;0.0015625&quot;,&quot;title&quot;:&quot;&quot;,&quot;orientation&quot;:&quot;1&quot;}\" data-image-title=\"\" data-image-description=\"\" data-medium-file=\"https:\/\/i0.wp.com\/www.freidenker.org\/fw17\/wp-content\/uploads\/2021\/05\/Friko-Transpi-fand-viel-Anerkennung.jpg?fit=300%2C200&#038;ssl=1\" data-large-file=\"https:\/\/i0.wp.com\/www.freidenker.org\/fw17\/wp-content\/uploads\/2021\/05\/Friko-Transpi-fand-viel-Anerkennung.jpg?fit=800%2C534&#038;ssl=1\" src=\"https:\/\/i0.wp.com\/www.freidenker.org\/fw17\/wp-content\/uploads\/2021\/05\/Friko-Transpi-fand-viel-Anerkennung.jpg?w=262&#038;h=175&#038;ssl=1\" srcset=\"https:\/\/i0.wp.com\/www.freidenker.org\/fw17\/wp-content\/uploads\/2021\/05\/Friko-Transpi-fand-viel-Anerkennung.jpg?w=1920&amp;ssl=1 1920w, https:\/\/i0.wp.com\/www.freidenker.org\/fw17\/wp-content\/uploads\/2021\/05\/Friko-Transpi-fand-viel-Anerkennung.jpg?resize=300%2C200&amp;ssl=1 300w, https:\/\/i0.wp.com\/www.freidenker.org\/fw17\/wp-content\/uploads\/2021\/05\/Friko-Transpi-fand-viel-Anerkennung.jpg?resize=1024%2C683&amp;ssl=1 1024w, https:\/\/i0.wp.com\/www.freidenker.org\/fw17\/wp-content\/uploads\/2021\/05\/Friko-Transpi-fand-viel-Anerkennung.jpg?resize=768%2C512&amp;ssl=1 768w, https:\/\/i0.wp.com\/www.freidenker.org\/fw17\/wp-content\/uploads\/2021\/05\/Friko-Transpi-fand-viel-Anerkennung.jpg?resize=1536%2C1025&amp;ssl=1 1536w, https:\/\/i0.wp.com\/www.freidenker.org\/fw17\/wp-content\/uploads\/2021\/05\/Friko-Transpi-fand-viel-Anerkennung.jpg?w=1600&amp;ssl=1 1600w\" width=\"262\" height=\"175\" loading=\"lazy\" data-original-width=\"262\" data-original-height=\"175\" itemprop=\"http:\/\/schema.org\/image\" title=\"\" alt=\"Berlin-Treptow, 9. Mai 2021: Das Transparent der Berliner Friko fand viel Anerkennung\" style=\"width: 262px; height: 175px;\" \/> <\/a> <div class=\"tiled-gallery-caption\" itemprop=\"caption description\"> Berlin-Treptow, 9. Mai 2021: Das Transparent der Berliner Friko fand viel Anerkennung <\/div> <\/div> <div class=\"tiled-gallery-item tiled-gallery-item-large\" itemprop=\"associatedMedia\" itemscope itemtype=\"http:\/\/schema.org\/ImageObject\"> <a href=\"https:\/\/www.freidenker.org\/?attachment_id=10268\" border=\"0\" itemprop=\"url\"> <meta itemprop=\"width\" content=\"262\"> <meta itemprop=\"height\" content=\"175\"> <img decoding=\"async\" class=\"\" data-attachment-id=\"10268\" data-orig-file=\"https:\/\/www.freidenker.org\/fw17\/wp-content\/uploads\/2021\/05\/P1040632.jpg\" data-orig-size=\"1920,1281\" data-comments-opened=\"\" data-image-meta=\"{&quot;aperture&quot;:&quot;5&quot;,&quot;credit&quot;:&quot;&quot;,&quot;camera&quot;:&quot;DMC-LX5&quot;,&quot;caption&quot;:&quot;&quot;,&quot;created_timestamp&quot;:&quot;1620567818&quot;,&quot;copyright&quot;:&quot;&quot;,&quot;focal_length&quot;:&quot;6.8&quot;,&quot;iso&quot;:&quot;80&quot;,&quot;shutter_speed&quot;:&quot;0.001&quot;,&quot;title&quot;:&quot;&quot;,&quot;orientation&quot;:&quot;1&quot;}\" data-image-title=\"\" data-image-description=\"\" data-medium-file=\"https:\/\/i0.wp.com\/www.freidenker.org\/fw17\/wp-content\/uploads\/2021\/05\/P1040632.jpg?fit=300%2C200&#038;ssl=1\" data-large-file=\"https:\/\/i0.wp.com\/www.freidenker.org\/fw17\/wp-content\/uploads\/2021\/05\/P1040632.jpg?fit=800%2C534&#038;ssl=1\" src=\"https:\/\/i0.wp.com\/www.freidenker.org\/fw17\/wp-content\/uploads\/2021\/05\/P1040632.jpg?w=262&#038;h=175&#038;ssl=1\" srcset=\"https:\/\/i0.wp.com\/www.freidenker.org\/fw17\/wp-content\/uploads\/2021\/05\/P1040632.jpg?w=1920&amp;ssl=1 1920w, https:\/\/i0.wp.com\/www.freidenker.org\/fw17\/wp-content\/uploads\/2021\/05\/P1040632.jpg?resize=300%2C200&amp;ssl=1 300w, https:\/\/i0.wp.com\/www.freidenker.org\/fw17\/wp-content\/uploads\/2021\/05\/P1040632.jpg?resize=1024%2C683&amp;ssl=1 1024w, https:\/\/i0.wp.com\/www.freidenker.org\/fw17\/wp-content\/uploads\/2021\/05\/P1040632.jpg?resize=768%2C512&amp;ssl=1 768w, https:\/\/i0.wp.com\/www.freidenker.org\/fw17\/wp-content\/uploads\/2021\/05\/P1040632.jpg?resize=1536%2C1025&amp;ssl=1 1536w, https:\/\/i0.wp.com\/www.freidenker.org\/fw17\/wp-content\/uploads\/2021\/05\/P1040632.jpg?w=1600&amp;ssl=1 1600w\" width=\"262\" height=\"175\" loading=\"lazy\" data-original-width=\"262\" data-original-height=\"175\" itemprop=\"http:\/\/schema.org\/image\" title=\"\" alt=\"Berlin-Treptow, 9. Mai 2021: Links Friederike Schlegel, rechts Liane Kilinc vom Verein Friedensbr\u00fccke \u2013 Kriegsopferhilfe e.V.\" style=\"width: 262px; height: 175px;\" \/> <\/a> <div class=\"tiled-gallery-caption\" itemprop=\"caption description\"> Berlin-Treptow, 9. Mai 2021: Links Friederike Schlegel, rechts Liane Kilinc vom Verein Friedensbr\u00fccke \u2013 Kriegsopferhilfe e.V. <\/div> <\/div> <\/div> <!-- close group --> <\/div> <!-- close row --> <div class=\"gallery-row\" style=\"width: 800px; height: 179px;\" data-original-width=\"800\" data-original-height=\"179\" > <div class=\"gallery-group images-1\" style=\"width: 267px; height: 179px;\" data-original-width=\"267\" data-original-height=\"179\" > <div class=\"tiled-gallery-item tiled-gallery-item-large\" itemprop=\"associatedMedia\" itemscope itemtype=\"http:\/\/schema.org\/ImageObject\"> <a href=\"https:\/\/www.freidenker.org\/?attachment_id=10269\" border=\"0\" itemprop=\"url\"> <meta itemprop=\"width\" content=\"263\"> <meta itemprop=\"height\" content=\"175\"> <img decoding=\"async\" class=\"\" data-attachment-id=\"10269\" data-orig-file=\"https:\/\/www.freidenker.org\/fw17\/wp-content\/uploads\/2021\/05\/P1040640.jpg\" data-orig-size=\"1920,1281\" data-comments-opened=\"\" data-image-meta=\"{&quot;aperture&quot;:&quot;4&quot;,&quot;credit&quot;:&quot;&quot;,&quot;camera&quot;:&quot;DMC-LX5&quot;,&quot;caption&quot;:&quot;&quot;,&quot;created_timestamp&quot;:&quot;1620569176&quot;,&quot;copyright&quot;:&quot;&quot;,&quot;focal_length&quot;:&quot;5.1&quot;,&quot;iso&quot;:&quot;80&quot;,&quot;shutter_speed&quot;:&quot;0.0015625&quot;,&quot;title&quot;:&quot;&quot;,&quot;orientation&quot;:&quot;1&quot;}\" data-image-title=\"\" data-image-description=\"\" data-medium-file=\"https:\/\/i0.wp.com\/www.freidenker.org\/fw17\/wp-content\/uploads\/2021\/05\/P1040640.jpg?fit=300%2C200&#038;ssl=1\" data-large-file=\"https:\/\/i0.wp.com\/www.freidenker.org\/fw17\/wp-content\/uploads\/2021\/05\/P1040640.jpg?fit=800%2C534&#038;ssl=1\" src=\"https:\/\/i0.wp.com\/www.freidenker.org\/fw17\/wp-content\/uploads\/2021\/05\/P1040640.jpg?w=263&#038;h=175&#038;ssl=1\" srcset=\"https:\/\/i0.wp.com\/www.freidenker.org\/fw17\/wp-content\/uploads\/2021\/05\/P1040640.jpg?w=1920&amp;ssl=1 1920w, https:\/\/i0.wp.com\/www.freidenker.org\/fw17\/wp-content\/uploads\/2021\/05\/P1040640.jpg?resize=300%2C200&amp;ssl=1 300w, https:\/\/i0.wp.com\/www.freidenker.org\/fw17\/wp-content\/uploads\/2021\/05\/P1040640.jpg?resize=1024%2C683&amp;ssl=1 1024w, https:\/\/i0.wp.com\/www.freidenker.org\/fw17\/wp-content\/uploads\/2021\/05\/P1040640.jpg?resize=768%2C512&amp;ssl=1 768w, https:\/\/i0.wp.com\/www.freidenker.org\/fw17\/wp-content\/uploads\/2021\/05\/P1040640.jpg?resize=1536%2C1025&amp;ssl=1 1536w, https:\/\/i0.wp.com\/www.freidenker.org\/fw17\/wp-content\/uploads\/2021\/05\/P1040640.jpg?w=1600&amp;ssl=1 1600w\" width=\"263\" height=\"175\" loading=\"lazy\" data-original-width=\"263\" data-original-height=\"175\" itemprop=\"http:\/\/schema.org\/image\" title=\"\" alt=\"Berlin-Treptow, 9. Mai 2021\" style=\"width: 263px; height: 175px;\" \/> <\/a> <div class=\"tiled-gallery-caption\" itemprop=\"caption description\"> Berlin-Treptow, 9. Mai 2021 <\/div> <\/div> <\/div> <!-- close group --> <div class=\"gallery-group images-1\" style=\"width: 267px; height: 179px;\" data-original-width=\"267\" data-original-height=\"179\" > <div class=\"tiled-gallery-item tiled-gallery-item-large\" itemprop=\"associatedMedia\" itemscope itemtype=\"http:\/\/schema.org\/ImageObject\"> <a href=\"https:\/\/www.freidenker.org\/?attachment_id=10270\" border=\"0\" itemprop=\"url\"> <meta itemprop=\"width\" content=\"263\"> <meta itemprop=\"height\" content=\"175\"> <img decoding=\"async\" class=\"\" data-attachment-id=\"10270\" data-orig-file=\"https:\/\/www.freidenker.org\/fw17\/wp-content\/uploads\/2021\/05\/P1040657.jpg\" data-orig-size=\"1920,1281\" data-comments-opened=\"\" data-image-meta=\"{&quot;aperture&quot;:&quot;4&quot;,&quot;credit&quot;:&quot;&quot;,&quot;camera&quot;:&quot;DMC-LX5&quot;,&quot;caption&quot;:&quot;&quot;,&quot;created_timestamp&quot;:&quot;1620572316&quot;,&quot;copyright&quot;:&quot;&quot;,&quot;focal_length&quot;:&quot;7.5&quot;,&quot;iso&quot;:&quot;80&quot;,&quot;shutter_speed&quot;:&quot;0.0015625&quot;,&quot;title&quot;:&quot;&quot;,&quot;orientation&quot;:&quot;1&quot;}\" data-image-title=\"\" data-image-description=\"\" data-medium-file=\"https:\/\/i0.wp.com\/www.freidenker.org\/fw17\/wp-content\/uploads\/2021\/05\/P1040657.jpg?fit=300%2C200&#038;ssl=1\" data-large-file=\"https:\/\/i0.wp.com\/www.freidenker.org\/fw17\/wp-content\/uploads\/2021\/05\/P1040657.jpg?fit=800%2C534&#038;ssl=1\" src=\"https:\/\/i0.wp.com\/www.freidenker.org\/fw17\/wp-content\/uploads\/2021\/05\/P1040657.jpg?w=263&#038;h=175&#038;ssl=1\" srcset=\"https:\/\/i0.wp.com\/www.freidenker.org\/fw17\/wp-content\/uploads\/2021\/05\/P1040657.jpg?w=1920&amp;ssl=1 1920w, https:\/\/i0.wp.com\/www.freidenker.org\/fw17\/wp-content\/uploads\/2021\/05\/P1040657.jpg?resize=300%2C200&amp;ssl=1 300w, https:\/\/i0.wp.com\/www.freidenker.org\/fw17\/wp-content\/uploads\/2021\/05\/P1040657.jpg?resize=1024%2C683&amp;ssl=1 1024w, https:\/\/i0.wp.com\/www.freidenker.org\/fw17\/wp-content\/uploads\/2021\/05\/P1040657.jpg?resize=768%2C512&amp;ssl=1 768w, https:\/\/i0.wp.com\/www.freidenker.org\/fw17\/wp-content\/uploads\/2021\/05\/P1040657.jpg?resize=1536%2C1025&amp;ssl=1 1536w, https:\/\/i0.wp.com\/www.freidenker.org\/fw17\/wp-content\/uploads\/2021\/05\/P1040657.jpg?w=1600&amp;ssl=1 1600w\" width=\"263\" height=\"175\" loading=\"lazy\" data-original-width=\"263\" data-original-height=\"175\" itemprop=\"http:\/\/schema.org\/image\" title=\"\" alt=\"Berlin-Treptow, 9. Mai 2021\" style=\"width: 263px; height: 175px;\" \/> <\/a> <div class=\"tiled-gallery-caption\" itemprop=\"caption description\"> Berlin-Treptow, 9. Mai 2021 <\/div> <\/div> <\/div> <!-- close group --> <div class=\"gallery-group images-1\" style=\"width: 266px; height: 179px;\" data-original-width=\"266\" data-original-height=\"179\" > <div class=\"tiled-gallery-item tiled-gallery-item-large\" itemprop=\"associatedMedia\" itemscope itemtype=\"http:\/\/schema.org\/ImageObject\"> <a href=\"https:\/\/www.freidenker.org\/?attachment_id=10271\" border=\"0\" itemprop=\"url\"> <meta itemprop=\"width\" content=\"262\"> <meta itemprop=\"height\" content=\"175\"> <img decoding=\"async\" class=\"\" data-attachment-id=\"10271\" data-orig-file=\"https:\/\/www.freidenker.org\/fw17\/wp-content\/uploads\/2021\/05\/P1040663.jpg\" data-orig-size=\"1920,1281\" data-comments-opened=\"\" data-image-meta=\"{&quot;aperture&quot;:&quot;4&quot;,&quot;credit&quot;:&quot;&quot;,&quot;camera&quot;:&quot;DMC-LX5&quot;,&quot;caption&quot;:&quot;&quot;,&quot;created_timestamp&quot;:&quot;1620572523&quot;,&quot;copyright&quot;:&quot;&quot;,&quot;focal_length&quot;:&quot;19.2&quot;,&quot;iso&quot;:&quot;80&quot;,&quot;shutter_speed&quot;:&quot;0.00125&quot;,&quot;title&quot;:&quot;&quot;,&quot;orientation&quot;:&quot;1&quot;}\" data-image-title=\"\" data-image-description=\"\" data-medium-file=\"https:\/\/i0.wp.com\/www.freidenker.org\/fw17\/wp-content\/uploads\/2021\/05\/P1040663.jpg?fit=300%2C200&#038;ssl=1\" data-large-file=\"https:\/\/i0.wp.com\/www.freidenker.org\/fw17\/wp-content\/uploads\/2021\/05\/P1040663.jpg?fit=800%2C534&#038;ssl=1\" src=\"https:\/\/i0.wp.com\/www.freidenker.org\/fw17\/wp-content\/uploads\/2021\/05\/P1040663.jpg?w=262&#038;h=175&#038;ssl=1\" srcset=\"https:\/\/i0.wp.com\/www.freidenker.org\/fw17\/wp-content\/uploads\/2021\/05\/P1040663.jpg?w=1920&amp;ssl=1 1920w, https:\/\/i0.wp.com\/www.freidenker.org\/fw17\/wp-content\/uploads\/2021\/05\/P1040663.jpg?resize=300%2C200&amp;ssl=1 300w, https:\/\/i0.wp.com\/www.freidenker.org\/fw17\/wp-content\/uploads\/2021\/05\/P1040663.jpg?resize=1024%2C683&amp;ssl=1 1024w, https:\/\/i0.wp.com\/www.freidenker.org\/fw17\/wp-content\/uploads\/2021\/05\/P1040663.jpg?resize=768%2C512&amp;ssl=1 768w, https:\/\/i0.wp.com\/www.freidenker.org\/fw17\/wp-content\/uploads\/2021\/05\/P1040663.jpg?resize=1536%2C1025&amp;ssl=1 1536w, https:\/\/i0.wp.com\/www.freidenker.org\/fw17\/wp-content\/uploads\/2021\/05\/P1040663.jpg?w=1600&amp;ssl=1 1600w\" width=\"262\" height=\"175\" loading=\"lazy\" data-original-width=\"262\" data-original-height=\"175\" itemprop=\"http:\/\/schema.org\/image\" title=\"\" alt=\"Berlin-Treptow, 9. Mai 2021\" style=\"width: 262px; height: 175px;\" \/> <\/a> <div class=\"tiled-gallery-caption\" itemprop=\"caption description\"> Berlin-Treptow, 9. Mai 2021 <\/div> <\/div> <\/div> <!-- close group --> <\/div> <!-- close row --> <div class=\"gallery-row\" style=\"width: 800px; height: 268px;\" data-original-width=\"800\" data-original-height=\"268\" > <div class=\"gallery-group images-1\" style=\"width: 400px; height: 268px;\" data-original-width=\"400\" data-original-height=\"268\" > <div class=\"tiled-gallery-item tiled-gallery-item-large\" itemprop=\"associatedMedia\" itemscope itemtype=\"http:\/\/schema.org\/ImageObject\"> <a href=\"https:\/\/www.freidenker.org\/?attachment_id=10272\" border=\"0\" itemprop=\"url\"> <meta itemprop=\"width\" content=\"396\"> <meta itemprop=\"height\" content=\"264\"> <img decoding=\"async\" class=\"\" data-attachment-id=\"10272\" data-orig-file=\"https:\/\/www.freidenker.org\/fw17\/wp-content\/uploads\/2021\/05\/P1040672.jpg\" data-orig-size=\"1920,1281\" data-comments-opened=\"\" data-image-meta=\"{&quot;aperture&quot;:&quot;3.5&quot;,&quot;credit&quot;:&quot;&quot;,&quot;camera&quot;:&quot;DMC-LX5&quot;,&quot;caption&quot;:&quot;&quot;,&quot;created_timestamp&quot;:&quot;1620572871&quot;,&quot;copyright&quot;:&quot;&quot;,&quot;focal_length&quot;:&quot;5.5&quot;,&quot;iso&quot;:&quot;80&quot;,&quot;shutter_speed&quot;:&quot;0.002&quot;,&quot;title&quot;:&quot;&quot;,&quot;orientation&quot;:&quot;1&quot;}\" data-image-title=\"\" data-image-description=\"\" data-medium-file=\"https:\/\/i0.wp.com\/www.freidenker.org\/fw17\/wp-content\/uploads\/2021\/05\/P1040672.jpg?fit=300%2C200&#038;ssl=1\" data-large-file=\"https:\/\/i0.wp.com\/www.freidenker.org\/fw17\/wp-content\/uploads\/2021\/05\/P1040672.jpg?fit=800%2C534&#038;ssl=1\" src=\"https:\/\/i0.wp.com\/www.freidenker.org\/fw17\/wp-content\/uploads\/2021\/05\/P1040672.jpg?w=396&#038;h=264&#038;ssl=1\" srcset=\"https:\/\/i0.wp.com\/www.freidenker.org\/fw17\/wp-content\/uploads\/2021\/05\/P1040672.jpg?w=1920&amp;ssl=1 1920w, https:\/\/i0.wp.com\/www.freidenker.org\/fw17\/wp-content\/uploads\/2021\/05\/P1040672.jpg?resize=300%2C200&amp;ssl=1 300w, https:\/\/i0.wp.com\/www.freidenker.org\/fw17\/wp-content\/uploads\/2021\/05\/P1040672.jpg?resize=1024%2C683&amp;ssl=1 1024w, https:\/\/i0.wp.com\/www.freidenker.org\/fw17\/wp-content\/uploads\/2021\/05\/P1040672.jpg?resize=768%2C512&amp;ssl=1 768w, https:\/\/i0.wp.com\/www.freidenker.org\/fw17\/wp-content\/uploads\/2021\/05\/P1040672.jpg?resize=1536%2C1025&amp;ssl=1 1536w, https:\/\/i0.wp.com\/www.freidenker.org\/fw17\/wp-content\/uploads\/2021\/05\/P1040672.jpg?w=1600&amp;ssl=1 1600w\" width=\"396\" height=\"264\" loading=\"lazy\" data-original-width=\"396\" data-original-height=\"264\" itemprop=\"http:\/\/schema.org\/image\" title=\"\" alt=\"Berlin-Treptow, 9. Mai 2021\" style=\"width: 396px; height: 264px;\" \/> <\/a> <div class=\"tiled-gallery-caption\" itemprop=\"caption description\"> Berlin-Treptow, 9. Mai 2021 <\/div> <\/div> <\/div> <!-- close group --> <div class=\"gallery-group images-1\" style=\"width: 400px; height: 268px;\" data-original-width=\"400\" data-original-height=\"268\" > <div class=\"tiled-gallery-item tiled-gallery-item-large\" itemprop=\"associatedMedia\" itemscope itemtype=\"http:\/\/schema.org\/ImageObject\"> <a href=\"https:\/\/www.freidenker.org\/?attachment_id=10273\" border=\"0\" itemprop=\"url\"> <meta itemprop=\"width\" content=\"396\"> <meta itemprop=\"height\" content=\"264\"> <img decoding=\"async\" class=\"\" data-attachment-id=\"10273\" data-orig-file=\"https:\/\/www.freidenker.org\/fw17\/wp-content\/uploads\/2021\/05\/Zwei-Freidenker.jpg\" data-orig-size=\"1920,1281\" data-comments-opened=\"\" data-image-meta=\"{&quot;aperture&quot;:&quot;4&quot;,&quot;credit&quot;:&quot;&quot;,&quot;camera&quot;:&quot;DMC-LX5&quot;,&quot;caption&quot;:&quot;&quot;,&quot;created_timestamp&quot;:&quot;1620576220&quot;,&quot;copyright&quot;:&quot;&quot;,&quot;focal_length&quot;:&quot;6.4&quot;,&quot;iso&quot;:&quot;80&quot;,&quot;shutter_speed&quot;:&quot;0.00125&quot;,&quot;title&quot;:&quot;&quot;,&quot;orientation&quot;:&quot;1&quot;}\" data-image-title=\"\" data-image-description=\"\" data-medium-file=\"https:\/\/i0.wp.com\/www.freidenker.org\/fw17\/wp-content\/uploads\/2021\/05\/Zwei-Freidenker.jpg?fit=300%2C200&#038;ssl=1\" data-large-file=\"https:\/\/i0.wp.com\/www.freidenker.org\/fw17\/wp-content\/uploads\/2021\/05\/Zwei-Freidenker.jpg?fit=800%2C534&#038;ssl=1\" src=\"https:\/\/i0.wp.com\/www.freidenker.org\/fw17\/wp-content\/uploads\/2021\/05\/Zwei-Freidenker.jpg?w=396&#038;h=264&#038;ssl=1\" srcset=\"https:\/\/i0.wp.com\/www.freidenker.org\/fw17\/wp-content\/uploads\/2021\/05\/Zwei-Freidenker.jpg?w=1920&amp;ssl=1 1920w, https:\/\/i0.wp.com\/www.freidenker.org\/fw17\/wp-content\/uploads\/2021\/05\/Zwei-Freidenker.jpg?resize=300%2C200&amp;ssl=1 300w, https:\/\/i0.wp.com\/www.freidenker.org\/fw17\/wp-content\/uploads\/2021\/05\/Zwei-Freidenker.jpg?resize=1024%2C683&amp;ssl=1 1024w, https:\/\/i0.wp.com\/www.freidenker.org\/fw17\/wp-content\/uploads\/2021\/05\/Zwei-Freidenker.jpg?resize=768%2C512&amp;ssl=1 768w, https:\/\/i0.wp.com\/www.freidenker.org\/fw17\/wp-content\/uploads\/2021\/05\/Zwei-Freidenker.jpg?resize=1536%2C1025&amp;ssl=1 1536w, https:\/\/i0.wp.com\/www.freidenker.org\/fw17\/wp-content\/uploads\/2021\/05\/Zwei-Freidenker.jpg?w=1600&amp;ssl=1 1600w\" width=\"396\" height=\"264\" loading=\"lazy\" data-original-width=\"396\" data-original-height=\"264\" itemprop=\"http:\/\/schema.org\/image\" title=\"\" alt=\"Berlin-Treptow, 9. Mai 2021: Das Transparent der Berliner Freidenker. Links Albrecht Ludloff\" style=\"width: 396px; height: 264px;\" \/> <\/a> <div class=\"tiled-gallery-caption\" itemprop=\"caption description\"> Berlin-Treptow, 9. Mai 2021: Das Transparent der Berliner Freidenker. Links Albrecht Ludloff <\/div> <\/div> <\/div> <!-- close group --> <\/div> <!-- close row --> <\/div>\n<p><span style=\"font-size: 10pt;\">Fotos: Ingrid Koschmieder<\/span><\/p>\n<p><a href=\"#uebersicht\"><span style=\"font-size: 10pt;\">\u2191 \u00dcbersicht<\/span><\/a><\/p>\n<hr \/>\n<h5><a id=\"seelow\"><\/a>Seelower H\u00f6hen, 9. Mai 2021<\/h5>\n<p>\u00dcber 200 Freundinnen und Freunde des russischen Volkes kamen am 9. Mai 2021, dem Tag des Sieges der Roten Armee \u00fcber den deutschen Faschismus, in der Gedenkst\u00e4tte Seelower H\u00f6hen zusammen zu einer Gedenkkundgebung. Aufgerufen hatte zu der Kundgebung ein breites B\u00fcndnis regionaler Gliederungen von ISOR, RotFuchs, der Partei DIE LINKE und DKP.<\/p>\n<p>Zu den Rednerinnen und Rednern z\u00e4hlten u.a. Anja Mewes, Vorsitzende der Friedensglockengesellschaft Berlin e.V., Hans Bauer, Vorsitzender der GRH e.V., Niels-Olaf L\u00fcders, Direktkandidat f\u00fcr DIE LINKE bei der Bundestagswahl im Wahlkreis Barnim II \/ MOL und M\u00e4nne Gr\u00fc\u00df, Vorsitzender der DKP Landesorganisation Brandenburg und Mitglied des Brandenburgischen Freidenker-Verbandes.<\/p>\n<div class=\"tiled-gallery type-rectangular tiled-gallery-unresized\" data-original-width=\"800\" data-carousel-extra='{&quot;blog_id&quot;:1,&quot;permalink&quot;:&quot;https:\\\/\\\/www.freidenker.org\\\/?p=10244&quot;,&quot;likes_blog_id&quot;:139773280}' itemscope itemtype=\"http:\/\/schema.org\/ImageGallery\" > <div class=\"gallery-row\" style=\"width: 800px; height: 401px;\" data-original-width=\"800\" data-original-height=\"401\" > <div class=\"gallery-group images-1\" style=\"width: 534px; height: 401px;\" data-original-width=\"534\" data-original-height=\"401\" > <div class=\"tiled-gallery-item tiled-gallery-item-large\" itemprop=\"associatedMedia\" itemscope itemtype=\"http:\/\/schema.org\/ImageObject\"> <a href=\"https:\/\/www.freidenker.org\/?attachment_id=10274\" border=\"0\" itemprop=\"url\"> <meta itemprop=\"width\" content=\"530\"> <meta itemprop=\"height\" content=\"397\"> <img decoding=\"async\" class=\"\" data-attachment-id=\"10274\" data-orig-file=\"https:\/\/www.freidenker.org\/fw17\/wp-content\/uploads\/2021\/05\/Tag-des-Sieges-2021-Seelower-Hoehen-01.jpg\" data-orig-size=\"1008,756\" data-comments-opened=\"\" data-image-meta=\"{&quot;aperture&quot;:&quot;0&quot;,&quot;credit&quot;:&quot;&quot;,&quot;camera&quot;:&quot;&quot;,&quot;caption&quot;:&quot;&quot;,&quot;created_timestamp&quot;:&quot;0&quot;,&quot;copyright&quot;:&quot;&quot;,&quot;focal_length&quot;:&quot;0&quot;,&quot;iso&quot;:&quot;0&quot;,&quot;shutter_speed&quot;:&quot;0&quot;,&quot;title&quot;:&quot;&quot;,&quot;orientation&quot;:&quot;0&quot;}\" data-image-title=\"\" data-image-description=\"\" data-medium-file=\"https:\/\/i0.wp.com\/www.freidenker.org\/fw17\/wp-content\/uploads\/2021\/05\/Tag-des-Sieges-2021-Seelower-Hoehen-01.jpg?fit=300%2C225&#038;ssl=1\" data-large-file=\"https:\/\/i0.wp.com\/www.freidenker.org\/fw17\/wp-content\/uploads\/2021\/05\/Tag-des-Sieges-2021-Seelower-Hoehen-01.jpg?fit=800%2C600&#038;ssl=1\" src=\"https:\/\/i0.wp.com\/www.freidenker.org\/fw17\/wp-content\/uploads\/2021\/05\/Tag-des-Sieges-2021-Seelower-Hoehen-01.jpg?w=530&#038;h=397&#038;ssl=1\" srcset=\"https:\/\/i0.wp.com\/www.freidenker.org\/fw17\/wp-content\/uploads\/2021\/05\/Tag-des-Sieges-2021-Seelower-Hoehen-01.jpg?w=1008&amp;ssl=1 1008w, https:\/\/i0.wp.com\/www.freidenker.org\/fw17\/wp-content\/uploads\/2021\/05\/Tag-des-Sieges-2021-Seelower-Hoehen-01.jpg?resize=300%2C225&amp;ssl=1 300w, https:\/\/i0.wp.com\/www.freidenker.org\/fw17\/wp-content\/uploads\/2021\/05\/Tag-des-Sieges-2021-Seelower-Hoehen-01.jpg?resize=768%2C576&amp;ssl=1 768w\" width=\"530\" height=\"397\" loading=\"lazy\" data-original-width=\"530\" data-original-height=\"397\" itemprop=\"http:\/\/schema.org\/image\" title=\"\" alt=\"Gedenkst\u00e4tte Seelower H\u00f6hen, 9. Mai 2021\" style=\"width: 530px; height: 397px;\" \/> <\/a> <div class=\"tiled-gallery-caption\" itemprop=\"caption description\"> Gedenkst\u00e4tte Seelower H\u00f6hen, 9. Mai 2021 <\/div> <\/div> <\/div> <!-- close group --> <div class=\"gallery-group images-2\" style=\"width: 266px; height: 401px;\" data-original-width=\"266\" data-original-height=\"401\" > <div class=\"tiled-gallery-item tiled-gallery-item-large\" itemprop=\"associatedMedia\" itemscope itemtype=\"http:\/\/schema.org\/ImageObject\"> <a href=\"https:\/\/www.freidenker.org\/?attachment_id=10275\" border=\"0\" itemprop=\"url\"> <meta itemprop=\"width\" content=\"262\"> <meta itemprop=\"height\" content=\"197\"> <img decoding=\"async\" class=\"\" data-attachment-id=\"10275\" data-orig-file=\"https:\/\/www.freidenker.org\/fw17\/wp-content\/uploads\/2021\/05\/Tag-des-Sieges-2021-Seelower-Hoehen-02.jpg\" data-orig-size=\"1008,756\" data-comments-opened=\"\" data-image-meta=\"{&quot;aperture&quot;:&quot;0&quot;,&quot;credit&quot;:&quot;&quot;,&quot;camera&quot;:&quot;&quot;,&quot;caption&quot;:&quot;&quot;,&quot;created_timestamp&quot;:&quot;0&quot;,&quot;copyright&quot;:&quot;&quot;,&quot;focal_length&quot;:&quot;0&quot;,&quot;iso&quot;:&quot;0&quot;,&quot;shutter_speed&quot;:&quot;0&quot;,&quot;title&quot;:&quot;&quot;,&quot;orientation&quot;:&quot;0&quot;}\" data-image-title=\"\" data-image-description=\"\" data-medium-file=\"https:\/\/i0.wp.com\/www.freidenker.org\/fw17\/wp-content\/uploads\/2021\/05\/Tag-des-Sieges-2021-Seelower-Hoehen-02.jpg?fit=300%2C225&#038;ssl=1\" data-large-file=\"https:\/\/i0.wp.com\/www.freidenker.org\/fw17\/wp-content\/uploads\/2021\/05\/Tag-des-Sieges-2021-Seelower-Hoehen-02.jpg?fit=800%2C600&#038;ssl=1\" src=\"https:\/\/i0.wp.com\/www.freidenker.org\/fw17\/wp-content\/uploads\/2021\/05\/Tag-des-Sieges-2021-Seelower-Hoehen-02.jpg?w=262&#038;h=197&#038;ssl=1\" srcset=\"https:\/\/i0.wp.com\/www.freidenker.org\/fw17\/wp-content\/uploads\/2021\/05\/Tag-des-Sieges-2021-Seelower-Hoehen-02.jpg?w=1008&amp;ssl=1 1008w, https:\/\/i0.wp.com\/www.freidenker.org\/fw17\/wp-content\/uploads\/2021\/05\/Tag-des-Sieges-2021-Seelower-Hoehen-02.jpg?resize=300%2C225&amp;ssl=1 300w, https:\/\/i0.wp.com\/www.freidenker.org\/fw17\/wp-content\/uploads\/2021\/05\/Tag-des-Sieges-2021-Seelower-Hoehen-02.jpg?resize=768%2C576&amp;ssl=1 768w\" width=\"262\" height=\"197\" loading=\"lazy\" data-original-width=\"262\" data-original-height=\"197\" itemprop=\"http:\/\/schema.org\/image\" title=\"\" alt=\"Gedenkst\u00e4tte Seelower H\u00f6hen, 9. Mai 2021\" style=\"width: 262px; height: 197px;\" \/> <\/a> <div class=\"tiled-gallery-caption\" itemprop=\"caption description\"> Gedenkst\u00e4tte Seelower H\u00f6hen, 9. Mai 2021 <\/div> <\/div> <div class=\"tiled-gallery-item tiled-gallery-item-large\" itemprop=\"associatedMedia\" itemscope itemtype=\"http:\/\/schema.org\/ImageObject\"> <a href=\"https:\/\/www.freidenker.org\/?attachment_id=10276\" border=\"0\" itemprop=\"url\"> <meta itemprop=\"width\" content=\"262\"> <meta itemprop=\"height\" content=\"196\"> <img decoding=\"async\" class=\"\" data-attachment-id=\"10276\" data-orig-file=\"https:\/\/www.freidenker.org\/fw17\/wp-content\/uploads\/2021\/05\/Tag-des-Sieges-2021-Seelower-Hoehen-05.jpg\" data-orig-size=\"1008,756\" data-comments-opened=\"\" data-image-meta=\"{&quot;aperture&quot;:&quot;0&quot;,&quot;credit&quot;:&quot;&quot;,&quot;camera&quot;:&quot;&quot;,&quot;caption&quot;:&quot;&quot;,&quot;created_timestamp&quot;:&quot;0&quot;,&quot;copyright&quot;:&quot;&quot;,&quot;focal_length&quot;:&quot;0&quot;,&quot;iso&quot;:&quot;0&quot;,&quot;shutter_speed&quot;:&quot;0&quot;,&quot;title&quot;:&quot;&quot;,&quot;orientation&quot;:&quot;0&quot;}\" data-image-title=\"\" data-image-description=\"\" data-medium-file=\"https:\/\/i0.wp.com\/www.freidenker.org\/fw17\/wp-content\/uploads\/2021\/05\/Tag-des-Sieges-2021-Seelower-Hoehen-05.jpg?fit=300%2C225&#038;ssl=1\" data-large-file=\"https:\/\/i0.wp.com\/www.freidenker.org\/fw17\/wp-content\/uploads\/2021\/05\/Tag-des-Sieges-2021-Seelower-Hoehen-05.jpg?fit=800%2C600&#038;ssl=1\" src=\"https:\/\/i0.wp.com\/www.freidenker.org\/fw17\/wp-content\/uploads\/2021\/05\/Tag-des-Sieges-2021-Seelower-Hoehen-05.jpg?w=262&#038;h=196&#038;ssl=1\" srcset=\"https:\/\/i0.wp.com\/www.freidenker.org\/fw17\/wp-content\/uploads\/2021\/05\/Tag-des-Sieges-2021-Seelower-Hoehen-05.jpg?w=1008&amp;ssl=1 1008w, https:\/\/i0.wp.com\/www.freidenker.org\/fw17\/wp-content\/uploads\/2021\/05\/Tag-des-Sieges-2021-Seelower-Hoehen-05.jpg?resize=300%2C225&amp;ssl=1 300w, https:\/\/i0.wp.com\/www.freidenker.org\/fw17\/wp-content\/uploads\/2021\/05\/Tag-des-Sieges-2021-Seelower-Hoehen-05.jpg?resize=768%2C576&amp;ssl=1 768w\" width=\"262\" height=\"196\" loading=\"lazy\" data-original-width=\"262\" data-original-height=\"196\" itemprop=\"http:\/\/schema.org\/image\" title=\"\" alt=\"Gedenkst\u00e4tte Seelower H\u00f6hen, 9. Mai 2021: Isabelle Czok-Alm von der Partei DIE LINKE\" style=\"width: 262px; height: 196px;\" \/> <\/a> <div class=\"tiled-gallery-caption\" itemprop=\"caption description\"> Gedenkst\u00e4tte Seelower H\u00f6hen, 9. Mai 2021: Isabelle Czok-Alm von der Partei DIE LINKE <\/div> <\/div> <\/div> <!-- close group --> <\/div> <!-- close row --> <div class=\"gallery-row\" style=\"width: 800px; height: 401px;\" data-original-width=\"800\" data-original-height=\"401\" > <div class=\"gallery-group images-2\" style=\"width: 266px; height: 401px;\" data-original-width=\"266\" data-original-height=\"401\" > <div class=\"tiled-gallery-item tiled-gallery-item-large\" itemprop=\"associatedMedia\" itemscope itemtype=\"http:\/\/schema.org\/ImageObject\"> <a href=\"https:\/\/www.freidenker.org\/?attachment_id=10277\" border=\"0\" itemprop=\"url\"> <meta itemprop=\"width\" content=\"262\"> <meta itemprop=\"height\" content=\"197\"> <img decoding=\"async\" class=\"\" data-attachment-id=\"10277\" data-orig-file=\"https:\/\/www.freidenker.org\/fw17\/wp-content\/uploads\/2021\/05\/Tag-des-Sieges-2021-Seelower-Hoehen-06.jpg\" data-orig-size=\"1008,756\" data-comments-opened=\"\" data-image-meta=\"{&quot;aperture&quot;:&quot;0&quot;,&quot;credit&quot;:&quot;&quot;,&quot;camera&quot;:&quot;&quot;,&quot;caption&quot;:&quot;&quot;,&quot;created_timestamp&quot;:&quot;0&quot;,&quot;copyright&quot;:&quot;&quot;,&quot;focal_length&quot;:&quot;0&quot;,&quot;iso&quot;:&quot;0&quot;,&quot;shutter_speed&quot;:&quot;0&quot;,&quot;title&quot;:&quot;&quot;,&quot;orientation&quot;:&quot;0&quot;}\" data-image-title=\"\" data-image-description=\"\" data-medium-file=\"https:\/\/i0.wp.com\/www.freidenker.org\/fw17\/wp-content\/uploads\/2021\/05\/Tag-des-Sieges-2021-Seelower-Hoehen-06.jpg?fit=300%2C225&#038;ssl=1\" data-large-file=\"https:\/\/i0.wp.com\/www.freidenker.org\/fw17\/wp-content\/uploads\/2021\/05\/Tag-des-Sieges-2021-Seelower-Hoehen-06.jpg?fit=800%2C600&#038;ssl=1\" src=\"https:\/\/i0.wp.com\/www.freidenker.org\/fw17\/wp-content\/uploads\/2021\/05\/Tag-des-Sieges-2021-Seelower-Hoehen-06.jpg?w=262&#038;h=197&#038;ssl=1\" srcset=\"https:\/\/i0.wp.com\/www.freidenker.org\/fw17\/wp-content\/uploads\/2021\/05\/Tag-des-Sieges-2021-Seelower-Hoehen-06.jpg?w=1008&amp;ssl=1 1008w, https:\/\/i0.wp.com\/www.freidenker.org\/fw17\/wp-content\/uploads\/2021\/05\/Tag-des-Sieges-2021-Seelower-Hoehen-06.jpg?resize=300%2C225&amp;ssl=1 300w, https:\/\/i0.wp.com\/www.freidenker.org\/fw17\/wp-content\/uploads\/2021\/05\/Tag-des-Sieges-2021-Seelower-Hoehen-06.jpg?resize=768%2C576&amp;ssl=1 768w\" width=\"262\" height=\"197\" loading=\"lazy\" data-original-width=\"262\" data-original-height=\"197\" itemprop=\"http:\/\/schema.org\/image\" title=\"\" alt=\"Gedenkst\u00e4tte Seelower H\u00f6hen, 9. Mai 2021: Niels-Olaf L\u00fcders von der Partei DIE LINKE\" style=\"width: 262px; height: 197px;\" \/> <\/a> <div class=\"tiled-gallery-caption\" itemprop=\"caption description\"> Gedenkst\u00e4tte Seelower H\u00f6hen, 9. Mai 2021: Niels-Olaf L\u00fcders von der Partei DIE LINKE <\/div> <\/div> <div class=\"tiled-gallery-item tiled-gallery-item-large\" itemprop=\"associatedMedia\" itemscope itemtype=\"http:\/\/schema.org\/ImageObject\"> <a href=\"https:\/\/www.freidenker.org\/?attachment_id=10278\" border=\"0\" itemprop=\"url\"> <meta itemprop=\"width\" content=\"262\"> <meta itemprop=\"height\" content=\"196\"> <img decoding=\"async\" class=\"\" data-attachment-id=\"10278\" data-orig-file=\"https:\/\/www.freidenker.org\/fw17\/wp-content\/uploads\/2021\/05\/Tag-des-Sieges-2021-Seelower-Hoehen-07.jpg\" data-orig-size=\"1008,756\" data-comments-opened=\"\" data-image-meta=\"{&quot;aperture&quot;:&quot;0&quot;,&quot;credit&quot;:&quot;&quot;,&quot;camera&quot;:&quot;&quot;,&quot;caption&quot;:&quot;&quot;,&quot;created_timestamp&quot;:&quot;0&quot;,&quot;copyright&quot;:&quot;&quot;,&quot;focal_length&quot;:&quot;0&quot;,&quot;iso&quot;:&quot;0&quot;,&quot;shutter_speed&quot;:&quot;0&quot;,&quot;title&quot;:&quot;&quot;,&quot;orientation&quot;:&quot;0&quot;}\" data-image-title=\"\" data-image-description=\"\" data-medium-file=\"https:\/\/i0.wp.com\/www.freidenker.org\/fw17\/wp-content\/uploads\/2021\/05\/Tag-des-Sieges-2021-Seelower-Hoehen-07.jpg?fit=300%2C225&#038;ssl=1\" data-large-file=\"https:\/\/i0.wp.com\/www.freidenker.org\/fw17\/wp-content\/uploads\/2021\/05\/Tag-des-Sieges-2021-Seelower-Hoehen-07.jpg?fit=800%2C600&#038;ssl=1\" src=\"https:\/\/i0.wp.com\/www.freidenker.org\/fw17\/wp-content\/uploads\/2021\/05\/Tag-des-Sieges-2021-Seelower-Hoehen-07.jpg?w=262&#038;h=196&#038;ssl=1\" srcset=\"https:\/\/i0.wp.com\/www.freidenker.org\/fw17\/wp-content\/uploads\/2021\/05\/Tag-des-Sieges-2021-Seelower-Hoehen-07.jpg?w=1008&amp;ssl=1 1008w, https:\/\/i0.wp.com\/www.freidenker.org\/fw17\/wp-content\/uploads\/2021\/05\/Tag-des-Sieges-2021-Seelower-Hoehen-07.jpg?resize=300%2C225&amp;ssl=1 300w, https:\/\/i0.wp.com\/www.freidenker.org\/fw17\/wp-content\/uploads\/2021\/05\/Tag-des-Sieges-2021-Seelower-Hoehen-07.jpg?resize=768%2C576&amp;ssl=1 768w\" width=\"262\" height=\"196\" loading=\"lazy\" data-original-width=\"262\" data-original-height=\"196\" itemprop=\"http:\/\/schema.org\/image\" title=\"\" alt=\"Gedenkst\u00e4tte Seelower H\u00f6hen, 9. Mai 2021\" style=\"width: 262px; height: 196px;\" \/> <\/a> <div class=\"tiled-gallery-caption\" itemprop=\"caption description\"> Gedenkst\u00e4tte Seelower H\u00f6hen, 9. Mai 2021 <\/div> <\/div> <\/div> <!-- close group --> <div class=\"gallery-group images-1\" style=\"width: 534px; height: 401px;\" data-original-width=\"534\" data-original-height=\"401\" > <div class=\"tiled-gallery-item tiled-gallery-item-large\" itemprop=\"associatedMedia\" itemscope itemtype=\"http:\/\/schema.org\/ImageObject\"> <a href=\"https:\/\/www.freidenker.org\/?attachment_id=10279\" border=\"0\" itemprop=\"url\"> <meta itemprop=\"width\" content=\"530\"> <meta itemprop=\"height\" content=\"397\"> <img decoding=\"async\" class=\"\" data-attachment-id=\"10279\" data-orig-file=\"https:\/\/www.freidenker.org\/fw17\/wp-content\/uploads\/2021\/05\/Tag-des-Sieges-2021-Seelower-Hoehen-08.jpg\" data-orig-size=\"1008,756\" data-comments-opened=\"\" data-image-meta=\"{&quot;aperture&quot;:&quot;0&quot;,&quot;credit&quot;:&quot;&quot;,&quot;camera&quot;:&quot;&quot;,&quot;caption&quot;:&quot;&quot;,&quot;created_timestamp&quot;:&quot;0&quot;,&quot;copyright&quot;:&quot;&quot;,&quot;focal_length&quot;:&quot;0&quot;,&quot;iso&quot;:&quot;0&quot;,&quot;shutter_speed&quot;:&quot;0&quot;,&quot;title&quot;:&quot;&quot;,&quot;orientation&quot;:&quot;0&quot;}\" data-image-title=\"\" data-image-description=\"\" data-medium-file=\"https:\/\/i0.wp.com\/www.freidenker.org\/fw17\/wp-content\/uploads\/2021\/05\/Tag-des-Sieges-2021-Seelower-Hoehen-08.jpg?fit=300%2C225&#038;ssl=1\" data-large-file=\"https:\/\/i0.wp.com\/www.freidenker.org\/fw17\/wp-content\/uploads\/2021\/05\/Tag-des-Sieges-2021-Seelower-Hoehen-08.jpg?fit=800%2C600&#038;ssl=1\" src=\"https:\/\/i0.wp.com\/www.freidenker.org\/fw17\/wp-content\/uploads\/2021\/05\/Tag-des-Sieges-2021-Seelower-Hoehen-08.jpg?w=530&#038;h=397&#038;ssl=1\" srcset=\"https:\/\/i0.wp.com\/www.freidenker.org\/fw17\/wp-content\/uploads\/2021\/05\/Tag-des-Sieges-2021-Seelower-Hoehen-08.jpg?w=1008&amp;ssl=1 1008w, https:\/\/i0.wp.com\/www.freidenker.org\/fw17\/wp-content\/uploads\/2021\/05\/Tag-des-Sieges-2021-Seelower-Hoehen-08.jpg?resize=300%2C225&amp;ssl=1 300w, https:\/\/i0.wp.com\/www.freidenker.org\/fw17\/wp-content\/uploads\/2021\/05\/Tag-des-Sieges-2021-Seelower-Hoehen-08.jpg?resize=768%2C576&amp;ssl=1 768w\" width=\"530\" height=\"397\" loading=\"lazy\" data-original-width=\"530\" data-original-height=\"397\" itemprop=\"http:\/\/schema.org\/image\" title=\"\" alt=\"Gedenkst\u00e4tte Seelower H\u00f6hen, 9. Mai 2021\" style=\"width: 530px; height: 397px;\" \/> <\/a> <div class=\"tiled-gallery-caption\" itemprop=\"caption description\"> Gedenkst\u00e4tte Seelower H\u00f6hen, 9. Mai 2021 <\/div> <\/div> <\/div> <!-- close group --> <\/div> <!-- close row --> <div class=\"gallery-row\" style=\"width: 800px; height: 227px;\" data-original-width=\"800\" data-original-height=\"227\" > <div class=\"gallery-group images-1\" style=\"width: 400px; height: 227px;\" data-original-width=\"400\" data-original-height=\"227\" > <div class=\"tiled-gallery-item tiled-gallery-item-large\" itemprop=\"associatedMedia\" itemscope itemtype=\"http:\/\/schema.org\/ImageObject\"> <a href=\"https:\/\/www.freidenker.org\/?attachment_id=10300\" border=\"0\" itemprop=\"url\"> <meta itemprop=\"width\" content=\"396\"> <meta itemprop=\"height\" content=\"223\"> <img decoding=\"async\" class=\"\" data-attachment-id=\"10300\" data-orig-file=\"https:\/\/www.freidenker.org\/fw17\/wp-content\/uploads\/2021\/05\/Seelow_Hans_Bauer_2b.jpg\" data-orig-size=\"960,540\" data-comments-opened=\"\" data-image-meta=\"{&quot;aperture&quot;:&quot;0&quot;,&quot;credit&quot;:&quot;&quot;,&quot;camera&quot;:&quot;&quot;,&quot;caption&quot;:&quot;&quot;,&quot;created_timestamp&quot;:&quot;0&quot;,&quot;copyright&quot;:&quot;&quot;,&quot;focal_length&quot;:&quot;0&quot;,&quot;iso&quot;:&quot;0&quot;,&quot;shutter_speed&quot;:&quot;0&quot;,&quot;title&quot;:&quot;&quot;,&quot;orientation&quot;:&quot;1&quot;}\" data-image-title=\"\" data-image-description=\"\" data-medium-file=\"https:\/\/i0.wp.com\/www.freidenker.org\/fw17\/wp-content\/uploads\/2021\/05\/Seelow_Hans_Bauer_2b.jpg?fit=300%2C169&#038;ssl=1\" data-large-file=\"https:\/\/i0.wp.com\/www.freidenker.org\/fw17\/wp-content\/uploads\/2021\/05\/Seelow_Hans_Bauer_2b.jpg?fit=800%2C450&#038;ssl=1\" src=\"https:\/\/i0.wp.com\/www.freidenker.org\/fw17\/wp-content\/uploads\/2021\/05\/Seelow_Hans_Bauer_2b.jpg?w=396&#038;h=223&#038;ssl=1\" srcset=\"https:\/\/i0.wp.com\/www.freidenker.org\/fw17\/wp-content\/uploads\/2021\/05\/Seelow_Hans_Bauer_2b.jpg?w=960&amp;ssl=1 960w, https:\/\/i0.wp.com\/www.freidenker.org\/fw17\/wp-content\/uploads\/2021\/05\/Seelow_Hans_Bauer_2b.jpg?resize=300%2C169&amp;ssl=1 300w, https:\/\/i0.wp.com\/www.freidenker.org\/fw17\/wp-content\/uploads\/2021\/05\/Seelow_Hans_Bauer_2b.jpg?resize=768%2C432&amp;ssl=1 768w\" width=\"396\" height=\"223\" loading=\"lazy\" data-original-width=\"396\" data-original-height=\"223\" itemprop=\"http:\/\/schema.org\/image\" title=\"\" alt=\"Gedenkst\u00e4tte Seelower H\u00f6hen, 9. Mai 2021: Freidenker-Beiratsmitglied Hans Bauer bei seiner Rede (Screenshot aus dem Video)\" style=\"width: 396px; height: 223px;\" \/> <\/a> <div class=\"tiled-gallery-caption\" itemprop=\"caption description\"> Gedenkst\u00e4tte Seelower H\u00f6hen, 9. Mai 2021: Freidenker-Beiratsmitglied Hans Bauer bei seiner Rede (Screenshot aus dem Video) <\/div> <\/div> <\/div> <!-- close group --> <div class=\"gallery-group images-1\" style=\"width: 400px; height: 227px;\" data-original-width=\"400\" data-original-height=\"227\" > <div class=\"tiled-gallery-item tiled-gallery-item-large\" itemprop=\"associatedMedia\" itemscope itemtype=\"http:\/\/schema.org\/ImageObject\"> <a href=\"https:\/\/www.freidenker.org\/?attachment_id=10301\" border=\"0\" itemprop=\"url\"> <meta itemprop=\"width\" content=\"396\"> <meta itemprop=\"height\" content=\"223\"> <img decoding=\"async\" class=\"\" data-attachment-id=\"10301\" data-orig-file=\"https:\/\/www.freidenker.org\/fw17\/wp-content\/uploads\/2021\/05\/Seelow_Maenne_Gruess_4b.jpg\" data-orig-size=\"960,540\" data-comments-opened=\"\" data-image-meta=\"{&quot;aperture&quot;:&quot;0&quot;,&quot;credit&quot;:&quot;&quot;,&quot;camera&quot;:&quot;&quot;,&quot;caption&quot;:&quot;&quot;,&quot;created_timestamp&quot;:&quot;0&quot;,&quot;copyright&quot;:&quot;&quot;,&quot;focal_length&quot;:&quot;0&quot;,&quot;iso&quot;:&quot;0&quot;,&quot;shutter_speed&quot;:&quot;0&quot;,&quot;title&quot;:&quot;&quot;,&quot;orientation&quot;:&quot;1&quot;}\" data-image-title=\"\" data-image-description=\"\" data-medium-file=\"https:\/\/i0.wp.com\/www.freidenker.org\/fw17\/wp-content\/uploads\/2021\/05\/Seelow_Maenne_Gruess_4b.jpg?fit=300%2C169&#038;ssl=1\" data-large-file=\"https:\/\/i0.wp.com\/www.freidenker.org\/fw17\/wp-content\/uploads\/2021\/05\/Seelow_Maenne_Gruess_4b.jpg?fit=800%2C450&#038;ssl=1\" src=\"https:\/\/i0.wp.com\/www.freidenker.org\/fw17\/wp-content\/uploads\/2021\/05\/Seelow_Maenne_Gruess_4b.jpg?w=396&#038;h=223&#038;ssl=1\" srcset=\"https:\/\/i0.wp.com\/www.freidenker.org\/fw17\/wp-content\/uploads\/2021\/05\/Seelow_Maenne_Gruess_4b.jpg?w=960&amp;ssl=1 960w, https:\/\/i0.wp.com\/www.freidenker.org\/fw17\/wp-content\/uploads\/2021\/05\/Seelow_Maenne_Gruess_4b.jpg?resize=300%2C169&amp;ssl=1 300w, https:\/\/i0.wp.com\/www.freidenker.org\/fw17\/wp-content\/uploads\/2021\/05\/Seelow_Maenne_Gruess_4b.jpg?resize=768%2C432&amp;ssl=1 768w\" width=\"396\" height=\"223\" loading=\"lazy\" data-original-width=\"396\" data-original-height=\"223\" itemprop=\"http:\/\/schema.org\/image\" title=\"\" alt=\"Gedenkst\u00e4tte Seelower H\u00f6hen, 9. Mai 2021: M\u00e4nne Gr\u00fc\u00df bei seiner Rede (Screenshot aus dem Video)\" style=\"width: 396px; height: 223px;\" \/> <\/a> <div class=\"tiled-gallery-caption\" itemprop=\"caption description\"> Gedenkst\u00e4tte Seelower H\u00f6hen, 9. Mai 2021: M\u00e4nne Gr\u00fc\u00df bei seiner Rede (Screenshot aus dem Video) <\/div> <\/div> <\/div> <!-- close group --> <\/div> <!-- close row --> <div class=\"gallery-row\" style=\"width: 800px; height: 601px;\" data-original-width=\"800\" data-original-height=\"601\" > <div class=\"gallery-group images-1\" style=\"width: 800px; height: 601px;\" data-original-width=\"800\" data-original-height=\"601\" > <div class=\"tiled-gallery-item tiled-gallery-item-large\" itemprop=\"associatedMedia\" itemscope itemtype=\"http:\/\/schema.org\/ImageObject\"> <a href=\"https:\/\/www.freidenker.org\/?attachment_id=10280\" border=\"0\" itemprop=\"url\"> <meta itemprop=\"width\" content=\"796\"> <meta itemprop=\"height\" content=\"597\"> <img decoding=\"async\" class=\"\" data-attachment-id=\"10280\" data-orig-file=\"https:\/\/www.freidenker.org\/fw17\/wp-content\/uploads\/2021\/05\/Tag-des-Sieges-2021-Seelower-Hoehen-10.jpg\" data-orig-size=\"1008,756\" data-comments-opened=\"\" data-image-meta=\"{&quot;aperture&quot;:&quot;0&quot;,&quot;credit&quot;:&quot;&quot;,&quot;camera&quot;:&quot;&quot;,&quot;caption&quot;:&quot;&quot;,&quot;created_timestamp&quot;:&quot;0&quot;,&quot;copyright&quot;:&quot;&quot;,&quot;focal_length&quot;:&quot;0&quot;,&quot;iso&quot;:&quot;0&quot;,&quot;shutter_speed&quot;:&quot;0&quot;,&quot;title&quot;:&quot;&quot;,&quot;orientation&quot;:&quot;0&quot;}\" data-image-title=\"\" data-image-description=\"\" data-medium-file=\"https:\/\/i0.wp.com\/www.freidenker.org\/fw17\/wp-content\/uploads\/2021\/05\/Tag-des-Sieges-2021-Seelower-Hoehen-10.jpg?fit=300%2C225&#038;ssl=1\" data-large-file=\"https:\/\/i0.wp.com\/www.freidenker.org\/fw17\/wp-content\/uploads\/2021\/05\/Tag-des-Sieges-2021-Seelower-Hoehen-10.jpg?fit=800%2C600&#038;ssl=1\" src=\"https:\/\/i0.wp.com\/www.freidenker.org\/fw17\/wp-content\/uploads\/2021\/05\/Tag-des-Sieges-2021-Seelower-Hoehen-10.jpg?w=796&#038;h=597&#038;ssl=1\" srcset=\"https:\/\/i0.wp.com\/www.freidenker.org\/fw17\/wp-content\/uploads\/2021\/05\/Tag-des-Sieges-2021-Seelower-Hoehen-10.jpg?w=1008&amp;ssl=1 1008w, https:\/\/i0.wp.com\/www.freidenker.org\/fw17\/wp-content\/uploads\/2021\/05\/Tag-des-Sieges-2021-Seelower-Hoehen-10.jpg?resize=300%2C225&amp;ssl=1 300w, https:\/\/i0.wp.com\/www.freidenker.org\/fw17\/wp-content\/uploads\/2021\/05\/Tag-des-Sieges-2021-Seelower-Hoehen-10.jpg?resize=768%2C576&amp;ssl=1 768w\" width=\"796\" height=\"597\" loading=\"lazy\" data-original-width=\"796\" data-original-height=\"597\" itemprop=\"http:\/\/schema.org\/image\" title=\"\" alt=\"Gedenkst\u00e4tte Seelower H\u00f6hen, 9. Mai 2021\" style=\"width: 796px; height: 597px;\" \/> <\/a> <div class=\"tiled-gallery-caption\" itemprop=\"caption description\"> Gedenkst\u00e4tte Seelower H\u00f6hen, 9. Mai 2021 <\/div> <\/div> <\/div> <!-- close group --> <\/div> <!-- close row --> <\/div>\n<p><span style=\"font-size: 10pt;\">Fotos: M\u00e4nne Gr\u00fc\u00df (7), Screenshots aus dem Video von DKP Brandenburg (2)<\/span><\/p>\n<p><a href=\"#uebersicht\"><span style=\"font-size: 10pt;\">\u2191 \u00dcbersicht<\/span><\/a><\/p>\n<h5><a id=\"video_seelow\"><\/a>Video der Kundgebung auf den Seelower H\u00f6hen<\/h5>\n<div class=\"jetpack-video-wrapper\"><span class=\"embed-youtube\" style=\"text-align:center; display: block;\"><iframe loading=\"lazy\" class=\"youtube-player\" width=\"800\" height=\"450\" src=\"https:\/\/www.youtube.com\/embed\/XEMK88fho6U?version=3&#038;rel=1&#038;showsearch=0&#038;showinfo=1&#038;iv_load_policy=1&#038;fs=1&#038;hl=de-DE&#038;autohide=2&#038;wmode=transparent\" allowfullscreen=\"true\" style=\"border:0;\" sandbox=\"allow-scripts allow-same-origin allow-popups allow-presentation allow-popups-to-escape-sandbox\"><\/iframe><\/span><\/div>\n<p><span style=\"font-size: 10pt;\">Video: DKP Brandenburg<\/span><\/p>\n<p><a href=\"#uebersicht\"><span style=\"font-size: 10pt;\">\u2191 \u00dcbersicht<\/span><\/a><\/p>\n<h5 dir=\"auto\"><a id=\"rede_gruess\"><\/a>Wir leben in einer Zeit der Kriegsmobilisierung<\/h5>\n<p><em>Rede von <strong>M\u00e4nne Gr\u00fc\u00df<\/strong> auf der Kundgebung auf den Seelower H\u00f6hen am 9. Mai 2021<\/em><\/p>\n<p style=\"padding-left: 40px;\"><em>\u201e[Um] Uns ein Leben aufzubauen haben wir die Herrn vertrieben<\/em><br \/>\n<em>und auf unsre roten Fahnen Hammer und Sichel stolz geschrieben.<\/em><br \/>\n<em>Hammer und Sichel sind unser Werkzeug<\/em><br \/>\n<em>USSR was wir baun, das h\u00e4lt. (&#8230;)<\/em><br \/>\n<em>[Aber] Hammer und Sichel sind nicht nur [ein] Werkzeug.<\/em><br \/>\n<em>Wenn sie die Gewehre gegen Osten dreh\u2019n,<\/em><br \/>\n<em>wird der Hammer auf sie niedersausen, sie die Sichel niederm\u00e4h\u2019n!\u201c<\/em><\/p>\n<p>Liebe Friedensfreunde, liebe Genossinnen und Genossen,<\/p>\n<p>diese Zeilen schrieb Bertolt Brecht 1935 \u2013 also 6 Jahre vor dem \u00dcberfall des deutschen Faschismus auf die Sowjetunion, der sich dieses Jahr zum 80. Mal j\u00e4hrt.<br \/>\nHeute wissen wir: Brecht hatte Recht mit seiner Mahnung, was passieren w\u00fcrde, wenn die Gewehre gen Osten gedreht werden.<\/p>\n<p>Wenn ich heute am Tag des Sieges vor Euch spreche, dann sind da verschiedene Gef\u00fchle in meinem Herzen.<\/p>\n<p>Da ist meine Freude \u00fcber einen Tag, der die Befreiung Deutschlands von der faschistischen Barbarei markiert durch den Sieg der Roten Armee \u2013 und damit die Grundlage f\u00fcr ein Deutschland, vor dem die V\u00f6lker nicht mehr erbleichen mussten wie vor einer R\u00e4uberin.<\/p>\n<p>Aber es gilt heute auch zu gedenken. Es gilt den \u00fcber 27 Millionen sowjetischen B\u00fcrgern zu gedenken, die bei der Befreiung vom Faschismus ihr Leben lie\u00dfen. Es gilt den K\u00e4mpfern in der Illegalit\u00e4t zu gedenken, in den Konzentrationslagern und in den Partisanenverb\u00e4nden. Es gilt den deutschen Soldaten zu gedenken, die im Nationalkomitee Freies Deutschland ihren wertvollen Beitrag im antifaschistischen Kampf leisteten.<\/p>\n<p>Ja, ich gedenke auch den deutschen Soldaten, die in einen Vernichtungskrieg f\u00fcr ein Regime zogen, das ihnen \u201eLebensraum im Osten\u201c versprach, die aber nur ein Raum im Osten erwartete: zwei Meter lang, sechzig Zentimeter breit und einen Meter tief.<\/p>\n<p>Ihnen zu gedenken, hei\u00dft dann aber auch, eine historische Verantwortung zu \u00fcbernehmen. Und diese Verantwortung lautet: Nie wieder. Nie wieder soll ein deutscher Soldat sein Gewehr gen Osten dreh\u2019n.<\/p>\n<p>Liebe Friedensfreunde, liebe Genossen,<\/p>\n<p>in der Schule \u2013 Ende der 90er Jahre \u2013 habe ich im Geschichtsunterricht gelernt: Wir bef\u00e4nden uns in einer Nachkriegszeit.<\/p>\n<ul>\n<li>\u00a0Nun erlebten wir diese Woche ein Treffen der EU-Verteidigungsminister, bei dem sie berieten, wie man zusammen mit den USA das europ\u00e4ische Verkehrsnetz \u201ekriegstauglich\u201c macht \u2013 damit also Panzer und Soldaten schneller an die russische Grenze kommen.<\/li>\n<li>Wir erleben mit Defender 2021 jetzt gerade das gr\u00f6\u00dfte NATO-Kriegsman\u00f6ver gegen Russland seit der Zerschlagung des Sozialismus in Osteuropa \u2013 mit Deutschland als logistische Drehscheibe.<\/li>\n<li>Und wir haben erst letzte Woche erleben m\u00fcssen, wie ein Kommentator kaltschn\u00e4uzig schreibt: Man m\u00fcsse sich von der Vorstellung l\u00f6sen, (Zitat) \u201eder Frieden mit Russland (\u2026) sei wegen des deutschen \u00dcberfalls auf die Sowjetunion 1941 eine moralische Pflicht.\u201c \u2013 ein Kommentar, der nicht aus einem Landserheft stammt, sondern aus der renommierten Wochenzeitung \u201eDIE ZEIT\u201c \u2013 der gr\u00f6\u00dften Wochenzeitung in Deutschland.<\/li>\n<\/ul>\n<p>Diese Beispiele zeigen: Mein Schulwissen stimmt nicht mehr. Wir befinden uns nicht mehr in einer Nachkriegszeit. Jede politische Analyse, die sich nicht vor der Geschichte blamieren will, jeder antifaschistischer Schwur, der auch nur einen Funken Wahrhaftigkeit in sich tragen soll, muss heute von folgendem ausgehen: Wir leben in einer VORkriegszeit \u2013 wir leben in einer Zeit der Kriegsmobilisierung.<\/p>\n<p>Freunde, Genossen: Sich dieser NATO-Kriegsmobilisierung gegen Russland und China mit aller Kraft zu widersetzen \u2013 DAS muss die zentrale Konsequenz unseres Gedenkens heute sein \u2013 und das muss im Mittelpunkt unseres antifaschistischen Kampfes morgen und \u00fcbermorgen stehen. Jeden zu stoppen, der unseren S\u00f6hnen, unseren T\u00f6chtern und Enkeln befiehlt, gen Osten zu marschieren \u2013 DAS ist unsere historische Verantwortung.<\/p>\n<p>Druschba.<\/p>\n<p style=\"text-align: right;\"><em>M\u00e4nne Gr\u00fc\u00df ist Vorsitzender der DKP Landesorganisation Brandenburg<br \/>\nund Mitglied des Brandenburgischen Freidenker-Verbandes<\/em><\/p>\n<p><a href=\"#uebersicht\"><span style=\"font-size: 10pt;\">\u2191 \u00dcbersicht<\/span><\/a><\/p>\n<hr \/>\n<h5><a id=\"frankfurt\"><\/a>Frankfurt am Main, 9. Mai 2021<\/h5>\n<p>Die hessischen Freidenker nahmen traditionell an der Gedenkkundgebung am Denkmal f\u00fcr sowjetische Kriegsopfer auf dem Frankfurter Hauptfriedhof teil. Es sprachen der Generalkonsul der Russischen F\u00f6deration, Ivan Khotulev, sowie Klaus Hartmann, Vorsitzender des Deutschen Freidenker-Verbandes.<\/p>\n<div class=\"tiled-gallery type-rectangular tiled-gallery-unresized\" data-original-width=\"800\" data-carousel-extra='{&quot;blog_id&quot;:1,&quot;permalink&quot;:&quot;https:\\\/\\\/www.freidenker.org\\\/?p=10244&quot;,&quot;likes_blog_id&quot;:139773280}' itemscope itemtype=\"http:\/\/schema.org\/ImageGallery\" > <div class=\"gallery-row\" style=\"width: 800px; height: 552px;\" data-original-width=\"800\" data-original-height=\"552\" > <div class=\"gallery-group images-2\" style=\"width: 488px; height: 552px;\" data-original-width=\"488\" data-original-height=\"552\" > <div class=\"tiled-gallery-item tiled-gallery-item-large\" itemprop=\"associatedMedia\" itemscope itemtype=\"http:\/\/schema.org\/ImageObject\"> <a href=\"https:\/\/www.freidenker.org\/?attachment_id=10295\" border=\"0\" itemprop=\"url\"> <meta itemprop=\"width\" content=\"484\"> <meta itemprop=\"height\" content=\"272\"> <img decoding=\"async\" class=\"\" data-attachment-id=\"10295\" data-orig-file=\"https:\/\/www.freidenker.org\/fw17\/wp-content\/uploads\/2021\/05\/IMGA0008.jpg\" data-orig-size=\"1920,1080\" data-comments-opened=\"\" data-image-meta=\"{&quot;aperture&quot;:&quot;4&quot;,&quot;credit&quot;:&quot;&quot;,&quot;camera&quot;:&quot;HDC-SD100&quot;,&quot;caption&quot;:&quot;&quot;,&quot;created_timestamp&quot;:&quot;1620542936&quot;,&quot;copyright&quot;:&quot;&quot;,&quot;focal_length&quot;:&quot;0&quot;,&quot;iso&quot;:&quot;0&quot;,&quot;shutter_speed&quot;:&quot;0.02&quot;,&quot;title&quot;:&quot;&quot;,&quot;orientation&quot;:&quot;1&quot;}\" data-image-title=\"\" data-image-description=\"\" data-medium-file=\"https:\/\/i0.wp.com\/www.freidenker.org\/fw17\/wp-content\/uploads\/2021\/05\/IMGA0008.jpg?fit=300%2C169&#038;ssl=1\" data-large-file=\"https:\/\/i0.wp.com\/www.freidenker.org\/fw17\/wp-content\/uploads\/2021\/05\/IMGA0008.jpg?fit=800%2C450&#038;ssl=1\" src=\"https:\/\/i0.wp.com\/www.freidenker.org\/fw17\/wp-content\/uploads\/2021\/05\/IMGA0008.jpg?w=484&#038;h=272&#038;ssl=1\" srcset=\"https:\/\/i0.wp.com\/www.freidenker.org\/fw17\/wp-content\/uploads\/2021\/05\/IMGA0008.jpg?w=1920&amp;ssl=1 1920w, https:\/\/i0.wp.com\/www.freidenker.org\/fw17\/wp-content\/uploads\/2021\/05\/IMGA0008.jpg?resize=300%2C169&amp;ssl=1 300w, https:\/\/i0.wp.com\/www.freidenker.org\/fw17\/wp-content\/uploads\/2021\/05\/IMGA0008.jpg?resize=1024%2C576&amp;ssl=1 1024w, https:\/\/i0.wp.com\/www.freidenker.org\/fw17\/wp-content\/uploads\/2021\/05\/IMGA0008.jpg?resize=768%2C432&amp;ssl=1 768w, https:\/\/i0.wp.com\/www.freidenker.org\/fw17\/wp-content\/uploads\/2021\/05\/IMGA0008.jpg?resize=1536%2C864&amp;ssl=1 1536w, https:\/\/i0.wp.com\/www.freidenker.org\/fw17\/wp-content\/uploads\/2021\/05\/IMGA0008.jpg?w=1600&amp;ssl=1 1600w\" width=\"484\" height=\"272\" loading=\"lazy\" data-original-width=\"484\" data-original-height=\"272\" itemprop=\"http:\/\/schema.org\/image\" title=\"\" alt=\"Frankfurt a.M., 9. Mai 2021: Inschrift am Denkmal auf dem Frankfurter Hauptfriedhof am Denkmal f\u00fcr sowjetische Kriegsopfer\" style=\"width: 484px; height: 272px;\" \/> <\/a> <div class=\"tiled-gallery-caption\" itemprop=\"caption description\"> Frankfurt a.M., 9. Mai 2021: Inschrift am Denkmal auf dem Frankfurter Hauptfriedhof am Denkmal f\u00fcr sowjetische Kriegsopfer <\/div> <\/div> <div class=\"tiled-gallery-item tiled-gallery-item-large\" itemprop=\"associatedMedia\" itemscope itemtype=\"http:\/\/schema.org\/ImageObject\"> <a href=\"https:\/\/www.freidenker.org\/?attachment_id=10294\" border=\"0\" itemprop=\"url\"> <meta itemprop=\"width\" content=\"484\"> <meta itemprop=\"height\" content=\"272\"> <img decoding=\"async\" class=\"\" data-attachment-id=\"10294\" data-orig-file=\"https:\/\/www.freidenker.org\/fw17\/wp-content\/uploads\/2021\/05\/IMGA0006.jpg\" data-orig-size=\"1920,1080\" data-comments-opened=\"\" data-image-meta=\"{&quot;aperture&quot;:&quot;4&quot;,&quot;credit&quot;:&quot;&quot;,&quot;camera&quot;:&quot;HDC-SD100&quot;,&quot;caption&quot;:&quot;&quot;,&quot;created_timestamp&quot;:&quot;1620542900&quot;,&quot;copyright&quot;:&quot;&quot;,&quot;focal_length&quot;:&quot;0&quot;,&quot;iso&quot;:&quot;0&quot;,&quot;shutter_speed&quot;:&quot;0.01&quot;,&quot;title&quot;:&quot;&quot;,&quot;orientation&quot;:&quot;1&quot;}\" data-image-title=\"\" data-image-description=\"\" data-medium-file=\"https:\/\/i0.wp.com\/www.freidenker.org\/fw17\/wp-content\/uploads\/2021\/05\/IMGA0006.jpg?fit=300%2C169&#038;ssl=1\" data-large-file=\"https:\/\/i0.wp.com\/www.freidenker.org\/fw17\/wp-content\/uploads\/2021\/05\/IMGA0006.jpg?fit=800%2C450&#038;ssl=1\" src=\"https:\/\/i0.wp.com\/www.freidenker.org\/fw17\/wp-content\/uploads\/2021\/05\/IMGA0006.jpg?w=484&#038;h=272&#038;ssl=1\" srcset=\"https:\/\/i0.wp.com\/www.freidenker.org\/fw17\/wp-content\/uploads\/2021\/05\/IMGA0006.jpg?w=1920&amp;ssl=1 1920w, https:\/\/i0.wp.com\/www.freidenker.org\/fw17\/wp-content\/uploads\/2021\/05\/IMGA0006.jpg?resize=300%2C169&amp;ssl=1 300w, https:\/\/i0.wp.com\/www.freidenker.org\/fw17\/wp-content\/uploads\/2021\/05\/IMGA0006.jpg?resize=1024%2C576&amp;ssl=1 1024w, https:\/\/i0.wp.com\/www.freidenker.org\/fw17\/wp-content\/uploads\/2021\/05\/IMGA0006.jpg?resize=768%2C432&amp;ssl=1 768w, https:\/\/i0.wp.com\/www.freidenker.org\/fw17\/wp-content\/uploads\/2021\/05\/IMGA0006.jpg?resize=1536%2C864&amp;ssl=1 1536w, https:\/\/i0.wp.com\/www.freidenker.org\/fw17\/wp-content\/uploads\/2021\/05\/IMGA0006.jpg?w=1600&amp;ssl=1 1600w\" width=\"484\" height=\"272\" loading=\"lazy\" data-original-width=\"484\" data-original-height=\"272\" itemprop=\"http:\/\/schema.org\/image\" title=\"\" alt=\"Frankfurt a.M., 9. Mai 2021: Blumen f\u00fcr die sowjetischen Opfer\" style=\"width: 484px; height: 272px;\" \/> <\/a> <div class=\"tiled-gallery-caption\" itemprop=\"caption description\"> Frankfurt a.M., 9. Mai 2021: Blumen f\u00fcr die sowjetischen Opfer <\/div> <\/div> <\/div> <!-- close group --> <div class=\"gallery-group images-1\" style=\"width: 312px; height: 552px;\" data-original-width=\"312\" data-original-height=\"552\" > <div class=\"tiled-gallery-item tiled-gallery-item-large\" itemprop=\"associatedMedia\" itemscope itemtype=\"http:\/\/schema.org\/ImageObject\"> <a href=\"https:\/\/www.freidenker.org\/?attachment_id=10293\" border=\"0\" itemprop=\"url\"> <meta itemprop=\"width\" content=\"308\"> <meta itemprop=\"height\" content=\"548\"> <img decoding=\"async\" class=\"\" data-attachment-id=\"10293\" data-orig-file=\"https:\/\/www.freidenker.org\/fw17\/wp-content\/uploads\/2021\/05\/IMGA0003.jpg\" data-orig-size=\"1080,1920\" data-comments-opened=\"\" data-image-meta=\"{&quot;aperture&quot;:&quot;4&quot;,&quot;credit&quot;:&quot;&quot;,&quot;camera&quot;:&quot;HDC-SD100&quot;,&quot;caption&quot;:&quot;&quot;,&quot;created_timestamp&quot;:&quot;1620542851&quot;,&quot;copyright&quot;:&quot;&quot;,&quot;focal_length&quot;:&quot;0&quot;,&quot;iso&quot;:&quot;0&quot;,&quot;shutter_speed&quot;:&quot;0.01&quot;,&quot;title&quot;:&quot;&quot;,&quot;orientation&quot;:&quot;1&quot;}\" data-image-title=\"\" data-image-description=\"\" data-medium-file=\"https:\/\/i0.wp.com\/www.freidenker.org\/fw17\/wp-content\/uploads\/2021\/05\/IMGA0003.jpg?fit=169%2C300&#038;ssl=1\" data-large-file=\"https:\/\/i0.wp.com\/www.freidenker.org\/fw17\/wp-content\/uploads\/2021\/05\/IMGA0003.jpg?fit=576%2C1024&#038;ssl=1\" src=\"https:\/\/i0.wp.com\/www.freidenker.org\/fw17\/wp-content\/uploads\/2021\/05\/IMGA0003.jpg?w=308&#038;h=548&#038;ssl=1\" srcset=\"https:\/\/i0.wp.com\/www.freidenker.org\/fw17\/wp-content\/uploads\/2021\/05\/IMGA0003.jpg?w=1080&amp;ssl=1 1080w, https:\/\/i0.wp.com\/www.freidenker.org\/fw17\/wp-content\/uploads\/2021\/05\/IMGA0003.jpg?resize=169%2C300&amp;ssl=1 169w, https:\/\/i0.wp.com\/www.freidenker.org\/fw17\/wp-content\/uploads\/2021\/05\/IMGA0003.jpg?resize=576%2C1024&amp;ssl=1 576w, https:\/\/i0.wp.com\/www.freidenker.org\/fw17\/wp-content\/uploads\/2021\/05\/IMGA0003.jpg?resize=768%2C1365&amp;ssl=1 768w, https:\/\/i0.wp.com\/www.freidenker.org\/fw17\/wp-content\/uploads\/2021\/05\/IMGA0003.jpg?resize=864%2C1536&amp;ssl=1 864w\" width=\"308\" height=\"548\" loading=\"lazy\" data-original-width=\"308\" data-original-height=\"548\" itemprop=\"http:\/\/schema.org\/image\" title=\"\" alt=\"Frankfurt a.M., 9. Mai 2021: Kranz des Serbischen Generalkonsulats\" style=\"width: 308px; height: 548px;\" \/> <\/a> <div class=\"tiled-gallery-caption\" itemprop=\"caption description\"> Frankfurt a.M., 9. Mai 2021: Kranz des Serbischen Generalkonsulats <\/div> <\/div> <\/div> <!-- close group --> <\/div> <!-- close row --> <div class=\"gallery-row\" style=\"width: 800px; height: 275px;\" data-original-width=\"800\" data-original-height=\"275\" > <div class=\"gallery-group images-1\" style=\"width: 157px; height: 275px;\" data-original-width=\"157\" data-original-height=\"275\" > <div class=\"tiled-gallery-item tiled-gallery-item-small\" itemprop=\"associatedMedia\" itemscope itemtype=\"http:\/\/schema.org\/ImageObject\"> <a href=\"https:\/\/www.freidenker.org\/?attachment_id=10296\" border=\"0\" itemprop=\"url\"> <meta itemprop=\"width\" content=\"153\"> <meta itemprop=\"height\" content=\"271\"> <img decoding=\"async\" class=\"\" data-attachment-id=\"10296\" data-orig-file=\"https:\/\/www.freidenker.org\/fw17\/wp-content\/uploads\/2021\/05\/IMGA0010.jpg\" data-orig-size=\"1080,1920\" data-comments-opened=\"\" data-image-meta=\"{&quot;aperture&quot;:&quot;3.4&quot;,&quot;credit&quot;:&quot;&quot;,&quot;camera&quot;:&quot;HDC-SD100&quot;,&quot;caption&quot;:&quot;&quot;,&quot;created_timestamp&quot;:&quot;1620542964&quot;,&quot;copyright&quot;:&quot;&quot;,&quot;focal_length&quot;:&quot;0&quot;,&quot;iso&quot;:&quot;0&quot;,&quot;shutter_speed&quot;:&quot;0.02&quot;,&quot;title&quot;:&quot;&quot;,&quot;orientation&quot;:&quot;1&quot;}\" data-image-title=\"\" data-image-description=\"\" data-medium-file=\"https:\/\/i0.wp.com\/www.freidenker.org\/fw17\/wp-content\/uploads\/2021\/05\/IMGA0010.jpg?fit=169%2C300&#038;ssl=1\" data-large-file=\"https:\/\/i0.wp.com\/www.freidenker.org\/fw17\/wp-content\/uploads\/2021\/05\/IMGA0010.jpg?fit=576%2C1024&#038;ssl=1\" src=\"https:\/\/i0.wp.com\/www.freidenker.org\/fw17\/wp-content\/uploads\/2021\/05\/IMGA0010.jpg?w=153&#038;h=271&#038;ssl=1\" srcset=\"https:\/\/i0.wp.com\/www.freidenker.org\/fw17\/wp-content\/uploads\/2021\/05\/IMGA0010.jpg?w=1080&amp;ssl=1 1080w, https:\/\/i0.wp.com\/www.freidenker.org\/fw17\/wp-content\/uploads\/2021\/05\/IMGA0010.jpg?resize=169%2C300&amp;ssl=1 169w, https:\/\/i0.wp.com\/www.freidenker.org\/fw17\/wp-content\/uploads\/2021\/05\/IMGA0010.jpg?resize=576%2C1024&amp;ssl=1 576w, https:\/\/i0.wp.com\/www.freidenker.org\/fw17\/wp-content\/uploads\/2021\/05\/IMGA0010.jpg?resize=768%2C1365&amp;ssl=1 768w, https:\/\/i0.wp.com\/www.freidenker.org\/fw17\/wp-content\/uploads\/2021\/05\/IMGA0010.jpg?resize=864%2C1536&amp;ssl=1 864w\" width=\"153\" height=\"271\" loading=\"lazy\" data-original-width=\"153\" data-original-height=\"271\" itemprop=\"http:\/\/schema.org\/image\" title=\"\" alt=\"Frankfurt a.M., 9. Mai 2021: Kranz des Genralkonsulats der Russischen F\u00f6deration\" style=\"width: 153px; height: 271px;\" \/> <\/a> <div class=\"tiled-gallery-caption\" itemprop=\"caption description\"> Frankfurt a.M., 9. Mai 2021: Kranz des Genralkonsulats der Russischen F\u00f6deration <\/div> <\/div> <\/div> <!-- close group --> <div class=\"gallery-group images-1\" style=\"width: 486px; height: 275px;\" data-original-width=\"486\" data-original-height=\"275\" > <div class=\"tiled-gallery-item tiled-gallery-item-large\" itemprop=\"associatedMedia\" itemscope itemtype=\"http:\/\/schema.org\/ImageObject\"> <a href=\"https:\/\/www.freidenker.org\/?attachment_id=10297\" border=\"0\" itemprop=\"url\"> <meta itemprop=\"width\" content=\"482\"> <meta itemprop=\"height\" content=\"271\"> <img decoding=\"async\" class=\"\" data-attachment-id=\"10297\" data-orig-file=\"https:\/\/www.freidenker.org\/fw17\/wp-content\/uploads\/2021\/05\/IMGA0017.jpg\" data-orig-size=\"1920,1080\" data-comments-opened=\"\" data-image-meta=\"{&quot;aperture&quot;:&quot;2.8&quot;,&quot;credit&quot;:&quot;&quot;,&quot;camera&quot;:&quot;HDC-SD100&quot;,&quot;caption&quot;:&quot;&quot;,&quot;created_timestamp&quot;:&quot;1620543341&quot;,&quot;copyright&quot;:&quot;&quot;,&quot;focal_length&quot;:&quot;0&quot;,&quot;iso&quot;:&quot;0&quot;,&quot;shutter_speed&quot;:&quot;0.02&quot;,&quot;title&quot;:&quot;&quot;,&quot;orientation&quot;:&quot;1&quot;}\" data-image-title=\"\" data-image-description=\"\" data-medium-file=\"https:\/\/i0.wp.com\/www.freidenker.org\/fw17\/wp-content\/uploads\/2021\/05\/IMGA0017.jpg?fit=300%2C169&#038;ssl=1\" data-large-file=\"https:\/\/i0.wp.com\/www.freidenker.org\/fw17\/wp-content\/uploads\/2021\/05\/IMGA0017.jpg?fit=800%2C450&#038;ssl=1\" src=\"https:\/\/i0.wp.com\/www.freidenker.org\/fw17\/wp-content\/uploads\/2021\/05\/IMGA0017.jpg?w=482&#038;h=271&#038;ssl=1\" srcset=\"https:\/\/i0.wp.com\/www.freidenker.org\/fw17\/wp-content\/uploads\/2021\/05\/IMGA0017.jpg?w=1920&amp;ssl=1 1920w, https:\/\/i0.wp.com\/www.freidenker.org\/fw17\/wp-content\/uploads\/2021\/05\/IMGA0017.jpg?resize=300%2C169&amp;ssl=1 300w, https:\/\/i0.wp.com\/www.freidenker.org\/fw17\/wp-content\/uploads\/2021\/05\/IMGA0017.jpg?resize=1024%2C576&amp;ssl=1 1024w, https:\/\/i0.wp.com\/www.freidenker.org\/fw17\/wp-content\/uploads\/2021\/05\/IMGA0017.jpg?resize=768%2C432&amp;ssl=1 768w, https:\/\/i0.wp.com\/www.freidenker.org\/fw17\/wp-content\/uploads\/2021\/05\/IMGA0017.jpg?resize=1536%2C864&amp;ssl=1 1536w, https:\/\/i0.wp.com\/www.freidenker.org\/fw17\/wp-content\/uploads\/2021\/05\/IMGA0017.jpg?w=1600&amp;ssl=1 1600w\" width=\"482\" height=\"271\" loading=\"lazy\" data-original-width=\"482\" data-original-height=\"271\" itemprop=\"http:\/\/schema.org\/image\" title=\"\" alt=\"Frankfurt a.M., 9. Mai 2021: Generalkonsul der Russischen F\u00f6deration Ivan Khotulev\" style=\"width: 482px; height: 271px;\" \/> <\/a> <div class=\"tiled-gallery-caption\" itemprop=\"caption description\"> Frankfurt a.M., 9. Mai 2021: Generalkonsul der Russischen F\u00f6deration Ivan Khotulev <\/div> <\/div> <\/div> <!-- close group --> <div class=\"gallery-group images-1\" style=\"width: 157px; height: 275px;\" data-original-width=\"157\" data-original-height=\"275\" > <div class=\"tiled-gallery-item tiled-gallery-item-small\" itemprop=\"associatedMedia\" itemscope itemtype=\"http:\/\/schema.org\/ImageObject\"> <a href=\"https:\/\/www.freidenker.org\/?attachment_id=10298\" border=\"0\" itemprop=\"url\"> <meta itemprop=\"width\" content=\"153\"> <meta itemprop=\"height\" content=\"271\"> <img decoding=\"async\" class=\"\" data-attachment-id=\"10298\" data-orig-file=\"https:\/\/www.freidenker.org\/fw17\/wp-content\/uploads\/2021\/05\/IMGA0029.jpg\" data-orig-size=\"1080,1920\" data-comments-opened=\"\" data-image-meta=\"{&quot;aperture&quot;:&quot;2.4&quot;,&quot;credit&quot;:&quot;&quot;,&quot;camera&quot;:&quot;HDC-SD100&quot;,&quot;caption&quot;:&quot;&quot;,&quot;created_timestamp&quot;:&quot;1620544174&quot;,&quot;copyright&quot;:&quot;&quot;,&quot;focal_length&quot;:&quot;0&quot;,&quot;iso&quot;:&quot;0&quot;,&quot;shutter_speed&quot;:&quot;0.02&quot;,&quot;title&quot;:&quot;&quot;,&quot;orientation&quot;:&quot;1&quot;}\" data-image-title=\"\" data-image-description=\"\" data-medium-file=\"https:\/\/i0.wp.com\/www.freidenker.org\/fw17\/wp-content\/uploads\/2021\/05\/IMGA0029.jpg?fit=169%2C300&#038;ssl=1\" data-large-file=\"https:\/\/i0.wp.com\/www.freidenker.org\/fw17\/wp-content\/uploads\/2021\/05\/IMGA0029.jpg?fit=576%2C1024&#038;ssl=1\" src=\"https:\/\/i0.wp.com\/www.freidenker.org\/fw17\/wp-content\/uploads\/2021\/05\/IMGA0029.jpg?w=153&#038;h=271&#038;ssl=1\" srcset=\"https:\/\/i0.wp.com\/www.freidenker.org\/fw17\/wp-content\/uploads\/2021\/05\/IMGA0029.jpg?w=1080&amp;ssl=1 1080w, https:\/\/i0.wp.com\/www.freidenker.org\/fw17\/wp-content\/uploads\/2021\/05\/IMGA0029.jpg?resize=169%2C300&amp;ssl=1 169w, https:\/\/i0.wp.com\/www.freidenker.org\/fw17\/wp-content\/uploads\/2021\/05\/IMGA0029.jpg?resize=576%2C1024&amp;ssl=1 576w, https:\/\/i0.wp.com\/www.freidenker.org\/fw17\/wp-content\/uploads\/2021\/05\/IMGA0029.jpg?resize=768%2C1365&amp;ssl=1 768w, https:\/\/i0.wp.com\/www.freidenker.org\/fw17\/wp-content\/uploads\/2021\/05\/IMGA0029.jpg?resize=864%2C1536&amp;ssl=1 864w\" width=\"153\" height=\"271\" loading=\"lazy\" data-original-width=\"153\" data-original-height=\"271\" itemprop=\"http:\/\/schema.org\/image\" title=\"\" alt=\"Frankfurt a.M., 9. Mai 2021: Klaus Hartmann bei seiner Ansprache\" style=\"width: 153px; height: 271px;\" \/> <\/a> <div class=\"tiled-gallery-caption\" itemprop=\"caption description\"> Frankfurt a.M., 9. Mai 2021: Klaus Hartmann bei seiner Ansprache <\/div> <\/div> <\/div> <!-- close group --> <\/div> <!-- close row --> <div class=\"gallery-row\" style=\"width: 800px; height: 227px;\" data-original-width=\"800\" data-original-height=\"227\" > <div class=\"gallery-group images-1\" style=\"width: 400px; height: 227px;\" data-original-width=\"400\" data-original-height=\"227\" > <div class=\"tiled-gallery-item tiled-gallery-item-large\" itemprop=\"associatedMedia\" itemscope itemtype=\"http:\/\/schema.org\/ImageObject\"> <a href=\"https:\/\/www.freidenker.org\/?attachment_id=10308\" border=\"0\" itemprop=\"url\"> <meta itemprop=\"width\" content=\"396\"> <meta itemprop=\"height\" content=\"223\"> <img decoding=\"async\" class=\"\" data-attachment-id=\"10308\" data-orig-file=\"https:\/\/www.freidenker.org\/fw17\/wp-content\/uploads\/2021\/05\/IMGA0014.jpg\" data-orig-size=\"1920,1080\" data-comments-opened=\"\" data-image-meta=\"{&quot;aperture&quot;:&quot;4&quot;,&quot;credit&quot;:&quot;&quot;,&quot;camera&quot;:&quot;HDC-SD100&quot;,&quot;caption&quot;:&quot;&quot;,&quot;created_timestamp&quot;:&quot;1620543119&quot;,&quot;copyright&quot;:&quot;&quot;,&quot;focal_length&quot;:&quot;0&quot;,&quot;iso&quot;:&quot;0&quot;,&quot;shutter_speed&quot;:&quot;0.02&quot;,&quot;title&quot;:&quot;&quot;,&quot;orientation&quot;:&quot;1&quot;}\" data-image-title=\"IMGA0014\" data-image-description=\"\" data-medium-file=\"https:\/\/i0.wp.com\/www.freidenker.org\/fw17\/wp-content\/uploads\/2021\/05\/IMGA0014.jpg?fit=300%2C169&#038;ssl=1\" data-large-file=\"https:\/\/i0.wp.com\/www.freidenker.org\/fw17\/wp-content\/uploads\/2021\/05\/IMGA0014.jpg?fit=800%2C450&#038;ssl=1\" src=\"https:\/\/i0.wp.com\/www.freidenker.org\/fw17\/wp-content\/uploads\/2021\/05\/IMGA0014.jpg?w=396&#038;h=223&#038;ssl=1\" srcset=\"https:\/\/i0.wp.com\/www.freidenker.org\/fw17\/wp-content\/uploads\/2021\/05\/IMGA0014.jpg?w=1920&amp;ssl=1 1920w, https:\/\/i0.wp.com\/www.freidenker.org\/fw17\/wp-content\/uploads\/2021\/05\/IMGA0014.jpg?resize=300%2C169&amp;ssl=1 300w, https:\/\/i0.wp.com\/www.freidenker.org\/fw17\/wp-content\/uploads\/2021\/05\/IMGA0014.jpg?resize=1024%2C576&amp;ssl=1 1024w, https:\/\/i0.wp.com\/www.freidenker.org\/fw17\/wp-content\/uploads\/2021\/05\/IMGA0014.jpg?resize=768%2C432&amp;ssl=1 768w, https:\/\/i0.wp.com\/www.freidenker.org\/fw17\/wp-content\/uploads\/2021\/05\/IMGA0014.jpg?resize=1536%2C864&amp;ssl=1 1536w, https:\/\/i0.wp.com\/www.freidenker.org\/fw17\/wp-content\/uploads\/2021\/05\/IMGA0014.jpg?w=1600&amp;ssl=1 1600w\" width=\"396\" height=\"223\" loading=\"lazy\" data-original-width=\"396\" data-original-height=\"223\" itemprop=\"http:\/\/schema.org\/image\" title=\"IMGA0014\" alt=\"Frankfurt a.M., 9. Mai 2021: Freidenker bei der Gedenkfeier am Frankfurter Hauptfriedhof\" style=\"width: 396px; height: 223px;\" \/> <\/a> <div class=\"tiled-gallery-caption\" itemprop=\"caption description\"> Frankfurt a.M., 9. Mai 2021: Freidenker bei der Gedenkfeier am Frankfurter Hauptfriedhof <\/div> <\/div> <\/div> <!-- close group --> <div class=\"gallery-group images-1\" style=\"width: 400px; height: 227px;\" data-original-width=\"400\" data-original-height=\"227\" > <div class=\"tiled-gallery-item tiled-gallery-item-large\" itemprop=\"associatedMedia\" itemscope itemtype=\"http:\/\/schema.org\/ImageObject\"> <a href=\"https:\/\/www.freidenker.org\/?attachment_id=10309\" border=\"0\" itemprop=\"url\"> <meta itemprop=\"width\" content=\"396\"> <meta itemprop=\"height\" content=\"223\"> <img decoding=\"async\" class=\"\" data-attachment-id=\"10309\" data-orig-file=\"https:\/\/www.freidenker.org\/fw17\/wp-content\/uploads\/2021\/05\/IMGA0018.jpg\" data-orig-size=\"1920,1080\" data-comments-opened=\"\" data-image-meta=\"{&quot;aperture&quot;:&quot;4&quot;,&quot;credit&quot;:&quot;&quot;,&quot;camera&quot;:&quot;HDC-SD100&quot;,&quot;caption&quot;:&quot;&quot;,&quot;created_timestamp&quot;:&quot;1620543484&quot;,&quot;copyright&quot;:&quot;&quot;,&quot;focal_length&quot;:&quot;0&quot;,&quot;iso&quot;:&quot;0&quot;,&quot;shutter_speed&quot;:&quot;0.008&quot;,&quot;title&quot;:&quot;&quot;,&quot;orientation&quot;:&quot;1&quot;}\" data-image-title=\"IMGA0018\" data-image-description=\"\" data-medium-file=\"https:\/\/i0.wp.com\/www.freidenker.org\/fw17\/wp-content\/uploads\/2021\/05\/IMGA0018.jpg?fit=300%2C169&#038;ssl=1\" data-large-file=\"https:\/\/i0.wp.com\/www.freidenker.org\/fw17\/wp-content\/uploads\/2021\/05\/IMGA0018.jpg?fit=800%2C450&#038;ssl=1\" src=\"https:\/\/i0.wp.com\/www.freidenker.org\/fw17\/wp-content\/uploads\/2021\/05\/IMGA0018.jpg?w=396&#038;h=223&#038;ssl=1\" srcset=\"https:\/\/i0.wp.com\/www.freidenker.org\/fw17\/wp-content\/uploads\/2021\/05\/IMGA0018.jpg?w=1920&amp;ssl=1 1920w, https:\/\/i0.wp.com\/www.freidenker.org\/fw17\/wp-content\/uploads\/2021\/05\/IMGA0018.jpg?resize=300%2C169&amp;ssl=1 300w, https:\/\/i0.wp.com\/www.freidenker.org\/fw17\/wp-content\/uploads\/2021\/05\/IMGA0018.jpg?resize=1024%2C576&amp;ssl=1 1024w, https:\/\/i0.wp.com\/www.freidenker.org\/fw17\/wp-content\/uploads\/2021\/05\/IMGA0018.jpg?resize=768%2C432&amp;ssl=1 768w, https:\/\/i0.wp.com\/www.freidenker.org\/fw17\/wp-content\/uploads\/2021\/05\/IMGA0018.jpg?resize=1536%2C864&amp;ssl=1 1536w, https:\/\/i0.wp.com\/www.freidenker.org\/fw17\/wp-content\/uploads\/2021\/05\/IMGA0018.jpg?w=1600&amp;ssl=1 1600w\" width=\"396\" height=\"223\" loading=\"lazy\" data-original-width=\"396\" data-original-height=\"223\" itemprop=\"http:\/\/schema.org\/image\" title=\"IMGA0018\" alt=\"Frankfurt a.M., 9. Mai 2021: Gedenkfeier Frankfurter Hauptfriedhof\" style=\"width: 396px; height: 223px;\" \/> <\/a> <div class=\"tiled-gallery-caption\" itemprop=\"caption description\"> Frankfurt a.M., 9. Mai 2021: Gedenkfeier Frankfurter Hauptfriedhof <\/div> <\/div> <\/div> <!-- close group --> <\/div> <!-- close row --> <div class=\"gallery-row\" style=\"width: 800px; height: 694px;\" data-original-width=\"800\" data-original-height=\"694\" > <div class=\"gallery-group images-3\" style=\"width: 408px; height: 694px;\" data-original-width=\"408\" data-original-height=\"694\" > <div class=\"tiled-gallery-item tiled-gallery-item-large\" itemprop=\"associatedMedia\" itemscope itemtype=\"http:\/\/schema.org\/ImageObject\"> <a href=\"https:\/\/www.freidenker.org\/?attachment_id=10310\" border=\"0\" itemprop=\"url\"> <meta itemprop=\"width\" content=\"404\"> <meta itemprop=\"height\" content=\"228\"> <img decoding=\"async\" class=\"\" data-attachment-id=\"10310\" data-orig-file=\"https:\/\/www.freidenker.org\/fw17\/wp-content\/uploads\/2021\/05\/IMGA0027.jpg\" data-orig-size=\"1920,1080\" data-comments-opened=\"\" data-image-meta=\"{&quot;aperture&quot;:&quot;4&quot;,&quot;credit&quot;:&quot;&quot;,&quot;camera&quot;:&quot;HDC-SD100&quot;,&quot;caption&quot;:&quot;&quot;,&quot;created_timestamp&quot;:&quot;1620544091&quot;,&quot;copyright&quot;:&quot;&quot;,&quot;focal_length&quot;:&quot;0&quot;,&quot;iso&quot;:&quot;0&quot;,&quot;shutter_speed&quot;:&quot;0.01&quot;,&quot;title&quot;:&quot;&quot;,&quot;orientation&quot;:&quot;1&quot;}\" data-image-title=\"IMGA0027\" data-image-description=\"\" data-medium-file=\"https:\/\/i0.wp.com\/www.freidenker.org\/fw17\/wp-content\/uploads\/2021\/05\/IMGA0027.jpg?fit=300%2C169&#038;ssl=1\" data-large-file=\"https:\/\/i0.wp.com\/www.freidenker.org\/fw17\/wp-content\/uploads\/2021\/05\/IMGA0027.jpg?fit=800%2C450&#038;ssl=1\" src=\"https:\/\/i0.wp.com\/www.freidenker.org\/fw17\/wp-content\/uploads\/2021\/05\/IMGA0027.jpg?w=404&#038;h=228&#038;ssl=1\" srcset=\"https:\/\/i0.wp.com\/www.freidenker.org\/fw17\/wp-content\/uploads\/2021\/05\/IMGA0027.jpg?w=1920&amp;ssl=1 1920w, https:\/\/i0.wp.com\/www.freidenker.org\/fw17\/wp-content\/uploads\/2021\/05\/IMGA0027.jpg?resize=300%2C169&amp;ssl=1 300w, https:\/\/i0.wp.com\/www.freidenker.org\/fw17\/wp-content\/uploads\/2021\/05\/IMGA0027.jpg?resize=1024%2C576&amp;ssl=1 1024w, https:\/\/i0.wp.com\/www.freidenker.org\/fw17\/wp-content\/uploads\/2021\/05\/IMGA0027.jpg?resize=768%2C432&amp;ssl=1 768w, https:\/\/i0.wp.com\/www.freidenker.org\/fw17\/wp-content\/uploads\/2021\/05\/IMGA0027.jpg?resize=1536%2C864&amp;ssl=1 1536w, https:\/\/i0.wp.com\/www.freidenker.org\/fw17\/wp-content\/uploads\/2021\/05\/IMGA0027.jpg?w=1600&amp;ssl=1 1600w\" width=\"404\" height=\"228\" loading=\"lazy\" data-original-width=\"404\" data-original-height=\"228\" itemprop=\"http:\/\/schema.org\/image\" title=\"IMGA0027\" alt=\"Frankfurt a.M., 9. Mai 2021: Gedenkfeier Frankfurter Hauptfriedhof\" style=\"width: 404px; height: 228px;\" \/> <\/a> <div class=\"tiled-gallery-caption\" itemprop=\"caption description\"> Frankfurt a.M., 9. Mai 2021: Gedenkfeier Frankfurter Hauptfriedhof <\/div> <\/div> <div class=\"tiled-gallery-item tiled-gallery-item-large\" itemprop=\"associatedMedia\" itemscope itemtype=\"http:\/\/schema.org\/ImageObject\"> <a href=\"https:\/\/www.freidenker.org\/?attachment_id=10311\" border=\"0\" itemprop=\"url\"> <meta itemprop=\"width\" content=\"404\"> <meta itemprop=\"height\" content=\"227\"> <img decoding=\"async\" class=\"\" data-attachment-id=\"10311\" data-orig-file=\"https:\/\/www.freidenker.org\/fw17\/wp-content\/uploads\/2021\/05\/IMGA0043.jpg\" data-orig-size=\"1920,1080\" data-comments-opened=\"\" data-image-meta=\"{&quot;aperture&quot;:&quot;4.8&quot;,&quot;credit&quot;:&quot;&quot;,&quot;camera&quot;:&quot;HDC-SD100&quot;,&quot;caption&quot;:&quot;&quot;,&quot;created_timestamp&quot;:&quot;1620553286&quot;,&quot;copyright&quot;:&quot;&quot;,&quot;focal_length&quot;:&quot;0&quot;,&quot;iso&quot;:&quot;0&quot;,&quot;shutter_speed&quot;:&quot;0.004&quot;,&quot;title&quot;:&quot;&quot;,&quot;orientation&quot;:&quot;1&quot;}\" data-image-title=\"IMGA0043\" data-image-description=\"\" data-medium-file=\"https:\/\/i0.wp.com\/www.freidenker.org\/fw17\/wp-content\/uploads\/2021\/05\/IMGA0043.jpg?fit=300%2C169&#038;ssl=1\" data-large-file=\"https:\/\/i0.wp.com\/www.freidenker.org\/fw17\/wp-content\/uploads\/2021\/05\/IMGA0043.jpg?fit=800%2C450&#038;ssl=1\" src=\"https:\/\/i0.wp.com\/www.freidenker.org\/fw17\/wp-content\/uploads\/2021\/05\/IMGA0043.jpg?w=404&#038;h=227&#038;ssl=1\" srcset=\"https:\/\/i0.wp.com\/www.freidenker.org\/fw17\/wp-content\/uploads\/2021\/05\/IMGA0043.jpg?w=1920&amp;ssl=1 1920w, https:\/\/i0.wp.com\/www.freidenker.org\/fw17\/wp-content\/uploads\/2021\/05\/IMGA0043.jpg?resize=300%2C169&amp;ssl=1 300w, https:\/\/i0.wp.com\/www.freidenker.org\/fw17\/wp-content\/uploads\/2021\/05\/IMGA0043.jpg?resize=1024%2C576&amp;ssl=1 1024w, https:\/\/i0.wp.com\/www.freidenker.org\/fw17\/wp-content\/uploads\/2021\/05\/IMGA0043.jpg?resize=768%2C432&amp;ssl=1 768w, https:\/\/i0.wp.com\/www.freidenker.org\/fw17\/wp-content\/uploads\/2021\/05\/IMGA0043.jpg?resize=1536%2C864&amp;ssl=1 1536w, https:\/\/i0.wp.com\/www.freidenker.org\/fw17\/wp-content\/uploads\/2021\/05\/IMGA0043.jpg?w=1600&amp;ssl=1 1600w\" width=\"404\" height=\"227\" loading=\"lazy\" data-original-width=\"404\" data-original-height=\"227\" itemprop=\"http:\/\/schema.org\/image\" title=\"IMGA0043\" alt=\"Frankfurt a.M., 9. Mai 2021: Transparent des Unsterblichen Regiments\" style=\"width: 404px; height: 227px;\" \/> <\/a> <div class=\"tiled-gallery-caption\" itemprop=\"caption description\"> Frankfurt a.M., 9. Mai 2021: Transparent des Unsterblichen Regiments <\/div> <\/div> <div class=\"tiled-gallery-item tiled-gallery-item-large\" itemprop=\"associatedMedia\" itemscope itemtype=\"http:\/\/schema.org\/ImageObject\"> <a href=\"https:\/\/www.freidenker.org\/?attachment_id=10312\" border=\"0\" itemprop=\"url\"> <meta itemprop=\"width\" content=\"404\"> <meta itemprop=\"height\" content=\"227\"> <img decoding=\"async\" class=\"\" data-attachment-id=\"10312\" data-orig-file=\"https:\/\/www.freidenker.org\/fw17\/wp-content\/uploads\/2021\/05\/IMGA0047.jpg\" data-orig-size=\"1920,1080\" data-comments-opened=\"\" data-image-meta=\"{&quot;aperture&quot;:&quot;5.6&quot;,&quot;credit&quot;:&quot;&quot;,&quot;camera&quot;:&quot;HDC-SD100&quot;,&quot;caption&quot;:&quot;&quot;,&quot;created_timestamp&quot;:&quot;1620553387&quot;,&quot;copyright&quot;:&quot;&quot;,&quot;focal_length&quot;:&quot;0&quot;,&quot;iso&quot;:&quot;0&quot;,&quot;shutter_speed&quot;:&quot;0.004&quot;,&quot;title&quot;:&quot;&quot;,&quot;orientation&quot;:&quot;1&quot;}\" data-image-title=\"IMGA0047\" data-image-description=\"\" data-medium-file=\"https:\/\/i0.wp.com\/www.freidenker.org\/fw17\/wp-content\/uploads\/2021\/05\/IMGA0047.jpg?fit=300%2C169&#038;ssl=1\" data-large-file=\"https:\/\/i0.wp.com\/www.freidenker.org\/fw17\/wp-content\/uploads\/2021\/05\/IMGA0047.jpg?fit=800%2C450&#038;ssl=1\" src=\"https:\/\/i0.wp.com\/www.freidenker.org\/fw17\/wp-content\/uploads\/2021\/05\/IMGA0047.jpg?w=404&#038;h=227&#038;ssl=1\" srcset=\"https:\/\/i0.wp.com\/www.freidenker.org\/fw17\/wp-content\/uploads\/2021\/05\/IMGA0047.jpg?w=1920&amp;ssl=1 1920w, https:\/\/i0.wp.com\/www.freidenker.org\/fw17\/wp-content\/uploads\/2021\/05\/IMGA0047.jpg?resize=300%2C169&amp;ssl=1 300w, https:\/\/i0.wp.com\/www.freidenker.org\/fw17\/wp-content\/uploads\/2021\/05\/IMGA0047.jpg?resize=1024%2C576&amp;ssl=1 1024w, https:\/\/i0.wp.com\/www.freidenker.org\/fw17\/wp-content\/uploads\/2021\/05\/IMGA0047.jpg?resize=768%2C432&amp;ssl=1 768w, https:\/\/i0.wp.com\/www.freidenker.org\/fw17\/wp-content\/uploads\/2021\/05\/IMGA0047.jpg?resize=1536%2C864&amp;ssl=1 1536w, https:\/\/i0.wp.com\/www.freidenker.org\/fw17\/wp-content\/uploads\/2021\/05\/IMGA0047.jpg?w=1600&amp;ssl=1 1600w\" width=\"404\" height=\"227\" loading=\"lazy\" data-original-width=\"404\" data-original-height=\"227\" itemprop=\"http:\/\/schema.org\/image\" title=\"IMGA0047\" alt=\"Frankfurt a.M., 9. Mai 2021: Freidenker vor dem Frankfurter R\u00f6mer\" style=\"width: 404px; height: 227px;\" \/> <\/a> <div class=\"tiled-gallery-caption\" itemprop=\"caption description\"> Frankfurt a.M., 9. Mai 2021: Freidenker vor dem Frankfurter R\u00f6mer <\/div> <\/div> <\/div> <!-- close group --> <div class=\"gallery-group images-1\" style=\"width: 392px; height: 694px;\" data-original-width=\"392\" data-original-height=\"694\" > <div class=\"tiled-gallery-item tiled-gallery-item-large\" itemprop=\"associatedMedia\" itemscope itemtype=\"http:\/\/schema.org\/ImageObject\"> <a href=\"https:\/\/www.freidenker.org\/?attachment_id=10313\" border=\"0\" itemprop=\"url\"> <meta itemprop=\"width\" content=\"388\"> <meta itemprop=\"height\" content=\"690\"> <img decoding=\"async\" class=\"\" data-attachment-id=\"10313\" data-orig-file=\"https:\/\/www.freidenker.org\/fw17\/wp-content\/uploads\/2021\/05\/IMGA0048.jpg\" data-orig-size=\"1080,1920\" data-comments-opened=\"\" data-image-meta=\"{&quot;aperture&quot;:&quot;6.8&quot;,&quot;credit&quot;:&quot;&quot;,&quot;camera&quot;:&quot;HDC-SD100&quot;,&quot;caption&quot;:&quot;&quot;,&quot;created_timestamp&quot;:&quot;1620553393&quot;,&quot;copyright&quot;:&quot;&quot;,&quot;focal_length&quot;:&quot;0&quot;,&quot;iso&quot;:&quot;0&quot;,&quot;shutter_speed&quot;:&quot;0.004&quot;,&quot;title&quot;:&quot;&quot;,&quot;orientation&quot;:&quot;1&quot;}\" data-image-title=\"IMGA0048\" data-image-description=\"\" data-medium-file=\"https:\/\/i0.wp.com\/www.freidenker.org\/fw17\/wp-content\/uploads\/2021\/05\/IMGA0048.jpg?fit=169%2C300&#038;ssl=1\" data-large-file=\"https:\/\/i0.wp.com\/www.freidenker.org\/fw17\/wp-content\/uploads\/2021\/05\/IMGA0048.jpg?fit=576%2C1024&#038;ssl=1\" src=\"https:\/\/i0.wp.com\/www.freidenker.org\/fw17\/wp-content\/uploads\/2021\/05\/IMGA0048.jpg?w=388&#038;h=690&#038;ssl=1\" srcset=\"https:\/\/i0.wp.com\/www.freidenker.org\/fw17\/wp-content\/uploads\/2021\/05\/IMGA0048.jpg?w=1080&amp;ssl=1 1080w, https:\/\/i0.wp.com\/www.freidenker.org\/fw17\/wp-content\/uploads\/2021\/05\/IMGA0048.jpg?resize=169%2C300&amp;ssl=1 169w, https:\/\/i0.wp.com\/www.freidenker.org\/fw17\/wp-content\/uploads\/2021\/05\/IMGA0048.jpg?resize=576%2C1024&amp;ssl=1 576w, https:\/\/i0.wp.com\/www.freidenker.org\/fw17\/wp-content\/uploads\/2021\/05\/IMGA0048.jpg?resize=768%2C1365&amp;ssl=1 768w, https:\/\/i0.wp.com\/www.freidenker.org\/fw17\/wp-content\/uploads\/2021\/05\/IMGA0048.jpg?resize=864%2C1536&amp;ssl=1 864w\" width=\"388\" height=\"690\" loading=\"lazy\" data-original-width=\"388\" data-original-height=\"690\" itemprop=\"http:\/\/schema.org\/image\" title=\"IMGA0048\" alt=\"Frankfurt a.M., 9. Mai 2021: Freidenker Heinz Leipold aus Hanau\" style=\"width: 388px; height: 690px;\" \/> <\/a> <div class=\"tiled-gallery-caption\" itemprop=\"caption description\"> Frankfurt a.M., 9. Mai 2021: Freidenker Heinz Leipold aus Hanau <\/div> <\/div> <\/div> <!-- close group --> <\/div> <!-- close row --> <div class=\"gallery-row\" style=\"width: 800px; height: 227px;\" data-original-width=\"800\" data-original-height=\"227\" > <div class=\"gallery-group images-1\" style=\"width: 400px; height: 227px;\" data-original-width=\"400\" data-original-height=\"227\" > <div class=\"tiled-gallery-item tiled-gallery-item-large\" itemprop=\"associatedMedia\" itemscope itemtype=\"http:\/\/schema.org\/ImageObject\"> <a href=\"https:\/\/www.freidenker.org\/?attachment_id=10314\" border=\"0\" itemprop=\"url\"> <meta itemprop=\"width\" content=\"396\"> <meta itemprop=\"height\" content=\"223\"> <img decoding=\"async\" class=\"\" data-attachment-id=\"10314\" data-orig-file=\"https:\/\/www.freidenker.org\/fw17\/wp-content\/uploads\/2021\/05\/IMGA0053.jpg\" data-orig-size=\"1920,1080\" data-comments-opened=\"\" data-image-meta=\"{&quot;aperture&quot;:&quot;4.8&quot;,&quot;credit&quot;:&quot;&quot;,&quot;camera&quot;:&quot;HDC-SD100&quot;,&quot;caption&quot;:&quot;&quot;,&quot;created_timestamp&quot;:&quot;1620553472&quot;,&quot;copyright&quot;:&quot;&quot;,&quot;focal_length&quot;:&quot;0&quot;,&quot;iso&quot;:&quot;0&quot;,&quot;shutter_speed&quot;:&quot;0.004&quot;,&quot;title&quot;:&quot;&quot;,&quot;orientation&quot;:&quot;1&quot;}\" data-image-title=\"IMGA0053\" data-image-description=\"\" data-medium-file=\"https:\/\/i0.wp.com\/www.freidenker.org\/fw17\/wp-content\/uploads\/2021\/05\/IMGA0053.jpg?fit=300%2C169&#038;ssl=1\" data-large-file=\"https:\/\/i0.wp.com\/www.freidenker.org\/fw17\/wp-content\/uploads\/2021\/05\/IMGA0053.jpg?fit=800%2C450&#038;ssl=1\" src=\"https:\/\/i0.wp.com\/www.freidenker.org\/fw17\/wp-content\/uploads\/2021\/05\/IMGA0053.jpg?w=396&#038;h=223&#038;ssl=1\" srcset=\"https:\/\/i0.wp.com\/www.freidenker.org\/fw17\/wp-content\/uploads\/2021\/05\/IMGA0053.jpg?w=1920&amp;ssl=1 1920w, https:\/\/i0.wp.com\/www.freidenker.org\/fw17\/wp-content\/uploads\/2021\/05\/IMGA0053.jpg?resize=300%2C169&amp;ssl=1 300w, https:\/\/i0.wp.com\/www.freidenker.org\/fw17\/wp-content\/uploads\/2021\/05\/IMGA0053.jpg?resize=1024%2C576&amp;ssl=1 1024w, https:\/\/i0.wp.com\/www.freidenker.org\/fw17\/wp-content\/uploads\/2021\/05\/IMGA0053.jpg?resize=768%2C432&amp;ssl=1 768w, https:\/\/i0.wp.com\/www.freidenker.org\/fw17\/wp-content\/uploads\/2021\/05\/IMGA0053.jpg?resize=1536%2C864&amp;ssl=1 1536w, https:\/\/i0.wp.com\/www.freidenker.org\/fw17\/wp-content\/uploads\/2021\/05\/IMGA0053.jpg?w=1600&amp;ssl=1 1600w\" width=\"396\" height=\"223\" loading=\"lazy\" data-original-width=\"396\" data-original-height=\"223\" itemprop=\"http:\/\/schema.org\/image\" title=\"IMGA0053\" alt=\"Frankfurt a.M., 9. Mai 2021: Zwischen Willi Schulze-Barantin und Sebastian Bahlo (2. v. links): Wolfgang Sch\u00fcrer, der f\u00fcr den Freidenkerverband zur Auftaktkundgebung an der Frankfurter Hauptwache sprach\" style=\"width: 396px; height: 223px;\" \/> <\/a> <div class=\"tiled-gallery-caption\" itemprop=\"caption description\"> Frankfurt a.M., 9. Mai 2021: Zwischen Willi Schulze-Barantin und Sebastian Bahlo (2. v. links): Wolfgang Sch\u00fcrer, der f\u00fcr den Freidenkerverband zur Auftaktkundgebung an der Frankfurter Hauptwache sprach <\/div> <\/div> <\/div> <!-- close group --> <div class=\"gallery-group images-1\" style=\"width: 400px; height: 227px;\" data-original-width=\"400\" data-original-height=\"227\" > <div class=\"tiled-gallery-item tiled-gallery-item-large\" itemprop=\"associatedMedia\" itemscope itemtype=\"http:\/\/schema.org\/ImageObject\"> <a href=\"https:\/\/www.freidenker.org\/?attachment_id=10315\" border=\"0\" itemprop=\"url\"> <meta itemprop=\"width\" content=\"396\"> <meta itemprop=\"height\" content=\"223\"> <img decoding=\"async\" class=\"\" data-attachment-id=\"10315\" data-orig-file=\"https:\/\/www.freidenker.org\/fw17\/wp-content\/uploads\/2021\/05\/IMGA0054.jpg\" data-orig-size=\"1920,1080\" data-comments-opened=\"\" data-image-meta=\"{&quot;aperture&quot;:&quot;4.8&quot;,&quot;credit&quot;:&quot;&quot;,&quot;camera&quot;:&quot;HDC-SD100&quot;,&quot;caption&quot;:&quot;&quot;,&quot;created_timestamp&quot;:&quot;1620553478&quot;,&quot;copyright&quot;:&quot;&quot;,&quot;focal_length&quot;:&quot;0&quot;,&quot;iso&quot;:&quot;0&quot;,&quot;shutter_speed&quot;:&quot;0.004&quot;,&quot;title&quot;:&quot;&quot;,&quot;orientation&quot;:&quot;1&quot;}\" data-image-title=\"IMGA0054\" data-image-description=\"\" data-medium-file=\"https:\/\/i0.wp.com\/www.freidenker.org\/fw17\/wp-content\/uploads\/2021\/05\/IMGA0054.jpg?fit=300%2C169&#038;ssl=1\" data-large-file=\"https:\/\/i0.wp.com\/www.freidenker.org\/fw17\/wp-content\/uploads\/2021\/05\/IMGA0054.jpg?fit=800%2C450&#038;ssl=1\" src=\"https:\/\/i0.wp.com\/www.freidenker.org\/fw17\/wp-content\/uploads\/2021\/05\/IMGA0054.jpg?w=396&#038;h=223&#038;ssl=1\" srcset=\"https:\/\/i0.wp.com\/www.freidenker.org\/fw17\/wp-content\/uploads\/2021\/05\/IMGA0054.jpg?w=1920&amp;ssl=1 1920w, https:\/\/i0.wp.com\/www.freidenker.org\/fw17\/wp-content\/uploads\/2021\/05\/IMGA0054.jpg?resize=300%2C169&amp;ssl=1 300w, https:\/\/i0.wp.com\/www.freidenker.org\/fw17\/wp-content\/uploads\/2021\/05\/IMGA0054.jpg?resize=1024%2C576&amp;ssl=1 1024w, https:\/\/i0.wp.com\/www.freidenker.org\/fw17\/wp-content\/uploads\/2021\/05\/IMGA0054.jpg?resize=768%2C432&amp;ssl=1 768w, https:\/\/i0.wp.com\/www.freidenker.org\/fw17\/wp-content\/uploads\/2021\/05\/IMGA0054.jpg?resize=1536%2C864&amp;ssl=1 1536w, https:\/\/i0.wp.com\/www.freidenker.org\/fw17\/wp-content\/uploads\/2021\/05\/IMGA0054.jpg?w=1600&amp;ssl=1 1600w\" width=\"396\" height=\"223\" loading=\"lazy\" data-original-width=\"396\" data-original-height=\"223\" itemprop=\"http:\/\/schema.org\/image\" title=\"IMGA0054\" alt=\"Frankfurt a.M., 9. Mai 2021: Larissa Jurtschenko, Vorsitzende des Bundesverbandes russischsprachiger Institutionen, mit Klaus Hartmann\" style=\"width: 396px; height: 223px;\" \/> <\/a> <div class=\"tiled-gallery-caption\" itemprop=\"caption description\"> Frankfurt a.M., 9. Mai 2021: Larissa Jurtschenko, Vorsitzende des Bundesverbandes russischsprachiger Institutionen, mit Klaus Hartmann <\/div> <\/div> <\/div> <!-- close group --> <\/div> <!-- close row --> <div class=\"gallery-row\" style=\"width: 800px; height: 452px;\" data-original-width=\"800\" data-original-height=\"452\" > <div class=\"gallery-group images-1\" style=\"width: 800px; height: 452px;\" data-original-width=\"800\" data-original-height=\"452\" > <div class=\"tiled-gallery-item tiled-gallery-item-large\" itemprop=\"associatedMedia\" itemscope itemtype=\"http:\/\/schema.org\/ImageObject\"> <a href=\"https:\/\/www.freidenker.org\/?attachment_id=10316\" border=\"0\" itemprop=\"url\"> <meta itemprop=\"width\" content=\"796\"> <meta itemprop=\"height\" content=\"448\"> <img decoding=\"async\" class=\"\" data-attachment-id=\"10316\" data-orig-file=\"https:\/\/www.freidenker.org\/fw17\/wp-content\/uploads\/2021\/05\/IMGA0056.jpg\" data-orig-size=\"1920,1080\" data-comments-opened=\"\" data-image-meta=\"{&quot;aperture&quot;:&quot;4.8&quot;,&quot;credit&quot;:&quot;&quot;,&quot;camera&quot;:&quot;HDC-SD100&quot;,&quot;caption&quot;:&quot;&quot;,&quot;created_timestamp&quot;:&quot;1620553606&quot;,&quot;copyright&quot;:&quot;&quot;,&quot;focal_length&quot;:&quot;0&quot;,&quot;iso&quot;:&quot;0&quot;,&quot;shutter_speed&quot;:&quot;0.004&quot;,&quot;title&quot;:&quot;&quot;,&quot;orientation&quot;:&quot;1&quot;}\" data-image-title=\"IMGA0056\" data-image-description=\"\" data-medium-file=\"https:\/\/i0.wp.com\/www.freidenker.org\/fw17\/wp-content\/uploads\/2021\/05\/IMGA0056.jpg?fit=300%2C169&#038;ssl=1\" data-large-file=\"https:\/\/i0.wp.com\/www.freidenker.org\/fw17\/wp-content\/uploads\/2021\/05\/IMGA0056.jpg?fit=800%2C450&#038;ssl=1\" src=\"https:\/\/i0.wp.com\/www.freidenker.org\/fw17\/wp-content\/uploads\/2021\/05\/IMGA0056.jpg?w=796&#038;h=448&#038;ssl=1\" srcset=\"https:\/\/i0.wp.com\/www.freidenker.org\/fw17\/wp-content\/uploads\/2021\/05\/IMGA0056.jpg?w=1920&amp;ssl=1 1920w, https:\/\/i0.wp.com\/www.freidenker.org\/fw17\/wp-content\/uploads\/2021\/05\/IMGA0056.jpg?resize=300%2C169&amp;ssl=1 300w, https:\/\/i0.wp.com\/www.freidenker.org\/fw17\/wp-content\/uploads\/2021\/05\/IMGA0056.jpg?resize=1024%2C576&amp;ssl=1 1024w, https:\/\/i0.wp.com\/www.freidenker.org\/fw17\/wp-content\/uploads\/2021\/05\/IMGA0056.jpg?resize=768%2C432&amp;ssl=1 768w, https:\/\/i0.wp.com\/www.freidenker.org\/fw17\/wp-content\/uploads\/2021\/05\/IMGA0056.jpg?resize=1536%2C864&amp;ssl=1 1536w, https:\/\/i0.wp.com\/www.freidenker.org\/fw17\/wp-content\/uploads\/2021\/05\/IMGA0056.jpg?w=1600&amp;ssl=1 1600w\" width=\"796\" height=\"448\" loading=\"lazy\" data-original-width=\"796\" data-original-height=\"448\" itemprop=\"http:\/\/schema.org\/image\" title=\"IMGA0056\" alt=\"Frankfurt a.M., 9. Mai 2021: Fahnentr\u00e4ger\" style=\"width: 796px; height: 448px;\" \/> <\/a> <div class=\"tiled-gallery-caption\" itemprop=\"caption description\"> Frankfurt a.M., 9. Mai 2021: Fahnentr\u00e4ger <\/div> <\/div> <\/div> <!-- close group --> <\/div> <!-- close row --> <\/div>\n<p><span style=\"font-size: 10pt;\">Fotos: Monika Krotter-Hartmann<\/span><\/p>\n<p><a href=\"#uebersicht\"><span style=\"font-size: 10pt;\">\u2191 \u00dcbersicht<\/span><\/a><\/p>\n<h5><a id=\"rede_hartmann\"><\/a>Erinnerung an die Befreiung vom Faschismus hei\u00dft: Frieden mit Russland!<\/h5>\n<p><em>Rede von <strong>Klaus Hartmann<\/strong> am Denkmal f\u00fcr sowjetische Kriegsopfer auf dem\u00a0Hauptfriedhof Frankfurt am Main am 9. Mai 2021<\/em><\/p>\n<p>Geehrte Vertreter der Konsularischen Corps, liebe russischen Freundinnen und Freunde, deutsche Kriegsgegner und Antifaschisten!<\/p>\n<p>Der 9. Mai als Tag des Sieges \u00fcber den Faschismus ist nicht nur ein Tag des Triumpfes \u00fcber die Barbarei. Es ist ebenso ein Tag der Trauer \u00fcber die zahllosen Opfer, die dieser Krieg gekostet hat, und f\u00fcr den die Sowjetunion den h\u00f6chsten Blutzoll entrichtete.<\/p>\n<p>Aus der Sowjetunion kam auch die gr\u00f6\u00dfte Zahl der Zwangsarbeiter, die nach Deutschland verschleppt wurden, und hier unter menschenunw\u00fcrdigen Bedingungen vegetieren mussten: 2.775.000 Zivilisten und 1.950.000 Kriegsgefangene, zusammen 4.725.000 Menschen. Das betrifft auch unsere Region unmittelbar. Rund 190 von ihnen im hessischen B\u00fcdingen, 100 bei Gersfeld in der Rh\u00f6n, 67 in Darmstadt, hier nach Frankfurt waren ab 1942 vor allem russische Kriegsgefangene verschleppt worden, etwa 2000 Zwangsarbeiter und Zwangsarbeiterinnen mussten in Griesheim unter unmenschlichen Bedingungen hausen, sp\u00e4ter entstand das KZ Adlerwerke im Gallus.<\/p>\n<p>Unsere Trauer gilt den ermordeten deutschen Antifaschisten, Juden, Sinti und Roma gleicherma\u00dfen wie den Opfern des deutschen \u00dcberfalls auf die europ\u00e4ischen Nachbarn, nicht zuletzt beim \u00dcberfall auf Jugoslawien und Griechenland unter dem zynischen Namen \u201eAktion Strafgericht\u201c am 6. April 1941, dem unmittelbaren Auftakt zur \u201eAktion Barbarossa\u201c, dem \u00dcberfall auf die Sowjetunion am 22. Juni 1941.<\/p>\n<p>Wir trauern insbesondere um die Opfer der V\u00f6lker der Sowjetunion, der barbarischen Hungerblockade Leningrads. Und zugleich blicken wir mit Stolz auf die Leistungen der Verteidiger. Die Helden der Schlachten um Rostov am Don, um Kursk, den Kaukasus, die Krim, und insbesondere der Schlacht um Stalingrad, die die kriegsentscheidende Wende einleitete. Sie erwiesen sich als die Retter der menschlichen Zivilisation, ihr Ruhm w\u00e4hrt ewig und unsere Dankbarkeit ebenso.<\/p>\n<p>Wenn wir hier am 9. Mai zusammenkommen, sind wir vereint in der Trauer und im Gedenken und im Stolz, vereint als Menschen, als Deutsche und als Russen, vereint mit allen, die gegen Faschismus und Krieg k\u00e4mpften, und die an diesem Tag den Schwur erneuern: Nie wieder Faschismus \u2013 nie wieder Krieg!<\/p>\n<p>Selbst an Jahrestagen wie diesen wollen einflussreiche Kr\u00e4fte vergessen machen, dass die Sowjetunion das Hauptziel der Expansionsgel\u00fcste des deutschen Kapitals und der faschistischen Aggression war. Heute will eine geschichtsrevisionistische Propaganda die Ergebnisse des 8. und 9. Mai 1945 annullieren, den entscheidenden Anteil der Roten Armee an der Niederschlagung des Faschismus aus den Geschichtsb\u00fcchern streichen.<\/p>\n<p>An die Spitze dieser Kampagne hat sich im September 2019 das sogenannte EU-Parlament mit dem <a href=\"http:\/\/www.europarl.europa.eu\/doceo\/document\/TA-9-2019-0021_DE.pdf\">Beschluss<\/a> \u00fcber \u201edie Bedeutung der Erinnerung an die europ\u00e4ische Vergangenheit f\u00fcr die Zukunft Europas\u201c gestellt. Der Kommunismus, hei\u00dft es in der Resolution, war der ideologische Zwilling des Nationalsozialismus, und die UdSSR tr\u00e4gt dieselbe Schuld am Kriegsbeginn wie Deutschland. 31 Verweisen auf die Sowjetunion stehen nur 19 Verweise auf Nazi-Deutschland gegen\u00fcber, beide h\u00e4tten gleicherma\u00dfen das Ziel der Welteroberung verfolgt. Mit dieser Gleichsetzung von Kommunismus und Faschismus begeben sich die EU-Autoren in Gegensatz und Widerspruch zu den Ergebnissen der N\u00fcrnberger Prozesse gegen die Hauptkriegsverbrecher.<\/p>\n<p>Gestern erinnerte Bundeskanzlerin Merkel zum 76. Jahrestag des Endes des Zweiten Weltkriegs: &#8222;Es bleibt unsere immerw\u00e4hrende Verantwortung, die Erinnerung an die Millionen von Menschen wachzuhalten, die in den Jahren nationalsozialistischer Gewaltherrschaft ihr Leben verloren&#8220;. \u2013 Das ist eine positive Aussage, aber ich frage mich: Wie kann man zu diesem Anlass sprechen, und in der Rede kommen die Worte Krieg oder Sowjetunion oder Russland gar nicht vor? Der deutsche \u00dcberfall auf die Sowjetunion j\u00e4hrt dieses Jahr zum 80. Mal \u2013 w\u00e4re das zumindest nicht Anlass, das Verbrechen gegen den Frieden, die Sowjetunion und die Befreier beim Namen zu nennen?<\/p>\n<p>Immer wieder wird beteuert, dass in Deutschland die Lehren aus der Herrschaft des Nazi-Faschismus gezogen wurden. Wie vertr\u00e4gt sich das mit den st\u00e4ndigen russophoben Angriffen von Politikern und Medien, die Russland wieder zum Feind erkl\u00e4ren, und vermehrt auch China? Der G 7-Gipfel vergangene Woche warf Russland \u201eb\u00f6sartige Aktivit\u00e4ten, unverantwortliches und destabilisierendes Verhalten\u201c vor.<\/p>\n<p>Was hat Verteidigungsministerin Kramp-Karrenbauer gelernt, wenn sie den Vorwurf erhebt, Russland bedrohe Europa \u201ekonkret und unmittelbar\u201c? Ich frage mich: Was geht in so einem Kopf vor? Und ich neige dazu, den bekannten Satz zu wiederholen: \u201eBleiben Sie gesund!\u201c<\/p>\n<p>Aber es bleibt ja nicht bei Worten. Russland wird vorgeworfen, dass es seine Truppen an seinen Grenzen bewegt \u2013 aber es ist schlie\u00dflich das Territorium der Russischen F\u00f6deration. Bis an diese Grenzen ist die NATO heranger\u00fcckt, die USA nutzen im Rahmen des Kriegsman\u00f6vers \u201eDefender Europe 2021\u201c Deutschland als Aufmarschgebiet in Europa gegen Russland. Die Merkel-Regierung missbraucht deutsche Soldaten, um f\u00fcr den NATO-Partner USA zehntausende Soldaten und tonnenweise Kriegsmaterial Richtung russische Grenzen zu transportieren.<\/p>\n<p>Kramp-Karrenbauer sagt dazu: \u201eGerade f\u00fcr Deutschland in der Mitte Europas ist die schnelle und reibungslose Verlegung von Truppen, Material und Ausr\u00fcstung durch unseren Kontinent von herausgehobenem Interesse.\u201c Die NATO-Kriegstreiber reden von einer \u201e\u00dcbung\u201d. Sie \u00fcben f\u00fcr den Ernstfall. \u201eIm Ernstfall will die Nato in kurzer Zeit 50.000 Soldaten nach Osten bewegen k\u00f6nnen\u201c, schrieb die <em>Welt<\/em> am 06. Mai 2021.<\/p>\n<p>Der Ernstfall hei\u00dft Krieg gegen Russland! Wir warnen vor dieser Kriegsgefahr! Am 9. Mai erheben wir die Forderung: Die Aufr\u00fcstung muss gestoppt, Truppen und Mordger\u00e4t zur\u00fcckkommandiert werden. Die US- Atomwaffen im Fliegerhorst B\u00fcchel in der Eifel m\u00fcssen verschwinden, und die Kriegs-Drehscheibe US-Air Base Ramstein bei Kaiserslautern muss geschlossen werden.<\/p>\n<p>Die Scharfmacher sind nicht in den \u201eLockdown\u201c gegangen. Der Raureif des Kalten Krieges soll sich wieder \u00fcber das Land legen. Inzwischen wird der Sport und sogar der Impfstoff gegen Corona politisiert. Bei der Bev\u00f6lkerung in Deutschland verf\u00e4ngt dies jedoch nicht so wie gew\u00fcnscht. Eine Mehrheit der Deutschen sieht nach j\u00fcngsten Umfragen Deutschland eher durch die USA als durch China und Russland bedroht. Nach wie vor sind stabile Mehrheiten f\u00fcr Frieden mit Russland. Darum muss aber weiter t\u00e4glich gerungen werden.<\/p>\n<p>In den Medien wird abf\u00e4llig \u00fcber \u201eRussland-Versteher\u201c geredet. Wer so redet, hat nicht verstanden, dass Verstehen eine elementare Bedingung f\u00fcr jede ernstgemeinte Kommunikation ist. Ohne Verstehen kein Verst\u00e4ndnis, und auch keine Verst\u00e4ndigung. V\u00f6lkerverst\u00e4ndigung ist Ziel der UN-Charta, und nach dem deutschen Grundgesetz (Art.9) sind Vereinigungen, die sich gegen den Gedanken der V\u00f6lkerverst\u00e4ndigung richten, verboten. Das Gerede \u00fcber \u201eRussland-Versteher\u201c ist im Grunde verfassungswidrig.<\/p>\n<p>Der 8. und 9. Mai bedeuten f\u00fcr uns auch: Macht uns Russland nicht zum Feind und Deutschland nicht zum Aufmarschgebiet gegen Russland. NIE WIEDER soll ein deutscher Soldat sein Gewehr gen Osten richten, NIE WIEDER soll von deutschem Boden Krieg ausgehen!<\/p>\n<p>Erinnerung an die Befreiung vom Faschismus hei\u00dft: Frieden mit Russland! H\u00e4nde weg von Russland und China! Frieden, Zusammenarbeit, V\u00f6lkerfreundschaft!<\/p>\n<p style=\"text-align: right;\"><em>Klaus Hartmann ist Bundesvorsitzender des Deutschen Freidenker-Verbandes<\/em><\/p>\n<p><a href=\"#uebersicht\"><span style=\"font-size: 10pt;\">\u2191 \u00dcbersicht<\/span><\/a><\/p>\n<hr \/>\n<p><span style=\"font-size: 10pt;\">Beitragsbild oben: Jens Oldenburg<\/span><\/p>\n","protected":false},"excerpt":{"rendered":"<p>Vor 76 Jahren ging mit der deutschen Kapitulation der Zweite Weltkrieg zu Ende. Auch in diesem Jahr wurde am 8. und 9. Mai mit Kranzniederlegungen, Gedenkkundgebungen und Demonstrationen bundesweit der Befreier gedacht, insbesondere der Roten Armee der Sowjetunion, die die Hauptlast des Krieges getragen und 27 Millionen Opfer zu beklagen hatte. &#8230;<br \/>\nIn Anbetracht zunehmender politischer Scharfmacherei gegen Russland war das Gedenken vielerorts auch mit Warnungen vor einem neuen Krieg gegen Russland verbunden. &#8230; Wir ver\u00f6ffentlichen hier Fotostrecken verschiedener Veranstaltungen in Berlin, Klosterfelde, Dresden, Neuruppin, Frankfurt a.M. und auf den Seelower H\u00f6hen sowie die Reden von Klaus Hartmann, Vorsitzender des Deutschen Freidenker-Verbandes und unserer Mitglieder Liane Kilinc und M\u00e4nne Gr\u00fc\u00df.<\/p>\n","protected":false},"author":3,"featured_media":10319,"comment_status":"closed","ping_status":"closed","sticky":false,"template":"","format":"standard","meta":{"colormag_page_container_layout":"default_layout","colormag_page_sidebar_layout":"default_layout","advanced_seo_description":"","jetpack_seo_html_title":"","jetpack_seo_noindex":false,"jetpack_post_was_ever_published":false,"footnotes":""},"categories":[13],"tags":[648,613,924,430,687],"class_list":["post-10244","post","type-post","status-publish","format-standard","has-post-thumbnail","hentry","category-frieden-antifaschismus-solidaritaet","tag-2-weltkrieg","tag-befreiung-vom-faschismus","tag-gedenken","tag-sowjetunion","tag-tag-der-befreiung"],"jetpack_featured_media_url":"https:\/\/i0.wp.com\/www.freidenker.org\/fw17\/wp-content\/uploads\/2021\/05\/TagDerBefreiung-2021_v2_800x450.jpg?fit=800%2C450&ssl=1","jetpack_shortlink":"https:\/\/wp.me\/p9stpK-2Fe","jetpack-related-posts":[{"id":13206,"url":"https:\/\/www.freidenker.org\/?p=13206","url_meta":{"origin":10244,"position":0},"title":"Aktionen am Tag der Befreiung und dem Tag des Sieges","author":"Webredaktion","date":"28. Mai 2022","format":false,"excerpt":"Auch in diesem Jahr wurde am 8. und 9. Mai mit Kranzniederlegungen, Gedenkkundgebungen und Demonstrationen an den Tag der Befreiung vor 77 Jahren erinnert und selbstverst\u00e4ndlich waren auch wieder viele Freidenker dabei. Wir ver\u00f6ffentlichen hier 4 Fotostrecken verschiedener Veranstaltungen in Berlin, N\u00fcrnberg, Frankfurt a.M. und Potsdam.","rel":"","context":"In &quot;Frieden - Antifaschismus - Solidarit\u00e4t&quot;","block_context":{"text":"Frieden - Antifaschismus - Solidarit\u00e4t","link":"https:\/\/www.freidenker.org\/?cat=13"},"img":{"alt_text":"","src":"https:\/\/i0.wp.com\/www.freidenker.org\/fw17\/wp-content\/uploads\/2022\/05\/9-MAI-A-scaled_800x450.jpg?fit=800%2C450&ssl=1&resize=350%2C200","width":350,"height":200,"srcset":"https:\/\/i0.wp.com\/www.freidenker.org\/fw17\/wp-content\/uploads\/2022\/05\/9-MAI-A-scaled_800x450.jpg?fit=800%2C450&ssl=1&resize=350%2C200 1x, https:\/\/i0.wp.com\/www.freidenker.org\/fw17\/wp-content\/uploads\/2022\/05\/9-MAI-A-scaled_800x450.jpg?fit=800%2C450&ssl=1&resize=525%2C300 1.5x, https:\/\/i0.wp.com\/www.freidenker.org\/fw17\/wp-content\/uploads\/2022\/05\/9-MAI-A-scaled_800x450.jpg?fit=800%2C450&ssl=1&resize=700%2C400 2x"},"classes":[]},{"id":19086,"url":"https:\/\/www.freidenker.org\/?p=19086","url_meta":{"origin":10244,"position":1},"title":"Befreiung vom Faschismus und Tag des Sieges 2024","author":"Webredaktion","date":"18. Mai 2024","format":false,"excerpt":"Zum Tag des Sieges \/ Tag der Befreiung fanden zahlreiche Veranstaltungen statt, an denen vielerorts auch Freidenker beteiligt waren. Wir berichten hier von den Veranstaltungen in Frankfurt am Main am 05. und 09. Mai, Offenbach am 08. Mai und Berlin am 09. Mai 2024. 05.05.2024 \u2013 Marsch des unsterblichen Regiments\u2026","rel":"","context":"In &quot;Demokratie \u2013 Medien \u2013 Aufkl\u00e4rung&quot;","block_context":{"text":"Demokratie \u2013 Medien \u2013 Aufkl\u00e4rung","link":"https:\/\/www.freidenker.org\/?cat=12"},"img":{"alt_text":"","src":"https:\/\/i0.wp.com\/www.freidenker.org\/fw17\/wp-content\/uploads\/2024\/05\/Hartmann_Tag_des_Sieges_FaM_2024_800x450.jpg?fit=800%2C450&ssl=1&resize=350%2C200","width":350,"height":200,"srcset":"https:\/\/i0.wp.com\/www.freidenker.org\/fw17\/wp-content\/uploads\/2024\/05\/Hartmann_Tag_des_Sieges_FaM_2024_800x450.jpg?fit=800%2C450&ssl=1&resize=350%2C200 1x, https:\/\/i0.wp.com\/www.freidenker.org\/fw17\/wp-content\/uploads\/2024\/05\/Hartmann_Tag_des_Sieges_FaM_2024_800x450.jpg?fit=800%2C450&ssl=1&resize=525%2C300 1.5x, https:\/\/i0.wp.com\/www.freidenker.org\/fw17\/wp-content\/uploads\/2024\/05\/Hartmann_Tag_des_Sieges_FaM_2024_800x450.jpg?fit=800%2C450&ssl=1&resize=700%2C400 2x"},"classes":[]},{"id":10166,"url":"https:\/\/www.freidenker.org\/?p=10166","url_meta":{"origin":10244,"position":2},"title":"Flugblatt zum 8. und 9. Mai 2021: Befreiung von Faschismus und Krieg","author":"Webredaktion","date":"2. Mai 2021","format":false,"excerpt":"Erfreulicherweise werden die Tage der Befreiung und des Sieges in immer gr\u00f6\u00dferem B\u00fcndnisrahmen zur Kenntnis genommen und durch Aktionen gew\u00fcrdigt. Weniger erfreulich, dass Aktionen in diesem Jahr hier und da mit der Begr\u00fcndung \"des Infektionsgeschehens\" storniert werden. Au\u00dferdem ist zu beobachten, das eine Reihe von Aufrufen zu den Jahrestagen inzwischen\u2026","rel":"","context":"In &quot;Frieden - Antifaschismus - Solidarit\u00e4t&quot;","block_context":{"text":"Frieden - Antifaschismus - Solidarit\u00e4t","link":"https:\/\/www.freidenker.org\/?cat=13"},"img":{"alt_text":"","src":"https:\/\/i0.wp.com\/www.freidenker.org\/fw17\/wp-content\/uploads\/2021\/05\/victory-day-1396078_800x450.jpg?fit=800%2C450&ssl=1&resize=350%2C200","width":350,"height":200,"srcset":"https:\/\/i0.wp.com\/www.freidenker.org\/fw17\/wp-content\/uploads\/2021\/05\/victory-day-1396078_800x450.jpg?fit=800%2C450&ssl=1&resize=350%2C200 1x, https:\/\/i0.wp.com\/www.freidenker.org\/fw17\/wp-content\/uploads\/2021\/05\/victory-day-1396078_800x450.jpg?fit=800%2C450&ssl=1&resize=525%2C300 1.5x, https:\/\/i0.wp.com\/www.freidenker.org\/fw17\/wp-content\/uploads\/2021\/05\/victory-day-1396078_800x450.jpg?fit=800%2C450&ssl=1&resize=700%2C400 2x"},"classes":[]},{"id":10239,"url":"https:\/\/www.freidenker.org\/?p=10239","url_meta":{"origin":10244,"position":3},"title":"Linken-Politiker zum Tag des Sieges: Die Gr\u00fcnen als Trauma der deutsch-russischen Beziehungen","author":"Webredaktion","date":"10. Mai 2021","format":false,"excerpt":"Bericht von RT Deutsch Der 9. Mai ist der \"Tag des Sieges\" in Russland und einer der wichtigsten Feiertage der heutigen Russischen F\u00f6deration. ... RT traf an diesem besonderen Tag in Moskau Dr. Diether Dehm. Der\u00a0Musikproduzent, Liedermacher und Bundestagsabgeordnete (Die Linke) nutzte die Gelegenheit, um eine Br\u00fccke zwischen dem historischen\u2026","rel":"","context":"In &quot;Frieden - Antifaschismus - Solidarit\u00e4t&quot;","block_context":{"text":"Frieden - Antifaschismus - Solidarit\u00e4t","link":"https:\/\/www.freidenker.org\/?cat=13"},"img":{"alt_text":"","src":"https:\/\/i0.wp.com\/www.freidenker.org\/fw17\/wp-content\/uploads\/2021\/05\/Dehm_SjuganovIMG_9271.jpg?fit=800%2C450&ssl=1&resize=350%2C200","width":350,"height":200,"srcset":"https:\/\/i0.wp.com\/www.freidenker.org\/fw17\/wp-content\/uploads\/2021\/05\/Dehm_SjuganovIMG_9271.jpg?fit=800%2C450&ssl=1&resize=350%2C200 1x, https:\/\/i0.wp.com\/www.freidenker.org\/fw17\/wp-content\/uploads\/2021\/05\/Dehm_SjuganovIMG_9271.jpg?fit=800%2C450&ssl=1&resize=525%2C300 1.5x, https:\/\/i0.wp.com\/www.freidenker.org\/fw17\/wp-content\/uploads\/2021\/05\/Dehm_SjuganovIMG_9271.jpg?fit=800%2C450&ssl=1&resize=700%2C400 2x"},"classes":[]},{"id":21893,"url":"https:\/\/www.freidenker.org\/?p=21893","url_meta":{"origin":10244,"position":4},"title":"Wer verbietet, statt zu feiern, hat verloren","author":"Webredaktion","date":"20. Mai 2025","format":false,"excerpt":"Beitrag von Anke Wittkopp Der von oben verordnete Geschichtsrevisionismus gipfelte zum 80. Jubil\u00e4umstag der Befreiung Deutschlands vom Hitler-Faschismus in einer Farce. Die Stadt Hannover schmiss Mitglieder der Initiative Frieden mit Russland wegen antifaschistischer Symbole vom Ehrenfriedhof, um am Tag der Befreiung das Andenken der siegreichen Roten Armee aus den Augen\u2026","rel":"","context":"In &quot;Frieden - Antifaschismus - Solidarit\u00e4t&quot;","block_context":{"text":"Frieden - Antifaschismus - Solidarit\u00e4t","link":"https:\/\/www.freidenker.org\/?cat=13"},"img":{"alt_text":"","src":"https:\/\/i0.wp.com\/www.freidenker.org\/fw17\/wp-content\/uploads\/2025\/05\/TdB_Hannover_Frank_B_Russlandfahne_800x450.jpg?fit=800%2C450&ssl=1&resize=350%2C200","width":350,"height":200,"srcset":"https:\/\/i0.wp.com\/www.freidenker.org\/fw17\/wp-content\/uploads\/2025\/05\/TdB_Hannover_Frank_B_Russlandfahne_800x450.jpg?fit=800%2C450&ssl=1&resize=350%2C200 1x, https:\/\/i0.wp.com\/www.freidenker.org\/fw17\/wp-content\/uploads\/2025\/05\/TdB_Hannover_Frank_B_Russlandfahne_800x450.jpg?fit=800%2C450&ssl=1&resize=525%2C300 1.5x, https:\/\/i0.wp.com\/www.freidenker.org\/fw17\/wp-content\/uploads\/2025\/05\/TdB_Hannover_Frank_B_Russlandfahne_800x450.jpg?fit=800%2C450&ssl=1&resize=700%2C400 2x"},"classes":[]},{"id":6392,"url":"https:\/\/www.freidenker.org\/?p=6392","url_meta":{"origin":10244,"position":5},"title":"Am 9. Mai: Dank den Sowjetsoldaten!","author":"Webredaktion","date":"14. Mai 2019","format":false,"excerpt":"Ansprache von Klaus Hartmann, Bundesvorsitzender des Deutschen Freidenker-Verbandes,\u00a0 am 9. Mai 2019 auf dem Hauptfriedhof Frankfurt am Main Unsere Trauer um die Opfer, um die Gefallenen, um die Ermordeten, bedeutet einerseits ehrendes Gedenken, aber es ist zugleich Mahnung: Nie wieder Faschismus, nie wieder Krieg! Diese Mahnung bedeutet zuerst, nicht zuzulassen,\u2026","rel":"","context":"In &quot;Frieden - Antifaschismus - Solidarit\u00e4t&quot;","block_context":{"text":"Frieden - Antifaschismus - Solidarit\u00e4t","link":"https:\/\/www.freidenker.org\/?cat=13"},"img":{"alt_text":"","src":"https:\/\/i0.wp.com\/www.freidenker.org\/fw17\/wp-content\/uploads\/2019\/05\/190509-Tag-des-Sieges-2019-Gelbwesten_800x445.jpg?fit=800%2C445&ssl=1&resize=350%2C200","width":350,"height":200,"srcset":"https:\/\/i0.wp.com\/www.freidenker.org\/fw17\/wp-content\/uploads\/2019\/05\/190509-Tag-des-Sieges-2019-Gelbwesten_800x445.jpg?fit=800%2C445&ssl=1&resize=350%2C200 1x, https:\/\/i0.wp.com\/www.freidenker.org\/fw17\/wp-content\/uploads\/2019\/05\/190509-Tag-des-Sieges-2019-Gelbwesten_800x445.jpg?fit=800%2C445&ssl=1&resize=525%2C300 1.5x, https:\/\/i0.wp.com\/www.freidenker.org\/fw17\/wp-content\/uploads\/2019\/05\/190509-Tag-des-Sieges-2019-Gelbwesten_800x445.jpg?fit=800%2C445&ssl=1&resize=700%2C400 2x"},"classes":[]}],"_links":{"self":[{"href":"https:\/\/www.freidenker.org\/index.php?rest_route=\/wp\/v2\/posts\/10244","targetHints":{"allow":["GET"]}}],"collection":[{"href":"https:\/\/www.freidenker.org\/index.php?rest_route=\/wp\/v2\/posts"}],"about":[{"href":"https:\/\/www.freidenker.org\/index.php?rest_route=\/wp\/v2\/types\/post"}],"author":[{"embeddable":true,"href":"https:\/\/www.freidenker.org\/index.php?rest_route=\/wp\/v2\/users\/3"}],"replies":[{"embeddable":true,"href":"https:\/\/www.freidenker.org\/index.php?rest_route=%2Fwp%2Fv2%2Fcomments&post=10244"}],"version-history":[{"count":0,"href":"https:\/\/www.freidenker.org\/index.php?rest_route=\/wp\/v2\/posts\/10244\/revisions"}],"wp:featuredmedia":[{"embeddable":true,"href":"https:\/\/www.freidenker.org\/index.php?rest_route=\/wp\/v2\/media\/10319"}],"wp:attachment":[{"href":"https:\/\/www.freidenker.org\/index.php?rest_route=%2Fwp%2Fv2%2Fmedia&parent=10244"}],"wp:term":[{"taxonomy":"category","embeddable":true,"href":"https:\/\/www.freidenker.org\/index.php?rest_route=%2Fwp%2Fv2%2Fcategories&post=10244"},{"taxonomy":"post_tag","embeddable":true,"href":"https:\/\/www.freidenker.org\/index.php?rest_route=%2Fwp%2Fv2%2Ftags&post=10244"}],"curies":[{"name":"wp","href":"https:\/\/api.w.org\/{rel}","templated":true}]}}