{"id":10239,"date":"2021-05-10T23:50:30","date_gmt":"2021-05-10T21:50:30","guid":{"rendered":"https:\/\/www.freidenker.org\/?p=10239"},"modified":"2021-06-02T23:07:24","modified_gmt":"2021-06-02T21:07:24","slug":"linken-politiker-zum-tag-des-sieges-die-gruenen-als-trauma-der-deutsch-russischen-beziehungen","status":"publish","type":"post","link":"https:\/\/www.freidenker.org\/?p=10239","title":{"rendered":"Linken-Politiker zum Tag des Sieges: Die Gr\u00fcnen als Trauma der deutsch-russischen Beziehungen"},"content":{"rendered":"<p><em>Bericht von <a href=\"https:\/\/de.rt.com\/russland\/117234-linken-politiker-zum-tag-sieges\/\" target=\"_blank\" rel=\"noopener\"><strong>RT DE<\/strong><\/a><br \/>\n<\/em><\/p>\n<p><span style=\"font-size: 10pt;\">Erstver\u00f6ffentlichung am 9. Mai 2021<\/span><\/p>\n<p>Bei der Moskauer Siegesparade traf RT auf die deutschen Politiker Diether Dehm und Michael Schlick. Dehm fordert eine breite Volksfront gegen neue Kriege. Schlick betont das gemeinsame Interesse einer gesicherten Energieversorgung. Beide warnen vor der Gefahr durch die Macht\u00fcbernahme der Gr\u00fcnen.<\/p>\n<p>Der 9. Mai ist der &#8222;Tag des Sieges&#8220; in Russland und einer der wichtigsten Feiertage der heutigen Russischen F\u00f6deration. In Berlin finden anl\u00e4sslich des Sieges der Sowjetunion \u00fcber das faschistische Deutsche Reich Veranstaltungen in der N\u00e4he des Sowjetischen Ehrenmals im Treptower Park statt.<\/p>\n<p><em>RT<\/em> traf an diesem besonderen Tag in Moskau Dr. Diether Dehm. Der\u00a0Musikproduzent, Liedermacher und Bundestagsabgeordnete (Die Linke) nutzte die Gelegenheit, um eine Br\u00fccke zwischen dem historischen Tag und einer friedlichen Zukunft zu schlagen:<\/p>\n<p>&#8222;Wenn wir heute eine breite Volksfront, gegen die neuen Leichenberge und die neuen Kriege, die NATO wollen, dann m\u00fcssen wir Minderheiten und Mehrheiten, also die werkt\u00e4tigen Mehrheiten und die auch vom Faschismus Verfolgten zusammenf\u00fchren unter der F\u00fchrung der Arbeiterklasse.&#8220;<\/p>\n<p>Er zeigte sich dankbar &#8222;f\u00fcr die Freiheit&#8220;, hier mit der Journalistin von <em>RT<\/em> reden zu d\u00fcrfen. Die Erinnerung an die Befreiung\u00a0vom Faschismus ist sehr unterschiedlich. Einige verdr\u00e4ngten\u00a0die Rolle der Sowjetunion in der Befreiung.<\/p>\n<p>Dehm wagt einen Blick in die Zukunft. Eine Regierungsbeteiligung der Gr\u00fcnen w\u00fcrde, angesichts ihrer Russophobie, nichts Gutes verhei\u00dfen.<\/p>\n<div class=\"jetpack-video-wrapper\"><span class=\"embed-youtube\" style=\"text-align:center; display: block;\"><iframe loading=\"lazy\" class=\"youtube-player\" width=\"800\" height=\"450\" src=\"https:\/\/www.youtube.com\/embed\/MP4_TOvA-sE?version=3&#038;rel=1&#038;showsearch=0&#038;showinfo=1&#038;iv_load_policy=1&#038;fs=1&#038;hl=de-DE&#038;autohide=2&#038;wmode=transparent\" allowfullscreen=\"true\" style=\"border:0;\" sandbox=\"allow-scripts allow-same-origin allow-popups allow-presentation allow-popups-to-escape-sandbox\"><\/iframe><\/span><\/div>\n<p style=\"text-align: center;\"><span style=\"font-size: 10pt;\">Interview mit Diether Dehm<\/span><\/p>\n<p>Auch der Pressesprecher der Linksfraktion\u00a0im Deutschen Bundestag, Michael Schlick, fand sich unter den Teilnehmern der Moskauer Siegesparade.<\/p>\n<p>Schlick\u00a0fand es wichtig, dabei zu sein, um &#8222;Danke zu sagen&#8220; f\u00fcr das, was die Rote Armee geleistet hat.<\/p>\n<p>Im R\u00fcckblick auf die &#8222;guten&#8220; deutsch-russischen Beziehungen sagte Schlick: &#8222;Im letzten Jahr waren es 50 Jahre, dass der erste Gasvertrag abgeschlossen war.&#8220; Dass die Bef\u00fcrworter von Nord Stream immer weniger werden, ist eine Sache, die nicht nachvollziehbar ist. Die deutsch-russischen Beziehungen sind auf einem Niveau, das schlimmer als der k\u00e4lteste Krieg ist. Auch Schlick sorgt sich vor der Kanzlerschaft der Gr\u00fcnen, denn dies werde die deutsch-russischen Beziehungen weiter verschlechtern.<\/p>\n<div class=\"jetpack-video-wrapper\"><span class=\"embed-youtube\" style=\"text-align:center; display: block;\"><iframe loading=\"lazy\" class=\"youtube-player\" width=\"800\" height=\"450\" src=\"https:\/\/www.youtube.com\/embed\/zqR0AAJYH1A?version=3&#038;rel=1&#038;showsearch=0&#038;showinfo=1&#038;iv_load_policy=1&#038;fs=1&#038;hl=de-DE&#038;autohide=2&#038;wmode=transparent\" allowfullscreen=\"true\" style=\"border:0;\" sandbox=\"allow-scripts allow-same-origin allow-popups allow-presentation allow-popups-to-escape-sandbox\"><\/iframe><\/span><\/div>\n<p style=\"text-align: center;\"><span style=\"font-size: 10pt;\">Interview mit Michael Schlick<\/span><\/p>\n<p>&nbsp;<\/p>\n<hr \/>\n<p><span style=\"font-size: 10pt;\">Bild oben: 9. Mai 2021 am Roten Platz in Moskau: Freidenker-Beiratsmitglied Dr. Diether Dehm MdB mit Gennadi Andrejewitsch Sjuganow, Vorsitzender des Zentralkomitees der Kommunistischen Partei der Russischen F\u00f6deration.<\/span><\/p>\n","protected":false},"excerpt":{"rendered":"<p><b>Bericht von RT Deutsch<\/b><br \/>\nDer 9. Mai ist der &#8222;Tag des Sieges&#8220; in Russland und einer der wichtigsten Feiertage der heutigen Russischen F\u00f6deration. &#8230; RT traf an diesem besonderen Tag in Moskau Dr. Diether Dehm. Der\u00a0Musikproduzent, Liedermacher und Bundestagsabgeordnete (Die Linke) nutzte die Gelegenheit, um eine Br\u00fccke zwischen dem historischen Tag und einer friedlichen Zukunft zu schlagen: &#8222;Wenn wir heute eine breite Volksfront, gegen die neuen Leichenberge und die neuen Kriege, die NATO wollen, dann m\u00fcssen wir Minderheiten und Mehrheiten, also die werkt\u00e4tigen Mehrheiten und die auch vom Faschismus Verfolgten zusammenf\u00fchren unter der F\u00fchrung der Arbeiterklasse.&#8220; &#8230;. Dehm wagt einen Blick in die Zukunft. Eine Regierungsbeteiligung der Gr\u00fcnen w\u00fcrde, angesichts ihrer Russophobie, nichts Gutes verhei\u00dfen.<\/p>\n","protected":false},"author":3,"featured_media":10240,"comment_status":"closed","ping_status":"closed","sticky":false,"template":"","format":"standard","meta":{"colormag_page_container_layout":"default_layout","colormag_page_sidebar_layout":"default_layout","advanced_seo_description":"","jetpack_seo_html_title":"","jetpack_seo_noindex":false,"jetpack_post_was_ever_published":false,"footnotes":""},"categories":[13],"tags":[613,685,222,430,687],"class_list":["post-10239","post","type-post","status-publish","format-standard","has-post-thumbnail","hentry","category-frieden-antifaschismus-solidaritaet","tag-befreiung-vom-faschismus","tag-moskau","tag-russland","tag-sowjetunion","tag-tag-der-befreiung"],"jetpack_featured_media_url":"https:\/\/i0.wp.com\/www.freidenker.org\/fw17\/wp-content\/uploads\/2021\/05\/Dehm_SjuganovIMG_9271.jpg?fit=800%2C450&ssl=1","jetpack_shortlink":"https:\/\/wp.me\/p9stpK-2F9","jetpack-related-posts":[{"id":6392,"url":"https:\/\/www.freidenker.org\/?p=6392","url_meta":{"origin":10239,"position":0},"title":"Am 9. Mai: Dank den Sowjetsoldaten!","author":"Webredaktion","date":"14. Mai 2019","format":false,"excerpt":"Ansprache von Klaus Hartmann, Bundesvorsitzender des Deutschen Freidenker-Verbandes,\u00a0 am 9. Mai 2019 auf dem Hauptfriedhof Frankfurt am Main Unsere Trauer um die Opfer, um die Gefallenen, um die Ermordeten, bedeutet einerseits ehrendes Gedenken, aber es ist zugleich Mahnung: Nie wieder Faschismus, nie wieder Krieg! Diese Mahnung bedeutet zuerst, nicht zuzulassen,\u2026","rel":"","context":"In &quot;Frieden - Antifaschismus - Solidarit\u00e4t&quot;","block_context":{"text":"Frieden - Antifaschismus - Solidarit\u00e4t","link":"https:\/\/www.freidenker.org\/?cat=13"},"img":{"alt_text":"","src":"https:\/\/i0.wp.com\/www.freidenker.org\/fw17\/wp-content\/uploads\/2019\/05\/190509-Tag-des-Sieges-2019-Gelbwesten_800x445.jpg?fit=800%2C445&ssl=1&resize=350%2C200","width":350,"height":200,"srcset":"https:\/\/i0.wp.com\/www.freidenker.org\/fw17\/wp-content\/uploads\/2019\/05\/190509-Tag-des-Sieges-2019-Gelbwesten_800x445.jpg?fit=800%2C445&ssl=1&resize=350%2C200 1x, https:\/\/i0.wp.com\/www.freidenker.org\/fw17\/wp-content\/uploads\/2019\/05\/190509-Tag-des-Sieges-2019-Gelbwesten_800x445.jpg?fit=800%2C445&ssl=1&resize=525%2C300 1.5x, https:\/\/i0.wp.com\/www.freidenker.org\/fw17\/wp-content\/uploads\/2019\/05\/190509-Tag-des-Sieges-2019-Gelbwesten_800x445.jpg?fit=800%2C445&ssl=1&resize=700%2C400 2x"},"classes":[]},{"id":2992,"url":"https:\/\/www.freidenker.org\/?p=2992","url_meta":{"origin":10239,"position":1},"title":"Nach 70 Jahren immer noch \u00c4rger mit der Befreiung vom Faschismus","author":"Webredaktion","date":"28. April 2015","format":false,"excerpt":"Bundeskanzlerin Merkel wird laut einem Bericht nicht an der Weltkriegsgedenkfeier in Moskau teilnehmen. Regierungssprecher Seibert dementierte, dass Merkel \u00fcber die Befreiung vom Faschismus ver\u00e4rgert sei. Er wies auch Spekulationen zur\u00fcck, die Kanzlerin wolle bei der aktuellen Mobilmachung gegen Russland nicht daran erinnert werden, wie der letzte Feldzug endete. Die Gr\u00fcnde\u2026","rel":"","context":"In &quot;Demokratie \u2013 Medien \u2013 Aufkl\u00e4rung&quot;","block_context":{"text":"Demokratie \u2013 Medien \u2013 Aufkl\u00e4rung","link":"https:\/\/www.freidenker.org\/?cat=12"},"img":{"alt_text":"","src":"https:\/\/i0.wp.com\/www.freidenker.org\/fw17\/wp-content\/uploads\/2015\/04\/merkel_parade_collage_800x445.jpg?fit=800%2C445&ssl=1&resize=350%2C200","width":350,"height":200,"srcset":"https:\/\/i0.wp.com\/www.freidenker.org\/fw17\/wp-content\/uploads\/2015\/04\/merkel_parade_collage_800x445.jpg?fit=800%2C445&ssl=1&resize=350%2C200 1x, https:\/\/i0.wp.com\/www.freidenker.org\/fw17\/wp-content\/uploads\/2015\/04\/merkel_parade_collage_800x445.jpg?fit=800%2C445&ssl=1&resize=525%2C300 1.5x, https:\/\/i0.wp.com\/www.freidenker.org\/fw17\/wp-content\/uploads\/2015\/04\/merkel_parade_collage_800x445.jpg?fit=800%2C445&ssl=1&resize=700%2C400 2x"},"classes":[]},{"id":19086,"url":"https:\/\/www.freidenker.org\/?p=19086","url_meta":{"origin":10239,"position":2},"title":"Befreiung vom Faschismus und Tag des Sieges 2024","author":"Webredaktion","date":"18. Mai 2024","format":false,"excerpt":"Zum Tag des Sieges \/ Tag der Befreiung fanden zahlreiche Veranstaltungen statt, an denen vielerorts auch Freidenker beteiligt waren. Wir berichten hier von den Veranstaltungen in Frankfurt am Main am 05. und 09. Mai, Offenbach am 08. Mai und Berlin am 09. Mai 2024. 05.05.2024 \u2013 Marsch des unsterblichen Regiments\u2026","rel":"","context":"In &quot;Demokratie \u2013 Medien \u2013 Aufkl\u00e4rung&quot;","block_context":{"text":"Demokratie \u2013 Medien \u2013 Aufkl\u00e4rung","link":"https:\/\/www.freidenker.org\/?cat=12"},"img":{"alt_text":"","src":"https:\/\/i0.wp.com\/www.freidenker.org\/fw17\/wp-content\/uploads\/2024\/05\/Hartmann_Tag_des_Sieges_FaM_2024_800x450.jpg?fit=800%2C450&ssl=1&resize=350%2C200","width":350,"height":200,"srcset":"https:\/\/i0.wp.com\/www.freidenker.org\/fw17\/wp-content\/uploads\/2024\/05\/Hartmann_Tag_des_Sieges_FaM_2024_800x450.jpg?fit=800%2C450&ssl=1&resize=350%2C200 1x, https:\/\/i0.wp.com\/www.freidenker.org\/fw17\/wp-content\/uploads\/2024\/05\/Hartmann_Tag_des_Sieges_FaM_2024_800x450.jpg?fit=800%2C450&ssl=1&resize=525%2C300 1.5x, https:\/\/i0.wp.com\/www.freidenker.org\/fw17\/wp-content\/uploads\/2024\/05\/Hartmann_Tag_des_Sieges_FaM_2024_800x450.jpg?fit=800%2C450&ssl=1&resize=700%2C400 2x"},"classes":[]},{"id":16017,"url":"https:\/\/www.freidenker.org\/?p=16017","url_meta":{"origin":10239,"position":3},"title":"Befreiung vom Faschismus und Tag des Sieges 2023","author":"Webredaktion","date":"13. Mai 2023","format":false,"excerpt":"Wir dokumentieren - den Marsch des Unsterblichen Regiments am 07. Mai 2023 in Frankfurt am Main mit Kundgebung am Opernplatz und Demonstration zum R\u00f6merberg, Reden von Sebastian Bahlo (Text) und von Sergey Filbert (Video) - Bilder von der Gedenkstunde am 08.05.2023 zum Tag der Befreiung am Mahnmal f\u00fcr die Opfer\u2026","rel":"","context":"In &quot;Frieden - Antifaschismus - Solidarit\u00e4t&quot;","block_context":{"text":"Frieden - Antifaschismus - Solidarit\u00e4t","link":"https:\/\/www.freidenker.org\/?cat=13"},"img":{"alt_text":"","src":"https:\/\/i0.wp.com\/www.freidenker.org\/fw17\/wp-content\/uploads\/2023\/05\/TdB_2023_20230509_113616_800x450.jpg?fit=800%2C450&ssl=1&resize=350%2C200","width":350,"height":200,"srcset":"https:\/\/i0.wp.com\/www.freidenker.org\/fw17\/wp-content\/uploads\/2023\/05\/TdB_2023_20230509_113616_800x450.jpg?fit=800%2C450&ssl=1&resize=350%2C200 1x, https:\/\/i0.wp.com\/www.freidenker.org\/fw17\/wp-content\/uploads\/2023\/05\/TdB_2023_20230509_113616_800x450.jpg?fit=800%2C450&ssl=1&resize=525%2C300 1.5x, https:\/\/i0.wp.com\/www.freidenker.org\/fw17\/wp-content\/uploads\/2023\/05\/TdB_2023_20230509_113616_800x450.jpg?fit=800%2C450&ssl=1&resize=700%2C400 2x"},"classes":[]},{"id":10166,"url":"https:\/\/www.freidenker.org\/?p=10166","url_meta":{"origin":10239,"position":4},"title":"Flugblatt zum 8. und 9. Mai 2021: Befreiung von Faschismus und Krieg","author":"Webredaktion","date":"2. Mai 2021","format":false,"excerpt":"Erfreulicherweise werden die Tage der Befreiung und des Sieges in immer gr\u00f6\u00dferem B\u00fcndnisrahmen zur Kenntnis genommen und durch Aktionen gew\u00fcrdigt. Weniger erfreulich, dass Aktionen in diesem Jahr hier und da mit der Begr\u00fcndung \"des Infektionsgeschehens\" storniert werden. Au\u00dferdem ist zu beobachten, das eine Reihe von Aufrufen zu den Jahrestagen inzwischen\u2026","rel":"","context":"In &quot;Frieden - Antifaschismus - Solidarit\u00e4t&quot;","block_context":{"text":"Frieden - Antifaschismus - Solidarit\u00e4t","link":"https:\/\/www.freidenker.org\/?cat=13"},"img":{"alt_text":"","src":"https:\/\/i0.wp.com\/www.freidenker.org\/fw17\/wp-content\/uploads\/2021\/05\/victory-day-1396078_800x450.jpg?fit=800%2C450&ssl=1&resize=350%2C200","width":350,"height":200,"srcset":"https:\/\/i0.wp.com\/www.freidenker.org\/fw17\/wp-content\/uploads\/2021\/05\/victory-day-1396078_800x450.jpg?fit=800%2C450&ssl=1&resize=350%2C200 1x, https:\/\/i0.wp.com\/www.freidenker.org\/fw17\/wp-content\/uploads\/2021\/05\/victory-day-1396078_800x450.jpg?fit=800%2C450&ssl=1&resize=525%2C300 1.5x, https:\/\/i0.wp.com\/www.freidenker.org\/fw17\/wp-content\/uploads\/2021\/05\/victory-day-1396078_800x450.jpg?fit=800%2C450&ssl=1&resize=700%2C400 2x"},"classes":[]},{"id":13100,"url":"https:\/\/www.freidenker.org\/?p=13100","url_meta":{"origin":10239,"position":5},"title":"Weltnetz im Gespr\u00e4ch mit Klaus Hartmann am Tag der Befreiung in Moskau","author":"Webredaktion","date":"12. Mai 2022","format":false,"excerpt":"Klaus Hartmann, stellvertretender Vorsitzender des Deutschen Freidenker-Verbandes,\u00a0 spricht \u00fcber den Tag des Sieges \u00fcber den Faschismus und wie er dieses Jahr in Mokau begangen wird.","rel":"","context":"In &quot;Frieden - Antifaschismus - Solidarit\u00e4t&quot;","block_context":{"text":"Frieden - Antifaschismus - Solidarit\u00e4t","link":"https:\/\/www.freidenker.org\/?cat=13"},"img":{"alt_text":"","src":"https:\/\/i0.wp.com\/www.freidenker.org\/fw17\/wp-content\/uploads\/2022\/05\/Hartmann_Moskau_2022-05-09.jpg?fit=800%2C450&ssl=1&resize=350%2C200","width":350,"height":200,"srcset":"https:\/\/i0.wp.com\/www.freidenker.org\/fw17\/wp-content\/uploads\/2022\/05\/Hartmann_Moskau_2022-05-09.jpg?fit=800%2C450&ssl=1&resize=350%2C200 1x, https:\/\/i0.wp.com\/www.freidenker.org\/fw17\/wp-content\/uploads\/2022\/05\/Hartmann_Moskau_2022-05-09.jpg?fit=800%2C450&ssl=1&resize=525%2C300 1.5x, https:\/\/i0.wp.com\/www.freidenker.org\/fw17\/wp-content\/uploads\/2022\/05\/Hartmann_Moskau_2022-05-09.jpg?fit=800%2C450&ssl=1&resize=700%2C400 2x"},"classes":[]}],"_links":{"self":[{"href":"https:\/\/www.freidenker.org\/index.php?rest_route=\/wp\/v2\/posts\/10239","targetHints":{"allow":["GET"]}}],"collection":[{"href":"https:\/\/www.freidenker.org\/index.php?rest_route=\/wp\/v2\/posts"}],"about":[{"href":"https:\/\/www.freidenker.org\/index.php?rest_route=\/wp\/v2\/types\/post"}],"author":[{"embeddable":true,"href":"https:\/\/www.freidenker.org\/index.php?rest_route=\/wp\/v2\/users\/3"}],"replies":[{"embeddable":true,"href":"https:\/\/www.freidenker.org\/index.php?rest_route=%2Fwp%2Fv2%2Fcomments&post=10239"}],"version-history":[{"count":0,"href":"https:\/\/www.freidenker.org\/index.php?rest_route=\/wp\/v2\/posts\/10239\/revisions"}],"wp:featuredmedia":[{"embeddable":true,"href":"https:\/\/www.freidenker.org\/index.php?rest_route=\/wp\/v2\/media\/10240"}],"wp:attachment":[{"href":"https:\/\/www.freidenker.org\/index.php?rest_route=%2Fwp%2Fv2%2Fmedia&parent=10239"}],"wp:term":[{"taxonomy":"category","embeddable":true,"href":"https:\/\/www.freidenker.org\/index.php?rest_route=%2Fwp%2Fv2%2Fcategories&post=10239"},{"taxonomy":"post_tag","embeddable":true,"href":"https:\/\/www.freidenker.org\/index.php?rest_route=%2Fwp%2Fv2%2Ftags&post=10239"}],"curies":[{"name":"wp","href":"https:\/\/api.w.org\/{rel}","templated":true}]}}