{"id":10223,"date":"2021-05-07T23:56:21","date_gmt":"2021-05-07T21:56:21","guid":{"rendered":"https:\/\/www.freidenker.org\/?p=10223"},"modified":"2021-06-02T23:06:00","modified_gmt":"2021-06-02T21:06:00","slug":"rolf-becker-fuer-erich-fried-zum-100-geburtstag","status":"publish","type":"post","link":"https:\/\/www.freidenker.org\/?p=10223","title":{"rendered":"Rolf Becker f\u00fcr Erich Fried zum 100. Geburtstag"},"content":{"rendered":"<p><em>Video von<strong> weltnetz.tv<\/strong><\/em><\/p>\n<p>Erich Fried w\u00e4re am 6. Mai 2021 hundert Jahre alt geworden.<\/p>\n<p><a href=\"https:\/\/www.youtube.com\/watch?v=rtkfIPytJQ0\" target=\"_blank\" rel=\"noopener\"><i>weltnetz.tv<\/i><\/a> schreibt dazu u.a.:\u00a0&#8222;Erich Fried geh\u00f6rt zu den bedeutendsten Dichtern deutscher Sprache im 20. Jahrhundert. Als ein der Verfolgung des Naziregimes Entkommener engagierte er sich praktisch und als Autor lebenslang gegen faschistoide Gewalt und Entfremdung im Kapitalismus.&#8220;<\/p>\n<p>Freidenker-Beiratsmitglied und Schauspieler Rolf Becker berichtet in diesem Beitrag \u00fcber seine Treffen und Diskussionen mit Erich Fried und er rezitiert zudem einige Gedichte des Dichters.<\/p>\n<p>Sie sind in Publikationen beim Verlag Klaus Wagenbach erschienen: <a href=\"https:\/\/www.wagenbach.de\/buecher\/titel\/1271-mitunter-sogar-lachen.html\" target=\"_blank\" rel=\"noopener\">https:\/\/www.wagenbach.de\/buecher\/titel\/1271-mitunter-sogar-lachen.html<\/a> . Beim Westend Verlag erschien soeben: Susann Witt-Stahl und Moshe Zuckermann, Gegen Entfremdung. Lyriker der Emanzipation und streitbarer Intellektueller. Gespr\u00e4che \u00fcber Erich Fried. Vorwort von Rolf Becker: <a href=\"https:\/\/www.westendverlag.de\/buch\/gegen-entfremdung\/\" target=\"_blank\" rel=\"noopener\">https:\/\/www.westendverlag.de\/buch\/gegen-entfremdung\/<\/a><\/p>\n<p>Gedichte in diesem Video:<\/p>\n<ul>\n<li>F\u00fcr Rudi Dutschke<\/li>\n<li>Wer sind wir wieder? (&#8222;Wir werden weitermarschieren, und wenn alles in Scherben f\u00e4llt! &#8230;&#8220;)<\/li>\n<li>Im Pentagon<\/li>\n<li>Vordruck<\/li>\n<li>(Aus &#8222;Freiheit und Selbstbestimmung f\u00fcr die Pal\u00e4stinenser&#8220;:) Benennungen<\/li>\n<li>Die Zeit der Verleumder<\/li>\n<li>Bevor ich sterbe<\/li>\n<\/ul>\n<div class=\"jetpack-video-wrapper\"><span class=\"embed-youtube\" style=\"text-align:center; display: block;\"><iframe loading=\"lazy\" class=\"youtube-player\" width=\"800\" height=\"450\" src=\"https:\/\/www.youtube.com\/embed\/rtkfIPytJQ0?version=3&#038;rel=1&#038;showsearch=0&#038;showinfo=1&#038;iv_load_policy=1&#038;fs=1&#038;hl=de-DE&#038;autohide=2&#038;wmode=transparent\" allowfullscreen=\"true\" style=\"border:0;\" sandbox=\"allow-scripts allow-same-origin allow-popups allow-presentation allow-popups-to-escape-sandbox\"><\/iframe><\/span><\/div>\n<p><span style=\"font-size: 10pt;\">Direktlink zum Video von weltnetz.tv auf YouTube: <a href=\"https:\/\/www.youtube.com\/watch?v=rtkfIPytJQ0\" target=\"_blank\" rel=\"noopener\">https:\/\/www.youtube.com\/watch?v=rtkfIPytJQ0<\/a><\/span><\/p>\n<hr \/>\n<p><span style=\"font-size: 10pt;\">Bild oben: Screenshot aus dem Video von weltnetz.tv<\/span><\/p>\n","protected":false},"excerpt":{"rendered":"<p><b>Video von weltnetz.tv<\/b><br \/>\nErich Fried w\u00e4re am 6. Mai 2021 hundert Jahre alt geworden. weltnetz.tv schreibt dazu u.a.:\u00a0&#8222;Erich Fried geh\u00f6rt zu den bedeutendsten Dichtern deutscher Sprache im 20. Jahrhundert. Als ein der Verfolgung des Naziregimes Entkommener engagierte er sich praktisch und als Autor lebenslang gegen faschistoide Gewalt und Entfremdung im Kapitalismus.&#8220;<br \/>\nFreidenker-Beiratsmitglied und Schauspieler Rolf Becker berichtet in diesem Beitrag \u00fcber seine Treffen und Diskussionen mit Erich Fried und er rezitiert zudem einige Gedichte des Dichters.<\/p>\n","protected":false},"author":3,"featured_media":10224,"comment_status":"closed","ping_status":"closed","sticky":false,"template":"","format":"standard","meta":{"colormag_page_container_layout":"default_layout","colormag_page_sidebar_layout":"default_layout","advanced_seo_description":"","jetpack_seo_html_title":"","jetpack_seo_noindex":false,"jetpack_post_was_ever_published":false,"footnotes":""},"categories":[913],"tags":[370,935,159,407,1390],"class_list":["post-10223","post","type-post","status-publish","format-standard","has-post-thumbnail","hentry","category-kultur-kunst","tag-antifaschismus","tag-erich-fried","tag-freiheit","tag-kunst","tag-literatur"],"jetpack_featured_media_url":"https:\/\/i0.wp.com\/www.freidenker.org\/fw17\/wp-content\/uploads\/2021\/05\/fried_becker_800x450.jpg?fit=800%2C450&ssl=1","jetpack_shortlink":"https:\/\/wp.me\/p9stpK-2ET","jetpack-related-posts":[{"id":4464,"url":"https:\/\/www.freidenker.org\/?p=4464","url_meta":{"origin":10223,"position":0},"title":"Zeit der Verleumder &#8211; Freidenker f\u00fcr Klartext","author":"Webredaktion","date":"1. Februar 2015","format":false,"excerpt":"Nicht mehr nur Kommunisten oder der Sozialismus stehen im Zentrum der Angriffe durch die Ideologen der Herrschenden, zunehmend sind auch der Antifaschismus und die Friedensbewegung Ziel von Denunzianten, Diversanten und Spaltern. Ihnen offensiv entgegenzutreten, betrachten Freidenker als Teil ihres Kampfes um Aufkl\u00e4rung. Wir lie\u00dfen uns beim Titel dieser Rubrik durch\u2026","rel":"","context":"In &quot;Demokratie \u2013 Medien \u2013 Aufkl\u00e4rung&quot;","block_context":{"text":"Demokratie \u2013 Medien \u2013 Aufkl\u00e4rung","link":"https:\/\/www.freidenker.org\/?cat=12"},"img":{"alt_text":"","src":"https:\/\/i0.wp.com\/www.freidenker.org\/fw17\/wp-content\/uploads\/2017\/12\/Klartext_Kanal_800x445.jpg?fit=800%2C445&ssl=1&resize=350%2C200","width":350,"height":200,"srcset":"https:\/\/i0.wp.com\/www.freidenker.org\/fw17\/wp-content\/uploads\/2017\/12\/Klartext_Kanal_800x445.jpg?fit=800%2C445&ssl=1&resize=350%2C200 1x, https:\/\/i0.wp.com\/www.freidenker.org\/fw17\/wp-content\/uploads\/2017\/12\/Klartext_Kanal_800x445.jpg?fit=800%2C445&ssl=1&resize=525%2C300 1.5x, https:\/\/i0.wp.com\/www.freidenker.org\/fw17\/wp-content\/uploads\/2017\/12\/Klartext_Kanal_800x445.jpg?fit=800%2C445&ssl=1&resize=700%2C400 2x"},"classes":[]},{"id":543,"url":"https:\/\/www.freidenker.org\/?p=543","url_meta":{"origin":10223,"position":1},"title":"Erich Buchholz: Rechtsgewinne?","author":"Webmaster","date":"1. M\u00e4rz 2012","format":false,"excerpt":"Kurzrezension zu Erich Buchholz \"Rechtsgewinne\" (2. Aufl.) Die im Westen hoch gefeierten \u201eHelden von Leipzig\u201c, die \u00fcberwiegend ungewollt und unbeabsichtigt zum Ende der DDR beigetragen hatten, erweisen sich im Nachhinein als Schlachtopfer der DDR feindlichen Politiker: Sie haben, wie alle DDR-B\u00fcrger, unter einem enormen Rechtsverlust infolge der Beseitigung der DDR\u2026","rel":"","context":"In &quot;Publikationen von Freidenkern&quot;","block_context":{"text":"Publikationen von Freidenkern","link":"https:\/\/www.freidenker.org\/?cat=7"},"img":{"alt_text":"","src":"https:\/\/i0.wp.com\/www.freidenker.org\/fw17\/wp-content\/uploads\/2016\/08\/Recht.jpg?fit=800%2C445&ssl=1&resize=350%2C200","width":350,"height":200,"srcset":"https:\/\/i0.wp.com\/www.freidenker.org\/fw17\/wp-content\/uploads\/2016\/08\/Recht.jpg?fit=800%2C445&ssl=1&resize=350%2C200 1x, https:\/\/i0.wp.com\/www.freidenker.org\/fw17\/wp-content\/uploads\/2016\/08\/Recht.jpg?fit=800%2C445&ssl=1&resize=525%2C300 1.5x, https:\/\/i0.wp.com\/www.freidenker.org\/fw17\/wp-content\/uploads\/2016\/08\/Recht.jpg?fit=800%2C445&ssl=1&resize=700%2C400 2x"},"classes":[]},{"id":9083,"url":"https:\/\/www.freidenker.org\/?p=9083","url_meta":{"origin":10223,"position":2},"title":"Wir trauern um Prof. Erich Buchholz","author":"Webredaktion","date":"25. Dezember 2020","format":false,"excerpt":"Nachruf auf Prof. Dr. jur. habil. Erich Buchholz, 08.02.1927 \u2013 11.12.2020 Erich Buchholz, in Berlin geboren und aufgewachsen, studierte 1948 bis 1952 Rechtswissenschaften an der Humboldt-Universit\u00e4t. Nach der Promotion 1953 und seiner Habilitation 1963 wurde er 1965 Professor und war von 1966 bis 1989 Dekan der Juristischen Fakult\u00e4t sowie Leiter\u2026","rel":"","context":"In &quot;Weltliche Trauerkultur&quot;","block_context":{"text":"Weltliche Trauerkultur","link":"https:\/\/www.freidenker.org\/?cat=17"},"img":{"alt_text":"","src":"https:\/\/i0.wp.com\/www.freidenker.org\/fw17\/wp-content\/uploads\/2020\/12\/Erich_Buchholz-1.jpg?fit=800%2C450&ssl=1&resize=350%2C200","width":350,"height":200,"srcset":"https:\/\/i0.wp.com\/www.freidenker.org\/fw17\/wp-content\/uploads\/2020\/12\/Erich_Buchholz-1.jpg?fit=800%2C450&ssl=1&resize=350%2C200 1x, https:\/\/i0.wp.com\/www.freidenker.org\/fw17\/wp-content\/uploads\/2020\/12\/Erich_Buchholz-1.jpg?fit=800%2C450&ssl=1&resize=525%2C300 1.5x, https:\/\/i0.wp.com\/www.freidenker.org\/fw17\/wp-content\/uploads\/2020\/12\/Erich_Buchholz-1.jpg?fit=800%2C450&ssl=1&resize=700%2C400 2x"},"classes":[]},{"id":22382,"url":"https:\/\/www.freidenker.org\/?p=22382","url_meta":{"origin":10223,"position":3},"title":"Wir trauern um Prof. Dr. Erich Hahn","author":"Webredaktion","date":"14. Juli 2025","format":false,"excerpt":"Wir trauern um unseren Freund und Genossen Prof. Dr. Erich Hahn, 5. M\u00e4rz 1930 - 24. Juni 2025 Erich war Mitglied des Zentralkomitees der Sozialistischen Einheitspartei Deutschlands und Nationalpreistr\u00e4ger der DDR, er leitete an der Akademie f\u00fcr Gesellschaftswissenschaften beim ZK der SED das Institut f\u00fcr Marxistisch-Leninistische Philosophie und war Vorsitzender\u2026","rel":"","context":"In &quot;Weltliche Trauerkultur&quot;","block_context":{"text":"Weltliche Trauerkultur","link":"https:\/\/www.freidenker.org\/?cat=17"},"img":{"alt_text":"","src":"https:\/\/i0.wp.com\/www.freidenker.org\/fw17\/wp-content\/uploads\/2025\/07\/Erich_Hahn_Berlin_2007_v2_800x445_mR.jpg?fit=800%2C445&ssl=1&resize=350%2C200","width":350,"height":200,"srcset":"https:\/\/i0.wp.com\/www.freidenker.org\/fw17\/wp-content\/uploads\/2025\/07\/Erich_Hahn_Berlin_2007_v2_800x445_mR.jpg?fit=800%2C445&ssl=1&resize=350%2C200 1x, https:\/\/i0.wp.com\/www.freidenker.org\/fw17\/wp-content\/uploads\/2025\/07\/Erich_Hahn_Berlin_2007_v2_800x445_mR.jpg?fit=800%2C445&ssl=1&resize=525%2C300 1.5x, https:\/\/i0.wp.com\/www.freidenker.org\/fw17\/wp-content\/uploads\/2025\/07\/Erich_Hahn_Berlin_2007_v2_800x445_mR.jpg?fit=800%2C445&ssl=1&resize=700%2C400 2x"},"classes":[]},{"id":14430,"url":"https:\/\/www.freidenker.org\/?p=14430","url_meta":{"origin":10223,"position":4},"title":"Erich Schaffner singt Lieder gegen Kapitalismus, Faschismus und Krieg","author":"Webredaktion","date":"12. Oktober 2022","format":false,"excerpt":"Eine Montage zeitgen\u00f6ssischer Sichten bekannter und weniger bekannter Frauen und M\u00e4nner wie Zetkin, Weinert, Lessing, Brecht, Tucholsky, Mann u.v.m. Am Klavier: Georg Klemp Samstag, 29. Oktober 2022 um 19.30 Uhr, Villa Leon, N\u00fcrnberg","rel":"","context":"In &quot;Kultur &amp; Kunst&quot;","block_context":{"text":"Kultur &amp; Kunst","link":"https:\/\/www.freidenker.org\/?cat=913"},"img":{"alt_text":"","src":"https:\/\/i0.wp.com\/www.freidenker.org\/fw17\/wp-content\/uploads\/2022\/10\/heil_beil_gross_800x450.jpg?fit=800%2C450&ssl=1&resize=350%2C200","width":350,"height":200,"srcset":"https:\/\/i0.wp.com\/www.freidenker.org\/fw17\/wp-content\/uploads\/2022\/10\/heil_beil_gross_800x450.jpg?fit=800%2C450&ssl=1&resize=350%2C200 1x, https:\/\/i0.wp.com\/www.freidenker.org\/fw17\/wp-content\/uploads\/2022\/10\/heil_beil_gross_800x450.jpg?fit=800%2C450&ssl=1&resize=525%2C300 1.5x, https:\/\/i0.wp.com\/www.freidenker.org\/fw17\/wp-content\/uploads\/2022\/10\/heil_beil_gross_800x450.jpg?fit=800%2C450&ssl=1&resize=700%2C400 2x"},"classes":[]},{"id":940,"url":"https:\/\/www.freidenker.org\/?p=940","url_meta":{"origin":10223,"position":5},"title":"Lexikon des freien Denkens","author":"Webredaktion","date":"31. Oktober 2017","format":false,"excerpt":"Ein ganz besonderes Nachschlagewerk f\u00fcr Freundinnen und Freunde des freien Denkens, mit dem die Autoren und Herausgeber in einen Dialog mit den Nutzern treten m\u00f6chten ... Traditionelle Sichtweisen werden neben eigene, anders geartete Sichten der Stichworte gestellt. ... Zu jedem Stichwort werden in der Regel angeboten: eine ethymologische Ableitung; damit\u2026","rel":"","context":"In &quot;Publikationen f\u00fcr Freidenker&quot;","block_context":{"text":"Publikationen f\u00fcr Freidenker","link":"https:\/\/www.freidenker.org\/?cat=6"},"img":{"alt_text":"","src":"https:\/\/i0.wp.com\/www.freidenker.org\/fw17\/wp-content\/uploads\/2017\/12\/LdFD_800x445_mR_2.jpg?fit=800%2C445&ssl=1&resize=350%2C200","width":350,"height":200,"srcset":"https:\/\/i0.wp.com\/www.freidenker.org\/fw17\/wp-content\/uploads\/2017\/12\/LdFD_800x445_mR_2.jpg?fit=800%2C445&ssl=1&resize=350%2C200 1x, https:\/\/i0.wp.com\/www.freidenker.org\/fw17\/wp-content\/uploads\/2017\/12\/LdFD_800x445_mR_2.jpg?fit=800%2C445&ssl=1&resize=525%2C300 1.5x, https:\/\/i0.wp.com\/www.freidenker.org\/fw17\/wp-content\/uploads\/2017\/12\/LdFD_800x445_mR_2.jpg?fit=800%2C445&ssl=1&resize=700%2C400 2x"},"classes":[]}],"_links":{"self":[{"href":"https:\/\/www.freidenker.org\/index.php?rest_route=\/wp\/v2\/posts\/10223","targetHints":{"allow":["GET"]}}],"collection":[{"href":"https:\/\/www.freidenker.org\/index.php?rest_route=\/wp\/v2\/posts"}],"about":[{"href":"https:\/\/www.freidenker.org\/index.php?rest_route=\/wp\/v2\/types\/post"}],"author":[{"embeddable":true,"href":"https:\/\/www.freidenker.org\/index.php?rest_route=\/wp\/v2\/users\/3"}],"replies":[{"embeddable":true,"href":"https:\/\/www.freidenker.org\/index.php?rest_route=%2Fwp%2Fv2%2Fcomments&post=10223"}],"version-history":[{"count":0,"href":"https:\/\/www.freidenker.org\/index.php?rest_route=\/wp\/v2\/posts\/10223\/revisions"}],"wp:featuredmedia":[{"embeddable":true,"href":"https:\/\/www.freidenker.org\/index.php?rest_route=\/wp\/v2\/media\/10224"}],"wp:attachment":[{"href":"https:\/\/www.freidenker.org\/index.php?rest_route=%2Fwp%2Fv2%2Fmedia&parent=10223"}],"wp:term":[{"taxonomy":"category","embeddable":true,"href":"https:\/\/www.freidenker.org\/index.php?rest_route=%2Fwp%2Fv2%2Fcategories&post=10223"},{"taxonomy":"post_tag","embeddable":true,"href":"https:\/\/www.freidenker.org\/index.php?rest_route=%2Fwp%2Fv2%2Ftags&post=10223"}],"curies":[{"name":"wp","href":"https:\/\/api.w.org\/{rel}","templated":true}]}}