{"id":10134,"date":"2021-05-01T10:14:34","date_gmt":"2021-05-01T08:14:34","guid":{"rendered":"https:\/\/www.freidenker.org\/?p=10134"},"modified":"2021-06-02T23:06:54","modified_gmt":"2021-06-02T21:06:54","slug":"kundgebung-stoppt-den-krieg-gegen-den-donbass","status":"publish","type":"post","link":"https:\/\/www.freidenker.org\/?p=10134","title":{"rendered":"Kundgebung &#8222;Stoppt den Krieg gegen den Donbass!&#8220;"},"content":{"rendered":"<p>Unter dem Motto &#8222;<strong>Stoppt den Krieg gegen den Donbass und die Konfrontationspolitik gegen Russland!<\/strong>&#8220; fand am 28. April 2021 eine Kundgebung am Brandenburger Tor in Berlin statt.\u00a0Die Initiative zu dieser Veranstaltung, die von der Berliner Friko ausging, wurde vom Berliner Freidenker-Verband voll und ganz unterst\u00fctzt.<\/p>\n<p>Im Aufruf zur Kundgebung hie\u00df es:<\/p>\n<p style=\"padding-left: 40px;\">&#8222;Liebe Friedensfreundinnen und Friedensfreunde,<\/p>\n<p style=\"padding-left: 40px;\">der ukrainische Pr\u00e4sident hat mit dem Dekret 117 vom 24. M\u00e4rz 2021 beschlossen, die Krim und den Donbass milit\u00e4risch zur\u00fcckzuerobern. Damit bricht er endg\u00fcltig mit den Verpflichtungen aus der v\u00f6lkerrechtlich bindenden Minsker Vereinbarung von 2015 und versch\u00e4rft die Konfrontation gegen Russland.<\/p>\n<p style=\"padding-left: 40px;\">Diese gef\u00e4hrliche Politik unterst\u00fctzt die Bundesregierung in unverantwortlicher Weise, indem sie zu den ukrainischen Agressionsabsichten schweigt und sich nicht f\u00fcr einen sofortigen Waffenstillstand in der Ukraine einsetzt. Stattdessen unterstellt sie Russland Kriegsabsichten, die durch eine einseitige, Russland verteufelnde Berichterstattung von den herrschenden Medien unterst\u00fctzt wird.&#8220;<\/p>\n<p style=\"padding-left: 40px;\"><strong>Stoppt den Krieg der Ukraine gegen den Donbass!<\/strong><\/p>\n<p style=\"padding-left: 40px;\"><strong>Stoppt die Konfrontationspolitik gegen Russland!<\/strong><\/p>\n<p style=\"padding-left: 40px;\">Wir protestieren<\/p>\n<ul>\n<li style=\"list-style-type: none;\">\n<ul>\n<li>gegen die antirussische Hetze und Desinformation<\/li>\n<li>gegen das Sabotieren der Minsker Friedensvereinbarung durch Kiew und Berlin<\/li>\n<li>gegen das NATO-Man\u00f6ver Defender 2021 an Russlands Grenzen<\/li>\n<\/ul>\n<\/li>\n<\/ul>\n<p style=\"padding-left: 40px;\"><strong>Wir tragen die Aggressionspolitik gegen Russland nicht mit!<\/strong><\/p>\n<p>Wir ver\u00f6ffentlichen hier einige Fotos von der Veranstaltung sowie in Wort und Bild die Rede von Liane Kilinc, Vorsitzende des Friedensbr\u00fccke-Kriegsopferhilfe e.V. und Mitglied im Deutschen Freidenker-Verband<\/p>\n<hr \/>\n<h5>Galerie: Kundgebung &#8222;Stoppt den Krieg gegen den Donbass&#8220; am 28.04.2021 in Berlin<\/h5>\n<div class=\"tiled-gallery type-rectangular tiled-gallery-unresized\" data-original-width=\"800\" data-carousel-extra='{&quot;blog_id&quot;:1,&quot;permalink&quot;:&quot;https:\\\/\\\/www.freidenker.org\\\/?p=10134&quot;,&quot;likes_blog_id&quot;:139773280}' itemscope itemtype=\"http:\/\/schema.org\/ImageGallery\" > <div class=\"gallery-row\" style=\"width: 800px; height: 322px;\" data-original-width=\"800\" data-original-height=\"322\" > <div class=\"gallery-group images-1\" style=\"width: 527px; height: 322px;\" data-original-width=\"527\" data-original-height=\"322\" > <div class=\"tiled-gallery-item tiled-gallery-item-large\" itemprop=\"associatedMedia\" itemscope itemtype=\"http:\/\/schema.org\/ImageObject\"> <a href=\"https:\/\/www.freidenker.org\/?attachment_id=10135\" border=\"0\" itemprop=\"url\"> <meta itemprop=\"width\" content=\"523\"> <meta itemprop=\"height\" content=\"318\"> <img decoding=\"async\" class=\"\" data-attachment-id=\"10135\" data-orig-file=\"https:\/\/www.freidenker.org\/fw17\/wp-content\/uploads\/2021\/04\/6.jpg\" data-orig-size=\"1920,1170\" data-comments-opened=\"\" data-image-meta=\"{&quot;aperture&quot;:&quot;1.9&quot;,&quot;credit&quot;:&quot;&quot;,&quot;camera&quot;:&quot;SM-G920F&quot;,&quot;caption&quot;:&quot;&quot;,&quot;created_timestamp&quot;:&quot;1619635242&quot;,&quot;copyright&quot;:&quot;&quot;,&quot;focal_length&quot;:&quot;4.3&quot;,&quot;iso&quot;:&quot;40&quot;,&quot;shutter_speed&quot;:&quot;0.00072886297376093&quot;,&quot;title&quot;:&quot;&quot;,&quot;orientation&quot;:&quot;1&quot;}\" data-image-title=\"\" data-image-description=\"\" data-medium-file=\"https:\/\/i0.wp.com\/www.freidenker.org\/fw17\/wp-content\/uploads\/2021\/04\/6.jpg?fit=300%2C183&#038;ssl=1\" data-large-file=\"https:\/\/i0.wp.com\/www.freidenker.org\/fw17\/wp-content\/uploads\/2021\/04\/6.jpg?fit=800%2C488&#038;ssl=1\" src=\"https:\/\/i0.wp.com\/www.freidenker.org\/fw17\/wp-content\/uploads\/2021\/04\/6.jpg?w=523&#038;h=318&#038;ssl=1\" srcset=\"https:\/\/i0.wp.com\/www.freidenker.org\/fw17\/wp-content\/uploads\/2021\/04\/6.jpg?w=1920&amp;ssl=1 1920w, https:\/\/i0.wp.com\/www.freidenker.org\/fw17\/wp-content\/uploads\/2021\/04\/6.jpg?resize=300%2C183&amp;ssl=1 300w, https:\/\/i0.wp.com\/www.freidenker.org\/fw17\/wp-content\/uploads\/2021\/04\/6.jpg?resize=1024%2C624&amp;ssl=1 1024w, https:\/\/i0.wp.com\/www.freidenker.org\/fw17\/wp-content\/uploads\/2021\/04\/6.jpg?resize=768%2C468&amp;ssl=1 768w, https:\/\/i0.wp.com\/www.freidenker.org\/fw17\/wp-content\/uploads\/2021\/04\/6.jpg?resize=1536%2C936&amp;ssl=1 1536w, https:\/\/i0.wp.com\/www.freidenker.org\/fw17\/wp-content\/uploads\/2021\/04\/6.jpg?w=1600&amp;ssl=1 1600w\" width=\"523\" height=\"318\" loading=\"lazy\" data-original-width=\"523\" data-original-height=\"318\" itemprop=\"http:\/\/schema.org\/image\" title=\"\" alt=\"Zum Auftakt wurde ein russisches Lied vorgetragen\" style=\"width: 523px; height: 318px;\" \/> <\/a> <div class=\"tiled-gallery-caption\" itemprop=\"caption description\"> Zum Auftakt wurde ein russisches Lied vorgetragen <\/div> <\/div> <\/div> <!-- close group --> <div class=\"gallery-group images-1\" style=\"width: 273px; height: 322px;\" data-original-width=\"273\" data-original-height=\"322\" > <div class=\"tiled-gallery-item tiled-gallery-item-large\" itemprop=\"associatedMedia\" itemscope itemtype=\"http:\/\/schema.org\/ImageObject\"> <a href=\"https:\/\/www.freidenker.org\/?attachment_id=10145\" border=\"0\" itemprop=\"url\"> <meta itemprop=\"width\" content=\"269\"> <meta itemprop=\"height\" content=\"318\"> <img decoding=\"async\" class=\"\" data-attachment-id=\"10145\" data-orig-file=\"https:\/\/www.freidenker.org\/fw17\/wp-content\/uploads\/2021\/04\/1.jpg\" data-orig-size=\"928,1097\" data-comments-opened=\"\" data-image-meta=\"{&quot;aperture&quot;:&quot;0&quot;,&quot;credit&quot;:&quot;&quot;,&quot;camera&quot;:&quot;&quot;,&quot;caption&quot;:&quot;&quot;,&quot;created_timestamp&quot;:&quot;0&quot;,&quot;copyright&quot;:&quot;&quot;,&quot;focal_length&quot;:&quot;0&quot;,&quot;iso&quot;:&quot;0&quot;,&quot;shutter_speed&quot;:&quot;0&quot;,&quot;title&quot;:&quot;&quot;,&quot;orientation&quot;:&quot;0&quot;}\" data-image-title=\"\" data-image-description=\"\" data-medium-file=\"https:\/\/i0.wp.com\/www.freidenker.org\/fw17\/wp-content\/uploads\/2021\/04\/1.jpg?fit=254%2C300&#038;ssl=1\" data-large-file=\"https:\/\/i0.wp.com\/www.freidenker.org\/fw17\/wp-content\/uploads\/2021\/04\/1.jpg?fit=800%2C946&#038;ssl=1\" src=\"https:\/\/i0.wp.com\/www.freidenker.org\/fw17\/wp-content\/uploads\/2021\/04\/1.jpg?w=269&#038;h=318&#038;ssl=1\" srcset=\"https:\/\/i0.wp.com\/www.freidenker.org\/fw17\/wp-content\/uploads\/2021\/04\/1.jpg?w=928&amp;ssl=1 928w, https:\/\/i0.wp.com\/www.freidenker.org\/fw17\/wp-content\/uploads\/2021\/04\/1.jpg?resize=254%2C300&amp;ssl=1 254w, https:\/\/i0.wp.com\/www.freidenker.org\/fw17\/wp-content\/uploads\/2021\/04\/1.jpg?resize=866%2C1024&amp;ssl=1 866w, https:\/\/i0.wp.com\/www.freidenker.org\/fw17\/wp-content\/uploads\/2021\/04\/1.jpg?resize=768%2C908&amp;ssl=1 768w\" width=\"269\" height=\"318\" loading=\"lazy\" data-original-width=\"269\" data-original-height=\"318\" itemprop=\"http:\/\/schema.org\/image\" title=\"\" alt=\"Liane Kilinc w\u00e4hrend ihrer Rede\" style=\"width: 269px; height: 318px;\" \/> <\/a> <div class=\"tiled-gallery-caption\" itemprop=\"caption description\"> Liane Kilinc w\u00e4hrend ihrer Rede <\/div> <\/div> <\/div> <!-- close group --> <\/div> <!-- close row --> <div class=\"gallery-row\" style=\"width: 800px; height: 354px;\" data-original-width=\"800\" data-original-height=\"354\" > <div class=\"gallery-group images-1\" style=\"width: 267px; height: 354px;\" data-original-width=\"267\" data-original-height=\"354\" > <div class=\"tiled-gallery-item tiled-gallery-item-large\" itemprop=\"associatedMedia\" itemscope itemtype=\"http:\/\/schema.org\/ImageObject\"> <a href=\"https:\/\/www.freidenker.org\/?attachment_id=10146\" border=\"0\" itemprop=\"url\"> <meta itemprop=\"width\" content=\"263\"> <meta itemprop=\"height\" content=\"350\"> <img decoding=\"async\" class=\"\" data-attachment-id=\"10146\" data-orig-file=\"https:\/\/www.freidenker.org\/fw17\/wp-content\/uploads\/2021\/04\/2.jpg\" data-orig-size=\"1208,1608\" data-comments-opened=\"\" data-image-meta=\"{&quot;aperture&quot;:&quot;0&quot;,&quot;credit&quot;:&quot;&quot;,&quot;camera&quot;:&quot;&quot;,&quot;caption&quot;:&quot;&quot;,&quot;created_timestamp&quot;:&quot;0&quot;,&quot;copyright&quot;:&quot;&quot;,&quot;focal_length&quot;:&quot;0&quot;,&quot;iso&quot;:&quot;0&quot;,&quot;shutter_speed&quot;:&quot;0&quot;,&quot;title&quot;:&quot;&quot;,&quot;orientation&quot;:&quot;0&quot;}\" data-image-title=\"\" data-image-description=\"\" data-medium-file=\"https:\/\/i0.wp.com\/www.freidenker.org\/fw17\/wp-content\/uploads\/2021\/04\/2.jpg?fit=225%2C300&#038;ssl=1\" data-large-file=\"https:\/\/i0.wp.com\/www.freidenker.org\/fw17\/wp-content\/uploads\/2021\/04\/2.jpg?fit=769%2C1024&#038;ssl=1\" src=\"https:\/\/i0.wp.com\/www.freidenker.org\/fw17\/wp-content\/uploads\/2021\/04\/2.jpg?w=263&#038;h=350&#038;ssl=1\" srcset=\"https:\/\/i0.wp.com\/www.freidenker.org\/fw17\/wp-content\/uploads\/2021\/04\/2.jpg?w=1208&amp;ssl=1 1208w, https:\/\/i0.wp.com\/www.freidenker.org\/fw17\/wp-content\/uploads\/2021\/04\/2.jpg?resize=225%2C300&amp;ssl=1 225w, https:\/\/i0.wp.com\/www.freidenker.org\/fw17\/wp-content\/uploads\/2021\/04\/2.jpg?resize=769%2C1024&amp;ssl=1 769w, https:\/\/i0.wp.com\/www.freidenker.org\/fw17\/wp-content\/uploads\/2021\/04\/2.jpg?resize=768%2C1022&amp;ssl=1 768w, https:\/\/i0.wp.com\/www.freidenker.org\/fw17\/wp-content\/uploads\/2021\/04\/2.jpg?resize=1154%2C1536&amp;ssl=1 1154w\" width=\"263\" height=\"350\" loading=\"lazy\" data-original-width=\"263\" data-original-height=\"350\" itemprop=\"http:\/\/schema.org\/image\" title=\"\" alt=\"Liane Kilinc und Friederike Schlegel (v.l.n.r.) vom Verein Friedensbr\u00fccke Kriegsopferhilfe\" style=\"width: 263px; height: 350px;\" \/> <\/a> <div class=\"tiled-gallery-caption\" itemprop=\"caption description\"> Liane Kilinc und Friederike Schlegel (v.l.n.r.) vom Verein Friedensbr\u00fccke Kriegsopferhilfe <\/div> <\/div> <\/div> <!-- close group --> <div class=\"gallery-group images-1\" style=\"width: 267px; height: 354px;\" data-original-width=\"267\" data-original-height=\"354\" > <div class=\"tiled-gallery-item tiled-gallery-item-large\" itemprop=\"associatedMedia\" itemscope itemtype=\"http:\/\/schema.org\/ImageObject\"> <a href=\"https:\/\/www.freidenker.org\/?attachment_id=10147\" border=\"0\" itemprop=\"url\"> <meta itemprop=\"width\" content=\"263\"> <meta itemprop=\"height\" content=\"350\"> <img decoding=\"async\" class=\"\" data-attachment-id=\"10147\" data-orig-file=\"https:\/\/www.freidenker.org\/fw17\/wp-content\/uploads\/2021\/04\/3.jpg\" data-orig-size=\"1208,1608\" data-comments-opened=\"\" data-image-meta=\"{&quot;aperture&quot;:&quot;0&quot;,&quot;credit&quot;:&quot;&quot;,&quot;camera&quot;:&quot;&quot;,&quot;caption&quot;:&quot;&quot;,&quot;created_timestamp&quot;:&quot;0&quot;,&quot;copyright&quot;:&quot;&quot;,&quot;focal_length&quot;:&quot;0&quot;,&quot;iso&quot;:&quot;0&quot;,&quot;shutter_speed&quot;:&quot;0&quot;,&quot;title&quot;:&quot;&quot;,&quot;orientation&quot;:&quot;0&quot;}\" data-image-title=\"\" data-image-description=\"\" data-medium-file=\"https:\/\/i0.wp.com\/www.freidenker.org\/fw17\/wp-content\/uploads\/2021\/04\/3.jpg?fit=225%2C300&#038;ssl=1\" data-large-file=\"https:\/\/i0.wp.com\/www.freidenker.org\/fw17\/wp-content\/uploads\/2021\/04\/3.jpg?fit=769%2C1024&#038;ssl=1\" src=\"https:\/\/i0.wp.com\/www.freidenker.org\/fw17\/wp-content\/uploads\/2021\/04\/3.jpg?w=263&#038;h=350&#038;ssl=1\" srcset=\"https:\/\/i0.wp.com\/www.freidenker.org\/fw17\/wp-content\/uploads\/2021\/04\/3.jpg?w=1208&amp;ssl=1 1208w, https:\/\/i0.wp.com\/www.freidenker.org\/fw17\/wp-content\/uploads\/2021\/04\/3.jpg?resize=225%2C300&amp;ssl=1 225w, https:\/\/i0.wp.com\/www.freidenker.org\/fw17\/wp-content\/uploads\/2021\/04\/3.jpg?resize=769%2C1024&amp;ssl=1 769w, https:\/\/i0.wp.com\/www.freidenker.org\/fw17\/wp-content\/uploads\/2021\/04\/3.jpg?resize=768%2C1022&amp;ssl=1 768w, https:\/\/i0.wp.com\/www.freidenker.org\/fw17\/wp-content\/uploads\/2021\/04\/3.jpg?resize=1154%2C1536&amp;ssl=1 1154w\" width=\"263\" height=\"350\" loading=\"lazy\" data-original-width=\"263\" data-original-height=\"350\" itemprop=\"http:\/\/schema.org\/image\" title=\"\" alt=\"Aktivisten vom Verein Friedensbr\u00fccke Kriegsopferhilfe\" style=\"width: 263px; height: 350px;\" \/> <\/a> <div class=\"tiled-gallery-caption\" itemprop=\"caption description\"> Aktivisten vom Verein Friedensbr\u00fccke Kriegsopferhilfe <\/div> <\/div> <\/div> <!-- close group --> <div class=\"gallery-group images-1\" style=\"width: 266px; height: 354px;\" data-original-width=\"266\" data-original-height=\"354\" > <div class=\"tiled-gallery-item tiled-gallery-item-large\" itemprop=\"associatedMedia\" itemscope itemtype=\"http:\/\/schema.org\/ImageObject\"> <a href=\"https:\/\/www.freidenker.org\/?attachment_id=10149\" border=\"0\" itemprop=\"url\"> <meta itemprop=\"width\" content=\"262\"> <meta itemprop=\"height\" content=\"350\"> <img decoding=\"async\" class=\"\" data-attachment-id=\"10149\" data-orig-file=\"https:\/\/www.freidenker.org\/fw17\/wp-content\/uploads\/2021\/04\/5.jpg\" data-orig-size=\"1208,1608\" data-comments-opened=\"\" data-image-meta=\"{&quot;aperture&quot;:&quot;0&quot;,&quot;credit&quot;:&quot;&quot;,&quot;camera&quot;:&quot;&quot;,&quot;caption&quot;:&quot;&quot;,&quot;created_timestamp&quot;:&quot;0&quot;,&quot;copyright&quot;:&quot;&quot;,&quot;focal_length&quot;:&quot;0&quot;,&quot;iso&quot;:&quot;0&quot;,&quot;shutter_speed&quot;:&quot;0&quot;,&quot;title&quot;:&quot;&quot;,&quot;orientation&quot;:&quot;0&quot;}\" data-image-title=\"\" data-image-description=\"\" data-medium-file=\"https:\/\/i0.wp.com\/www.freidenker.org\/fw17\/wp-content\/uploads\/2021\/04\/5.jpg?fit=225%2C300&#038;ssl=1\" data-large-file=\"https:\/\/i0.wp.com\/www.freidenker.org\/fw17\/wp-content\/uploads\/2021\/04\/5.jpg?fit=769%2C1024&#038;ssl=1\" src=\"https:\/\/i0.wp.com\/www.freidenker.org\/fw17\/wp-content\/uploads\/2021\/04\/5.jpg?w=262&#038;h=350&#038;ssl=1\" srcset=\"https:\/\/i0.wp.com\/www.freidenker.org\/fw17\/wp-content\/uploads\/2021\/04\/5.jpg?w=1208&amp;ssl=1 1208w, https:\/\/i0.wp.com\/www.freidenker.org\/fw17\/wp-content\/uploads\/2021\/04\/5.jpg?resize=225%2C300&amp;ssl=1 225w, https:\/\/i0.wp.com\/www.freidenker.org\/fw17\/wp-content\/uploads\/2021\/04\/5.jpg?resize=769%2C1024&amp;ssl=1 769w, https:\/\/i0.wp.com\/www.freidenker.org\/fw17\/wp-content\/uploads\/2021\/04\/5.jpg?resize=768%2C1022&amp;ssl=1 768w, https:\/\/i0.wp.com\/www.freidenker.org\/fw17\/wp-content\/uploads\/2021\/04\/5.jpg?resize=1154%2C1536&amp;ssl=1 1154w\" width=\"262\" height=\"350\" loading=\"lazy\" data-original-width=\"262\" data-original-height=\"350\" itemprop=\"http:\/\/schema.org\/image\" title=\"\" alt=\"Teilnehmer der Kundgebung gegen die Air Base Ramstein\" style=\"width: 262px; height: 350px;\" \/> <\/a> <div class=\"tiled-gallery-caption\" itemprop=\"caption description\"> Teilnehmer der Kundgebung gegen die Air Base Ramstein <\/div> <\/div> <\/div> <!-- close group --> <\/div> <!-- close row --> <div class=\"gallery-row\" style=\"width: 800px; height: 343px;\" data-original-width=\"800\" data-original-height=\"343\" > <div class=\"gallery-group images-1\" style=\"width: 606px; height: 343px;\" data-original-width=\"606\" data-original-height=\"343\" > <div class=\"tiled-gallery-item tiled-gallery-item-large\" itemprop=\"associatedMedia\" itemscope itemtype=\"http:\/\/schema.org\/ImageObject\"> <a href=\"https:\/\/www.freidenker.org\/?attachment_id=10136\" border=\"0\" itemprop=\"url\"> <meta itemprop=\"width\" content=\"602\"> <meta itemprop=\"height\" content=\"339\"> <img decoding=\"async\" class=\"\" data-attachment-id=\"10136\" data-orig-file=\"https:\/\/www.freidenker.org\/fw17\/wp-content\/uploads\/2021\/04\/7.jpg\" data-orig-size=\"1920,1081\" data-comments-opened=\"\" data-image-meta=\"{&quot;aperture&quot;:&quot;1.9&quot;,&quot;credit&quot;:&quot;&quot;,&quot;camera&quot;:&quot;SM-G920F&quot;,&quot;caption&quot;:&quot;&quot;,&quot;created_timestamp&quot;:&quot;1619635255&quot;,&quot;copyright&quot;:&quot;&quot;,&quot;focal_length&quot;:&quot;4.3&quot;,&quot;iso&quot;:&quot;40&quot;,&quot;shutter_speed&quot;:&quot;0.0015772870662461&quot;,&quot;title&quot;:&quot;&quot;,&quot;orientation&quot;:&quot;1&quot;}\" data-image-title=\"\" data-image-description=\"\" data-medium-file=\"https:\/\/i0.wp.com\/www.freidenker.org\/fw17\/wp-content\/uploads\/2021\/04\/7.jpg?fit=300%2C169&#038;ssl=1\" data-large-file=\"https:\/\/i0.wp.com\/www.freidenker.org\/fw17\/wp-content\/uploads\/2021\/04\/7.jpg?fit=800%2C451&#038;ssl=1\" src=\"https:\/\/i0.wp.com\/www.freidenker.org\/fw17\/wp-content\/uploads\/2021\/04\/7.jpg?w=602&#038;h=339&#038;ssl=1\" srcset=\"https:\/\/i0.wp.com\/www.freidenker.org\/fw17\/wp-content\/uploads\/2021\/04\/7.jpg?w=1920&amp;ssl=1 1920w, https:\/\/i0.wp.com\/www.freidenker.org\/fw17\/wp-content\/uploads\/2021\/04\/7.jpg?resize=300%2C169&amp;ssl=1 300w, https:\/\/i0.wp.com\/www.freidenker.org\/fw17\/wp-content\/uploads\/2021\/04\/7.jpg?resize=1024%2C577&amp;ssl=1 1024w, https:\/\/i0.wp.com\/www.freidenker.org\/fw17\/wp-content\/uploads\/2021\/04\/7.jpg?resize=768%2C432&amp;ssl=1 768w, https:\/\/i0.wp.com\/www.freidenker.org\/fw17\/wp-content\/uploads\/2021\/04\/7.jpg?resize=1536%2C865&amp;ssl=1 1536w, https:\/\/i0.wp.com\/www.freidenker.org\/fw17\/wp-content\/uploads\/2021\/04\/7.jpg?w=1600&amp;ssl=1 1600w\" width=\"602\" height=\"339\" loading=\"lazy\" data-original-width=\"602\" data-original-height=\"339\" itemprop=\"http:\/\/schema.org\/image\" title=\"\" alt=\"Berliner Freidenker und Sympathisanten auf der Kundgebung. Bildmitte: Klaus Linder, rechts Holger F\u00f6rster\" style=\"width: 602px; height: 339px;\" \/> <\/a> <div class=\"tiled-gallery-caption\" itemprop=\"caption description\"> Berliner Freidenker und Sympathisanten auf der Kundgebung. Bildmitte: Klaus Linder, rechts Holger F\u00f6rster <\/div> <\/div> <\/div> <!-- close group --> <div class=\"gallery-group images-1\" style=\"width: 194px; height: 343px;\" data-original-width=\"194\" data-original-height=\"343\" > <div class=\"tiled-gallery-item tiled-gallery-item-small\" itemprop=\"associatedMedia\" itemscope itemtype=\"http:\/\/schema.org\/ImageObject\"> <a href=\"https:\/\/www.freidenker.org\/?attachment_id=10151\" border=\"0\" itemprop=\"url\"> <meta itemprop=\"width\" content=\"190\"> <meta itemprop=\"height\" content=\"339\"> <img decoding=\"async\" class=\"\" data-attachment-id=\"10151\" data-orig-file=\"https:\/\/www.freidenker.org\/fw17\/wp-content\/uploads\/2021\/05\/signal-2021-04-28-232243.jpg\" data-orig-size=\"900,1600\" data-comments-opened=\"\" data-image-meta=\"{&quot;aperture&quot;:&quot;0&quot;,&quot;credit&quot;:&quot;&quot;,&quot;camera&quot;:&quot;&quot;,&quot;caption&quot;:&quot;&quot;,&quot;created_timestamp&quot;:&quot;0&quot;,&quot;copyright&quot;:&quot;&quot;,&quot;focal_length&quot;:&quot;0&quot;,&quot;iso&quot;:&quot;0&quot;,&quot;shutter_speed&quot;:&quot;0&quot;,&quot;title&quot;:&quot;&quot;,&quot;orientation&quot;:&quot;0&quot;}\" data-image-title=\"\" data-image-description=\"\" data-medium-file=\"https:\/\/i0.wp.com\/www.freidenker.org\/fw17\/wp-content\/uploads\/2021\/05\/signal-2021-04-28-232243.jpg?fit=169%2C300&#038;ssl=1\" data-large-file=\"https:\/\/i0.wp.com\/www.freidenker.org\/fw17\/wp-content\/uploads\/2021\/05\/signal-2021-04-28-232243.jpg?fit=576%2C1024&#038;ssl=1\" src=\"https:\/\/i0.wp.com\/www.freidenker.org\/fw17\/wp-content\/uploads\/2021\/05\/signal-2021-04-28-232243.jpg?w=190&#038;h=339&#038;ssl=1\" srcset=\"https:\/\/i0.wp.com\/www.freidenker.org\/fw17\/wp-content\/uploads\/2021\/05\/signal-2021-04-28-232243.jpg?w=900&amp;ssl=1 900w, https:\/\/i0.wp.com\/www.freidenker.org\/fw17\/wp-content\/uploads\/2021\/05\/signal-2021-04-28-232243.jpg?resize=576%2C1024&amp;ssl=1 576w, https:\/\/i0.wp.com\/www.freidenker.org\/fw17\/wp-content\/uploads\/2021\/05\/signal-2021-04-28-232243.jpg?resize=768%2C1365&amp;ssl=1 768w, https:\/\/i0.wp.com\/www.freidenker.org\/fw17\/wp-content\/uploads\/2021\/05\/signal-2021-04-28-232243.jpg?resize=864%2C1536&amp;ssl=1 864w\" width=\"190\" height=\"339\" loading=\"lazy\" data-original-width=\"190\" data-original-height=\"339\" itemprop=\"http:\/\/schema.org\/image\" title=\"\" alt=\"Kein Lockdown f\u00fcrs Milit\u00e4r! Rechts im Bild: Der Berliner Freidenker Richard Wagner (Foto: Holger F\u00f6rster)\" style=\"width: 190px; height: 339px;\" \/> <\/a> <div class=\"tiled-gallery-caption\" itemprop=\"caption description\"> Kein Lockdown f\u00fcrs Milit\u00e4r! Rechts im Bild: Der Berliner Freidenker Richard Wagner (Foto: Holger F\u00f6rster) <\/div> <\/div> <\/div> <!-- close group --> <\/div> <!-- close row --> <div class=\"gallery-row\" style=\"width: 800px; height: 524px;\" data-original-width=\"800\" data-original-height=\"524\" > <div class=\"gallery-group images-2\" style=\"width: 461px; height: 524px;\" data-original-width=\"461\" data-original-height=\"524\" > <div class=\"tiled-gallery-item tiled-gallery-item-large\" itemprop=\"associatedMedia\" itemscope itemtype=\"http:\/\/schema.org\/ImageObject\"> <a href=\"https:\/\/www.freidenker.org\/?attachment_id=10139\" border=\"0\" itemprop=\"url\"> <meta itemprop=\"width\" content=\"457\"> <meta itemprop=\"height\" content=\"258\"> <img decoding=\"async\" class=\"\" data-attachment-id=\"10139\" data-orig-file=\"https:\/\/www.freidenker.org\/fw17\/wp-content\/uploads\/2021\/04\/10.jpg\" data-orig-size=\"1448,818\" data-comments-opened=\"\" data-image-meta=\"{&quot;aperture&quot;:&quot;0&quot;,&quot;credit&quot;:&quot;&quot;,&quot;camera&quot;:&quot;&quot;,&quot;caption&quot;:&quot;&quot;,&quot;created_timestamp&quot;:&quot;0&quot;,&quot;copyright&quot;:&quot;&quot;,&quot;focal_length&quot;:&quot;0&quot;,&quot;iso&quot;:&quot;0&quot;,&quot;shutter_speed&quot;:&quot;0&quot;,&quot;title&quot;:&quot;&quot;,&quot;orientation&quot;:&quot;0&quot;}\" data-image-title=\"\" data-image-description=\"\" data-medium-file=\"https:\/\/i0.wp.com\/www.freidenker.org\/fw17\/wp-content\/uploads\/2021\/04\/10.jpg?fit=300%2C169&#038;ssl=1\" data-large-file=\"https:\/\/i0.wp.com\/www.freidenker.org\/fw17\/wp-content\/uploads\/2021\/04\/10.jpg?fit=800%2C452&#038;ssl=1\" src=\"https:\/\/i0.wp.com\/www.freidenker.org\/fw17\/wp-content\/uploads\/2021\/04\/10.jpg?w=457&#038;h=258&#038;ssl=1\" srcset=\"https:\/\/i0.wp.com\/www.freidenker.org\/fw17\/wp-content\/uploads\/2021\/04\/10.jpg?w=1448&amp;ssl=1 1448w, https:\/\/i0.wp.com\/www.freidenker.org\/fw17\/wp-content\/uploads\/2021\/04\/10.jpg?resize=300%2C169&amp;ssl=1 300w, https:\/\/i0.wp.com\/www.freidenker.org\/fw17\/wp-content\/uploads\/2021\/04\/10.jpg?resize=1024%2C578&amp;ssl=1 1024w, https:\/\/i0.wp.com\/www.freidenker.org\/fw17\/wp-content\/uploads\/2021\/04\/10.jpg?resize=768%2C434&amp;ssl=1 768w\" width=\"457\" height=\"258\" loading=\"lazy\" data-original-width=\"457\" data-original-height=\"258\" itemprop=\"http:\/\/schema.org\/image\" title=\"\" alt=\"Rechts am Transparent der Berliner Freidenker Albrecht Ludloff. Hinter der Freidenker-Fahne: Klaus Linder.\" style=\"width: 457px; height: 258px;\" \/> <\/a> <div class=\"tiled-gallery-caption\" itemprop=\"caption description\"> Rechts am Transparent der Berliner Freidenker Albrecht Ludloff. Hinter der Freidenker-Fahne: Klaus Linder. <\/div> <\/div> <div class=\"tiled-gallery-item tiled-gallery-item-large\" itemprop=\"associatedMedia\" itemscope itemtype=\"http:\/\/schema.org\/ImageObject\"> <a href=\"https:\/\/www.freidenker.org\/?attachment_id=10137\" border=\"0\" itemprop=\"url\"> <meta itemprop=\"width\" content=\"457\"> <meta itemprop=\"height\" content=\"258\"> <img decoding=\"async\" class=\"\" data-attachment-id=\"10137\" data-orig-file=\"https:\/\/www.freidenker.org\/fw17\/wp-content\/uploads\/2021\/04\/8.jpg\" data-orig-size=\"1920,1081\" data-comments-opened=\"\" data-image-meta=\"{&quot;aperture&quot;:&quot;1.9&quot;,&quot;credit&quot;:&quot;&quot;,&quot;camera&quot;:&quot;SM-G920F&quot;,&quot;caption&quot;:&quot;&quot;,&quot;created_timestamp&quot;:&quot;1619635264&quot;,&quot;copyright&quot;:&quot;&quot;,&quot;focal_length&quot;:&quot;4.3&quot;,&quot;iso&quot;:&quot;40&quot;,&quot;shutter_speed&quot;:&quot;0.0016722408026756&quot;,&quot;title&quot;:&quot;&quot;,&quot;orientation&quot;:&quot;1&quot;}\" data-image-title=\"\" data-image-description=\"\" data-medium-file=\"https:\/\/i0.wp.com\/www.freidenker.org\/fw17\/wp-content\/uploads\/2021\/04\/8.jpg?fit=300%2C169&#038;ssl=1\" data-large-file=\"https:\/\/i0.wp.com\/www.freidenker.org\/fw17\/wp-content\/uploads\/2021\/04\/8.jpg?fit=800%2C451&#038;ssl=1\" src=\"https:\/\/i0.wp.com\/www.freidenker.org\/fw17\/wp-content\/uploads\/2021\/04\/8.jpg?w=457&#038;h=258&#038;ssl=1\" srcset=\"https:\/\/i0.wp.com\/www.freidenker.org\/fw17\/wp-content\/uploads\/2021\/04\/8.jpg?w=1920&amp;ssl=1 1920w, https:\/\/i0.wp.com\/www.freidenker.org\/fw17\/wp-content\/uploads\/2021\/04\/8.jpg?resize=300%2C169&amp;ssl=1 300w, https:\/\/i0.wp.com\/www.freidenker.org\/fw17\/wp-content\/uploads\/2021\/04\/8.jpg?resize=1024%2C577&amp;ssl=1 1024w, https:\/\/i0.wp.com\/www.freidenker.org\/fw17\/wp-content\/uploads\/2021\/04\/8.jpg?resize=768%2C432&amp;ssl=1 768w, https:\/\/i0.wp.com\/www.freidenker.org\/fw17\/wp-content\/uploads\/2021\/04\/8.jpg?resize=1536%2C865&amp;ssl=1 1536w, https:\/\/i0.wp.com\/www.freidenker.org\/fw17\/wp-content\/uploads\/2021\/04\/8.jpg?w=1600&amp;ssl=1 1600w\" width=\"457\" height=\"258\" loading=\"lazy\" data-original-width=\"457\" data-original-height=\"258\" itemprop=\"http:\/\/schema.org\/image\" title=\"\" alt=\"Finanzielle Unterst\u00fctzung ist immer willkommen. Friederike Schlegel beim Verkauf von &quot;Accessoires&quot;\" style=\"width: 457px; height: 258px;\" \/> <\/a> <div class=\"tiled-gallery-caption\" itemprop=\"caption description\"> Finanzielle Unterst\u00fctzung ist immer willkommen. Friederike Schlegel beim Verkauf von &#8222;Accessoires&#8220; <\/div> <\/div> <\/div> <!-- close group --> <div class=\"gallery-group images-1\" style=\"width: 339px; height: 524px;\" data-original-width=\"339\" data-original-height=\"524\" > <div class=\"tiled-gallery-item tiled-gallery-item-large\" itemprop=\"associatedMedia\" itemscope itemtype=\"http:\/\/schema.org\/ImageObject\"> <a href=\"https:\/\/www.freidenker.org\/?attachment_id=10138\" border=\"0\" itemprop=\"url\"> <meta itemprop=\"width\" content=\"335\"> <meta itemprop=\"height\" content=\"520\"> <img decoding=\"async\" class=\"\" data-attachment-id=\"10138\" data-orig-file=\"https:\/\/www.freidenker.org\/fw17\/wp-content\/uploads\/2021\/04\/9.jpg\" data-orig-size=\"1027,1594\" data-comments-opened=\"\" data-image-meta=\"{&quot;aperture&quot;:&quot;0&quot;,&quot;credit&quot;:&quot;&quot;,&quot;camera&quot;:&quot;&quot;,&quot;caption&quot;:&quot;&quot;,&quot;created_timestamp&quot;:&quot;0&quot;,&quot;copyright&quot;:&quot;&quot;,&quot;focal_length&quot;:&quot;0&quot;,&quot;iso&quot;:&quot;0&quot;,&quot;shutter_speed&quot;:&quot;0&quot;,&quot;title&quot;:&quot;&quot;,&quot;orientation&quot;:&quot;0&quot;}\" data-image-title=\"\" data-image-description=\"\" data-medium-file=\"https:\/\/i0.wp.com\/www.freidenker.org\/fw17\/wp-content\/uploads\/2021\/04\/9.jpg?fit=193%2C300&#038;ssl=1\" data-large-file=\"https:\/\/i0.wp.com\/www.freidenker.org\/fw17\/wp-content\/uploads\/2021\/04\/9.jpg?fit=660%2C1024&#038;ssl=1\" src=\"https:\/\/i0.wp.com\/www.freidenker.org\/fw17\/wp-content\/uploads\/2021\/04\/9.jpg?w=335&#038;h=520&#038;ssl=1\" srcset=\"https:\/\/i0.wp.com\/www.freidenker.org\/fw17\/wp-content\/uploads\/2021\/04\/9.jpg?w=1027&amp;ssl=1 1027w, https:\/\/i0.wp.com\/www.freidenker.org\/fw17\/wp-content\/uploads\/2021\/04\/9.jpg?resize=193%2C300&amp;ssl=1 193w, https:\/\/i0.wp.com\/www.freidenker.org\/fw17\/wp-content\/uploads\/2021\/04\/9.jpg?resize=660%2C1024&amp;ssl=1 660w, https:\/\/i0.wp.com\/www.freidenker.org\/fw17\/wp-content\/uploads\/2021\/04\/9.jpg?resize=768%2C1192&amp;ssl=1 768w, https:\/\/i0.wp.com\/www.freidenker.org\/fw17\/wp-content\/uploads\/2021\/04\/9.jpg?resize=990%2C1536&amp;ssl=1 990w\" width=\"335\" height=\"520\" loading=\"lazy\" data-original-width=\"335\" data-original-height=\"520\" itemprop=\"http:\/\/schema.org\/image\" title=\"\" alt=\"Rednerin Liane Lilinc und S\u00e4nger Tino Eisbrenner, der das Abschlusslied sang (siehe auch Video)\" style=\"width: 335px; height: 520px;\" \/> <\/a> <div class=\"tiled-gallery-caption\" itemprop=\"caption description\"> Rednerin Liane Lilinc und S\u00e4nger Tino Eisbrenner, der das Abschlusslied sang (siehe auch Video) <\/div> <\/div> <\/div> <!-- close group --> <\/div> <!-- close row --> <\/div>\n<p><span style=\"font-size: 10pt;\">Bilder: Privat (9) und Holger F\u00f6rster (1)<\/span><\/p>\n<hr \/>\n<h5>Den Krieg zu verhindern, ist jeden Einsatz wert<\/h5>\n<p><em>Rede von <strong>Liane Kilinc<\/strong><\/em><\/p>\n<p>Liebe Friedensfreunde,<\/p>\n<p>wir stehen hier, weil der Frieden bedroht ist.<\/p>\n<p>Nicht in kleinen St\u00fccken \u2013 daran haben wir uns ja schon gew\u00f6hnt in den letzten Jahren, dass die Welt in einen Flickenteppich aus Kriegszonen und Friedenszonen geteilt wird \u2013 nein, es geht um <strong>keinen<\/strong> kleinen Krieg, es geht um einen <strong>gro\u00dfen<\/strong>. Den gro\u00dfen, der so nah ist wie seit der Kubakrise in den Sechzigern und dem Able-Archer-Man\u00f6ver der NATO in den Achtzigern nicht mehr. Das Land, in dem dieser Krieg seinen Anfang nehmen k\u00f6nnte, ist die Ukraine.<\/p>\n<p>Genau genommen, die Frontlinie des B\u00fcrgerkriegs, der dort seit inzwischen sieben Jahren brodelt. Die Berichterstattung \u00fcber diesen Krieg steigt und f\u00e4llt wie der Wasserpegel eines Flusses; zurzeit herrscht gerade Hochwasser.<\/p>\n<p>Die Nachrichten sind voll mit Meldungen \u00fcber &#8218;russische Aggression&#8216;, mit Aufforderungen deutscher Politiker, Russland m\u00f6ge seine Truppen von <strong>s<\/strong><strong>einer <\/strong>Grenze zur\u00fcckziehen; selbst der Tod zweier ukrainischer Soldaten fand den Weg in die deutsche Nachrichtenlandschaft.<\/p>\n<p>Als w\u00e4re seit den letzten gro\u00dfen Gefechten im Fr\u00fchjahr 2015 um Debalzewo in all den Jahren niemand in diesem Krieg ums Leben gekommen.<\/p>\n<p>Nicht geredet wird dar\u00fcber, was da in der Ukraine an die Macht gekommen ist.<\/p>\n<p>W\u00e4hrend wir hier stehen, findet in Kiew ein Marsch zu Ehren der Waffen-SS-Division Galizien statt, gef\u00f6rdert vom Medienliebling Klitschko, ehemals Boxer und Werbestar, seit 2014 B\u00fcrgermeister von Kiew.<\/p>\n<p><strong>Nein, es gibt keine Nazis in der Ukraine&#8230;<\/strong><\/p>\n<p>Ja, es wird sogar debattiert, der Ukraine Waffen zu verkaufen.<\/p>\n<p>Die Bundesrepublik verkauft bekanntlich gern Waffen und ist auch nicht allzu w\u00e4hlerisch, was die Kundschaft angeht. Die Schiffe, die an Saudi-Arabien geliefert wurden, helfen schlie\u00dflich auch mit, die Bev\u00f6lkerung des Jemen auszuhungern. Es geht ja nur um defensive Waffen, wird da in Berlin gemurmelt, Flugabwehrraketen zum Beispiel.<\/p>\n<p>Die Donbass-Milizen haben aber keine Luftwaffe und mit der russischen Luftwaffe bek\u00e4me es die Ukraine nur zu tun, wenn sie es selbst provoziert.<\/p>\n<p>Durch einen Angriff auf die Krim zum Beispiel, den der ukrainische Pr\u00e4sident, der fr\u00fchere Kom\u00f6diant Selensky, schon per Erlass zum Staatsziel erkl\u00e4rt hat.<\/p>\n<p>Die deutschen Medien und selbst die deutsche Politik \u2013 die es besser wissen m\u00fcssen \u2013 behaupten, der Donbass sei von Russland besetzt. Nun, wir leisten seit sieben Jahren dort humanit\u00e4re Hilfe, ich habe mit eigenen Augen gesehen, was dort geschieht. Und das ist eine andere Geschichte, als sie in Deutschland erz\u00e4hlt wird.<\/p>\n<p>Wir haben dort keine russischen Truppen gesehen.<\/p>\n<p>Aber wir haben zerschossene Schulen und Kinderg\u00e4rten gesehen.<\/p>\n<p>Die ausgebrannten Hausruinen in den Orten entlang der Frontlinie; die Menschen, die neben diesen Ruinen leben und ihre N\u00e4chte inzwischen wieder im Keller verbringen; die D\u00e4cher \u00fcber ihren K\u00f6pfen, oft l\u00f6chrig und notd\u00fcrftig geflickt, und die Mauern unter diesen D\u00e4chern, die oft nur noch der gute Wille aufrecht h\u00e4lt, weil jahrelanger Beschuss, st\u00e4ndige Ersch\u00fctterungen sie m\u00fcrbe gemacht haben.<\/p>\n<p>Die Menschen dort nehmen den Gesch\u00fctzdonner hin wie unsereins ein Sommergewitter; sie harren aus, weil das ihr Haus ist, ihr Heim, ihre Heimat.<\/p>\n<p>Sie pflanzen Gem\u00fcse in den G\u00e4rten und hoffen, dass keine Granate ins Beet f\u00e4llt. J\u00fcngst hatte ich ein Bild in der Hand, das auf einer unserer Fahrten in Saizewo gemacht wurde; ich neben einer Gro\u00dfmutter.<\/p>\n<p>Es wird kein weiteres Bild mit ihr geben \u2013 das Enkelkind an der Hand, auf dem Weg zu ihrem Gem\u00fcsegarten, trat sie auf eine Mine. Das Kind hat \u00fcberlebt.<\/p>\n<p>\u00dcberhaupt, die Kinder&#8230;<\/p>\n<p>Von Anfang an veranstalteten wir Malwettbewerbe f\u00fcr Kinder im Donbass;\u00a0zum einen, weil das ein Anlass ist, ihnen nicht nur Nahrungsmittel, sondern auch Malmaterial zu geben, ohne dass sie sich als Almosenempf\u00e4nger f\u00fchlen m\u00fcssen, zum anderen aber auch, weil wir diese Bilder hier zeigen wollen.<\/p>\n<p>Denn sie machen diesen Krieg sichtbar.<\/p>\n<p>Und die Bilder haben sich ver\u00e4ndert. Am Anfang war es der Wunsch nach Frieden, der in diesen Bildern zum Ausdruck kam; die Sehnsucht nach unbeschwertem Spiel; Frieden, der sich in fr\u00f6hlichen, feiernden Menschen zeigt. Inzwischen sind die Bilder stumm, Stillleben oder Landschaften, und wenn eine Fantasie vom Frieden in diesen Bildern auftaucht, dann fehlt das \u00dcberstr\u00f6mende, die Farben, das Gl\u00fcck.<\/p>\n<p>Das ist kein Wunder; die Kinder, die im letzten Herbst die Schule begonnen haben, sind bereits im Krieg geboren, und jene, die im Sommer von den Schulen abgehen, d\u00fcrften bald die letzten sein, die sich noch wirklich an Frieden erinnern.<\/p>\n<p>Es ist wichtig, sich vor Augen zu f\u00fchren, was ein solcher Krieg bedeutet.<\/p>\n<p>Weil inzwischen hier bei uns mit v\u00f6lliger Sorglosigkeit die kriegerischste Rhetorik gebraucht wird: man m\u00fcsse &#8218;Russland aus einer Position der St\u00e4rke begegnen&#8216;, beispielsweise, oder man m\u00fcsse &#8218;den Druck auf Russland erh\u00f6hen&#8216;.<\/p>\n<p>P\u00fcnktlich mit dem Amtsantritt des US-Pr\u00e4sidenten Biden hat der ukrainische Beschuss erneut deutlich zugenommen. Inzwischen werden wieder Raketenwerfer auf Siedlungen gerichtet, und es sollen sogar Totschka-U-Raketen auf ukrainischer Seite bereitstehen; das sind Raketen, deren Sprengkopf eine halbe Tonne wiegt und deren Splitter eine Fl\u00e4che von zwanzig Fu\u00dfballfeldern durchpfl\u00fcgen. 2014 wurden schon solche Raketen abgeschossen, auf Chemiewerke und auf St\u00e4dte im Donbass;\u00a0eine der vielen Tatsachen, die einem hier nie zu Ohren kamen.<\/p>\n<p>Nach Jahren voller Grabenk\u00e4mpfe und wackliger Waffenruhen bereitet sich Kiew jetzt auf einen neuen Angriff vor und bringt Europa, ja, die Welt an den Rand eines gro\u00dfen Krieges. Und nicht nur Washington, auch Berlin versichert seine Unterst\u00fctzung.<\/p>\n<p>Aber die Bundesregierung hat doch damals, 2015, mit daf\u00fcr gesorgt, dass es die Minsker Vereinbarungen gibt, m\u00f6gen manche einwenden.<\/p>\n<p>Das hat sie; aber mit welchen Hintergedanken? Damals hatte die Kiewer Armee gerade eine gro\u00dfe Niederlage erlitten und brauchte dringend eine Waffenruhe. Man musste also nicht allzu viel Druck aus\u00fcben, um diese Vereinbarungen zu erlangen. Allerdings wurden sie nie umgesetzt. Ja, das wei\u00df man auch noch, wenn man deutsche Zeitungen liest; schon mehrfach wurden Sanktionen gegen Russland verh\u00e4ngt, &#8218;weil es die Minsker Vereinbarungen nicht umsetzt&#8216;. Niemand kann begr\u00fcnden, wie und warum, und das wird auch niemand k\u00f6nnen, weil Russland gar nicht Unterzeichner dieses Abkommens ist, sondern nur Garantiemacht, so wie Deutschland.<\/p>\n<p>Nur was uns \u00fcber dieses Abkommen erz\u00e4hlt wird, ist seltsam.<\/p>\n<p>Jahrelang wurde behauptet, die &#8218;prorussische Rebellen&#8216; genannten Donbass-Republiken m\u00fcssten als n\u00e4chsten Schritt nach der Waffenruhe die Kontrolle \u00fcber die Grenze zu Russland an Kiew \u00fcbergeben, was blank gelogen war. Inzwischen erkl\u00e4rt unsere Kampfpresse, die Ukraine k\u00f6nne russischen Forderungen nach einem Sonderstatus f\u00fcr Donezk und Lugansk nicht nachkommen, weil das ja eine Aufgabe der Souver\u00e4nit\u00e4t w\u00e4re.<\/p>\n<p>Dabei ist das der erste politische Schritt hin zu einem Frieden, den die Minsker Vereinbarungen vorsieht.<\/p>\n<p>Und es ist auch logisch. Wenn man einen B\u00fcrgerkrieg wirklich beenden will, dann gibt es einige Dinge, um die man nicht herumkommt.<\/p>\n<p>Die Bewohner und auch die K\u00e4mpfer der gegnerischen Seite m\u00fcssen sich sicher f\u00fchlen k\u00f6nnen, dem muss politisch Rechnung getragen werden. Die Mittel dazu hei\u00dfen Autonomie und Amnestie. Wie sollte man jemanden motivieren, die Waffen niederzulegen, wenn das unmittelbar ins Gef\u00e4ngnis f\u00fchrt \u2013 oder Schlimmeres. Wurden die IRA-K\u00e4mpfer in Nordirland eingesperrt nach den Friedensverhandlungen? Nein, sie sa\u00dfen im nordirischen Parlament.<\/p>\n<p>Wie geht Assad in Syrien mit jenen um, die die Waffen niederlegen?<\/p>\n<p>Sie d\u00fcrfen in ihr friedliches Leben zur\u00fcckkehren. So und nicht anders kann man ein zerrissenes Land heilen.<\/p>\n<p>Seit sechs Jahren ist klar, wer die Umsetzung der Minsker Vereinbarungen verhindert, es war und ist die Regierung in Kiew.<\/p>\n<p>Seit sechs Jahren reden deutsche Politiker, deutsche Au\u00dfenminister nur von der Verantwortung Russlands. Sollen wir wirklich glauben, hinter verschlossenen T\u00fcren w\u00fcrden sie Druck auf Kiew aus\u00fcben, wenn sie \u00f6ffentlich noch jeden Kiewer Versto\u00df decken? Wenn sie die Wirklichkeit im Donbass verleugnen, so wie sie das Massaker in Odessa verleugnet haben?<\/p>\n<p>Die humanit\u00e4re Lage im Donbass wurde und wird ignoriert.<\/p>\n<p>So, wie sie auch in Syrien ignoriert wird, im Jemen, in all den L\u00e4ndern, denen man ein gehorsameres Regime an den Hals w\u00fcnscht.<\/p>\n<p>Und nicht nur das \u2013 wir von der Friedensbr\u00fccke erleben immer wieder, dass unsere Hilfe gezielt erschwert wird. Da werden \u00dcberweisungen blockiert und Konten gek\u00fcndigt. Da gibt es allt\u00e4gliche kleine Schikanen.<\/p>\n<p>Z.B., dass ich Bilder aus einem Malwettbewerb f\u00fcr Kinder, die in einem Paket via Russland geschickt werden, pers\u00f6nlich beim Zoll vorzeigen muss, immer wieder und wieder.<\/p>\n<p><strong>Die Bundesregierung, dieser arrogante Haufen, der st\u00e4ndig das Wort &#8218;Werte&#8216; im Mund f\u00fchrt, tr\u00e4gt ein ger\u00fcttelt Ma\u00df an Schuld daran, dass es diesen ukrainischen B\u00fcrgerkrieg \u00fcberhaupt gibt.<\/strong><\/p>\n<p>Das f\u00e4ngt an mit den Scheinverhandlungen, die der damalige Au\u00dfenminister Steinmeier im Februar 2014, unmittelbar vor dem Putsch, gef\u00fchrt hat.<\/p>\n<p>W\u00e4re es ihm wirklich um den verabredeten friedlichen \u00dcbergang durch Neuwahlen gegangen, w\u00e4re ihm eine friedliche Zukunft der Ukraine wichtig gewesen, er h\u00e4tte die Putschregierung nicht anerkannt und darauf bestanden, dass die Vereinbarung eingehalten wird.<\/p>\n<p>Dann w\u00e4re es weder zum Referendum auf der Krim noch zum Aufstand im Donbass gekommen.<\/p>\n<p><strong>Das war der erste deutsche Wortbruch, aber nicht der letzte. <\/strong><\/p>\n<p>Damals, und das ist auf das \u00c4u\u00dferste besch\u00e4mend und nicht hinnehmbar, verhandelte der deutsche Bundespr\u00e4sident Steinmeier in der deutschen Botschaft auch mit dem F\u00fchrer der ultrarechten Svoboda-Partei, dem Faschisten Oleg Tjagnibok, und posierte nach den Verhandlungen demonstrativ neben diesem.<\/p>\n<p>Sp\u00e4ter gab es H\u00e4ndesch\u00fctteln mit dem ukrainischen Pr\u00e4sidenten Poroschenko, der sich tausendfacher Morde schuldig gemacht hat.<\/p>\n<p>Diese und noch mehr aufschlussreiche Fotos kann man im Internet einsehen.<\/p>\n<p><strong>Wieviel ist sie denn wert, die deutsche Garantie f\u00fcr die Minsker Vereinbarungen? Nicht das Papier, auf dem sie steht.<\/strong><\/p>\n<p>Aber im Verbrennen der Br\u00fccken ist dieses Deutschland ganz gro\u00df.<\/p>\n<p>Die EU verh\u00e4ngt immer neue Sanktionen gegen Russland; Russland wurde aus den G8 geworfen, aus den olympischen Spielen; der NATO-Russland-Rat ist stillgelegt, St\u00e4dtepartnerschaften ebenso. Es gibt nur einen Schritt, den die BRD bisher nicht mittr\u00e4gt; an North Stream 2 wird festgehalten.<\/p>\n<p>Kein Wunder; ihr Gas k\u00f6nnen die Russen auch nach China verkaufen, aber die Stromversorgung hier ist in ernster Gefahr.<\/p>\n<p>Da mag die gr\u00fcne Koboldfrau noch so jubeln \u2013 sollte sie an die Regierung kommen und uns das russische Gas abdrehen, dann werden wir, sofern wir dann noch im Frieden leben, die Winter dunkel und kalt genie\u00dfen d\u00fcrfen.<\/p>\n<p>Seit 2014 werden Schritt f\u00fcr Schritt all die kleinen F\u00e4den gekappt, die unsere L\u00e4nder verbinden, Deutschland und Russland, und Berlin ist immer munter mit dabei, wenn es darum geht, noch einen Zahn zuzulegen.<\/p>\n<p>Wem das nicht gef\u00e4llt, der ist ohnehin ein Putinversteher, ein Russentroll oder sonst eine Art von Vaterlandsverr\u00e4ter.<\/p>\n<p>Inzwischen sind die jeweiligen Botschafter Russlands und der USA heimgerufen; das war nicht einmal w\u00e4hrend der Kubakrise der Fall; und mit d\u00fcnnsten Begr\u00fcndungen werden die russischen Vertretungen quer durch Europa reduziert. Die NATO robbt sich schrittweise an den Abbruch der diplomatischen Beziehungen heran, und es wird berichtet, als sei das eine Nichtigkeit oder irgendeine Art von Erziehungsma\u00dfnahme und nicht das klassische Vorspiel zu einem Krieg.<\/p>\n<p>Vor sieben Jahren, als mit dem Putsch in Kiew diese Gefahr das erste Mal sichtbar wurde, waren wir noch mehr. Inzwischen wurde nicht nur der Keil des &#8218;Querfront&#8216;-Vorwurfs in die Reste einer einstmals starken Friedensbewegung getrieben; seit damals wird fast jedes politische Thema genutzt, um die Menschen aufeinander zu hetzen.<\/p>\n<p>Das kann man nicht anders sagen, denn normales Regierungshandeln best\u00fcnde darin, f\u00fcr friedliche Debatten zu sorgen und nicht, jede Form von Abweichung zu denunzieren. Also bezogen auf den Donbass, auch die Menschen dort zu Wort kommen zu lassen; oder, bezogen auf das j\u00fcngste &#8218;Highlight&#8216;, das Leid, das die Corona-Ma\u00dfnahmen erzeugen, wahrzunehmen und aussprechen zu lassen, statt sofort jeden zum Feind zu erkl\u00e4ren. Eine normale Regierung, auch in einer b\u00fcrgerlichen Demokratie, auch im Kapitalismus, erkennt an, dass es Widerspr\u00fcche gibt, w\u00fcrde versuchen, die Gef\u00e4hrdeten zu sch\u00fctzen, aber den Kindern nicht ihr Recht auf Lebensfreude absprechen oder gar verbieten, dar\u00fcber zu sprechen, wie sie unter ihrem Verlust leiden.<\/p>\n<p>Noch viel weniger w\u00fcrde sie eine Spaltung der Gesellschaft in &#8218;Coronaleugner&#8216; und &#8218;Covidioten&#8216; geradezu vorantreiben; sie w\u00fcrde die ihr zur Verf\u00fcgung stehenden Mittel nutzen, um die Lage zu entsch\u00e4rfen, beispielsweise, indem durch die Einf\u00fchrung einer Schwelle beim CT-Wert die Inzidenzzahlen zuverl\u00e4ssiger werden.<\/p>\n<p>Aber was beabsichtigt eine Regierung, die das Gegenteil tut (und noch dazu mit Menschen, die vereinzelt in ihre Wohnungen verbannt und der Lebensfreude beraubt werden)?<\/p>\n<p><strong>Sie versucht, eine Situation zu schaffen, in der es keinen Widerstand mehr gibt, gleich, was sie beschlie\u00dft und tut. <\/strong><\/p>\n<p>Sie tut dies vorerst nicht mit <strong>physischem<\/strong> Terror, sondern durch Spaltung und Zerm\u00fcrbung, aber sie tut es.<\/p>\n<p>Wenn gleichzeitig die NATO massive Man\u00f6ver an Russlands Grenzen durchf\u00fchrt und die ukrainische Armee Menschen und Material zur Front karrt, wenn die schw\u00e4chelnde Vormacht USA zu immer hysterischeren T\u00f6nen greift und jede Regel des V\u00f6lkerrechts ins Klo kippt und unserem Au\u00dfenministerdarsteller dazu nur einf\u00e4llt, weiter gegen Russland zu p\u00f6beln und die <strong>Kriegsministerin<\/strong> sich freut, dass deutsche Truppen ganz vorn mit dabei sind, dann riecht es schon nach Krieg.<\/p>\n<p>Nicht nur, weil die NATO die davor \u00fcblichen Probel\u00e4ufe, Simulationen und Planspiele schon absolviert hat. Auch, weil der einzige Grund, die Menschen hier derart zu unterwerfen, darin besteht, etwas durchzusetzen, was die Bev\u00f6lkerung auf keinen Fall will.<\/p>\n<p>Wogegen sie sich zur Wehr setzen w\u00fcrde. Und auf der Liste der Dinge, die vern\u00fcnftige Menschen ganz sicher nicht wollen, steht er ganz oben.<\/p>\n<p><strong>Der Krieg.<\/strong><\/p>\n<p>Im Donbass kann man ihn sehen. Die jungen M\u00e4nner, die f\u00fcrs Leben gezeichnet sind, weil ihnen Arme oder Beine abgerissen wurden.<\/p>\n<p>Kinder, die zusehen mussten, wie ihre Eltern oder Gro\u00dfeltern von Schrapnellen zerfetzt wurden.<\/p>\n<p>Eltern, die um ihre Kinder trauern, die beim Spielen einen Blindg\u00e4nger fanden, oder, schlimmer noch, durch Granaten und Luftminen ermordet wurden.<\/p>\n<p>M\u00e4nner, die ihre Frauen beweinen, die ins Visier von Scharfsch\u00fctzen gerieten. Man muss nicht viel Zeit dort verbringen, um die Freude am Knallen von Feuerwerk zu verlieren, sondern stattdessen Deckung zu suchen.<\/p>\n<p>Man beh\u00e4lt lang den muffigen Geruch der Keller in der Nase, die den einzigen Schutz bieten.<\/p>\n<p>Im letzten Jahrhundert haben sich die Deutschen zweimal in einen Krieg treiben lassen, um den Wohlstand der Krupp und Thyssen zu retten.<\/p>\n<p>Ein weiteres Mal <strong>sollten<\/strong> wir uns nicht f\u00fcr die Konten der Milliard\u00e4re zur Schlachtbank f\u00fchren lassen.<\/p>\n<p><strong>Das zu verhindern, ist jeden Einsatz wert.<\/strong><\/p>\n<p>&nbsp;<\/p>\n<p style=\"text-align: right;\"><em>Liane Kilinc ist Vorsitzende des Friedensbr\u00fccke-Kriegsopferhilfe e.V. und Mitglied im Deutschen Freidenker-Verband<\/em><\/p>\n<hr \/>\n<h5>Die Rede von Liane Kilinc und der Auftritt von Tino Eisbrenner im Video:<\/h5>\n<div class=\"jetpack-video-wrapper\"><span class=\"embed-youtube\" style=\"text-align:center; display: block;\"><iframe loading=\"lazy\" class=\"youtube-player\" width=\"800\" height=\"450\" src=\"https:\/\/www.youtube.com\/embed\/CiTHarHYcns?version=3&#038;rel=1&#038;showsearch=0&#038;showinfo=1&#038;iv_load_policy=1&#038;fs=1&#038;hl=de-DE&#038;autohide=2&#038;wmode=transparent\" allowfullscreen=\"true\" style=\"border:0;\" sandbox=\"allow-scripts allow-same-origin allow-popups allow-presentation allow-popups-to-escape-sandbox\"><\/iframe><\/span><\/div>\n<p><span style=\"font-size: 10pt;\">Video: antikriegTV<br \/>\n<\/span><span style=\"font-size: 10pt;\">Direktlink zum Video auf YouTube: <a href=\"https:\/\/www.youtube.com\/watch?v=CiTHarHYcns\" target=\"_blank\" rel=\"noopener\">https:\/\/www.youtube.com\/watch?v=CiTHarHYcns<\/a><\/span><\/p>\n<hr \/>\n<p><span style=\"font-size: 10pt;\">Beitragsbild oben: privat<\/span><\/p>\n","protected":false},"excerpt":{"rendered":"<p>Unter dem Motto &#8222;Stoppt den Krieg gegen den Donbass und die Konfrontationspolitik gegen Russland!&#8220; fand am 28. April 2021 eine Kundgebung am Brandenburger Tor in Berlin statt.\u00a0Die Initiative zu dieser Veranstaltung, die von der Berliner Friko ausging, wurde vom Berliner Freidenker-Verband voll und ganz unterst\u00fctzt.<br \/>\nIm Aufruf zur Kundgebung hie\u00df es:  Der ukrainische Pr\u00e4sident hat mit dem Dekret 117 vom 24. M\u00e4rz 2021 beschlossen, die Krim und den Donbass milit\u00e4risch zur\u00fcckzuerobern. Damit bricht er endg\u00fcltig mit den Verpflichtungen aus der v\u00f6lkerrechtlich bindenden Minsker Vereinbarung von 2015 und versch\u00e4rft die Konfrontation gegen Russland. &#8211;<br \/>\nWir ver\u00f6ffentlichen hier einige Fotos von der Veranstaltung sowie die Rede von Liane Kilinc<\/p>\n","protected":false},"author":3,"featured_media":10144,"comment_status":"closed","ping_status":"closed","sticky":false,"template":"","format":"standard","meta":{"colormag_page_container_layout":"default_layout","colormag_page_sidebar_layout":"default_layout","advanced_seo_description":"","jetpack_seo_html_title":"","jetpack_seo_noindex":false,"jetpack_post_was_ever_published":false,"footnotes":""},"categories":[13,19],"tags":[1032,1121,56,222,639,185],"class_list":["post-10134","post","type-post","status-publish","format-standard","has-post-thumbnail","hentry","category-frieden-antifaschismus-solidaritaet","category-veranstaltungen-in-den-dfv-landesverbaenden","tag-bundesregierung","tag-donbass","tag-nato","tag-russland","tag-ukraine-konflikt","tag-usa"],"jetpack_featured_media_url":"https:\/\/i0.wp.com\/www.freidenker.org\/fw17\/wp-content\/uploads\/2021\/04\/kilinc_rede_donbass_800x450.jpg?fit=800%2C450&ssl=1","jetpack_shortlink":"https:\/\/wp.me\/p9stpK-2Ds","jetpack-related-posts":[{"id":6261,"url":"https:\/\/www.freidenker.org\/?p=6261","url_meta":{"origin":10134,"position":0},"title":"Video: Kundgebung &#8222;Stoppt den Krieg gegen den Donbass!&#8220;","author":"Webredaktion","date":"24. April 2019","format":false,"excerpt":"Video von der Protest- und Mahnkundgebung \"Stoppt den Krieg gegen den Donbass!\" am 14. April 2019 in Berlin Gegen den nach wie vor stattfindenden, aber schon fast vergessenen Krieg der ukrainischen Regierung gegen die Volksrepubliken im Donbass fand Mitte April 2019 in Berlin diese Protestkundgebung statt. Sie richtete sich besonders\u2026","rel":"","context":"In &quot;Frieden - Antifaschismus - Solidarit\u00e4t&quot;","block_context":{"text":"Frieden - Antifaschismus - Solidarit\u00e4t","link":"https:\/\/www.freidenker.org\/?cat=13"},"img":{"alt_text":"","src":"https:\/\/i0.wp.com\/www.freidenker.org\/fw17\/wp-content\/uploads\/2019\/04\/Kundgebung_Donbass_2019_800x445.jpg?fit=800%2C445&ssl=1&resize=350%2C200","width":350,"height":200,"srcset":"https:\/\/i0.wp.com\/www.freidenker.org\/fw17\/wp-content\/uploads\/2019\/04\/Kundgebung_Donbass_2019_800x445.jpg?fit=800%2C445&ssl=1&resize=350%2C200 1x, https:\/\/i0.wp.com\/www.freidenker.org\/fw17\/wp-content\/uploads\/2019\/04\/Kundgebung_Donbass_2019_800x445.jpg?fit=800%2C445&ssl=1&resize=525%2C300 1.5x, https:\/\/i0.wp.com\/www.freidenker.org\/fw17\/wp-content\/uploads\/2019\/04\/Kundgebung_Donbass_2019_800x445.jpg?fit=800%2C445&ssl=1&resize=700%2C400 2x"},"classes":[]},{"id":6144,"url":"https:\/\/www.freidenker.org\/?p=6144","url_meta":{"origin":10134,"position":1},"title":"Kundgebung: Stopp dem Krieg im Donbass!","author":"Webredaktion","date":"3. April 2019","format":false,"excerpt":"Stopp dem Krieg im Donbass! Protest- und Mahnkundgebung am 14. April 2019 von 13:00 bis 14:00 Uhr Berlin Vor genau f\u00fcnf Jahren, am 14. April 2014, hat das durch einen Staatsstreich mit Unterst\u00fctzung der NATO und der EU an die Macht gekommene, von Faschisten gest\u00fctzte ukrainische Regime einen Krieg gegen\u2026","rel":"","context":"In &quot;Frieden - Antifaschismus - Solidarit\u00e4t&quot;","block_context":{"text":"Frieden - Antifaschismus - Solidarit\u00e4t","link":"https:\/\/www.freidenker.org\/?cat=13"},"img":{"alt_text":"","src":"https:\/\/i0.wp.com\/www.freidenker.org\/fw17\/wp-content\/uploads\/2019\/04\/Lysychansk_16.jpg?fit=800%2C445&ssl=1&resize=350%2C200","width":350,"height":200,"srcset":"https:\/\/i0.wp.com\/www.freidenker.org\/fw17\/wp-content\/uploads\/2019\/04\/Lysychansk_16.jpg?fit=800%2C445&ssl=1&resize=350%2C200 1x, https:\/\/i0.wp.com\/www.freidenker.org\/fw17\/wp-content\/uploads\/2019\/04\/Lysychansk_16.jpg?fit=800%2C445&ssl=1&resize=525%2C300 1.5x, https:\/\/i0.wp.com\/www.freidenker.org\/fw17\/wp-content\/uploads\/2019\/04\/Lysychansk_16.jpg?fit=800%2C445&ssl=1&resize=700%2C400 2x"},"classes":[]},{"id":15812,"url":"https:\/\/www.freidenker.org\/?p=15812","url_meta":{"origin":10134,"position":2},"title":"Elbe Tag \u2013 Torgau 1945-2023","author":"Webredaktion","date":"20. April 2023","format":false,"excerpt":"78. Jahrestag der Begegnung - 82. Jahrestag des \u00dcberfalls Nazideutschlands auf die Sowjetunion Friedensdemonstration & Kundgebung am 22. April 2023, 12:00 Uhr am Br\u00fcckenkopf Torgau (Ostufer) Aus dem Aufruf: \u201eDer Schwur von Torgau muss lebendiges Zeugnis unseres Strebens nach einer Welt ohne Krieg bleiben!\u201c. Der Schwur der Soldaten der Roten\u2026","rel":"","context":"In &quot;Frieden - Antifaschismus - Solidarit\u00e4t&quot;","block_context":{"text":"Frieden - Antifaschismus - Solidarit\u00e4t","link":"https:\/\/www.freidenker.org\/?cat=13"},"img":{"alt_text":"","src":"https:\/\/i0.wp.com\/www.freidenker.org\/fw17\/wp-content\/uploads\/2023\/04\/Torgau_2023_800x450.jpg?fit=800%2C450&ssl=1&resize=350%2C200","width":350,"height":200,"srcset":"https:\/\/i0.wp.com\/www.freidenker.org\/fw17\/wp-content\/uploads\/2023\/04\/Torgau_2023_800x450.jpg?fit=800%2C450&ssl=1&resize=350%2C200 1x, https:\/\/i0.wp.com\/www.freidenker.org\/fw17\/wp-content\/uploads\/2023\/04\/Torgau_2023_800x450.jpg?fit=800%2C450&ssl=1&resize=525%2C300 1.5x, https:\/\/i0.wp.com\/www.freidenker.org\/fw17\/wp-content\/uploads\/2023\/04\/Torgau_2023_800x450.jpg?fit=800%2C450&ssl=1&resize=700%2C400 2x"},"classes":[]},{"id":14004,"url":"https:\/\/www.freidenker.org\/?p=14004","url_meta":{"origin":10134,"position":3},"title":"Einladung: Vorabend-Veranstaltung zum\u00a0Antikriegstag 2022","author":"Webredaktion","date":"18. August 2022","format":false,"excerpt":"Mittwoch, 31.08.2022, 18 Uhr, Saalbau Bornheim, Arnsburger Str. 24, 60385 Frankfurt am Main Ansprache: Sebastian Bahlo, Vorsitzender des Deutschen Freidenker-Verbandes, Rezitationen: Renate Fresow, Jan Veil & Lieder von Guy Dawson Wir protestieren gegen die unvern\u00fcnftige, sch\u00e4dliche und gef\u00e4hrliche Konfrontationspolitik der Bundesregierung gegen Russland. Wir protestieren gegen einen 100-Milliarden-Kriegskredit, den wir\u2026","rel":"","context":"In &quot;Frieden - Antifaschismus - Solidarit\u00e4t&quot;","block_context":{"text":"Frieden - Antifaschismus - Solidarit\u00e4t","link":"https:\/\/www.freidenker.org\/?cat=13"},"img":{"alt_text":"","src":"https:\/\/i0.wp.com\/www.freidenker.org\/fw17\/wp-content\/uploads\/2022\/08\/vorabend_antikriegstag_800x450.jpg?fit=800%2C450&ssl=1&resize=350%2C200","width":350,"height":200,"srcset":"https:\/\/i0.wp.com\/www.freidenker.org\/fw17\/wp-content\/uploads\/2022\/08\/vorabend_antikriegstag_800x450.jpg?fit=800%2C450&ssl=1&resize=350%2C200 1x, https:\/\/i0.wp.com\/www.freidenker.org\/fw17\/wp-content\/uploads\/2022\/08\/vorabend_antikriegstag_800x450.jpg?fit=800%2C450&ssl=1&resize=525%2C300 1.5x, https:\/\/i0.wp.com\/www.freidenker.org\/fw17\/wp-content\/uploads\/2022\/08\/vorabend_antikriegstag_800x450.jpg?fit=800%2C450&ssl=1&resize=700%2C400 2x"},"classes":[]},{"id":14209,"url":"https:\/\/www.freidenker.org\/?p=14209","url_meta":{"origin":10134,"position":4},"title":"Diese Regierungspolitik ist irrational und wahnhaft","author":"Webredaktion","date":"21. September 2022","format":false,"excerpt":"Rede von Sebastian Bahlo auf einer Kundgebung des Verbandes der Russlanddeutschen in Hessen in Frankfurt a.M. am 18.09.2022. Die Politik der Bundesregierung ist irrational und wahnhaft, aber diese Charakterisierung ist noch nicht ausreichend: Man mu\u00df auch klar sagen, da\u00df sie verbrecherisch ist. Sie schadet Deutschland und der deutschen Bev\u00f6lkerung massiv,\u2026","rel":"","context":"In &quot;Frieden - Antifaschismus - Solidarit\u00e4t&quot;","block_context":{"text":"Frieden - Antifaschismus - Solidarit\u00e4t","link":"https:\/\/www.freidenker.org\/?cat=13"},"img":{"alt_text":"","src":"https:\/\/i0.wp.com\/www.freidenker.org\/fw17\/wp-content\/uploads\/2022\/09\/bahlo_demo_fam_2022-09-18_800x450.jpg?fit=800%2C450&ssl=1&resize=350%2C200","width":350,"height":200,"srcset":"https:\/\/i0.wp.com\/www.freidenker.org\/fw17\/wp-content\/uploads\/2022\/09\/bahlo_demo_fam_2022-09-18_800x450.jpg?fit=800%2C450&ssl=1&resize=350%2C200 1x, https:\/\/i0.wp.com\/www.freidenker.org\/fw17\/wp-content\/uploads\/2022\/09\/bahlo_demo_fam_2022-09-18_800x450.jpg?fit=800%2C450&ssl=1&resize=525%2C300 1.5x, https:\/\/i0.wp.com\/www.freidenker.org\/fw17\/wp-content\/uploads\/2022\/09\/bahlo_demo_fam_2022-09-18_800x450.jpg?fit=800%2C450&ssl=1&resize=700%2C400 2x"},"classes":[]},{"id":12367,"url":"https:\/\/www.freidenker.org\/?p=12367","url_meta":{"origin":10134,"position":5},"title":"Erkl\u00e4rung der GRH","author":"Webredaktion","date":"4. M\u00e4rz 2022","format":false,"excerpt":"Erkl\u00e4rung der GRH - Gesellschaft zur Rechtlichen und Humanit\u00e4ren Unterst\u00fctzung e.V. Seit dem 24.2. 2022 herrscht in der Ukraine Krieg. Der russische Pr\u00e4sident Putin hatte den Befehl zu einer Milit\u00e4roperation gegeben. Unmittelbarer Anlass f\u00fcr diese Entscheidung war eine Zuspitzung der Situation um die beiden Republiken des Donbass Donezk und Lugansk.\u2026","rel":"","context":"In &quot;Frieden - Antifaschismus - Solidarit\u00e4t&quot;","block_context":{"text":"Frieden - Antifaschismus - Solidarit\u00e4t","link":"https:\/\/www.freidenker.org\/?cat=13"},"img":{"alt_text":"","src":"https:\/\/i0.wp.com\/www.freidenker.org\/fw17\/wp-content\/uploads\/2022\/03\/grh-erklaerung_800x450.jpg?fit=800%2C450&ssl=1&resize=350%2C200","width":350,"height":200,"srcset":"https:\/\/i0.wp.com\/www.freidenker.org\/fw17\/wp-content\/uploads\/2022\/03\/grh-erklaerung_800x450.jpg?fit=800%2C450&ssl=1&resize=350%2C200 1x, https:\/\/i0.wp.com\/www.freidenker.org\/fw17\/wp-content\/uploads\/2022\/03\/grh-erklaerung_800x450.jpg?fit=800%2C450&ssl=1&resize=525%2C300 1.5x, https:\/\/i0.wp.com\/www.freidenker.org\/fw17\/wp-content\/uploads\/2022\/03\/grh-erklaerung_800x450.jpg?fit=800%2C450&ssl=1&resize=700%2C400 2x"},"classes":[]}],"_links":{"self":[{"href":"https:\/\/www.freidenker.org\/index.php?rest_route=\/wp\/v2\/posts\/10134","targetHints":{"allow":["GET"]}}],"collection":[{"href":"https:\/\/www.freidenker.org\/index.php?rest_route=\/wp\/v2\/posts"}],"about":[{"href":"https:\/\/www.freidenker.org\/index.php?rest_route=\/wp\/v2\/types\/post"}],"author":[{"embeddable":true,"href":"https:\/\/www.freidenker.org\/index.php?rest_route=\/wp\/v2\/users\/3"}],"replies":[{"embeddable":true,"href":"https:\/\/www.freidenker.org\/index.php?rest_route=%2Fwp%2Fv2%2Fcomments&post=10134"}],"version-history":[{"count":0,"href":"https:\/\/www.freidenker.org\/index.php?rest_route=\/wp\/v2\/posts\/10134\/revisions"}],"wp:featuredmedia":[{"embeddable":true,"href":"https:\/\/www.freidenker.org\/index.php?rest_route=\/wp\/v2\/media\/10144"}],"wp:attachment":[{"href":"https:\/\/www.freidenker.org\/index.php?rest_route=%2Fwp%2Fv2%2Fmedia&parent=10134"}],"wp:term":[{"taxonomy":"category","embeddable":true,"href":"https:\/\/www.freidenker.org\/index.php?rest_route=%2Fwp%2Fv2%2Fcategories&post=10134"},{"taxonomy":"post_tag","embeddable":true,"href":"https:\/\/www.freidenker.org\/index.php?rest_route=%2Fwp%2Fv2%2Ftags&post=10134"}],"curies":[{"name":"wp","href":"https:\/\/api.w.org\/{rel}","templated":true}]}}