{"id":10088,"date":"2021-04-27T01:18:56","date_gmt":"2021-04-26T23:18:56","guid":{"rendered":"https:\/\/www.freidenker.org\/?p=10088"},"modified":"2021-05-14T00:48:46","modified_gmt":"2021-05-13T22:48:46","slug":"putins-rote-linien","status":"publish","type":"post","link":"https:\/\/www.freidenker.org\/?p=10088","title":{"rendered":"Putins \u201eRote Linien\u201c"},"content":{"rendered":"<p>In der Rubrik\u00a0<strong>Tagesdosis<\/strong> wurde am 23.04.2021 bei <a href=\"https:\/\/kenfm.de\/putins-rote-linien-von-rainer-rupp\/\" target=\"_blank\" rel=\"noopener noreferrer\">KenFM<\/a> der Beitrag \u201ePutins \u201eRote Linien\u201c<strong>\u201c\u00a0<\/strong>von\u00a0<em><strong>Rainer Rupp<\/strong><\/em>, Mitglied des Beirates des Deutschen Freidenker-Verbandes, ver\u00f6ffentlicht.<\/p>\n<p>Den Beitrag als Audio-Datei anh\u00f6ren:<\/p>\n<audio class=\"wp-audio-shortcode\" id=\"audio-10088-1\" preload=\"none\" style=\"width: 100%;\" controls=\"controls\"><source type=\"audio\/mpeg\" src=\"https:\/\/kenfm.de\/multimedia_kenfm\/podcast\/tagesdosis-20210423.mp3?_=1\" \/><a href=\"https:\/\/kenfm.de\/multimedia_kenfm\/podcast\/tagesdosis-20210423.mp3\">https:\/\/kenfm.de\/multimedia_kenfm\/podcast\/tagesdosis-20210423.mp3<\/a><\/audio>\n<p>&nbsp;<\/p>\n<p>Der Beitrag ist auch als Video bei KenTube verf\u00fcgbar: <a href=\"https:\/\/tube.kenfm.de\/videos\/watch\/1e40fb93-29af-4869-9405-fa1e85f6d38f\" target=\"_blank\" rel=\"noopener\">https:\/\/tube.kenfm.de\/videos\/watch\/1e40fb93-29af-4869-9405-fa1e85f6d38f<\/a><\/p>\n<h4>Putins \u201eRote Linien\u201c (Tagesdosis vom 23.04.2021)<\/h4>\n<p>Ein Kommentar von Rainer Rupp<\/p>\n<p>Laut der Verfassung Russlands hat der Pr\u00e4sident des Landes jedes Jahr das russische Parlament, bestehend aus der Staatsduma und dem F\u00f6derationsrat, in einer Rede \u00fcber die Lage der Nation zu informieren. Pr\u00e4sident Wladimir Putin hat das am Mittwoch dieser Woche getan. In seiner simultan auf Deutsch \u00fcbersetzten Rede von ein-ein Viertel Stunden, die <a href=\"https:\/\/de.rt.com\/live\/116306-putins-botschaft-foederalversammlung-2021\/?utm_source=browser&amp;utm_medium=push_notifications&amp;utm_campaign=push_notifications\" target=\"_blank\" rel=\"noopener\">hier<\/a> nachgeh\u00f6rt werden kann (1), kann man viel \u00fcber die j\u00fcngsten Erfolge Russlands \u2013 insbesondere auf dem Gebiet der Bek\u00e4mpfung von Covid-19 \u2013 aber auch \u00fcber fortbestehende Probleme erfahren. Vor allem den sozialen Belangen und deren Verbesserung, speziell der schnellen und unb\u00fcrokratischen Hilfe f\u00fcr allein-erziehende M\u00fctter widmete der Pr\u00e4sident gro\u00dfe Aufmerksamkeit und informierte \u00fcber in Gang gesetzte Verbesserungen.<\/p>\n<p>Als n\u00e4chstes befasste sich Putin mit den Bereichen Wirtschaft und Au\u00dfenhandel, in denen er vor allem die als Resultat der Westsanktionen neu erworbene Widerstandsf\u00e4higkeit der russischen Wirtschaft hervorhob. Trotz der ungerechtfertigten und b\u00f6swilligen Aktionen der USA und EU-L\u00e4nder und trotz der Corona-Krise sei die russische Wirtschaft im Krisenjahr 2020 weitaus weniger eingebrochen als die Volkswirtschaften im Westen. Auch habe sich das Wirtschaftsleben in Russland seither schneller erholt als im Westen. Als Anmerkung sei hier hinzugef\u00fcgt, dass diese Einsch\u00e4tzung vom Internationalen W\u00e4hrungsfonds (IMF) und anderen westlichen Analysten geteilt wird.<\/p>\n<p>Der Au\u00dfenpolitik, inklusive der milit\u00e4r-technischen Durchbr\u00fcche der russischen Forschung und Industrie zur St\u00e4rkung der russischen Verteidigungsf\u00e4higkeit, widmete Putin den k\u00fcrzesten Teil seiner Rede gegen Ende. Dabei ber\u00fchrte er einige Schl\u00fcsselfragen, ohne jedoch ein Land oder eine Person zu benennen. Aber getroffene Hunde bellen, und genau das geschah in gro\u00dfen Teilen der selbsterkl\u00e4rten, westlichen \u201eQualit\u00e4tsmedien\u201c im Anschluss an Putins Rede. Hier einige repr\u00e4sentative Beispiele:<\/p>\n<p><em>\u201e<a href=\"https:\/\/www.zdf.de\/nachrichten\/politik\/russland-putin-rede-nation-100.html\" target=\"_blank\" rel=\"noopener\">Putin warnt Ausland vor \u201aroter Linie<\/a>\u2018\u201c,<\/em>\u00a0 titelte das ZDF (2). Die Spannungen Russlands mit dem Westen wachsen. Putin warnt das Ausland vor Provokationen. Der Westdeutsche Rundfunk (WDR) setzt verst\u00e4rkt auf Effekthascherei zur Ver\u00e4ngstigung seiner H\u00f6rer. Putins Warnung vor Provokationen verwandelt er in etwas Dunkles und B\u00f6ses und titelt: \u201e<em>Putins Rede: &gt;<a href=\"https:\/\/www1.wdr.de\/mediathek\/audio\/wdr5\/wdr5-morgenecho-interview\/audio-putins-rede-eine-klare-drohung-100.html\" target=\"_blank\" rel=\"noopener\">Eine klare Drohung<\/a>&lt;\u201c<\/em> (3).<\/p>\n<p>Die Deutsche Welle (dw) titelte: <em>\u201e<a href=\"https:\/\/www.dw.com\/de\/pr%C3%A4sident-wladimir-putin-zieht-rote-linie\/a-57278871\" target=\"_blank\" rel=\"noopener\">Pr\u00e4sident Wladimir Putin zieht &lt;Rote Linie\u2033<\/a>&gt;<\/em>(4) und f\u00fcgt omin\u00f6s hinzu: \u201e<em>\u2026 und schl\u00e4gt scharfe T\u00f6ne gegen\u00fcber Europa und den USA an\u201c.<\/em><\/p>\n<p>Die TAZ \u00fcbertrifft mal wieder alle anderen. Die Zeitung w\u00e4re nicht das Zentralorgan der Gr\u00fcnen Kriegstreiber im Bundestag, wenn es sich die Gelegenheit von Putins Rede zur Lage der Nation h\u00e4tte entgehen lassen und keinen Drecksartikel gegen Russland geschrieben h\u00e4tte. Mit \u201e<em><a href=\"https:\/\/taz.de\/Putins-Rede-zur-Lage-der-Nation\/!5762369\/\" target=\"_blank\" rel=\"noopener\">Alle Jahre gr\u00fc\u00dft der W\u00fcterich<\/a>\u201c<\/em> titelte die TAZ ihren diesj\u00e4hrigen Artikel zu Putins Rede zur Lage der Nation (5). Zum Gl\u00fcck ist ein Teil der TAZ-Leserschaft bez\u00fcglich Friedens und Sicherheitspolitik noch nicht verbl\u00f6det. Das kann man am breiten Spektrum der Kommentare zu diesem TAZ-Artikel sehen.<\/p>\n<p>Einerseits schreibt z.B. ein gewisser SURYO:<\/p>\n<p style=\"padding-left: 40px;\"><em>\u201eBei Putin kommt mir immer ein altmodisches Wort in den Sinn: b\u00f6se. Nicht im Sinne von ver\u00e4rgert, sondern in der ganz traditionellen Bedeutung. Putin ist b\u00f6se. Ein an Zynismus und Niedertracht kaum zu \u00fcbertreffender, zutiefst schlechter Mensch.<\/em><\/p>\n<p style=\"padding-left: 40px;\"><em>Mit feinem Schmunzeln und Augenzwinkern \u00fcberzieht er die Ostukraine mit Tod und Zerst\u00f6rung, l\u00e4sst Kritiker per Schusswaffe, Nervengift, Strahlung und Fenstersturz ermorden, und versucht aktiv, mittels Desinformation und Propaganda die westlichen Demokratien zu schw\u00e4chen. Wenn man es so schreibt, kann man es fast nicht glauben, es klingt wie die Beschreibung eines Bond-B\u00f6sewichts. Aber all das ist bewiesen und wahr.<\/em><\/p>\n<p>Dagegen h\u00e4lt ein <a href=\"https:\/\/taz.de\/!ku62883\/\">Weber Peter A<\/a>.:<\/p>\n<p style=\"padding-left: 40px;\"><em>\u201eDer W\u00fcterich hat sich trotz der westlichen Aggressionen zur\u00fcckgehalten und zurecht von der roten Linie gesprochen. Was erwartet der Westen denn, wenn er mit den NATO-Truppen in Polen und den baltischen Staaten vorr\u00fcckt und im S\u00fcdosten Russland und Schwarzen Meer provoziert? Kriegsschiffe der USA und des UK beziehen vor Sewastopol, seit Jahrzehnten Heimat der russischen Schwarzmeerflotte Stellung. Sollen die Russen dabei H\u00e4ndchen halten, ihre Schiffe anketten oder sie unsichtbar machen? Und was geht es den Westen an, wenn Russland auf seinem eigenen Territorium Man\u00f6ver durchf\u00fchrt?\u201c<\/em><\/p>\n<p>Hoffnung gibt auch ein Kommentar, der die Gr\u00fcne Kanzlerkandidatin Annalena Baerbock an ihre friedenspolitische Verantwortung f\u00fcr Deutschland und Europa erinnert. Hier ein Auszug:<\/p>\n<p style=\"padding-left: 40px;\"><em>\u201eRussland und China wollen einfach nur dass man sie und ihre Verb\u00fcndeten in Ruhe l\u00e4sst. Das kostet nichts (und vor allem w\u00fcrde es nicht so viele Menschenleben kosten, die in sinnlosen Stellvertreterkriegen umkommen). Aber es w\u00fcrde sehr viel m\u00f6glich machen, was sonst nicht m\u00f6glich ist. Entspannungspolitik ist angesagt. Wenn Annalena Baerbock das nicht begreifen will, sollte sie nicht Bundeskanzlerin werden\u201c.<\/em><\/p>\n<p>Allerdings hat sich Frau Baerbock diesbez\u00fcglich bereits mit einer Rede bei ihrer Schutzmacht USA als anti-russische Scharfmacherin positioniert und somit den Falken in Washington signalisiert, dass man mit ihr als Kanzlerin \u201egut\u201c Ostpolitik machen kann.<\/p>\n<p>Aber schauen wir uns jetzt doch einmal an, was der angebliche \u201eW\u00fcterich\u201c Putin in den wenigen Minuten seiner Rede zu Au\u00dfenpolitik tats\u00e4chlich gesagt hat.<\/p>\n<p>Zun\u00e4chst hat er betont, dass der Sinn und Inhalt der russischen Politik in der Weltarena darin besteht, den Frieden und die Sicherheit f\u00fcr <em>\u201eden Wohlstand unserer B\u00fcrger und die stabile Entwicklung des Landes zu gew\u00e4hrleisten.\u201c<\/em><\/p>\n<p style=\"padding-left: 40px;\">\u201e<em>Russland hat nat\u00fcrlich seine Interessen, die wir sch\u00fctzen und dies im Rahmen des internationalen Rechts auch tun. Falls andere L\u00e4nder keinen Dialog f\u00fchren m\u00f6chten und einen arroganten Ton w\u00e4hlen, wird Russland einen Weg suchen, seine Interessen zu sch\u00fctzen.\u201c\u00a0<\/em><\/p>\n<p>Eigentlich h\u00e4tte Putin hier hinzuf\u00fcgen m\u00fcssen, dass vor allem westliche Staaten ihre Interessen unter Umgehung oder Bruch des internationalen Rechts immer wieder durchzusetzen versuchen. Obwohl das eine einfach zu belegende Tatsache ist \u2013 siehe Kosovo-Krieg, Irak-Krieg, Libyen-Krieg, Syrien-Krieg, usw.) hat das Putin nicht erw\u00e4hnt, weil er nicht konfrontativ sein wollte.<\/p>\n<p>Dennoch unterstrich Putin, dass unfreundliche Aktionen gegen\u00fcber Russland sich h\u00e4ufen. \u201e<em>Wir werden von allen Seiten angegriffen. In manchen L\u00e4ndern ist es bereits zu einer neuen Sportart geworden, aus jeglichem Anlass \u2013 und \u00f6fter auch aus keinem Anlass \u2013 Russland als den Schuldigen f\u00fcr irgendwas darzustellen.\u201c\u00a0<\/em><\/p>\n<p>Leider hat Putin damit nicht \u00fcbertrieben. Um das festzustellen gen\u00fcgt ein kurzer Blick zur\u00fcck auf die Titelseiten der westlichen \u201eQualit\u00e4tsmedien\u201d der letzten Wochen, Monate und Jahre.<\/p>\n<p>Auf all die hysterischen L\u00fcgen, Provokationen und kruden Attacken westlicher Politiker und Medien gegen Russland hat die F\u00fchrung in Moskau stets moderat und deeskalierend reagiert und eine Geduld gezeigt, die f\u00fcr manche Beobachter kaum noch verst\u00e4ndlich war. Aber die unbeschreiblichen Schrecken und Opfer des Gro\u00dfen Vaterl\u00e4ndischen Krieges gegen die Soldateska der deutschen Faschisten sind tief im kollektiven Ged\u00e4chtnis Russlands verankert. Bei der Wahl zwischen mehr Geduld oder Krieg werden die Russen sich immer zuerst f\u00fcr Geduld entscheiden.<\/p>\n<p>Wenn also Putin in seiner Rede sagt:<\/p>\n<blockquote><p><em>\u201eWir verhalten uns sehr zur\u00fcckhaltend. Ohne jegliche Ironie kann man sagen, dass wir sehr gem\u00e4\u00dfigt sind, denn manchmal antworten wir gar nicht auf die Provokationen und das sch\u00e4bige Verhalten\u201c<\/em>,<\/p><\/blockquote>\n<p>dann werden ihm diese Worte von der westlichen Journaille h\u00e4misch als \u00fcberhebliches Selbstlob eines Autokraten ausgelegt. Da spielt es auch keine Rolle, dass Putin auch Russlands Wunsch unterstrichen hat,<\/p>\n<blockquote><p><em>\u201egute Beziehungen zu allen L\u00e4ndern zu haben, auch zu denen, mit denen wir nicht \u00fcbereinstimmen. Wir m\u00f6chten keine Br\u00fccken verbrennen.\u201c\u00a0<\/em><\/p><\/blockquote>\n<p>Dann aber kommt die Stelle in seiner Rede, an der sich Putin an all jene wendet, die Russlands Geduld, guten Willen und Zur\u00fcckhaltung als Angst oder Schw\u00e4che missdeuten:<\/p>\n<p style=\"padding-left: 40px;\">\u201e<em>Wenn aber jemand unsere guten Absichten als Gleichg\u00fcltigkeit oder Schw\u00e4che wahrnimmt und selbst beabsichtigt, diese Br\u00fccken abzubrechen oder sogar zu sprengen, so sollte er wissen, dass Russlands Antwort asymmetrisch, schnell und hart sein wird.\u201c<\/em> (An dieser Stelle gab es spontanen Applaus im feierlich geschm\u00fcckten Saal). Weiter sagte Putin:<\/p>\n<p style=\"padding-left: 40px;\"><em>\u201eDie Organisatoren von \u00abProvokationen\u00bb, die die grundlegenden Interessen unserer nationalen Sicherheit betreffen, werden ihre Handlungen so sehr bereuen, wie sie noch nie etwas bereut haben\u201c.<\/em> Und wieder wurde der russische Pr\u00e4sident von spontanem Applaus unterbrochen. Er fuhr mit den Worten fort:<\/p>\n<p style=\"padding-left: 40px;\"><em>\u201eSelbst offenen Frechheiten uns gegen\u00fcber, \u00fcben wir uns in Geduld und in Zur\u00fcckhaltung. Aber es soll niemand wagen, unsere roten Linien zu \u00fcberschreiten. Wo diese liegen, werden wir in jedem einzelnen Fall selbst entscheiden.\u00bb<\/em> Diesmal folgte ein besonders starker Applaus.<\/p>\n<p>Wer \u2013 au\u00dfer dem russophoben TAZ-Schreiberling \u2013 hat hier etwas von einem W\u00fcterich entdeckt? Mir scheint eher das Gegenteil der Fall, besonders wenn man Putins Rede mit den anti-russischen Hetzreden westlicher Werte-Politiker vergleicht, z.B. mit denen von NATO-Groupie Annegret Krampf-Knarrenbauer, wonach \u201e<em>man mit den Russen nur aus der Position der St\u00e4rke\u201c<\/em> reden kann.<\/p>\n<p>Interessant ist auch, dass \u2013 als w\u00e4re es abgesprochen \u2013 fast alle f\u00fchrenden westlichen Medien in ihren Berichten \u00fcber Putins Rede zur Lage der Nation viele Platz f\u00fcr ein sachfremdes Thema verbraucht haben. Davon konnte sich der Autor dieser Zeilen bei der Durchsicht eines Medienquerschnitts auf Google \u00fcberzeugen. Statt etwas ausf\u00fchrlicher \u00fcber den Inhalt von Putins Rede zu berichten, haben die westlichen Werte-Medien viele Tr\u00e4nen \u00fcber die erschreckende Lage des anti-Putin-Freiheitsk\u00e4mpfer Navalny vergossen. Der befindet sich derzeit in einem russischen Gef\u00e4ngniskrankenhaus im Hungerstreik und er soll angeblich zu einem \u201eGespenst\u201c abgemagert sein.<\/p>\n<p>Aber kann man den westlichen Medien ihren angeblichen Einsatz f\u00fcr die Menschrechte abnehmen? Wenn \u00fcberhaupt, dann ist dieser Einsatz extrem einseitig und selektiv. Denn diese westlichen Medien haben nicht einmal einen Bruchteil der Zeilen, die sie in der Vergangenheit Navalny gewidmet haben, f\u00fcr die Berichterstattung \u00fcber die weitaus schlimmere Lage des Journalisten Assange genutzt. Aber im Unterschied zu Navalny ist Assange kein Rassist, Assange ist auch keiner, der Muslime killen will und er macht auch keine gemeinsame Sache mit Faschisten, und er hat sich auch nicht von westlichen Geheimdiensten anwerben lassen.<\/p>\n<p>Es spielt auch keine Rolle, dass Assange seit Jahren unschuldig in einem britischen Gef\u00e4ngnis sitzt und dass seine Gesundheit laut UNO-Folter-Berichterstatter seit Monaten in einem kritischen Zustand ist. Es spielt f\u00fcr unsere West-Medien auch keine Rolle, dass er keine angemessene \u00e4rztliche Versorgung bekommt. Im Unterschied zu Navalny kann man Assange n\u00e4mlich nicht als Propaganda-Instrument gegen Putin benutzen. Daher ist Assange f\u00fcr unsere \u201eQualit\u00e4tsmedien\u201c, die unsere westlichen Werte und unseren Humanismus mit gro\u00dfem Einsatz verteidigen ein NICHTS.<\/p>\n<p>Dagegen liegen im Fall Navalny die Dinge umgekehrt, denn er kann und wird von der Westpropaganda bei jeder sich bietenden Gelegenheit instrumentalisiert. Im konkreten Fall geschieht das durch die Beimischung von Anekdoten \u00fcber den Leidensweg Navalnys zu den Berichten \u00fcber Putins Rede zur Lage der Nation. So f\u00e4llt es nicht auf das die Berichte kaum auf den Inhalt von Putins Rede eingehen, daf\u00fcr aber Putin als Herrscher \u00fcber das russische Reich des B\u00f6sen pr\u00e4sentieren, der die Verantwortung f\u00fcr Navalnys trauriges Schicksal tr\u00e4gt.<\/p>\n<p>Ein weiteres Problem wurde in etlichen Westartikeln \u00fcber die Putin Rede bem\u00e4ngelt, dass er n\u00e4mlich nichts \u00fcber das Angebot des ukrainischen Pr\u00e4sidenten Selenski gesagt hat, der tags zuvor dem russischen Pr\u00e4sidenten ein Treffen an der Kontaktline im Donbass vorgeschlagen hatte. Gestern, einen Tag nach seiner Rede hat Putin seinem ukrainischen Amtskollegen geantwortet. Er sei gerne bereit, Selenski zu einem diesem gelegenen Zeitpunkt in Moskau zu empfangen: <em>\u201cWenn wir \u00fcber die Entwicklung der bilateralen Beziehungen sprechen, dann bitte.\u201d\u00a0<\/em><\/p>\n<p>Laut Putin hat Kiew in letzter Zeit viele Schritte unternommen, die den Beziehungen zu Moskau schaden. Wenn Selenski jedoch mit der Wiederherstellung der Beziehungen beginnen wolle, w\u00fcrde Russland dies begr\u00fc\u00dfen, hie\u00df es weiter. Selenski seinerseits hatte vergangenen Dienstag angemerkt, dass <em>\u201edie unterschiedlichen Ansichten Kiews und Moskaus \u00fcber Vergangenheit und Zukunft nicht als Problem, sondern auch als Chance gesehen werden k\u00f6nnten\u201c<\/em>.<\/p>\n<p>Tats\u00e4chlich w\u00fcrde ein baldiges Treffen zwischen Putin und Selenski vor einer total ver\u00e4nderten geo-politischen Konstellation stattfinden. Auf die unmittelbar bevorstehende Verletzung von Moskaus \u201eroten Linien\u201c auf der Krim, im Donbass, wo \u00fcber 500.000 B\u00fcrger mit russischem Pass leben, und im Schwarzen Meer durch die Ukraine hat Moskau entschieden reagiert. Es hat sich dabei nicht von den aufgeplusterten Unterst\u00fctzungsversprechen der USA und der NATO f\u00fcr die Machthaber in Kiew abschrecken lassen.<\/p>\n<p>Wie schon im Jahr 2008, als Georgien in S\u00fcdossetien milit\u00e4risch angriff und auch die dort stationierten russischen Friedenssoldaten \u00fcberfiel und damit eine der \u201eroten Linien\u201c Russlands \u00fcberschritten hatte, sah diesmal auch alles danach aus, dass Russland milit\u00e4risch f\u00e4hig und politisch bereit war, seine \u201erote Linien\u201c auf der Krim, im Schwarzen Meer und im Donbass zu verteidigen.<\/p>\n<p>Russlands milit\u00e4rische F\u00e4higkeiten vor Ort und seine politische Entschlossenheit f\u00fchrten bei Russlands Gegners, die in voller Absicht vor Russlands Haust\u00fcr aus der Ukraine ein Pulverfass gemacht hatten, zu einer Katharsis. Vor die Wahl gestellt, in der Ukraine in einen direkten Krieg mit Russland verwickelt zu werden, sind die gro\u00dfm\u00e4uligen Unterst\u00fctzer der ukrainischen Abenteurer einer nach dem anderen ausgestiegen. Die USA, Berlin, Frankreich die NATO und EU sicherten Kiew zwar wortreich diplomatische Unterst\u00fctzung zu, aber der Traum von NATO-Truppenverst\u00e4rkungen in der Ukraine blieb ein Traum.<\/p>\n<p>In der Ukraine standen die hyperaktiven anti-russischen Kriegshetzer pl\u00f6tzlich allein da und sahen sich einer bestens ausgebildeten, modern bewaffneten \u00dcbermacht gegen\u00fcber, gegen die nicht einmal die Amerikaner antreten wollten. Das muss vor allem f\u00fcr die Bataillone der nationalistischen Ultras und faschistischen Gruppierungen \u00e4u\u00dferst ern\u00fcchternd gewesen sein, waren sie es doch, die haupts\u00e4chlich f\u00fcr die Verabschiedung des Gesetzes im ukrainischen Parlament zur R\u00fcckeroberung der Krim und des Donbass und f\u00fcr die nachfolgenden Mobilisierung einer Invasionsarmee verantwortlich gewesen sind.<\/p>\n<p>Tats\u00e4chlich k\u00f6nnte diese neue Sachlage \u2013 wie Selenski sagte \u2013 <em>\u201eauch als Chance gesehen werden\u201c<\/em>. Denn der Rest des politischen Spektrums in der Ukraine hat jetzt eine bessere M\u00f6glichkeit, sich dem Griff der rechten Ultras und Faschisten zu entziehen, die sich von den USA, der NATO und EU verraten und entsprechend geschw\u00e4cht f\u00fchlen. Das k\u00f6nnte endlich auch Selenski oder einer Nachfolgeregierung den Weg frei machen, im Rahmen des Minsker Abkommens doch noch eine friedliche Verhandlungsl\u00f6sung der Ukraine-Krise herbeizuf\u00fchren.<\/p>\n<p><strong>Quellen:<\/strong><\/p>\n<ol>\n<li><a href=\"https:\/\/de.rt.com\/live\/116306-putins-botschaft-foederalversammlung-2021\/?utm_source=browser&amp;utm_medium=push_notifications&amp;utm_campaign=push_notifications\" target=\"_blank\" rel=\"noopener\">https:\/\/de.rt.com\/live\/116306-putins-botschaft-foederalversammlung-2021\/?utm_source=browser&amp;utm_medium=push_notifications&amp;utm_campaign=push_notifications<\/a><\/li>\n<li><a href=\"https:\/\/www.zdf.de\/nachrichten\/politik\/russland-putin-rede-nation-100.html\" target=\"_blank\" rel=\"noopener\">https:\/\/www.zdf.de\/nachrichten\/politik\/russland-putin-rede-nation-100.html<\/a><\/li>\n<li><a href=\"https:\/\/www1.wdr.de\/mediathek\/audio\/wdr5\/wdr5-morgenecho-interview\/audio-putins-rede-eine-klare-drohung-100.html\" target=\"_blank\" rel=\"noopener\">https:\/\/www1.wdr.de\/mediathek\/audio\/wdr5\/wdr5-morgenecho-interview\/audio-putins-rede-eine-klare-drohung-100.html<\/a><\/li>\n<li><a href=\"https:\/\/www.dw.com\/de\/pr%C3%A4sident-wladimir-putin-zieht-rote-linie\/a-57278871\" target=\"_blank\" rel=\"noopener\">https:\/\/www.dw.com\/de\/pr%C3%A4sident-wladimir-putin-zieht-rote-linie\/a-57278871<\/a><\/li>\n<li><a href=\"https:\/\/taz.de\/Putins-Rede-zur-Lage-der-Nation\/!5762369\/\" target=\"_blank\" rel=\"noopener\">https:\/\/taz.de\/Putins-Rede-zur-Lage-der-Nation\/!5762369\/<\/a><\/li>\n<\/ol>\n<p style=\"text-align: right;\"><em>Rainer Rupp ist Mitglied des Beirats des Deutschen Freidenker-Verbandes<\/em><\/p>\n<p><span style=\"font-size: 10pt;\">Link zur Erstver\u00f6ffentlichung bei KenFM: <a href=\"https:\/\/kenfm.de\/putins-rote-linien-von-rainer-rupp\/\" target=\"_blank\" rel=\"noopener\">https:\/\/kenfm.de\/putins-rote-linien-von-rainer-rupp\/<\/a><\/span><\/p>\n<hr \/>\n<p><span style=\"font-size: 10pt;\">Bild: Vladimir Putin, April 2020<br \/>\nFoto: Kremlin.ru, <a href=\"https:\/\/creativecommons.org\/licenses\/by\/4.0\" target=\"_blank\" rel=\"noopener\">CC BY 4.0<\/a>,<br \/>\nQuelle: <a href=\"https:\/\/commons.wikimedia.org\/w\/index.php?curid=88858030\" target=\"_blank\" rel=\"noopener\">https:\/\/commons.wikimedia.org\/w\/index.php?curid=88858030<\/a><\/span><\/p>\n<p>&nbsp;<\/p>\n","protected":false},"excerpt":{"rendered":"<p><b>Ein Kommentar von Rainer Rupp<\/b><br \/>\nLaut der Verfassung Russlands hat der Pr\u00e4sident des Landes jedes Jahr das russische Parlament, bestehend aus der Staatsduma und dem F\u00f6derationsrat, in einer Rede \u00fcber die Lage der Nation zu informieren. Pr\u00e4sident Wladimir Putin hat das am Mittwoch dieser Woche getan. In seiner &#8230; Rede von ein-ein Viertel Stunden &#8230;  kann man viel \u00fcber die j\u00fcngsten Erfolge Russlands \u2013 insbesondere auf dem Gebiet der Bek\u00e4mpfung von Covid-19 \u2013 aber auch \u00fcber fortbestehende Probleme erfahren. &#8230;<br \/>\nAls n\u00e4chstes befasste sich Putin mit den Bereichen Wirtschaft und Au\u00dfenhandel, in denen er vor allem die als Resultat der Westsanktionen neu erworbene Widerstandsf\u00e4higkeit der russischen Wirtschaft hervorhob.<\/p>\n","protected":false},"author":3,"featured_media":10090,"comment_status":"closed","ping_status":"closed","sticky":false,"template":"","format":"standard","meta":{"colormag_page_container_layout":"default_layout","colormag_page_sidebar_layout":"default_layout","advanced_seo_description":"","jetpack_seo_html_title":"","jetpack_seo_noindex":false,"jetpack_post_was_ever_published":false,"footnotes":""},"categories":[12],"tags":[699,1136,339,121,1257,222,639,122],"class_list":["post-10088","post","type-post","status-publish","format-standard","has-post-thumbnail","hentry","category-demokratie-medien-aufklaerung","tag-aussenpolitik","tag-friedenspolitik","tag-kriegspropaganda","tag-medien","tag-pandemie","tag-russland","tag-ukraine-konflikt","tag-wirtschaft"],"jetpack_featured_media_url":"https:\/\/i0.wp.com\/www.freidenker.org\/fw17\/wp-content\/uploads\/2021\/04\/Vladimir_Putin_address_to_citizens_2020-04-02_800x450.jpg?fit=800%2C450&ssl=1","jetpack_shortlink":"https:\/\/wp.me\/p9stpK-2CI","jetpack-related-posts":[{"id":7451,"url":"https:\/\/www.freidenker.org\/?p=7451","url_meta":{"origin":10088,"position":0},"title":"Die M\u00e4r vom Machtkampf im Kreml","author":"Webredaktion","date":"21. Januar 2020","format":false,"excerpt":"In der Rubrik Tagesdosis wurde am 17.01.2020 bei KenFM der Beitrag \u201eDie M\u00e4r vom Machtkampf im Kreml\u201c von Rainer Rupp ver\u00f6ffentlicht. In Wladimir Putins 16. Rede an die Nation ging es dem russischen Pr\u00e4sidenten nicht nur um die von ihm vorgeschlagenen Verfassungs\u00e4nderungen, \u00fcber die jetzt in westlichen Medien als angeblich\u2026","rel":"","context":"In &quot;Demokratie \u2013 Medien \u2013 Aufkl\u00e4rung&quot;","block_context":{"text":"Demokratie \u2013 Medien \u2013 Aufkl\u00e4rung","link":"https:\/\/www.freidenker.org\/?cat=12"},"img":{"alt_text":"","src":"https:\/\/i0.wp.com\/www.freidenker.org\/fw17\/wp-content\/uploads\/2020\/01\/Putin_Machtkampf_im_Kreml_800x445.jpg?fit=800%2C445&ssl=1&resize=350%2C200","width":350,"height":200,"srcset":"https:\/\/i0.wp.com\/www.freidenker.org\/fw17\/wp-content\/uploads\/2020\/01\/Putin_Machtkampf_im_Kreml_800x445.jpg?fit=800%2C445&ssl=1&resize=350%2C200 1x, https:\/\/i0.wp.com\/www.freidenker.org\/fw17\/wp-content\/uploads\/2020\/01\/Putin_Machtkampf_im_Kreml_800x445.jpg?fit=800%2C445&ssl=1&resize=525%2C300 1.5x, https:\/\/i0.wp.com\/www.freidenker.org\/fw17\/wp-content\/uploads\/2020\/01\/Putin_Machtkampf_im_Kreml_800x445.jpg?fit=800%2C445&ssl=1&resize=700%2C400 2x"},"classes":[]},{"id":24267,"url":"https:\/\/www.freidenker.org\/?p=24267","url_meta":{"origin":10088,"position":1},"title":"Putins klare Botschaft an den Westen","author":"Webredaktion","date":"23. Januar 2026","format":false,"excerpt":"Beitrag von Rainer Rupp Um den Jahreswechsel haben interessierte Kreise in Politik und Medien Ger\u00fcchte gesch\u00fcrt, Pr\u00e4sident Putin sei vollst\u00e4ndig \"von der politischen Bildfl\u00e4che verschwunden\", und behauptet, das habe mit zunehmender Unzufriedenheit in Russland und m\u00f6glichem Machtverlust zu tun. Tats\u00e4chlich gab es eine Phase mit deutlich reduzierten oder gar keinen\u2026","rel":"","context":"In &quot;Demokratie \u2013 Medien \u2013 Aufkl\u00e4rung&quot;","block_context":{"text":"Demokratie \u2013 Medien \u2013 Aufkl\u00e4rung","link":"https:\/\/www.freidenker.org\/?cat=12"},"img":{"alt_text":"","src":"https:\/\/i0.wp.com\/www.freidenker.org\/fw17\/wp-content\/uploads\/2026\/01\/Vladimir_Putin_2025-12-02_800x450.jpg?fit=800%2C450&ssl=1&resize=350%2C200","width":350,"height":200,"srcset":"https:\/\/i0.wp.com\/www.freidenker.org\/fw17\/wp-content\/uploads\/2026\/01\/Vladimir_Putin_2025-12-02_800x450.jpg?fit=800%2C450&ssl=1&resize=350%2C200 1x, https:\/\/i0.wp.com\/www.freidenker.org\/fw17\/wp-content\/uploads\/2026\/01\/Vladimir_Putin_2025-12-02_800x450.jpg?fit=800%2C450&ssl=1&resize=525%2C300 1.5x, https:\/\/i0.wp.com\/www.freidenker.org\/fw17\/wp-content\/uploads\/2026\/01\/Vladimir_Putin_2025-12-02_800x450.jpg?fit=800%2C450&ssl=1&resize=700%2C400 2x"},"classes":[]},{"id":23742,"url":"https:\/\/www.freidenker.org\/?p=23742","url_meta":{"origin":10088,"position":2},"title":"Putin und Modi feiern &#8222;besondere und privilegierte strategische Partnerschaft&#8220;","author":"Webredaktion","date":"8. Dezember 2025","format":false,"excerpt":"Beitrag von Rainer Rupp Der laut westlicher Propaganda \"international isolierte\" russische Pr\u00e4sident Wladimir Putin ist ein viel besch\u00e4ftigter Mann. Am Mittwoch empfing er hohen Besuch aus Washington, und einen Tag sp\u00e4ter wurde er mit gro\u00dfem Pomp als bew\u00e4hrter Freund in Neu-Delhi zum 23. Indien-Russland-Gipfel empfangen. In Neu-Delhi verbindet man gro\u00dfe\u2026","rel":"","context":"In &quot;Demokratie \u2013 Medien \u2013 Aufkl\u00e4rung&quot;","block_context":{"text":"Demokratie \u2013 Medien \u2013 Aufkl\u00e4rung","link":"https:\/\/www.freidenker.org\/?cat=12"},"img":{"alt_text":"","src":"https:\/\/i0.wp.com\/www.freidenker.org\/fw17\/wp-content\/uploads\/2025\/12\/Modi_with_Putin_at_Hyderabad_House_2025-12-05_800x450.jpg?fit=800%2C450&ssl=1&resize=350%2C200","width":350,"height":200,"srcset":"https:\/\/i0.wp.com\/www.freidenker.org\/fw17\/wp-content\/uploads\/2025\/12\/Modi_with_Putin_at_Hyderabad_House_2025-12-05_800x450.jpg?fit=800%2C450&ssl=1&resize=350%2C200 1x, https:\/\/i0.wp.com\/www.freidenker.org\/fw17\/wp-content\/uploads\/2025\/12\/Modi_with_Putin_at_Hyderabad_House_2025-12-05_800x450.jpg?fit=800%2C450&ssl=1&resize=525%2C300 1.5x, https:\/\/i0.wp.com\/www.freidenker.org\/fw17\/wp-content\/uploads\/2025\/12\/Modi_with_Putin_at_Hyderabad_House_2025-12-05_800x450.jpg?fit=800%2C450&ssl=1&resize=700%2C400 2x"},"classes":[]},{"id":8566,"url":"https:\/\/www.freidenker.org\/?p=8566","url_meta":{"origin":10088,"position":3},"title":"Gates-Stiftung kauft von den Medien wohlwollende Berichterstattung","author":"Webredaktion","date":"31. August 2020","format":false,"excerpt":"Kommentar von Rainer Rupp Das US-Medien-Magazin \u201eColumbia Journalism Review (CJR)\u201c ... findet \u2013 ebenso wir die anderen blinden H\u00fchner New York Times, Washington Post und der CCN-Fake News Sender \u2013 hin und wieder auch ein Korn Wahrheit. Das war j\u00fcngst der Fall, als am 21. August Tim Schwab im CJR-Magazin\u2026","rel":"","context":"In &quot;Demokratie \u2013 Medien \u2013 Aufkl\u00e4rung&quot;","block_context":{"text":"Demokratie \u2013 Medien \u2013 Aufkl\u00e4rung","link":"https:\/\/www.freidenker.org\/?cat=12"},"img":{"alt_text":"","src":"https:\/\/i0.wp.com\/www.freidenker.org\/fw17\/wp-content\/uploads\/2020\/08\/dollar-1968710_800x450.jpg?fit=800%2C450&ssl=1&resize=350%2C200","width":350,"height":200,"srcset":"https:\/\/i0.wp.com\/www.freidenker.org\/fw17\/wp-content\/uploads\/2020\/08\/dollar-1968710_800x450.jpg?fit=800%2C450&ssl=1&resize=350%2C200 1x, https:\/\/i0.wp.com\/www.freidenker.org\/fw17\/wp-content\/uploads\/2020\/08\/dollar-1968710_800x450.jpg?fit=800%2C450&ssl=1&resize=525%2C300 1.5x, https:\/\/i0.wp.com\/www.freidenker.org\/fw17\/wp-content\/uploads\/2020\/08\/dollar-1968710_800x450.jpg?fit=800%2C450&ssl=1&resize=700%2C400 2x"},"classes":[]},{"id":11810,"url":"https:\/\/www.freidenker.org\/?p=11810","url_meta":{"origin":10088,"position":4},"title":"Gespr\u00e4ch zwischen Biden und Putin hat gordischen Knoten der Ukraine-Krise durchtrennt","author":"Webredaktion","date":"12. Dezember 2021","format":false,"excerpt":"Beitrag von Rainer Rupp Aus den Presseerkl\u00e4rungen des Kremls und des Wei\u00dfen Hauses \u00fcber das zweist\u00fcndige Online-Gipfelgespr\u00e4ch zwischen dem russischen und US-amerikanischen Pr\u00e4sidenten geht hervor, dass sich die Diskussion in der Hauptsache um die Ukraine-Krise gedreht hat. Aus der leider sehr kurzen Presseerkl\u00e4rung des Wei\u00dfen Hauses lassen sich nur wenige\u2026","rel":"","context":"In &quot;Frieden - Antifaschismus - Solidarit\u00e4t&quot;","block_context":{"text":"Frieden - Antifaschismus - Solidarit\u00e4t","link":"https:\/\/www.freidenker.org\/?cat=13"},"img":{"alt_text":"","src":"https:\/\/i0.wp.com\/www.freidenker.org\/fw17\/wp-content\/uploads\/2021\/12\/Putin_Biden_Videokonferenz_2021-12_800x450.jpg?fit=800%2C450&ssl=1&resize=350%2C200","width":350,"height":200,"srcset":"https:\/\/i0.wp.com\/www.freidenker.org\/fw17\/wp-content\/uploads\/2021\/12\/Putin_Biden_Videokonferenz_2021-12_800x450.jpg?fit=800%2C450&ssl=1&resize=350%2C200 1x, https:\/\/i0.wp.com\/www.freidenker.org\/fw17\/wp-content\/uploads\/2021\/12\/Putin_Biden_Videokonferenz_2021-12_800x450.jpg?fit=800%2C450&ssl=1&resize=525%2C300 1.5x, https:\/\/i0.wp.com\/www.freidenker.org\/fw17\/wp-content\/uploads\/2021\/12\/Putin_Biden_Videokonferenz_2021-12_800x450.jpg?fit=800%2C450&ssl=1&resize=700%2C400 2x"},"classes":[]},{"id":9078,"url":"https:\/\/www.freidenker.org\/?p=9078","url_meta":{"origin":10088,"position":5},"title":"Medizin gegen politischen Brechreiz","author":"Webredaktion","date":"25. Dezember 2020","format":false,"excerpt":"Ein Kommentar von Rainer Rupp Bei KenFM werden die Gr\u00fcnde f\u00fcr das erneut weitverbreitete und wachsende politische Unwohlsein in unserem Land regelm\u00e4\u00dfig thematisiert. Gegen einen dieser Gr\u00fcnde, n\u00e4mlich gegen die irrationale und den Interessen unseres Landes zuwiderlaufende Aggressivit\u00e4t der Bundesregierung gegen Russland, schlage ich im zweiten Teil der heutigen Tagesdosis\u2026","rel":"","context":"In &quot;Frieden - Antifaschismus - Solidarit\u00e4t&quot;","block_context":{"text":"Frieden - Antifaschismus - Solidarit\u00e4t","link":"https:\/\/www.freidenker.org\/?cat=13"},"img":{"alt_text":"","src":"https:\/\/i0.wp.com\/www.freidenker.org\/fw17\/wp-content\/uploads\/2020\/12\/putin_veteranen_kremlin_800x450.jpg?fit=800%2C450&ssl=1&resize=350%2C200","width":350,"height":200,"srcset":"https:\/\/i0.wp.com\/www.freidenker.org\/fw17\/wp-content\/uploads\/2020\/12\/putin_veteranen_kremlin_800x450.jpg?fit=800%2C450&ssl=1&resize=350%2C200 1x, https:\/\/i0.wp.com\/www.freidenker.org\/fw17\/wp-content\/uploads\/2020\/12\/putin_veteranen_kremlin_800x450.jpg?fit=800%2C450&ssl=1&resize=525%2C300 1.5x, https:\/\/i0.wp.com\/www.freidenker.org\/fw17\/wp-content\/uploads\/2020\/12\/putin_veteranen_kremlin_800x450.jpg?fit=800%2C450&ssl=1&resize=700%2C400 2x"},"classes":[]}],"_links":{"self":[{"href":"https:\/\/www.freidenker.org\/index.php?rest_route=\/wp\/v2\/posts\/10088","targetHints":{"allow":["GET"]}}],"collection":[{"href":"https:\/\/www.freidenker.org\/index.php?rest_route=\/wp\/v2\/posts"}],"about":[{"href":"https:\/\/www.freidenker.org\/index.php?rest_route=\/wp\/v2\/types\/post"}],"author":[{"embeddable":true,"href":"https:\/\/www.freidenker.org\/index.php?rest_route=\/wp\/v2\/users\/3"}],"replies":[{"embeddable":true,"href":"https:\/\/www.freidenker.org\/index.php?rest_route=%2Fwp%2Fv2%2Fcomments&post=10088"}],"version-history":[{"count":0,"href":"https:\/\/www.freidenker.org\/index.php?rest_route=\/wp\/v2\/posts\/10088\/revisions"}],"wp:featuredmedia":[{"embeddable":true,"href":"https:\/\/www.freidenker.org\/index.php?rest_route=\/wp\/v2\/media\/10090"}],"wp:attachment":[{"href":"https:\/\/www.freidenker.org\/index.php?rest_route=%2Fwp%2Fv2%2Fmedia&parent=10088"}],"wp:term":[{"taxonomy":"category","embeddable":true,"href":"https:\/\/www.freidenker.org\/index.php?rest_route=%2Fwp%2Fv2%2Fcategories&post=10088"},{"taxonomy":"post_tag","embeddable":true,"href":"https:\/\/www.freidenker.org\/index.php?rest_route=%2Fwp%2Fv2%2Ftags&post=10088"}],"curies":[{"name":"wp","href":"https:\/\/api.w.org\/{rel}","templated":true}]}}