{"id":10085,"date":"2021-04-27T01:17:42","date_gmt":"2021-04-26T23:17:42","guid":{"rendered":"https:\/\/www.freidenker.org\/?p=10085"},"modified":"2021-05-14T00:48:25","modified_gmt":"2021-05-13T22:48:25","slug":"in-treue-fest-nato-mitglied-tagesschau","status":"publish","type":"post","link":"https:\/\/www.freidenker.org\/?p=10085","title":{"rendered":"In Treue fest: NATO-Mitglied Tagesschau"},"content":{"rendered":"<h5>Die USA ziehen in Afghanistan den Schwanz ein, aber ARD-aktuell vermeidet den Begriff \u201everdiente Niederlage\u201c<\/h5>\n<p><em>Von <strong>Friedhelm Klinkhammer<\/strong> und <strong>Volker Br\u00e4utigam<\/strong><\/em><\/p>\n<p><strong>Die Tagesschau \u00fcbertrug seine L\u00fcge im O-Ton: <\/strong><strong><em>\u201e<\/em><\/strong><strong><em>Um zu verdeutlichen, worum es wirklich geht, habe ich davon gesprochen, dass unsere Sicherheit auch am Hindukusch verteidigt wird<\/em><\/strong><strong><em>.<\/em><\/strong><strong> <em>Deutschland ist sicherer, wenn wir zusammen mit Verb\u00fcndeten und Partnern den internationalen Terrorismus dort bek\u00e4mpfen, wo er zu Hause ist, auch mit milit\u00e4rischen Mitteln\u201c, <\/em>behauptete der damalige Verteidigungsminister Peter Struck, SPD, am 20. Dezember 2002 im Bundestag. <\/strong>(1) <strong>Jetzt<\/strong> <strong>verk\u00fcndet seine f\u00fcnfte Nachfolgerin im Amt, Annegret Kramp-Karrenbauer, CDU: <\/strong><strong><em>\u201e<\/em><\/strong><strong><em>Wir haben immer gesagt, wir gehen gemeinsam rein, wir gehen gemeinsam raus&#8220;.<\/em><\/strong> (2) <strong>Na fein.<\/strong> <strong>Beide Zitate sind in jeder Hinsicht epochal: In ihrer m\u00f6rderischen Dreistigkeit ebenso wie in ihrer niedertr\u00e4chtigen Verlogenheit. Von der Dummheit soll hier erst sp\u00e4ter die Rede sein.<\/strong><\/p>\n<p>Aufgabe der ARD-aktuell w\u00e4re es gewesen, entsprechend einzuordnen, worauf die zitierten \u00c4u\u00dferungen Bezug nahmen. Die Redaktion w\u00e4hlte jedoch den bequemeren Weg und betete lediglich nach, was regierungsoffiziell verk\u00fcndet wurde. Wie immer. Zu der Nachricht \u201eDer Westen gibt seinen Krieg in Afghanistan nach 20 Jahren endlich verloren\u201c kann sie sich einfach nicht durchringen. Soviel journalistischer Charakter ist nicht.<\/p>\n<p>Der halbwegs und nicht nur von Tagesschau-Berichten her informierte\u00a0Mitmensch wei\u00df: In Afghanistan ist der Terrorismus erst zuhause, seit die USA dort im vorigen Jahrhundert sogenannte \u201eVolksmudschaheddin\u201c mobilisierten, finanzierten, bewaffneten und in den Guerillakrieg gegen die mit Moskau verb\u00fcndete kommunistische Revolutionsregierung in Kabul hetzten. (3) Sp\u00e4ter, als die sowjetischen Truppen abgezogen waren, aber der B\u00fcrgerkrieg zwischen den afghanischen Warlords weiterging, mutierten die Mudschaheddin zu \u201eTaliban\u201c; vor\u00fcbergehend betitelte auch die Tagesschau sie ebenso falsch wie betulich als \u201eReligionssch\u00fcler\u201c. Sie haben jetzt ihren wahren Feind besiegt: die USA und deren NATO-Verb\u00fcndete.<\/p>\n<p>Die westlichen Invasoren waren nicht \u201ezusammen hineingegangen\u201c, sondern die USA hatten am 20. September 2001 ihren \u201eKrieg gegen den Terror\u201c ausgerufen (4) und am 7. Oktober 2001 auf eigene Faust mit v\u00f6lkerrechtswidrigen Luftangriffen auf Afghanistan begonnen. Ihre NATO-Vasallen, Deutschland mit Bundestagsbeschluss am 22. Dezember 2001, schlossen sich dem neuen Kolonialkrieg erst Monate sp\u00e4ter an. (5)<\/p>\n<h5>\u2026 \u201ezusammen rausgehen\u201c oder rausgepr\u00fcgelt werden<\/h5>\n<p>Ob \u201ewir\u201c nun auch \u201ezusammen rausgehen\u201c (Kramp-Karrenbauer, Hirn abgeschaltet) oder von den Taliban hinausgepr\u00fcgelt werden, wird sich erst noch zeigen. Bis zum 11. September ist es noch lange hin. An diesem von US-Pr\u00e4sident Biden gew\u00e4hlten Stichtag ereignete sich vor 20 Jahren der Anschlag auf die Zwillingst\u00fcrme in New York. Nicht Afghanen, sondern Araber waren daf\u00fcr verantwortlich. Die US-typische Geschmacklosigkeit der Terminwahl f\u00fcr den Abzug soll hier nicht weiter beredet werden.<\/p>\n<p>Es ist und bleibt faszinierend, mit welch primitiven Mitteln der imperiale \u201cWertewesten\u201d gegen L\u00e4nder und Regierungen Propaganda macht, die sich nicht unterordnen wollen. Seine angema\u00dfte Deutungshoheit wird vom \u00f6ffentlich-rechtlichen Rundfunk unterst\u00fctzt. Der desinformiert sein Millionenpublikum permanent, nicht nur \u00fcber den 20-j\u00e4hrigen Krieg gegen Afghanistan. Vom \u201eGenozid an den Uiguren\u201c in China \u00fcber den \u201esein eigenes Volk ermordenden syrischen Machthaber\u201c Assad bis hin zum unmittelbar bevorstehenden \u201eHerztod\u201c des Nowitschok-\u00dcberlebensk\u00fcnstlers Nawalny verspr\u00fcht er willig und ungepr\u00fcft in seinen Nachrichtenprogrammen, was immer die westlichen Geheimdienste an propagandistischen Kampfgiften liefern.<\/p>\n<p>Im \u201eKrieg gegen den Terror\u201c sind USA und NATO f\u00fcr weit mehr als 150 000 Tote mitverantwortlich (6). Mehr als eine halbe Million Menschen wurden verst\u00fcmmelt. Die Kosten dieses globalen Verbrechens, soweit in Zahlen fassbar, liegen im Bereich mehrerer Billionen (!) Euro. (7) \u00dcber den deutschen Anteil daran sind keine eindeutigen und unstrittigen Angaben bekannt. Die Tagesschau meldet schwammig j\u00e4hrliche Ausgaben \u201ein Milliardenh\u00f6he\u201c (8), das ZDF behauptete bar jeder Nachvollziehbarkeit \u201einsgesamt 45 Milliarden Euro\u201c (9). Die Zahlenakrobatik der Sender hilft, die unmenschliche Monstrosit\u00e4t des \u00dcberfallkrieges zu verschleiern.<\/p>\n<p>Bei vielen \u00c4lteren unvergessen: die Neujahrspredigt \u201eNichts ist gut in Afghanistan\u201c (10) der EKD-Bisch\u00f6fin Margot K\u00e4\u00dfmann. Sie blieb eine einsame Ruferin in der Informationsw\u00fcste. Tagesschau &amp; Co. sorgten daf\u00fcr, dass \u00a0sich auch bei uns kein nennenswerter Widerstand gegen den verbrecherischen \u00dcberfall der US-gef\u00fchrten Allianz (NATO-Staaten plus ein weiteres Dutzend \u201eWillige\u201c) auf ein kleines r\u00fcckst\u00e4ndiges Land entwickelte, dem der Westen die Vorz\u00fcge von Demokratie und Menschenrechten mit Bomben und Granaten beibrachte.<\/p>\n<h5>Dummschw\u00e4tzer im Reichstag<\/h5>\n<p>Das ekelhaft scheinheilige Gerede \u00fcber Absichten und Erfolge in diesem auf Eroberung und Vernichtung Afghanistans und \u2013 \u00fcbergeordnetes geostrategisches Ziel \u2013 auf Umzingelung Russlands angelegten Krieg erreichte im Reichstag Gipfelrekorde. Dort wurde am 4. und am 25. M\u00e4rz \u00fcber die Verl\u00e4ngerung des Afghanistan-Mandats der Bundeswehr debattiert. Kai K\u00fcstner, ausgewiesener ARD-aktuell-Hofberichterstatter f\u00fcr alle Zwecke, berichtete unter Verwendung ausgew\u00e4hlter Abgeordneten-Zitate:<\/p>\n<p style=\"padding-left: 40px;\">Man d\u00fcrfe nun weder US-Pr\u00e4sident Joe Biden mit einem deutschen Alleingang vor den Kopf sto\u00dfen noch die afghanischen Sicherheitskr\u00e4fte oder die Frauen im Land im Stich lassen, die Jahre brutaler Taliban-Herrschaft erlebt haben:<\/p>\n<p style=\"padding-left: 40px;\"><em>\u201aWir d\u00fcrfen sie nicht alleine lassen: Die afghanischen Sicherheitskr\u00e4fte, die Bev\u00f6lkerung &#8211; sie setzen auf uns\u2018<\/em> (Siemtje M\u00f6ller, verteidigungspolitische Sprecherin der SPD-Fraktion)<\/p>\n<p style=\"padding-left: 40px;\">Die beste Chance seit langem, <em>durch Gespr\u00e4che der afghanischen Regierung mit den Extremisten zu einer Friedensl\u00f6sung zu gelangen<\/em>, d\u00fcrfe jetzt nicht verspielt werden\u201c (Johann Wadephul, CDU).<\/p>\n<p style=\"padding-left: 40px;\"><em>\u201a&#8230; ein Abzug der Bundeswehr darf weder kopflos noch im Alleingang vollzogen werden.\u2018<\/em> (FDP-Fraktion)<\/p>\n<p>Die \u00fcber Afghanistan uneinige Fraktion der B\u00fcndnis90\/Die Gr\u00fcnen l\u00e4sst K\u00fcstner so zu Wort kommen:<\/p>\n<p style=\"padding-left: 40px;\"><em>\u201eWie immer es mit dem Bundeswehreinsatz dort weitergeht, wir stehen solidarisch an der Seite der Menschen in Afghanistan\u201c.<\/em> (Omid Nouripour, \u201eVerteidigungs\u201cexperte) (Anm. d. Verf.: Nouripour z\u00e4hlt selbst zu den Bef\u00fcrwortern des Afghanistan-Einsatzes)<\/p>\n<p>K\u00fcstner zitiert auch Sprecher der Linkspartei und der AfD \u2013 beide Parteien lehnten den Bundeswehreinsatz in Afghanistan generell bzw. dessen Verl\u00e4ngerung ab \u2013, bedachte sie aber, wie im Umgang mit der Opposition nicht anders zu erwarten, mit nur wenigen Worten.<\/p>\n<p>Die Lekt\u00fcre der Bundestagsprotokolle treibt dem distanzierten Leser die Schamr\u00f6te dar\u00fcber ins Gesicht, wie hemmungslos und h\u00f6rig unsere Volksvertreter politischen Schleim absondern, wie leichtfertig sie den US- und den NATO-Kriegern Legalit\u00e4t f\u00fcrs Morden und Erpressen zusprechen und wie devot sie Ergebenheitsadressen an den US-Pr\u00e4sidenten formulieren. (12, 13, 14). Als US-Pr\u00e4sident Biden am 14. April den R\u00fcckzug aus Afghanistan ank\u00fcndigte (15), reichten die drei Wochen zwischen deutscher Mandatsverl\u00e4ngerung und nunmehr n\u00f6tiger Kehrtwende nicht mehr, um zu verschleiern, war hier vonstatten ging: Das Imperium hat in Afghanistan kapituliert.<\/p>\n<h5>Massakrieren, vergewaltigen, pl\u00fcndern<\/h5>\n<p>Deshalb muss nun die Tagesschau Nachsorge und perfekte Meinungsmache betreiben. Ziel: Im Bewusstsein der Zuschauer verankern, dass die Bundeswehr in Afghanistan nur das Gute wollte: Stra\u00dfen bauen, Brunnen bohren, M\u00e4dchen den Schulbesuch erm\u00f6glichen, rechtsstaatliche und demokratische Strukturen herstellen. Das deutsche Publikum soll erkennen, dass die dumm-b\u00f6sen Taliban unsere helfende Hand ausschlugen und unsere Mission deshalb leider, leider nicht fortgef\u00fchrt werden kann\u2026<\/p>\n<p>Nur ganz am Rande erinnerte die Tagesschau daran, dass 59 deutsche und fast 4000 Soldaten der westlichen Alliierten ihr Leben in Afghanistan lie\u00dfen. (16) Hingegen verlor sie jetzt kein Wort \u00fcber die Kriegsverbrechen \u201eder Unseren\u201c. Sie erw\u00e4hnte die Bomben auf Krankenh\u00e4user, Schulen und Moscheen nicht und nicht den fortgesetzten Drohnenbeschuss auf Teilnehmer von Hochzeitsgesellschaften und Beerdigungen. Sie schwieg \u00fcber die willk\u00fcrliche Erschie\u00dfung von Gefangenen (17), \u00fcber Pl\u00fcnderung, Raub und Vergewaltigungen.<\/p>\n<p>Die CIA-Foltergef\u00e4ngnisse in Kandahar und Bagram blieben unerw\u00e4hnt, obwohl dort auch ein deutscher Staatsb\u00fcrger, der Ulmer Gesch\u00e4ftsmann al-Masri, unmenschlich geschunden worden war. Seine H\u00e4scher waren einer Namensverwechslung aufgesessen. (18) Die USA foltern ihre Kriegsgefangenen in gro\u00dfem Stil, unsere Regierung wei\u00df davon und bleibt trotzdem \u201ePartner in Leadership.\u201c Sage mir, mit wem du gehst\u2026.<\/p>\n<p>Die ARD-aktuell unternahm keinen Versuch, aufzulisten, wie viele unbewaffnete Zivilisten, darunter in der Mehrzahl Frauen und Kinder, von deutschen Wachposten und Patrouillen \u201eversehentlich erschossen\u201c wurden (19, 20, 21, 22). Dass der deutsche Oberst Georg Klein anno 2009 bei Kundus mehr als 120 Zivilisten massakrieren lie\u00df, dass ein Jahr sp\u00e4ter sowohl die Generalbundesanwaltschaft als auch der Wehrdisziplinaranwalt ihre Ermittlungen gegen ihn einstellten und Klein drei Jahre nach seinem m\u00f6rderischen Befehl statt auf die Anklagebank zum General bef\u00f6rdert wurde (23), war der Tagesschau kein Nebens\u00e4tzchen wert.<\/p>\n<h5>Auf deutsche Kappe<\/h5>\n<p>F\u00fcr ARD-aktuell typisch: Sie berichtete zwar \u00fcber australische Soldaten, die in Nazi-Manier bei Aufnahmeritualen f\u00fcr Neulinge in ihre Einheit 39 afghanische Zivilisten umbrachten (24), doch stellte die Redaktion das voller Entr\u00fcstung als \u00fcblen Einzelfall dar, als Exzess einer fremden Truppe. Sie begriff es nicht als Normalit\u00e4t eines Besatzerkrieges, der ohne solche Verbrechen gar nicht denkbar ist und in dem sich Deutschland als Teilnehmer mitschuldig macht.<\/p>\n<p>Konsequenterweise blieb in der Tagesschau auch jetzt und trotz gegebenem Anlass das m\u00f6rderische Treiben des Bundeswehr-\u201eKommandos\u00a0 Spezialkr\u00e4fte\u201c, KSK, in Afghanistan unerw\u00e4hnt. Seine Aktivit\u00e4ten dort unterliegen bis heute strikter Geheimhaltung. Nicht einmal die Mitglieder des Verteidigungsausschusses des Bundestages konnten jemals etwas Konkretes dar\u00fcber in Erfahrung bringen. (25) Dass allein letztes Jahr 1 500 Afghanen, 424 humanit\u00e4re Helfer und 67 Journalisten in Afghanistan gewaltsam ums Leben kamen, kann man per Internet-Recherche ermitteln, wird uns aber von der Tagesschau vorenthalten.<\/p>\n<p>Noch ein paar Fakten zur Abrundung? Im Tagesschnitt begehen fast 20 US-Veteranen Selbstmord aufgrund ihrer Traumatisierung beim Kriegseinsatz. (26) Der Opiumanbau in Afghanistan, w\u00e4hrend der Talibanherrschaft bis 2001 bei Todesstrafe verboten, wurde danach und mit Duldung der NATO um das 40fache erh\u00f6ht. (27) Der Weltmarkt-Anteil des afghanischen Opiums betr\u00e4gt inzwischen gut 90 Prozent.<\/p>\n<p>267 000 Afghanen wurden nach Deutschland vertrieben und werden wohl demn\u00e4chst zur\u00fcckgeschickt, trotz der Ungewissheit und der Gefahren, die ihnen in ihrer Heimat drohen.\u00a0(28)<\/p>\n<h5>Maulschelle aus Washington<\/h5>\n<p>Mit ihrer h\u00f6chst selektiven Berichterstattung \u00fcber Gewalt in Afghanistan vernebelt die Tagesschau Ursache und Wirkung. Wenn \u00fcberhaupt Kriegsverbrechen genannt werden, dann zumeist mit den Taliban als M\u00f6rdern. (29) Minister Heiko Maas hatte noch Anfang M\u00e4rz behauptet, der Milit\u00e4reinsatz in Afghanistan habe sich gelohnt, weil<\/p>\n<p style=\"padding-left: 40px;\"><em>\u201cerhebliche Fortschritte bei Bildung, Gesundheit, Rechtsstaatlichkeit und Demokratie und nicht zuletzt bei den Minderheitenrechten, den Menschenrechten und ganz besonders den Rechten von Frauen und Kindern\u201d <\/em><\/p>\n<p>erzielt worden seien.\u00a0Das Land drohe in Chaos und B\u00fcrgerkrieg zu versinken, wenn die Truppen verfr\u00fcht abz\u00f6gen. (30) Jetzt, ein paar Wochen danach und von dem senilen US-Pr\u00e4sidenten Biden blo\u00dfgestellt, sehen \u201euns\u00b4 Heiko\u201c und seine Vorgesetzte Merkel reichlich bel\u00e4mmert aus. Die Maulschelle aus Washington hat gesessen. Biden hatte den US-R\u00fcckzug aus Afghanistan gar zu offensichtlich ohne jegliche Absprache mit seinen NATO-Vasallen beschlossen.<\/p>\n<p>Die wurden kalt erwischt, kuschten aber erwartungsgem\u00e4\u00df und versuchen jetzt, ihren Salto r\u00fcckw\u00e4rts als friedenspolitisches Kunstturnen darzustellen. W\u00e4hrend Russen, Chinesen, Iraner, Kubaner, Venezolaner oder eben die Taliban den unversch\u00e4mten Herrschaften in Washington was husten, machen unsere Regierenden Kotau und lassen sich vom US-Gro\u00dfmeister in den Hintern treten. Sie k\u00f6nnen drauf vertrauen, dass die Tagesschau das nicht zum Thema macht.<\/p>\n<p>Aus ihrer schm\u00e4hlichen, verlustreichen Niederlage in Afghanistan ziehen unsere Politgr\u00f6\u00dfen deshalb auch keine Konsequenzen. Im Gegenteil: Sie beteiligen sich jetzt voller Gro\u00dfmannssucht am Aufbau einer neuen US-Drohkulisse in Fernost. (31) D\u00fcmmer geht\u00b4s nimmer: Kriegsministerin Kramp-Karrenbauer sucht dort das n\u00e4chste milit\u00e4rische Abenteuer. Sie erw\u00e4gt nicht nur (\u201ezusammen rein\u201c, mit den Amis und Japan), der Volksrepublik China eine st\u00e4ndige Milit\u00e4rmission vor die Nase zu setzen. (32, 33) Dar\u00fcber hinaus soll die mit Spionage-Elektronik hochger\u00fcstete Fregatte \u201eBayern\u201c Im August zu Man\u00f6vern im S\u00fcdchinesischen Meer auslaufen. Unsere Blauen Jungs von der Bundesmarine sollen den Rotchinesen wohl zeigen, wie man einen richtig modernen Seekrieg f\u00fchrt (34), damit denen endlich die Lust auf BMW, Benz und VW vergeht. Mehr als die H\u00e4lfte der deutschen Autoproduktion geht heutzutage nach China, das soll wohl nicht so bleiben.<\/p>\n<p>Kann ein deutsches Regierungsmitglied den Amis noch tiefer von hinten entgegenkommen? Offensichtlich kapiert diese Ministerin nicht, dass sie China, Deutschlands wichtigsten Handelspartner (35), dazu einl\u00e4dt, ihr und ihren Kabinettskollegen ein \u00e4hnlich grobes Ding zu verpassen wie es k\u00fcrzlich der chinesische Au\u00dfenminister Wang Yi seinem US-Counterpart Antony Blinken beim Zusammentreffen in Alaska vor den Latz knallte. (36)<\/p>\n<h5>Deutsch, treu, doof<\/h5>\n<p>Blinde und vorauseilende B\u00fcndnistreue ist kein Zechen von Charakter, sondern von politischer Dummheit. Diese Einsicht \u00fcbersteigt offenbar den Horizont unserer Regierenden. Die Tagesschau kriegt es erst recht nicht auf den Schirm, obwohl doch alle Erfahrung lehrt: Unsere verg\u00f6tterte F\u00fchrernation, die Vereinigten Staaten von Amerika, lassen jeden Verb\u00fcndeten im Stich, wenn es ihren Interessen dient. Die Werte des \u201eWertewesten\u201c sind Schim\u00e4re.<\/p>\n<p>Politiker stehen in Diensten skrupelloser Eliten. Das ist im Umgang mit der Ukraine ebenso zu erkennen wie dem mit Syrien, Libyen, Irak, Jemen, Iran, oder den lateinamerikanischen Staaten. Viele wurden mit Krieg oder mit B\u00fcrgerkrieg heimgesucht und ruiniert, obwohl ihnen Demokratie, Rechtsstaatlichkeit und wirtschaftliches Wohlergehen versprochen wurde.<\/p>\n<p>Egon Bahr, zwar Sozialdemokrat, aber trotzdem ein hochgeachteter und verdienter Friedens- und Entspannungspolitiker, merkte im Jahr 2013 vor Sch\u00fclern in Heidelberg an:<\/p>\n<p style=\"padding-left: 40px;\"><em>\u201eIn der internationalen Politik geht es nie um Demokratie oder Menschenrechte. Es geht um die Interessen von Staaten. Merken Sie sich das, egal, was man Ihnen im Geschichtsunterricht erz\u00e4hlt.\u201c<\/em><em>\u00a0<\/em>(37)<\/p>\n<p>Er h\u00e4tte Sinngem\u00e4\u00dfes auch der ARD-aktuell ins Stammbuch schreiben k\u00f6nnen, dort aber sicher weniger Eindruck gemacht. Mangelndes journalistisches Gesp\u00fcr, fehlende Aufrichtigkeit, Privilegien und regierungsfrommer Konformismus durchziehen ja nicht erst seit 2013 die Berichterstattung der ARD-aktuell-Redakteure.\u00a0D\u00fcrfen die nicht anders? Dann sind sie zu feige, sich auf ihre grundgesetzlichen, staatsvertraglichen und sozialen Rechte zu berufen. K\u00f6nnen sie nicht anders? Dann sind sie ungeeignet f\u00fcr ihren Job. Wollen sie nicht anders? Dann sind sie entweder zu faul oder menschlich desensibilisiert. M\u00f6glicherweise treffen s\u00e4mtliche Gr\u00fcnde gleicherma\u00dfen zu.<\/p>\n<p>In jedem Fall sind sie passgenaue, unentbehrliche Garanten des \u201eWertewesten\u201c, des \u201eGuten an sich\u201c. Als Kontrast brauchen sie \u201edas B\u00f6se\u201c, was immer das auch sei. Hauptsache es spricht Russisch oder Chinesisch oder verf\u00fcgt \u00fcber wichtige Rohstoffe.<\/p>\n<p>&nbsp;<\/p>\n<p><strong>Quellen und Anmerkungen:<\/strong><\/p>\n<ol>\n<li><a href=\"https:\/\/www.bundesregierung.de\/breg-de\/service\/bulletin\/rede-des-bundesministers-der-verteidigung-dr-peter-struck--784328\">https:\/\/www.bundesregierung.de\/breg-de\/service\/bulletin\/rede-des-bundesministers-der-verteidigung-dr-peter-struck&#8211;784328<\/a><\/li>\n<li><a href=\"https:\/\/www.tagesschau.de\/ausland\/amerika\/kramp-karrenbauer-truppenabzug-afghanistan-101.html\">https:\/\/www.tagesschau.de\/ausland\/amerika\/kramp-karrenbauer-truppenabzug-afghanistan-101.html<\/a><\/li>\n<li><a href=\"https:\/\/de.wikipedia.org\/wiki\/Krieg_in_Afghanistan\">https:\/\/de.wikipedia.org\/wiki\/Krieg_in_Afghanistan<\/a><\/li>\n<li><a href=\"https:\/\/de.wikipedia.org\/wiki\/Krieg_gegen_den_Terror\">https:\/\/de.wikipedia.org\/wiki\/Krieg_gegen_den_Terror<\/a><\/li>\n<li><a href=\"https:\/\/de.wikipedia.org\/wiki\/Krieg_gegen_den_Terror\">https:\/\/de.wikipedia.org\/wiki\/Krieg_gegen_den_Terror<\/a><\/li>\n<li><a href=\"https:\/\/de.statista.com\/statistik\/daten\/studie\/75326\/umfrage\/getoetete-zivilisten-in-afghanistan-seit-2007\/\">https:\/\/de.statista.com\/statistik\/daten\/studie\/75326\/umfrage\/getoetete-zivilisten-in-afghanistan-seit-2007\/<\/a><\/li>\n<li><a href=\"https:\/\/www.mitwelt.org\/kosten-opfer-afghanistan-krieg\">https:\/\/www.mitwelt.org\/kosten-opfer-afghanistan-krieg<\/a><\/li>\n<li><a href=\"https:\/\/www.tagesschau.de\/ausland\/europa\/afghanistan-nato-truppenabzug-kommentar-101.html\">https:\/\/www.tagesschau.de\/ausland\/europa\/afghanistan-nato-truppenabzug-kommentar-101.html<\/a><\/li>\n<li><a href=\"https:\/\/www.zdf.de\/dokumentation\/zdfinfo-doku\/der-preis-des-krieges--afghanistan-100.html\">https:\/\/www.zdf.de\/dokumentation\/zdfinfo-doku\/der-preis-des-krieges&#8211;afghanistan-100.html<\/a><\/li>\n<li><a href=\"https:\/\/www.ekd.de\/100101_kaessmann_neujahrspredigt.htm\">https:\/\/www.ekd.de\/100101_kaessmann_neujahrspredigt.htm<\/a><\/li>\n<li><a href=\"https:\/\/www.tagesschau.de\/inland\/bundestag-verlaengert-afghanistan-mandat-101.html\">https:\/\/www.tagesschau.de\/inland\/bundestag-verlaengert-afghanistan-mandat-101.html<\/a><\/li>\n<li><a href=\"https:\/\/dipbt.bundestag.de\/dip21\/btp\/19\/19215.pdf#P.27120\">https:\/\/dipbt.bundestag.de\/dip21\/btp\/19\/19215.pdf#P.27120<\/a><\/li>\n<li><a href=\"https:\/\/dipbt.bundestag.de\/dip21\/btp\/19\/19153.pdf#P.19056\">https:\/\/dipbt.bundestag.de\/dip21\/btp\/19\/19153.pdf#P.19056<\/a><\/li>\n<li><a href=\"https:\/\/dipbt.bundestag.de\/dip21\/btp\/19\/19218.pdf#P.27564\">https:\/\/dipbt.bundestag.de\/dip21\/btp\/19\/19218.pdf#P.27564<\/a><\/li>\n<li><a href=\"https:\/\/www.tagesschau.de\/multimedia\/video\/video-849653.html\">https:\/\/www.tagesschau.de\/multimedia\/video\/video-849653.html<\/a><\/li>\n<li><a href=\"https:\/\/www.tagesschau.de\/ausland\/europa\/afghanistan-nato-truppenabzug-kommentar-101.html\">https:\/\/www.tagesschau.de\/ausland\/europa\/afghanistan-nato-truppenabzug-kommentar-101.html<\/a><\/li>\n<li><a href=\"https:\/\/www.tagesspiegel.de\/politik\/soldaten-toeteten-zivilisten-und-gefangene-australiens-armee-raeumt-kriegsverbrechen-in-afghanistan-ein\/26641998.html\">https:\/\/www.tagesspiegel.de\/politik\/soldaten-toeteten-zivilisten-und-gefangene-australiens-armee-raeumt-kriegsverbrechen-in-afghanistan-ein\/26641998.html<\/a><\/li>\n<li><a href=\"https:\/\/web.de\/magazine\/politik\/lager-schreckens-usa-gefoltert-30272872\">https:\/\/web.de\/magazine\/politik\/lager-schreckens-usa-gefoltert-30272872<\/a><\/li>\n<li><a href=\"https:\/\/rp-online.de\/panorama\/ausland\/bundeswehrsoldaten-erschiessen-jugendlichen_aid-12194305\">https:\/\/rp-online.de\/panorama\/ausland\/bundeswehrsoldaten-erschiessen-jugendlichen_aid-12194305<\/a><\/li>\n<li><a href=\"https:\/\/www.zeit.de\/online\/2008\/36\/afghanistan-soldaten\">https:\/\/www.zeit.de\/online\/2008\/36\/afghanistan-soldaten<\/a><\/li>\n<li><a href=\"https:\/\/www.derwesten.de\/politik\/bundeswehrsoldaten-erschiessen-motorradfahrer-in-afghanistan-id12349509.html\">https:\/\/www.derwesten.de\/politik\/bundeswehrsoldaten-erschiessen-motorradfahrer-in-afghanistan-id12349509.html<\/a><\/li>\n<li><a href=\"https:\/\/www.abendblatt.de\/politik\/ausland\/article108518209\/Deutsche-Soldaten-erschiessen-Zivilisten.html\">https:\/\/www.abendblatt.de\/politik\/ausland\/article108518209\/Deutsche-Soldaten-erschiessen-Zivilisten.html<\/a><\/li>\n<li><a href=\"https:\/\/de.wikipedia.org\/wiki\/Georg_Klein_(General\">https:\/\/de.wikipedia.org\/wiki\/Georg_Klein_(General<\/a>)<\/li>\n<li><a href=\"https:\/\/www.independent.co.uk\/news\/uk\/home-news\/sas-special-air-service-war-crimes-civilians-cover-up-ministry-of-defence-operation-northmoor-royal-military-police-murder-execution-helmand-province-a7819006.html\">https:\/\/www.independent.co.uk\/news\/uk\/home-news\/sas-special-air-service-war-crimes-civilians-cover-up-ministry-of-defence-operation-northmoor-royal-military-police-murder-execution-helmand-province-a7819006.html<\/a><\/li>\n<li><a href=\"https:\/\/www.tagesspiegel.de\/politik\/die-bundeswehr-in-afghanistan-geheime-kommandosache\/1290672.html\">https:\/\/www.tagesspiegel.de\/politik\/die-bundeswehr-in-afghanistan-geheime-kommandosache\/1290672.html<\/a><\/li>\n<li><a href=\"https:\/\/www.nzz.ch\/gesellschaft\/die-gebrochenen-helden-ld.1326621\">https:\/\/www.nzz.ch\/gesellschaft\/die-gebrochenen-helden-ld.1326621<\/a><\/li>\n<li><a href=\"https:\/\/www.anti-spiegel.ru\/2019\/die-cia-deckt-heroinproduktion-in-afghanistan-wie-arte-die-zuschauer-fuer-dumm-verkauft\/\">https:\/\/www.anti-spiegel.ru\/2019\/die-cia-deckt-heroinproduktion-in-afghanistan-wie-arte-die-zuschauer-fuer-dumm-verkauft\/<\/a><\/li>\n<li><a href=\"https:\/\/dipbt.bundestag.de\/dip21\/btp\/19\/19215.pdf#P.27120\">https:\/\/dipbt.bundestag.de\/dip21\/btp\/19\/19215.pdf#P.27120<\/a><\/li>\n<li><a href=\"https:\/\/www.actvism.org\/latest\/tagesschau-kriegsverbrechen-zain-raza\/\">https:\/\/www.actvism.org\/latest\/tagesschau-kriegsverbrechen-zain-raza\/<\/a><\/li>\n<li><a href=\"https:\/\/dipbt.bundestag.de\/dip21\/btp\/19\/19215.pdf#P.27120\">https:\/\/dipbt.bundestag.de\/dip21\/btp\/19\/19215.pdf#P.27120<\/a><\/li>\n<li><a href=\"https:\/\/www.liberationnews.org\/on-the-road-to-catastrophe-biden-administration-seeks-united-front-for-showdown-with-china\/\">https:\/\/www.liberationnews.org\/on-the-road-to-catastrophe-biden-administration-seeks-united-front-for-showdown-with-china\/<\/a><\/li>\n<li><a href=\"https:\/\/www.german-foreign-policy.com\/news\/detail\/8574\/\">https:\/\/www.german-foreign-policy.com\/news\/detail\/8574\/<\/a><\/li>\n<li><a href=\"https:\/\/www.berliner-zeitung.de\/politik-gesellschaft\/deutschland-und-japan-wollen-militaerisch-zusammenarbeiten-li.153167?pid=true\">https:\/\/www.berliner-zeitung.de\/politik-gesellschaft\/deutschland-und-japan-wollen-militaerisch-zusammenarbeiten-li.153167?pid=true<\/a><\/li>\n<li><a href=\"https:\/\/www.merkur.de\/politik\/bundeswehr-einsatz-china-kramp-karrenbauer-bayern-macht-xi-jinping-90239570.html\">https:\/\/www.merkur.de\/politik\/bundeswehr-einsatz-china-kramp-karrenbauer-bayern-macht-xi-jinping-90239570.html<\/a><\/li>\n<li><a href=\"https:\/\/de.statista.com\/infografik\/15064\/deutschlands-wichtigste-handelspartner-nach-importen-und-exporten\/\">https:\/\/de.statista.com\/infografik\/15064\/deutschlands-wichtigste-handelspartner-nach-importen-und-exporten\/<\/a><\/li>\n<li><a href=\"https:\/\/www.unsere-zeit.de\/zeitenwende-2-144108\/\">https:\/\/www.unsere-zeit.de\/zeitenwende-2-144108\/<\/a><\/li>\n<li><a href=\"https:\/\/www.sueddeutsche.de\/politik\/egon-bahr-verstand-ohne-gefuehl-ist-unmenschlich-1.2614596\">https:\/\/www.sueddeutsche.de\/politik\/egon-bahr-verstand-ohne-gefuehl-ist-unmenschlich-1.2614596<\/a><\/li>\n<\/ol>\n<p>&nbsp;<\/p>\n<p style=\"text-align: right;\"><em><strong>Das\u00a0Autoren-Team:\u00a0<\/strong><\/em><\/p>\n<p style=\"text-align: right;\"><em>Friedhelm Klinkhammer, Jahrgang\u00a01944, Jurist. 1975 bis 2008 Mitarbeiter des NDR, zeitweise Vorsitzender des NDR-Gesamtpersonalrats und des ver.di-Betriebsverbandes\u00a0sowie Referent einer Funkhausdirektorin.<\/em><\/p>\n<p style=\"text-align: right;\"><em>Volker Br\u00e4utigam, Jahrgang 1941, Redakteur. 1975 bis 1996 Mitarbeiter des NDR, zun\u00e4chst in der Tagesschau, von 1992 an in der Kulturredaktion f\u00fcr N3. Danach Lehrauftrag an der Fu-Jen-Universit\u00e4t\u00a0in Taipeh.<\/em><\/p>\n<p style=\"text-align: right;\"><em>Beide Autoren sind Mitglieder des Beirates des Deutschen Freidenker-Verbandes.<\/em><\/p>\n<p><span style=\"font-size: 10pt;\">Dieser Beitrag erschien am 23.04.2021 auch auf <a href=\"https:\/\/publikumskonferenz.de\/blog\/2021\/04\/23\/in-treue-fest-nato-mitglied-tagesschau\/\" target=\"_blank\" rel=\"noopener\">publikumskonferenz.de<\/a><\/span><\/p>\n<hr \/>\n<p><span style=\"font-size: 10pt;\">Bild oben: <a href=\"https:\/\/pixabay.com\/de\/photos\/afghanistan-soldat-sicherheit-waffe-60650\/\" target=\"_blank\" rel=\"noopener\">pixabay.com<\/a> \/ <a class=\"hover_opacity\" href=\"https:\/\/pixabay.com\/de\/users\/armyamber-10439\/\">ArmyAmber<\/a> \/ <a href=\"https:\/\/pixabay.com\/de\/service\/license\/\">Pixabay License<\/a><\/span><\/p>\n<p>&nbsp;<\/p>\n","protected":false},"excerpt":{"rendered":"<p><b>Beitrag von Friedhelm Klinkhammer und Volker Br\u00e4utigam<\/b><br \/>\nDie Tagesschau \u00fcbertrug seine L\u00fcge im O-Ton: \u201eUm zu verdeutlichen, worum es wirklich geht, habe ich davon gesprochen, dass unsere Sicherheit auch am Hindukusch verteidigt wird. Deutschland ist sicherer, wenn wir zusammen mit Verb\u00fcndeten und Partnern den internationalen Terrorismus dort bek\u00e4mpfen, wo er zu Hause ist, auch mit milit\u00e4rischen Mitteln\u201c, behauptete der damalige Verteidigungsminister Peter Struck, SPD, am 20. Dezember 2002 im Bundestag. Jetzt verk\u00fcndet seine f\u00fcnfte Nachfolgerin im Amt, Annegret Kramp-Karrenbauer, CDU: \u201eWir haben immer gesagt, wir gehen gemeinsam rein, wir gehen gemeinsam raus&#8220;. &#8230; Beide Zitate sind in jeder Hinsicht epochal: In ihrer m\u00f6rderischen Dreistigkeit ebenso wie in ihrer niedertr\u00e4chtigen Verlogenheit. <\/p>\n","protected":false},"author":3,"featured_media":10086,"comment_status":"closed","ping_status":"closed","sticky":false,"template":"","format":"standard","meta":{"colormag_page_container_layout":"default_layout","colormag_page_sidebar_layout":"default_layout","advanced_seo_description":"","jetpack_seo_html_title":"","jetpack_seo_noindex":false,"jetpack_post_was_ever_published":false,"footnotes":""},"categories":[12],"tags":[823,688,188,56,637,1126,185],"class_list":["post-10085","post","type-post","status-publish","format-standard","has-post-thumbnail","hentry","category-demokratie-medien-aufklaerung","tag-afghanistan","tag-bundeswehr","tag-krieg","tag-nato","tag-propaganda","tag-tagesschau","tag-usa"],"jetpack_featured_media_url":"https:\/\/i0.wp.com\/www.freidenker.org\/fw17\/wp-content\/uploads\/2021\/04\/afghanistan-60650_800x450.jpg?fit=800%2C450&ssl=1","jetpack_shortlink":"https:\/\/wp.me\/p9stpK-2CF","jetpack-related-posts":[{"id":7763,"url":"https:\/\/www.freidenker.org\/?p=7763","url_meta":{"origin":10085,"position":0},"title":"Nichts ist gut mit den Taliban","author":"Webredaktion","date":"20. M\u00e4rz 2020","format":false,"excerpt":"Beitrag von Friedhelm Klinkhammer und Volker Br\u00e4utigam Welch ein Brimborium: Nach 18 Jahren Krieg in Afghanistan haben die USA mit den Taliban am 29. Februar ein \u201eFriedensabkommen\u201c geschlossen. Eine Regierungserkl\u00e4rung der Bundeskanzlerin gab es trotzdem nicht, Merkel war mal wieder abgetaucht. Statt ihrer durfte Au\u00dfenminister Heiko Maas seine Veranlagung zu\u2026","rel":"","context":"In &quot;Frieden - Antifaschismus - Solidarit\u00e4t&quot;","block_context":{"text":"Frieden - Antifaschismus - Solidarit\u00e4t","link":"https:\/\/www.freidenker.org\/?cat=13"},"img":{"alt_text":"","src":"https:\/\/i0.wp.com\/www.freidenker.org\/fw17\/wp-content\/uploads\/2020\/03\/fahnenuebergabe_800x445.jpg?fit=800%2C445&ssl=1&resize=350%2C200","width":350,"height":200,"srcset":"https:\/\/i0.wp.com\/www.freidenker.org\/fw17\/wp-content\/uploads\/2020\/03\/fahnenuebergabe_800x445.jpg?fit=800%2C445&ssl=1&resize=350%2C200 1x, https:\/\/i0.wp.com\/www.freidenker.org\/fw17\/wp-content\/uploads\/2020\/03\/fahnenuebergabe_800x445.jpg?fit=800%2C445&ssl=1&resize=525%2C300 1.5x, https:\/\/i0.wp.com\/www.freidenker.org\/fw17\/wp-content\/uploads\/2020\/03\/fahnenuebergabe_800x445.jpg?fit=800%2C445&ssl=1&resize=700%2C400 2x"},"classes":[]},{"id":11173,"url":"https:\/\/www.freidenker.org\/?p=11173","url_meta":{"origin":10085,"position":1},"title":"\u201eTrauerspiel Afghanistan\u201c: Zweiter Akt","author":"Webredaktion","date":"5. September 2021","format":false,"excerpt":"Beitrag von\u00a0Friedhelm Klinkhammer\u00a0und\u00a0Volker Br\u00e4utigam Es ist schon beeindruckend, wie es unseren Mainstream-Medien unter F\u00fchrung ihres \u201eFlaggschiffs\u201c Tagesschau gelingt, selbst in Berichten von den aktuellen Panikszenen am Kabuler Flughafen von den Verbrechen der westlichen Besatzer in Afghanistan abzulenken und sie \u201cunsichtbar\u201d zu machen. Bis heute \u2013 und trotz der verdienten Niederlage\u2026","rel":"","context":"In &quot;Demokratie \u2013 Medien \u2013 Aufkl\u00e4rung&quot;","block_context":{"text":"Demokratie \u2013 Medien \u2013 Aufkl\u00e4rung","link":"https:\/\/www.freidenker.org\/?cat=12"},"img":{"alt_text":"","src":"https:\/\/i0.wp.com\/www.freidenker.org\/fw17\/wp-content\/uploads\/2021\/09\/Evacuation_at_Hamid_Karzai_International_Airport_210821-M-AU949-0155_800x450.jpg?fit=800%2C450&ssl=1&resize=350%2C200","width":350,"height":200,"srcset":"https:\/\/i0.wp.com\/www.freidenker.org\/fw17\/wp-content\/uploads\/2021\/09\/Evacuation_at_Hamid_Karzai_International_Airport_210821-M-AU949-0155_800x450.jpg?fit=800%2C450&ssl=1&resize=350%2C200 1x, https:\/\/i0.wp.com\/www.freidenker.org\/fw17\/wp-content\/uploads\/2021\/09\/Evacuation_at_Hamid_Karzai_International_Airport_210821-M-AU949-0155_800x450.jpg?fit=800%2C450&ssl=1&resize=525%2C300 1.5x, https:\/\/i0.wp.com\/www.freidenker.org\/fw17\/wp-content\/uploads\/2021\/09\/Evacuation_at_Hamid_Karzai_International_Airport_210821-M-AU949-0155_800x450.jpg?fit=800%2C450&ssl=1&resize=700%2C400 2x"},"classes":[]},{"id":20409,"url":"https:\/\/www.freidenker.org\/?p=20409","url_meta":{"origin":10085,"position":2},"title":"Medien bereiten den Weg zum Krieg","author":"Webredaktion","date":"24. November 2024","format":false,"excerpt":"Beitrag von Thomas R\u00f6per Pr\u00e4sident Putin hat am Donnerstag in einer Rede angek\u00fcndigt, Russland sehe sich nach den Angriffen mit westlichen Waffen auf sein Gebiet berechtigt, Ziele in den L\u00e4ndern anzugreifen, die zu diesen Angriffen die Erlaubnis gegeben haben. Die deutschen Medien verschweigen das komplett. Ich bin von den deutschen\u2026","rel":"","context":"In &quot;Demokratie \u2013 Medien \u2013 Aufkl\u00e4rung&quot;","block_context":{"text":"Demokratie \u2013 Medien \u2013 Aufkl\u00e4rung","link":"https:\/\/www.freidenker.org\/?cat=12"},"img":{"alt_text":"","src":"https:\/\/i0.wp.com\/www.freidenker.org\/fw17\/wp-content\/uploads\/2024\/11\/Virtual_Studio_of_Tagesschau_800x450.jpg?fit=800%2C450&ssl=1&resize=350%2C200","width":350,"height":200,"srcset":"https:\/\/i0.wp.com\/www.freidenker.org\/fw17\/wp-content\/uploads\/2024\/11\/Virtual_Studio_of_Tagesschau_800x450.jpg?fit=800%2C450&ssl=1&resize=350%2C200 1x, https:\/\/i0.wp.com\/www.freidenker.org\/fw17\/wp-content\/uploads\/2024\/11\/Virtual_Studio_of_Tagesschau_800x450.jpg?fit=800%2C450&ssl=1&resize=525%2C300 1.5x, https:\/\/i0.wp.com\/www.freidenker.org\/fw17\/wp-content\/uploads\/2024\/11\/Virtual_Studio_of_Tagesschau_800x450.jpg?fit=800%2C450&ssl=1&resize=700%2C400 2x"},"classes":[]},{"id":14711,"url":"https:\/\/www.freidenker.org\/?p=14711","url_meta":{"origin":10085,"position":3},"title":"Erneute \u00fcble Nachrichtenmanipulation in der Tagesschau","author":"Webredaktion","date":"20. November 2022","format":false,"excerpt":"Beitrag von Rainer Rupp Mit L\u00fcgen und Verdrehungen bzw. durch perfide Manipulation von offiziellen \u00c4u\u00dferungen des chinesischen Pr\u00e4sidenten Xi Jinping haben jetzt auch die USA vor dem Hintergrund des G20-Treffens im indonesischen Bali versucht, vor der Welt\u00f6ffentlichkeit den Eindruck zu erwecken, dass China gemeinsam mit den USA Pr\u00e4sident Wladimir Putin\u2026","rel":"","context":"In &quot;Demokratie \u2013 Medien \u2013 Aufkl\u00e4rung&quot;","block_context":{"text":"Demokratie \u2013 Medien \u2013 Aufkl\u00e4rung","link":"https:\/\/www.freidenker.org\/?cat=12"},"img":{"alt_text":"","src":"https:\/\/i0.wp.com\/www.freidenker.org\/fw17\/wp-content\/uploads\/2022\/11\/Potential-USA-sectors-China_800x450.jpg?fit=800%2C450&ssl=1&resize=350%2C200","width":350,"height":200,"srcset":"https:\/\/i0.wp.com\/www.freidenker.org\/fw17\/wp-content\/uploads\/2022\/11\/Potential-USA-sectors-China_800x450.jpg?fit=800%2C450&ssl=1&resize=350%2C200 1x, https:\/\/i0.wp.com\/www.freidenker.org\/fw17\/wp-content\/uploads\/2022\/11\/Potential-USA-sectors-China_800x450.jpg?fit=800%2C450&ssl=1&resize=525%2C300 1.5x, https:\/\/i0.wp.com\/www.freidenker.org\/fw17\/wp-content\/uploads\/2022\/11\/Potential-USA-sectors-China_800x450.jpg?fit=800%2C450&ssl=1&resize=700%2C400 2x"},"classes":[]},{"id":11728,"url":"https:\/\/www.freidenker.org\/?p=11728","url_meta":{"origin":10085,"position":4},"title":"Tagesschau-Spezialit\u00e4t: Feindbildpflege","author":"Webredaktion","date":"29. November 2021","format":false,"excerpt":"Beitrag von Friedhelm Klinkhammer und Volker Br\u00e4utigam ARD-aktuell berichtet \u00fcber eine Untersuchung, welche Politiker und Parteien am h\u00e4ufigsten Opfer von Falschmeldungen waren: die GR\u00dcNEN, diese \u2013 \u00c4rmsten.\u00a0Denen sich doch, wer merkt es nicht, so viele Journalisten verbunden f\u00fchlen.\u00a0Und wer produziert all die b\u00f6sen Fakenews? Der Russe nat\u00fcrlich. Kalter Kaffee, Napfs\u00fclze.\u00a0Wesentlich\u2026","rel":"","context":"In &quot;Demokratie \u2013 Medien \u2013 Aufkl\u00e4rung&quot;","block_context":{"text":"Demokratie \u2013 Medien \u2013 Aufkl\u00e4rung","link":"https:\/\/www.freidenker.org\/?cat=12"},"img":{"alt_text":"","src":"https:\/\/i0.wp.com\/www.freidenker.org\/fw17\/wp-content\/uploads\/2021\/11\/putin_graffiti-800x450-1.jpg?fit=800%2C450&ssl=1&resize=350%2C200","width":350,"height":200,"srcset":"https:\/\/i0.wp.com\/www.freidenker.org\/fw17\/wp-content\/uploads\/2021\/11\/putin_graffiti-800x450-1.jpg?fit=800%2C450&ssl=1&resize=350%2C200 1x, https:\/\/i0.wp.com\/www.freidenker.org\/fw17\/wp-content\/uploads\/2021\/11\/putin_graffiti-800x450-1.jpg?fit=800%2C450&ssl=1&resize=525%2C300 1.5x, https:\/\/i0.wp.com\/www.freidenker.org\/fw17\/wp-content\/uploads\/2021\/11\/putin_graffiti-800x450-1.jpg?fit=800%2C450&ssl=1&resize=700%2C400 2x"},"classes":[]},{"id":5649,"url":"https:\/\/www.freidenker.org\/?p=5649","url_meta":{"origin":10085,"position":5},"title":"USA k\u00fcndigen INF-Vertrag &#8211; &#8222;die Russen sind an allem schuld&#8220;","author":"Webredaktion","date":"20. Dezember 2018","format":false,"excerpt":"Beitrag von Friedhelm Klinkhammer und Volker Br\u00e4utigam USA und NATO orchestrieren die Gef\u00e4hrdung des Weltfriedens sorgf\u00e4ltig: Kaum nimmt das Kriegspotential in einem Konfliktherd etwas ab \u2013 Beispiele: Libyen, Syrien, Ukraine \u2013 schon liegt an anderer Stelle die Lunte am Pulverfass. Jetzt drohen die USA, den INF-Vertrag \u00fcber das Verbot nuklearer\u2026","rel":"","context":"In &quot;Frieden - Antifaschismus - Solidarit\u00e4t&quot;","block_context":{"text":"Frieden - Antifaschismus - Solidarit\u00e4t","link":"https:\/\/www.freidenker.org\/?cat=13"},"img":{"alt_text":"","src":"https:\/\/i0.wp.com\/www.freidenker.org\/fw17\/wp-content\/uploads\/2018\/12\/usa_russland_coll.jpg?fit=800%2C450&ssl=1&resize=350%2C200","width":350,"height":200,"srcset":"https:\/\/i0.wp.com\/www.freidenker.org\/fw17\/wp-content\/uploads\/2018\/12\/usa_russland_coll.jpg?fit=800%2C450&ssl=1&resize=350%2C200 1x, https:\/\/i0.wp.com\/www.freidenker.org\/fw17\/wp-content\/uploads\/2018\/12\/usa_russland_coll.jpg?fit=800%2C450&ssl=1&resize=525%2C300 1.5x, https:\/\/i0.wp.com\/www.freidenker.org\/fw17\/wp-content\/uploads\/2018\/12\/usa_russland_coll.jpg?fit=800%2C450&ssl=1&resize=700%2C400 2x"},"classes":[]}],"_links":{"self":[{"href":"https:\/\/www.freidenker.org\/index.php?rest_route=\/wp\/v2\/posts\/10085","targetHints":{"allow":["GET"]}}],"collection":[{"href":"https:\/\/www.freidenker.org\/index.php?rest_route=\/wp\/v2\/posts"}],"about":[{"href":"https:\/\/www.freidenker.org\/index.php?rest_route=\/wp\/v2\/types\/post"}],"author":[{"embeddable":true,"href":"https:\/\/www.freidenker.org\/index.php?rest_route=\/wp\/v2\/users\/3"}],"replies":[{"embeddable":true,"href":"https:\/\/www.freidenker.org\/index.php?rest_route=%2Fwp%2Fv2%2Fcomments&post=10085"}],"version-history":[{"count":0,"href":"https:\/\/www.freidenker.org\/index.php?rest_route=\/wp\/v2\/posts\/10085\/revisions"}],"wp:featuredmedia":[{"embeddable":true,"href":"https:\/\/www.freidenker.org\/index.php?rest_route=\/wp\/v2\/media\/10086"}],"wp:attachment":[{"href":"https:\/\/www.freidenker.org\/index.php?rest_route=%2Fwp%2Fv2%2Fmedia&parent=10085"}],"wp:term":[{"taxonomy":"category","embeddable":true,"href":"https:\/\/www.freidenker.org\/index.php?rest_route=%2Fwp%2Fv2%2Fcategories&post=10085"},{"taxonomy":"post_tag","embeddable":true,"href":"https:\/\/www.freidenker.org\/index.php?rest_route=%2Fwp%2Fv2%2Ftags&post=10085"}],"curies":[{"name":"wp","href":"https:\/\/api.w.org\/{rel}","templated":true}]}}