{"id":10006,"date":"2021-04-22T23:53:40","date_gmt":"2021-04-22T21:53:40","guid":{"rendered":"https:\/\/www.freidenker.org\/?p=10006"},"modified":"2021-05-14T00:48:02","modified_gmt":"2021-05-13T22:48:02","slug":"75-jahrestag-der-unabhaengigkeit-syriens","status":"publish","type":"post","link":"https:\/\/www.freidenker.org\/?p=10006","title":{"rendered":"75. Jahrestag der Unabh\u00e4ngigkeit Syriens"},"content":{"rendered":"<h5>Feier- und Gedenkkundgebung des Frankfurter Solidarit\u00e4tskomitees<\/h5>\n<p>Am Samstag, 17.04. 2021, fand an der Frankfurter Hauptwache eine internationalistische Kundgebung f\u00fcr den andauernden Unabh\u00e4ngigkeitskampf des syrischen Volkes gegen imperialistische Aggressoren statt.<\/p>\n<p>Zu Beginn und Abschluss der Kundgebung mit rund 50 Teilnehmerinnen und Teilnehmern wurde die Nationalhymne der Syrisch-Arabischen Republik gespielt. Die Veranstaltung wurde von Willi Schulze-Barantin, Landesvorsitzender der hessischen Freidenker geleitet. Eine Spendensammlung erbrachte 420 Euro f\u00fcr den Kauf von Saatgut f\u00fcr Bauern in Syrien.<\/p>\n<p>Wir dokumentieren hier die Reden und ver\u00f6ffentlichen eine Bildergalerie von der Kundgebung.<\/p>\n<hr \/>\n<h5>Reden und Gru\u00dfadressen von der Kundgebung<\/h5>\n<p><img data-recalc-dims=\"1\" loading=\"lazy\" decoding=\"async\" data-attachment-id=\"1075\" data-permalink=\"https:\/\/www.freidenker.org\/?attachment_id=1075\" data-orig-file=\"https:\/\/i0.wp.com\/www.freidenker.org\/fw17\/wp-content\/uploads\/2017\/10\/pdf_icon-1-e1509487509537.png?fit=24%2C24&amp;ssl=1\" data-orig-size=\"24,24\" data-comments-opened=\"0\" data-image-meta=\"{&quot;aperture&quot;:&quot;0&quot;,&quot;credit&quot;:&quot;&quot;,&quot;camera&quot;:&quot;&quot;,&quot;caption&quot;:&quot;&quot;,&quot;created_timestamp&quot;:&quot;0&quot;,&quot;copyright&quot;:&quot;&quot;,&quot;focal_length&quot;:&quot;0&quot;,&quot;iso&quot;:&quot;0&quot;,&quot;shutter_speed&quot;:&quot;0&quot;,&quot;title&quot;:&quot;&quot;,&quot;orientation&quot;:&quot;0&quot;}\" data-image-title=\"pdf_icon_24\" data-image-description=\"\" data-image-caption=\"\" data-large-file=\"https:\/\/i0.wp.com\/www.freidenker.org\/fw17\/wp-content\/uploads\/2017\/10\/pdf_icon-1-e1509487509537.png?fit=24%2C24&amp;ssl=1\" class=\"alignnone size-full wp-image-1075\" src=\"https:\/\/i0.wp.com\/www.freidenker.org\/fw17\/wp-content\/uploads\/2017\/10\/pdf_icon-1-e1509487509537.png?resize=24%2C24&#038;ssl=1\" alt=\"\" width=\"24\" height=\"24\" \/> <a href=\"https:\/\/www.freidenker.org\/fw17\/wp-content\/uploads\/2021\/04\/Syrien-75_Aktham_Suliman.pdf\" target=\"_blank\" rel=\"noopener\">Rede von <span id=\":4vg.20\" class=\"\" tabindex=\"-1\">Aktham<\/span> <span id=\":4vg.21\" class=\"\" tabindex=\"-1\">Suliman<\/span><\/a>, vorgelesen von <span id=\":4vg.18\" class=\"\" tabindex=\"-1\">Chaza<\/span> <span id=\":4vg.19\" class=\"\" tabindex=\"-1\">Madesi<\/span> auf Arabisch und auf Deutsch (PDF, ca. 160 KB)<\/p>\n<p><img data-recalc-dims=\"1\" loading=\"lazy\" decoding=\"async\" data-attachment-id=\"1075\" data-permalink=\"https:\/\/www.freidenker.org\/?attachment_id=1075\" data-orig-file=\"https:\/\/i0.wp.com\/www.freidenker.org\/fw17\/wp-content\/uploads\/2017\/10\/pdf_icon-1-e1509487509537.png?fit=24%2C24&amp;ssl=1\" data-orig-size=\"24,24\" data-comments-opened=\"0\" data-image-meta=\"{&quot;aperture&quot;:&quot;0&quot;,&quot;credit&quot;:&quot;&quot;,&quot;camera&quot;:&quot;&quot;,&quot;caption&quot;:&quot;&quot;,&quot;created_timestamp&quot;:&quot;0&quot;,&quot;copyright&quot;:&quot;&quot;,&quot;focal_length&quot;:&quot;0&quot;,&quot;iso&quot;:&quot;0&quot;,&quot;shutter_speed&quot;:&quot;0&quot;,&quot;title&quot;:&quot;&quot;,&quot;orientation&quot;:&quot;0&quot;}\" data-image-title=\"pdf_icon_24\" data-image-description=\"\" data-image-caption=\"\" data-large-file=\"https:\/\/i0.wp.com\/www.freidenker.org\/fw17\/wp-content\/uploads\/2017\/10\/pdf_icon-1-e1509487509537.png?fit=24%2C24&amp;ssl=1\" class=\"alignnone size-full wp-image-1075\" src=\"https:\/\/i0.wp.com\/www.freidenker.org\/fw17\/wp-content\/uploads\/2017\/10\/pdf_icon-1-e1509487509537.png?resize=24%2C24&#038;ssl=1\" alt=\"\" width=\"24\" height=\"24\" \/> <a href=\"https:\/\/www.freidenker.org\/fw17\/wp-content\/uploads\/2021\/04\/Syrien-75_Klaus_Hartmann.pdf\" target=\"_blank\" rel=\"noopener\">Rede von Klaus Hartmann<\/a>, Bundesvorsitzender des Deutschen Freidenker-Verbandes (PDF, ca. 136 KB) &#8211; Wortlaut auch hier auf der Seite <a href=\"#rede_kh\">weiter unten<\/a><\/p>\n<p><img data-recalc-dims=\"1\" loading=\"lazy\" decoding=\"async\" data-attachment-id=\"1075\" data-permalink=\"https:\/\/www.freidenker.org\/?attachment_id=1075\" data-orig-file=\"https:\/\/i0.wp.com\/www.freidenker.org\/fw17\/wp-content\/uploads\/2017\/10\/pdf_icon-1-e1509487509537.png?fit=24%2C24&amp;ssl=1\" data-orig-size=\"24,24\" data-comments-opened=\"0\" data-image-meta=\"{&quot;aperture&quot;:&quot;0&quot;,&quot;credit&quot;:&quot;&quot;,&quot;camera&quot;:&quot;&quot;,&quot;caption&quot;:&quot;&quot;,&quot;created_timestamp&quot;:&quot;0&quot;,&quot;copyright&quot;:&quot;&quot;,&quot;focal_length&quot;:&quot;0&quot;,&quot;iso&quot;:&quot;0&quot;,&quot;shutter_speed&quot;:&quot;0&quot;,&quot;title&quot;:&quot;&quot;,&quot;orientation&quot;:&quot;0&quot;}\" data-image-title=\"pdf_icon_24\" data-image-description=\"\" data-image-caption=\"\" data-large-file=\"https:\/\/i0.wp.com\/www.freidenker.org\/fw17\/wp-content\/uploads\/2017\/10\/pdf_icon-1-e1509487509537.png?fit=24%2C24&amp;ssl=1\" class=\"alignnone size-full wp-image-1075\" src=\"https:\/\/i0.wp.com\/www.freidenker.org\/fw17\/wp-content\/uploads\/2017\/10\/pdf_icon-1-e1509487509537.png?resize=24%2C24&#038;ssl=1\" alt=\"\" width=\"24\" height=\"24\" \/> <a href=\"https:\/\/www.freidenker.org\/fw17\/wp-content\/uploads\/2021\/04\/Syrien-75_Joachim_Guilliard.pdf\" target=\"_blank\" rel=\"noopener\">Rede von Joachim Guilliard<\/a><span id=\":4vg.23\" class=\"\" tabindex=\"-1\">, Friedensforum und Deutscher Freidenker-Verband Heidelberg (PDF, ca. 121 KB) &#8211; Wortlaut auch hier auf der Seite <a href=\"#rede_jg\">weiter unten<\/a><\/span><\/p>\n<p><img data-recalc-dims=\"1\" loading=\"lazy\" decoding=\"async\" data-attachment-id=\"1075\" data-permalink=\"https:\/\/www.freidenker.org\/?attachment_id=1075\" data-orig-file=\"https:\/\/i0.wp.com\/www.freidenker.org\/fw17\/wp-content\/uploads\/2017\/10\/pdf_icon-1-e1509487509537.png?fit=24%2C24&amp;ssl=1\" data-orig-size=\"24,24\" data-comments-opened=\"0\" data-image-meta=\"{&quot;aperture&quot;:&quot;0&quot;,&quot;credit&quot;:&quot;&quot;,&quot;camera&quot;:&quot;&quot;,&quot;caption&quot;:&quot;&quot;,&quot;created_timestamp&quot;:&quot;0&quot;,&quot;copyright&quot;:&quot;&quot;,&quot;focal_length&quot;:&quot;0&quot;,&quot;iso&quot;:&quot;0&quot;,&quot;shutter_speed&quot;:&quot;0&quot;,&quot;title&quot;:&quot;&quot;,&quot;orientation&quot;:&quot;0&quot;}\" data-image-title=\"pdf_icon_24\" data-image-description=\"\" data-image-caption=\"\" data-large-file=\"https:\/\/i0.wp.com\/www.freidenker.org\/fw17\/wp-content\/uploads\/2017\/10\/pdf_icon-1-e1509487509537.png?fit=24%2C24&amp;ssl=1\" class=\"alignnone size-full wp-image-1075\" src=\"https:\/\/i0.wp.com\/www.freidenker.org\/fw17\/wp-content\/uploads\/2017\/10\/pdf_icon-1-e1509487509537.png?resize=24%2C24&#038;ssl=1\" alt=\"\" width=\"24\" height=\"24\" \/> <a href=\"https:\/\/www.freidenker.org\/fw17\/wp-content\/uploads\/2021\/04\/Syrien-75_Eduardo_Artes.pdf\" target=\"_blank\" rel=\"noopener\">Gru\u00dfadresse von <span id=\":4vg.26\" class=\"\" tabindex=\"-1\">Eduardo<\/span> <span id=\":4vg.27\" class=\"\" tabindex=\"-1\">Artes<\/span><\/a> von der PC (<span id=\":4vg.28\" class=\"\" tabindex=\"-1\">AP<\/span>) und Union <span id=\":4vg.29\" class=\"\" tabindex=\"-1\">Patriotica<\/span> aus Chile, vorgelesen von <span id=\":4vg.24\" class=\"\" tabindex=\"-1\">Gisela<\/span> <span id=\":4vg.25\" class=\"\" tabindex=\"-1\">Naira (PDF, ca. 72 KB)<\/span><\/p>\n<p><img data-recalc-dims=\"1\" loading=\"lazy\" decoding=\"async\" data-attachment-id=\"1075\" data-permalink=\"https:\/\/www.freidenker.org\/?attachment_id=1075\" data-orig-file=\"https:\/\/i0.wp.com\/www.freidenker.org\/fw17\/wp-content\/uploads\/2017\/10\/pdf_icon-1-e1509487509537.png?fit=24%2C24&amp;ssl=1\" data-orig-size=\"24,24\" data-comments-opened=\"0\" data-image-meta=\"{&quot;aperture&quot;:&quot;0&quot;,&quot;credit&quot;:&quot;&quot;,&quot;camera&quot;:&quot;&quot;,&quot;caption&quot;:&quot;&quot;,&quot;created_timestamp&quot;:&quot;0&quot;,&quot;copyright&quot;:&quot;&quot;,&quot;focal_length&quot;:&quot;0&quot;,&quot;iso&quot;:&quot;0&quot;,&quot;shutter_speed&quot;:&quot;0&quot;,&quot;title&quot;:&quot;&quot;,&quot;orientation&quot;:&quot;0&quot;}\" data-image-title=\"pdf_icon_24\" data-image-description=\"\" data-image-caption=\"\" data-large-file=\"https:\/\/i0.wp.com\/www.freidenker.org\/fw17\/wp-content\/uploads\/2017\/10\/pdf_icon-1-e1509487509537.png?fit=24%2C24&amp;ssl=1\" class=\"alignnone size-full wp-image-1075\" src=\"https:\/\/i0.wp.com\/www.freidenker.org\/fw17\/wp-content\/uploads\/2017\/10\/pdf_icon-1-e1509487509537.png?resize=24%2C24&#038;ssl=1\" alt=\"\" width=\"24\" height=\"24\" \/> <a href=\"https:\/\/www.freidenker.org\/fw17\/wp-content\/uploads\/2021\/04\/Syrien-75_Heike_Weber.pdf\" target=\"_blank\" rel=\"noopener\">Gru\u00dfadresse von Heike Weber<\/a> aus Damaskus (vermittelt durch Karin <span id=\":4vg.32\" class=\"\" tabindex=\"-1\">Leukefeld<\/span>), vorgelesen von <span id=\":4vg.30\" class=\"\" tabindex=\"-1\">Toni<\/span> <span id=\":4vg.31\" class=\"\" tabindex=\"-1\">Brinkmann (PDF, ca. 110 KB)<\/span><\/p>\n<p><img data-recalc-dims=\"1\" loading=\"lazy\" decoding=\"async\" data-attachment-id=\"1075\" data-permalink=\"https:\/\/www.freidenker.org\/?attachment_id=1075\" data-orig-file=\"https:\/\/i0.wp.com\/www.freidenker.org\/fw17\/wp-content\/uploads\/2017\/10\/pdf_icon-1-e1509487509537.png?fit=24%2C24&amp;ssl=1\" data-orig-size=\"24,24\" data-comments-opened=\"0\" data-image-meta=\"{&quot;aperture&quot;:&quot;0&quot;,&quot;credit&quot;:&quot;&quot;,&quot;camera&quot;:&quot;&quot;,&quot;caption&quot;:&quot;&quot;,&quot;created_timestamp&quot;:&quot;0&quot;,&quot;copyright&quot;:&quot;&quot;,&quot;focal_length&quot;:&quot;0&quot;,&quot;iso&quot;:&quot;0&quot;,&quot;shutter_speed&quot;:&quot;0&quot;,&quot;title&quot;:&quot;&quot;,&quot;orientation&quot;:&quot;0&quot;}\" data-image-title=\"pdf_icon_24\" data-image-description=\"\" data-image-caption=\"\" data-large-file=\"https:\/\/i0.wp.com\/www.freidenker.org\/fw17\/wp-content\/uploads\/2017\/10\/pdf_icon-1-e1509487509537.png?fit=24%2C24&amp;ssl=1\" class=\"alignnone size-full wp-image-1075\" src=\"https:\/\/i0.wp.com\/www.freidenker.org\/fw17\/wp-content\/uploads\/2017\/10\/pdf_icon-1-e1509487509537.png?resize=24%2C24&#038;ssl=1\" alt=\"\" width=\"24\" height=\"24\" \/> <a href=\"https:\/\/www.freidenker.org\/fw17\/wp-content\/uploads\/2021\/04\/Syrien-75_Eva_und_Markus_Heizmann.pdf\" target=\"_blank\" rel=\"noopener\">Gru\u00dfadresse vom Eva und Markus Heizmann<\/a><span id=\":4vg.34\" class=\"\" tabindex=\"-1\">,<\/span> vorgelesen von Willi Schulze-Barantin (PDF, ca. 72 KB)<\/p>\n<p>&nbsp;<\/p>\n<hr \/>\n<h5>Galerie: Feier- und Gedenkkundgebung am 17.04.2021 in Frankfurt am Main<\/h5>\n<div class=\"tiled-gallery type-rectangular tiled-gallery-unresized\" data-original-width=\"800\" data-carousel-extra='{&quot;blog_id&quot;:1,&quot;permalink&quot;:&quot;https:\\\/\\\/www.freidenker.org\\\/?p=10006&quot;,&quot;likes_blog_id&quot;:139773280}' itemscope itemtype=\"http:\/\/schema.org\/ImageGallery\" > <div class=\"gallery-row\" style=\"width: 800px; height: 552px;\" data-original-width=\"800\" data-original-height=\"552\" > <div class=\"gallery-group images-2\" style=\"width: 488px; height: 552px;\" data-original-width=\"488\" data-original-height=\"552\" > <div class=\"tiled-gallery-item tiled-gallery-item-large\" itemprop=\"associatedMedia\" itemscope itemtype=\"http:\/\/schema.org\/ImageObject\"> <a href=\"https:\/\/www.freidenker.org\/?attachment_id=10016\" border=\"0\" itemprop=\"url\"> <meta itemprop=\"width\" content=\"484\"> <meta itemprop=\"height\" content=\"272\"> <img decoding=\"async\" class=\"\" data-attachment-id=\"10016\" data-orig-file=\"https:\/\/www.freidenker.org\/fw17\/wp-content\/uploads\/2021\/04\/IMGA0059.jpg\" data-orig-size=\"1920,1080\" data-comments-opened=\"\" data-image-meta=\"{&quot;aperture&quot;:&quot;4&quot;,&quot;credit&quot;:&quot;&quot;,&quot;camera&quot;:&quot;HDC-SD100&quot;,&quot;caption&quot;:&quot;&quot;,&quot;created_timestamp&quot;:&quot;1618666384&quot;,&quot;copyright&quot;:&quot;&quot;,&quot;focal_length&quot;:&quot;0&quot;,&quot;iso&quot;:&quot;0&quot;,&quot;shutter_speed&quot;:&quot;0.0055555555555556&quot;,&quot;title&quot;:&quot;&quot;,&quot;orientation&quot;:&quot;1&quot;}\" data-image-title=\"\" data-image-description=\"\" data-medium-file=\"https:\/\/i0.wp.com\/www.freidenker.org\/fw17\/wp-content\/uploads\/2021\/04\/IMGA0059.jpg?fit=300%2C169&#038;ssl=1\" data-large-file=\"https:\/\/i0.wp.com\/www.freidenker.org\/fw17\/wp-content\/uploads\/2021\/04\/IMGA0059.jpg?fit=800%2C450&#038;ssl=1\" src=\"https:\/\/i0.wp.com\/www.freidenker.org\/fw17\/wp-content\/uploads\/2021\/04\/IMGA0059.jpg?w=484&#038;h=272&#038;ssl=1\" srcset=\"https:\/\/i0.wp.com\/www.freidenker.org\/fw17\/wp-content\/uploads\/2021\/04\/IMGA0059.jpg?w=1920&amp;ssl=1 1920w, https:\/\/i0.wp.com\/www.freidenker.org\/fw17\/wp-content\/uploads\/2021\/04\/IMGA0059.jpg?resize=300%2C169&amp;ssl=1 300w, https:\/\/i0.wp.com\/www.freidenker.org\/fw17\/wp-content\/uploads\/2021\/04\/IMGA0059.jpg?resize=1024%2C576&amp;ssl=1 1024w, https:\/\/i0.wp.com\/www.freidenker.org\/fw17\/wp-content\/uploads\/2021\/04\/IMGA0059.jpg?resize=768%2C432&amp;ssl=1 768w, https:\/\/i0.wp.com\/www.freidenker.org\/fw17\/wp-content\/uploads\/2021\/04\/IMGA0059.jpg?resize=1536%2C864&amp;ssl=1 1536w, https:\/\/i0.wp.com\/www.freidenker.org\/fw17\/wp-content\/uploads\/2021\/04\/IMGA0059.jpg?w=1600&amp;ssl=1 1600w\" width=\"484\" height=\"272\" loading=\"lazy\" data-original-width=\"484\" data-original-height=\"272\" itemprop=\"http:\/\/schema.org\/image\" title=\"\" alt=\"Wolfgang Sch\u00fcrer, Vorsitzender der Offenbacher Freidenker\" style=\"width: 484px; height: 272px;\" \/> <\/a> <div class=\"tiled-gallery-caption\" itemprop=\"caption description\"> Wolfgang Sch\u00fcrer, Vorsitzender der Offenbacher Freidenker <\/div> <\/div> <div class=\"tiled-gallery-item tiled-gallery-item-large\" itemprop=\"associatedMedia\" itemscope itemtype=\"http:\/\/schema.org\/ImageObject\"> <a href=\"https:\/\/www.freidenker.org\/?attachment_id=10015\" border=\"0\" itemprop=\"url\"> <meta itemprop=\"width\" content=\"484\"> <meta itemprop=\"height\" content=\"272\"> <img decoding=\"async\" class=\"\" data-attachment-id=\"10015\" data-orig-file=\"https:\/\/www.freidenker.org\/fw17\/wp-content\/uploads\/2021\/04\/IMGA0053.jpg\" data-orig-size=\"1920,1080\" data-comments-opened=\"\" data-image-meta=\"{&quot;aperture&quot;:&quot;4&quot;,&quot;credit&quot;:&quot;&quot;,&quot;camera&quot;:&quot;HDC-SD100&quot;,&quot;caption&quot;:&quot;&quot;,&quot;created_timestamp&quot;:&quot;1618665970&quot;,&quot;copyright&quot;:&quot;&quot;,&quot;focal_length&quot;:&quot;0&quot;,&quot;iso&quot;:&quot;0&quot;,&quot;shutter_speed&quot;:&quot;0.004&quot;,&quot;title&quot;:&quot;&quot;,&quot;orientation&quot;:&quot;1&quot;}\" data-image-title=\"\" data-image-description=\"\" data-medium-file=\"https:\/\/i0.wp.com\/www.freidenker.org\/fw17\/wp-content\/uploads\/2021\/04\/IMGA0053.jpg?fit=300%2C169&#038;ssl=1\" data-large-file=\"https:\/\/i0.wp.com\/www.freidenker.org\/fw17\/wp-content\/uploads\/2021\/04\/IMGA0053.jpg?fit=800%2C450&#038;ssl=1\" src=\"https:\/\/i0.wp.com\/www.freidenker.org\/fw17\/wp-content\/uploads\/2021\/04\/IMGA0053.jpg?w=484&#038;h=272&#038;ssl=1\" srcset=\"https:\/\/i0.wp.com\/www.freidenker.org\/fw17\/wp-content\/uploads\/2021\/04\/IMGA0053.jpg?w=1920&amp;ssl=1 1920w, https:\/\/i0.wp.com\/www.freidenker.org\/fw17\/wp-content\/uploads\/2021\/04\/IMGA0053.jpg?resize=300%2C169&amp;ssl=1 300w, https:\/\/i0.wp.com\/www.freidenker.org\/fw17\/wp-content\/uploads\/2021\/04\/IMGA0053.jpg?resize=1024%2C576&amp;ssl=1 1024w, https:\/\/i0.wp.com\/www.freidenker.org\/fw17\/wp-content\/uploads\/2021\/04\/IMGA0053.jpg?resize=768%2C432&amp;ssl=1 768w, https:\/\/i0.wp.com\/www.freidenker.org\/fw17\/wp-content\/uploads\/2021\/04\/IMGA0053.jpg?resize=1536%2C864&amp;ssl=1 1536w, https:\/\/i0.wp.com\/www.freidenker.org\/fw17\/wp-content\/uploads\/2021\/04\/IMGA0053.jpg?w=1600&amp;ssl=1 1600w\" width=\"484\" height=\"272\" loading=\"lazy\" data-original-width=\"484\" data-original-height=\"272\" itemprop=\"http:\/\/schema.org\/image\" title=\"\" alt=\"Toni Brinkmann las die von Karin Leukefeld aus Damaskus gesandte Gru\u00dfadresse von Heike Weber\" style=\"width: 484px; height: 272px;\" \/> <\/a> <div class=\"tiled-gallery-caption\" itemprop=\"caption description\"> Toni Brinkmann las die von Karin Leukefeld aus Damaskus gesandte Gru\u00dfadresse von Heike Weber <\/div> <\/div> <\/div> <!-- close group --> <div class=\"gallery-group images-1\" style=\"width: 312px; height: 552px;\" data-original-width=\"312\" data-original-height=\"552\" > <div class=\"tiled-gallery-item tiled-gallery-item-large\" itemprop=\"associatedMedia\" itemscope itemtype=\"http:\/\/schema.org\/ImageObject\"> <a href=\"https:\/\/www.freidenker.org\/?attachment_id=10017\" border=\"0\" itemprop=\"url\"> <meta itemprop=\"width\" content=\"308\"> <meta itemprop=\"height\" content=\"548\"> <img decoding=\"async\" class=\"\" data-attachment-id=\"10017\" data-orig-file=\"https:\/\/www.freidenker.org\/fw17\/wp-content\/uploads\/2021\/04\/IMGA0051d.jpg\" data-orig-size=\"1080,1920\" data-comments-opened=\"\" data-image-meta=\"{&quot;aperture&quot;:&quot;4&quot;,&quot;credit&quot;:&quot;&quot;,&quot;camera&quot;:&quot;HDC-SD100&quot;,&quot;caption&quot;:&quot;&quot;,&quot;created_timestamp&quot;:&quot;1618665826&quot;,&quot;copyright&quot;:&quot;&quot;,&quot;focal_length&quot;:&quot;0&quot;,&quot;iso&quot;:&quot;0&quot;,&quot;shutter_speed&quot;:&quot;0.004&quot;,&quot;title&quot;:&quot;&quot;,&quot;orientation&quot;:&quot;1&quot;}\" data-image-title=\"\" data-image-description=\"\" data-medium-file=\"https:\/\/i0.wp.com\/www.freidenker.org\/fw17\/wp-content\/uploads\/2021\/04\/IMGA0051d.jpg?fit=169%2C300&#038;ssl=1\" data-large-file=\"https:\/\/i0.wp.com\/www.freidenker.org\/fw17\/wp-content\/uploads\/2021\/04\/IMGA0051d.jpg?fit=576%2C1024&#038;ssl=1\" src=\"https:\/\/i0.wp.com\/www.freidenker.org\/fw17\/wp-content\/uploads\/2021\/04\/IMGA0051d.jpg?w=308&#038;h=548&#038;ssl=1\" srcset=\"https:\/\/i0.wp.com\/www.freidenker.org\/fw17\/wp-content\/uploads\/2021\/04\/IMGA0051d.jpg?w=1080&amp;ssl=1 1080w, https:\/\/i0.wp.com\/www.freidenker.org\/fw17\/wp-content\/uploads\/2021\/04\/IMGA0051d.jpg?resize=169%2C300&amp;ssl=1 169w, https:\/\/i0.wp.com\/www.freidenker.org\/fw17\/wp-content\/uploads\/2021\/04\/IMGA0051d.jpg?resize=576%2C1024&amp;ssl=1 576w, https:\/\/i0.wp.com\/www.freidenker.org\/fw17\/wp-content\/uploads\/2021\/04\/IMGA0051d.jpg?resize=768%2C1365&amp;ssl=1 768w, https:\/\/i0.wp.com\/www.freidenker.org\/fw17\/wp-content\/uploads\/2021\/04\/IMGA0051d.jpg?resize=864%2C1536&amp;ssl=1 864w\" width=\"308\" height=\"548\" loading=\"lazy\" data-original-width=\"308\" data-original-height=\"548\" itemprop=\"http:\/\/schema.org\/image\" title=\"\" alt=\"Gisela Neira verliest die Gru\u00dfadresse aus Chile\" style=\"width: 308px; height: 548px;\" \/> <\/a> <div class=\"tiled-gallery-caption\" itemprop=\"caption description\"> Gisela Neira verliest die Gru\u00dfadresse aus Chile <\/div> <\/div> <\/div> <!-- close group --> <\/div> <!-- close row --> <div class=\"gallery-row\" style=\"width: 800px; height: 227px;\" data-original-width=\"800\" data-original-height=\"227\" > <div class=\"gallery-group images-1\" style=\"width: 400px; height: 227px;\" data-original-width=\"400\" data-original-height=\"227\" > <div class=\"tiled-gallery-item tiled-gallery-item-large\" itemprop=\"associatedMedia\" itemscope itemtype=\"http:\/\/schema.org\/ImageObject\"> <a href=\"https:\/\/www.freidenker.org\/?attachment_id=10013\" border=\"0\" itemprop=\"url\"> <meta itemprop=\"width\" content=\"396\"> <meta itemprop=\"height\" content=\"223\"> <img decoding=\"async\" class=\"\" data-attachment-id=\"10013\" data-orig-file=\"https:\/\/www.freidenker.org\/fw17\/wp-content\/uploads\/2021\/04\/IMGA0038.jpg\" data-orig-size=\"1920,1080\" data-comments-opened=\"\" data-image-meta=\"{&quot;aperture&quot;:&quot;4&quot;,&quot;credit&quot;:&quot;&quot;,&quot;camera&quot;:&quot;HDC-SD100&quot;,&quot;caption&quot;:&quot;&quot;,&quot;created_timestamp&quot;:&quot;1618665211&quot;,&quot;copyright&quot;:&quot;&quot;,&quot;focal_length&quot;:&quot;0&quot;,&quot;iso&quot;:&quot;0&quot;,&quot;shutter_speed&quot;:&quot;0.0055555555555556&quot;,&quot;title&quot;:&quot;&quot;,&quot;orientation&quot;:&quot;1&quot;}\" data-image-title=\"\" data-image-description=\"\" data-medium-file=\"https:\/\/i0.wp.com\/www.freidenker.org\/fw17\/wp-content\/uploads\/2021\/04\/IMGA0038.jpg?fit=300%2C169&#038;ssl=1\" data-large-file=\"https:\/\/i0.wp.com\/www.freidenker.org\/fw17\/wp-content\/uploads\/2021\/04\/IMGA0038.jpg?fit=800%2C450&#038;ssl=1\" src=\"https:\/\/i0.wp.com\/www.freidenker.org\/fw17\/wp-content\/uploads\/2021\/04\/IMGA0038.jpg?w=396&#038;h=223&#038;ssl=1\" srcset=\"https:\/\/i0.wp.com\/www.freidenker.org\/fw17\/wp-content\/uploads\/2021\/04\/IMGA0038.jpg?w=1920&amp;ssl=1 1920w, https:\/\/i0.wp.com\/www.freidenker.org\/fw17\/wp-content\/uploads\/2021\/04\/IMGA0038.jpg?resize=300%2C169&amp;ssl=1 300w, https:\/\/i0.wp.com\/www.freidenker.org\/fw17\/wp-content\/uploads\/2021\/04\/IMGA0038.jpg?resize=1024%2C576&amp;ssl=1 1024w, https:\/\/i0.wp.com\/www.freidenker.org\/fw17\/wp-content\/uploads\/2021\/04\/IMGA0038.jpg?resize=768%2C432&amp;ssl=1 768w, https:\/\/i0.wp.com\/www.freidenker.org\/fw17\/wp-content\/uploads\/2021\/04\/IMGA0038.jpg?resize=1536%2C864&amp;ssl=1 1536w, https:\/\/i0.wp.com\/www.freidenker.org\/fw17\/wp-content\/uploads\/2021\/04\/IMGA0038.jpg?w=1600&amp;ssl=1 1600w\" width=\"396\" height=\"223\" loading=\"lazy\" data-original-width=\"396\" data-original-height=\"223\" itemprop=\"http:\/\/schema.org\/image\" title=\"\" alt=\"Joachim Guilliard, Friedensforum und Deutscher Freidenker-Verband Heidelberg\" style=\"width: 396px; height: 223px;\" \/> <\/a> <div class=\"tiled-gallery-caption\" itemprop=\"caption description\"> Joachim Guilliard, Friedensforum und Deutscher Freidenker-Verband Heidelberg <\/div> <\/div> <\/div> <!-- close group --> <div class=\"gallery-group images-1\" style=\"width: 400px; height: 227px;\" data-original-width=\"400\" data-original-height=\"227\" > <div class=\"tiled-gallery-item tiled-gallery-item-large\" itemprop=\"associatedMedia\" itemscope itemtype=\"http:\/\/schema.org\/ImageObject\"> <a href=\"https:\/\/www.freidenker.org\/?attachment_id=10012\" border=\"0\" itemprop=\"url\"> <meta itemprop=\"width\" content=\"396\"> <meta itemprop=\"height\" content=\"223\"> <img decoding=\"async\" class=\"\" data-attachment-id=\"10012\" data-orig-file=\"https:\/\/www.freidenker.org\/fw17\/wp-content\/uploads\/2021\/04\/IMGA0028.jpg\" data-orig-size=\"1920,1080\" data-comments-opened=\"\" data-image-meta=\"{&quot;aperture&quot;:&quot;4&quot;,&quot;credit&quot;:&quot;&quot;,&quot;camera&quot;:&quot;HDC-SD100&quot;,&quot;caption&quot;:&quot;&quot;,&quot;created_timestamp&quot;:&quot;1618664589&quot;,&quot;copyright&quot;:&quot;&quot;,&quot;focal_length&quot;:&quot;0&quot;,&quot;iso&quot;:&quot;0&quot;,&quot;shutter_speed&quot;:&quot;0.004&quot;,&quot;title&quot;:&quot;&quot;,&quot;orientation&quot;:&quot;1&quot;}\" data-image-title=\"\" data-image-description=\"\" data-medium-file=\"https:\/\/i0.wp.com\/www.freidenker.org\/fw17\/wp-content\/uploads\/2021\/04\/IMGA0028.jpg?fit=300%2C169&#038;ssl=1\" data-large-file=\"https:\/\/i0.wp.com\/www.freidenker.org\/fw17\/wp-content\/uploads\/2021\/04\/IMGA0028.jpg?fit=800%2C450&#038;ssl=1\" src=\"https:\/\/i0.wp.com\/www.freidenker.org\/fw17\/wp-content\/uploads\/2021\/04\/IMGA0028.jpg?w=396&#038;h=223&#038;ssl=1\" srcset=\"https:\/\/i0.wp.com\/www.freidenker.org\/fw17\/wp-content\/uploads\/2021\/04\/IMGA0028.jpg?w=1920&amp;ssl=1 1920w, https:\/\/i0.wp.com\/www.freidenker.org\/fw17\/wp-content\/uploads\/2021\/04\/IMGA0028.jpg?resize=300%2C169&amp;ssl=1 300w, https:\/\/i0.wp.com\/www.freidenker.org\/fw17\/wp-content\/uploads\/2021\/04\/IMGA0028.jpg?resize=1024%2C576&amp;ssl=1 1024w, https:\/\/i0.wp.com\/www.freidenker.org\/fw17\/wp-content\/uploads\/2021\/04\/IMGA0028.jpg?resize=768%2C432&amp;ssl=1 768w, https:\/\/i0.wp.com\/www.freidenker.org\/fw17\/wp-content\/uploads\/2021\/04\/IMGA0028.jpg?resize=1536%2C864&amp;ssl=1 1536w, https:\/\/i0.wp.com\/www.freidenker.org\/fw17\/wp-content\/uploads\/2021\/04\/IMGA0028.jpg?w=1600&amp;ssl=1 1600w\" width=\"396\" height=\"223\" loading=\"lazy\" data-original-width=\"396\" data-original-height=\"223\" itemprop=\"http:\/\/schema.org\/image\" title=\"\" alt=\"Klaus Hartmann, Bundesvorsitzender des Deutschen Freidenker-Verbandes\" style=\"width: 396px; height: 223px;\" \/> <\/a> <div class=\"tiled-gallery-caption\" itemprop=\"caption description\"> Klaus Hartmann, Bundesvorsitzender des Deutschen Freidenker-Verbandes <\/div> <\/div> <\/div> <!-- close group --> <\/div> <!-- close row --> <div class=\"gallery-row\" style=\"width: 800px; height: 227px;\" data-original-width=\"800\" data-original-height=\"227\" > <div class=\"gallery-group images-1\" style=\"width: 400px; height: 227px;\" data-original-width=\"400\" data-original-height=\"227\" > <div class=\"tiled-gallery-item tiled-gallery-item-large\" itemprop=\"associatedMedia\" itemscope itemtype=\"http:\/\/schema.org\/ImageObject\"> <a href=\"https:\/\/www.freidenker.org\/?attachment_id=10011\" border=\"0\" itemprop=\"url\"> <meta itemprop=\"width\" content=\"396\"> <meta itemprop=\"height\" content=\"223\"> <img decoding=\"async\" class=\"\" data-attachment-id=\"10011\" data-orig-file=\"https:\/\/www.freidenker.org\/fw17\/wp-content\/uploads\/2021\/04\/IMGA0027.jpg\" data-orig-size=\"1920,1080\" data-comments-opened=\"\" data-image-meta=\"{&quot;aperture&quot;:&quot;5.6&quot;,&quot;credit&quot;:&quot;&quot;,&quot;camera&quot;:&quot;HDC-SD100&quot;,&quot;caption&quot;:&quot;&quot;,&quot;created_timestamp&quot;:&quot;1618664549&quot;,&quot;copyright&quot;:&quot;&quot;,&quot;focal_length&quot;:&quot;0&quot;,&quot;iso&quot;:&quot;0&quot;,&quot;shutter_speed&quot;:&quot;0.004&quot;,&quot;title&quot;:&quot;&quot;,&quot;orientation&quot;:&quot;1&quot;}\" data-image-title=\"\" data-image-description=\"\" data-medium-file=\"https:\/\/i0.wp.com\/www.freidenker.org\/fw17\/wp-content\/uploads\/2021\/04\/IMGA0027.jpg?fit=300%2C169&#038;ssl=1\" data-large-file=\"https:\/\/i0.wp.com\/www.freidenker.org\/fw17\/wp-content\/uploads\/2021\/04\/IMGA0027.jpg?fit=800%2C450&#038;ssl=1\" src=\"https:\/\/i0.wp.com\/www.freidenker.org\/fw17\/wp-content\/uploads\/2021\/04\/IMGA0027.jpg?w=396&#038;h=223&#038;ssl=1\" srcset=\"https:\/\/i0.wp.com\/www.freidenker.org\/fw17\/wp-content\/uploads\/2021\/04\/IMGA0027.jpg?w=1920&amp;ssl=1 1920w, https:\/\/i0.wp.com\/www.freidenker.org\/fw17\/wp-content\/uploads\/2021\/04\/IMGA0027.jpg?resize=300%2C169&amp;ssl=1 300w, https:\/\/i0.wp.com\/www.freidenker.org\/fw17\/wp-content\/uploads\/2021\/04\/IMGA0027.jpg?resize=1024%2C576&amp;ssl=1 1024w, https:\/\/i0.wp.com\/www.freidenker.org\/fw17\/wp-content\/uploads\/2021\/04\/IMGA0027.jpg?resize=768%2C432&amp;ssl=1 768w, https:\/\/i0.wp.com\/www.freidenker.org\/fw17\/wp-content\/uploads\/2021\/04\/IMGA0027.jpg?resize=1536%2C864&amp;ssl=1 1536w, https:\/\/i0.wp.com\/www.freidenker.org\/fw17\/wp-content\/uploads\/2021\/04\/IMGA0027.jpg?w=1600&amp;ssl=1 1600w\" width=\"396\" height=\"223\" loading=\"lazy\" data-original-width=\"396\" data-original-height=\"223\" itemprop=\"http:\/\/schema.org\/image\" title=\"\" alt=\"Syrische Mitglieder des Solidarit\u00e4tskomitees\" style=\"width: 396px; height: 223px;\" \/> <\/a> <div class=\"tiled-gallery-caption\" itemprop=\"caption description\"> Syrische Mitglieder des Solidarit\u00e4tskomitees <\/div> <\/div> <\/div> <!-- close group --> <div class=\"gallery-group images-1\" style=\"width: 400px; height: 227px;\" data-original-width=\"400\" data-original-height=\"227\" > <div class=\"tiled-gallery-item tiled-gallery-item-large\" itemprop=\"associatedMedia\" itemscope itemtype=\"http:\/\/schema.org\/ImageObject\"> <a href=\"https:\/\/www.freidenker.org\/?attachment_id=10010\" border=\"0\" itemprop=\"url\"> <meta itemprop=\"width\" content=\"396\"> <meta itemprop=\"height\" content=\"223\"> <img decoding=\"async\" class=\"\" data-attachment-id=\"10010\" data-orig-file=\"https:\/\/www.freidenker.org\/fw17\/wp-content\/uploads\/2021\/04\/IMGA0025.jpg\" data-orig-size=\"1920,1080\" data-comments-opened=\"\" data-image-meta=\"{&quot;aperture&quot;:&quot;4.8&quot;,&quot;credit&quot;:&quot;&quot;,&quot;camera&quot;:&quot;HDC-SD100&quot;,&quot;caption&quot;:&quot;&quot;,&quot;created_timestamp&quot;:&quot;1618664523&quot;,&quot;copyright&quot;:&quot;&quot;,&quot;focal_length&quot;:&quot;0&quot;,&quot;iso&quot;:&quot;0&quot;,&quot;shutter_speed&quot;:&quot;0.004&quot;,&quot;title&quot;:&quot;&quot;,&quot;orientation&quot;:&quot;1&quot;}\" data-image-title=\"\" data-image-description=\"\" data-medium-file=\"https:\/\/i0.wp.com\/www.freidenker.org\/fw17\/wp-content\/uploads\/2021\/04\/IMGA0025.jpg?fit=300%2C169&#038;ssl=1\" data-large-file=\"https:\/\/i0.wp.com\/www.freidenker.org\/fw17\/wp-content\/uploads\/2021\/04\/IMGA0025.jpg?fit=800%2C450&#038;ssl=1\" src=\"https:\/\/i0.wp.com\/www.freidenker.org\/fw17\/wp-content\/uploads\/2021\/04\/IMGA0025.jpg?w=396&#038;h=223&#038;ssl=1\" srcset=\"https:\/\/i0.wp.com\/www.freidenker.org\/fw17\/wp-content\/uploads\/2021\/04\/IMGA0025.jpg?w=1920&amp;ssl=1 1920w, https:\/\/i0.wp.com\/www.freidenker.org\/fw17\/wp-content\/uploads\/2021\/04\/IMGA0025.jpg?resize=300%2C169&amp;ssl=1 300w, https:\/\/i0.wp.com\/www.freidenker.org\/fw17\/wp-content\/uploads\/2021\/04\/IMGA0025.jpg?resize=1024%2C576&amp;ssl=1 1024w, https:\/\/i0.wp.com\/www.freidenker.org\/fw17\/wp-content\/uploads\/2021\/04\/IMGA0025.jpg?resize=768%2C432&amp;ssl=1 768w, https:\/\/i0.wp.com\/www.freidenker.org\/fw17\/wp-content\/uploads\/2021\/04\/IMGA0025.jpg?resize=1536%2C864&amp;ssl=1 1536w, https:\/\/i0.wp.com\/www.freidenker.org\/fw17\/wp-content\/uploads\/2021\/04\/IMGA0025.jpg?w=1600&amp;ssl=1 1600w\" width=\"396\" height=\"223\" loading=\"lazy\" data-original-width=\"396\" data-original-height=\"223\" itemprop=\"http:\/\/schema.org\/image\" title=\"\" alt=\"Peter Betscher, Freidenker-Landesvorstand Hessen und Bundesvorstand der Arbeiterfotografie\" style=\"width: 396px; height: 223px;\" \/> <\/a> <div class=\"tiled-gallery-caption\" itemprop=\"caption description\"> Peter Betscher, Freidenker-Landesvorstand Hessen und Bundesvorstand der Arbeiterfotografie <\/div> <\/div> <\/div> <!-- close group --> <\/div> <!-- close row --> <div class=\"gallery-row\" style=\"width: 800px; height: 227px;\" data-original-width=\"800\" data-original-height=\"227\" > <div class=\"gallery-group images-1\" style=\"width: 400px; height: 227px;\" data-original-width=\"400\" data-original-height=\"227\" > <div class=\"tiled-gallery-item tiled-gallery-item-large\" itemprop=\"associatedMedia\" itemscope itemtype=\"http:\/\/schema.org\/ImageObject\"> <a href=\"https:\/\/www.freidenker.org\/?attachment_id=10008\" border=\"0\" itemprop=\"url\"> <meta itemprop=\"width\" content=\"396\"> <meta itemprop=\"height\" content=\"223\"> <img decoding=\"async\" class=\"\" data-attachment-id=\"10008\" data-orig-file=\"https:\/\/www.freidenker.org\/fw17\/wp-content\/uploads\/2021\/04\/IMGA0008.jpg\" data-orig-size=\"1920,1080\" data-comments-opened=\"\" data-image-meta=\"{&quot;aperture&quot;:&quot;4&quot;,&quot;credit&quot;:&quot;&quot;,&quot;camera&quot;:&quot;HDC-SD100&quot;,&quot;caption&quot;:&quot;&quot;,&quot;created_timestamp&quot;:&quot;1618664121&quot;,&quot;copyright&quot;:&quot;&quot;,&quot;focal_length&quot;:&quot;0&quot;,&quot;iso&quot;:&quot;0&quot;,&quot;shutter_speed&quot;:&quot;0.004&quot;,&quot;title&quot;:&quot;&quot;,&quot;orientation&quot;:&quot;1&quot;}\" data-image-title=\"\" data-image-description=\"\" data-medium-file=\"https:\/\/i0.wp.com\/www.freidenker.org\/fw17\/wp-content\/uploads\/2021\/04\/IMGA0008.jpg?fit=300%2C169&#038;ssl=1\" data-large-file=\"https:\/\/i0.wp.com\/www.freidenker.org\/fw17\/wp-content\/uploads\/2021\/04\/IMGA0008.jpg?fit=800%2C450&#038;ssl=1\" src=\"https:\/\/i0.wp.com\/www.freidenker.org\/fw17\/wp-content\/uploads\/2021\/04\/IMGA0008.jpg?w=396&#038;h=223&#038;ssl=1\" srcset=\"https:\/\/i0.wp.com\/www.freidenker.org\/fw17\/wp-content\/uploads\/2021\/04\/IMGA0008.jpg?w=1920&amp;ssl=1 1920w, https:\/\/i0.wp.com\/www.freidenker.org\/fw17\/wp-content\/uploads\/2021\/04\/IMGA0008.jpg?resize=300%2C169&amp;ssl=1 300w, https:\/\/i0.wp.com\/www.freidenker.org\/fw17\/wp-content\/uploads\/2021\/04\/IMGA0008.jpg?resize=1024%2C576&amp;ssl=1 1024w, https:\/\/i0.wp.com\/www.freidenker.org\/fw17\/wp-content\/uploads\/2021\/04\/IMGA0008.jpg?resize=768%2C432&amp;ssl=1 768w, https:\/\/i0.wp.com\/www.freidenker.org\/fw17\/wp-content\/uploads\/2021\/04\/IMGA0008.jpg?resize=1536%2C864&amp;ssl=1 1536w, https:\/\/i0.wp.com\/www.freidenker.org\/fw17\/wp-content\/uploads\/2021\/04\/IMGA0008.jpg?w=1600&amp;ssl=1 1600w\" width=\"396\" height=\"223\" loading=\"lazy\" data-original-width=\"396\" data-original-height=\"223\" itemprop=\"http:\/\/schema.org\/image\" title=\"\" alt=\"Aus aktuellem Anlass: Solidarit\u00e4t mit dem Donbass\" style=\"width: 396px; height: 223px;\" \/> <\/a> <div class=\"tiled-gallery-caption\" itemprop=\"caption description\"> Aus aktuellem Anlass: Solidarit\u00e4t mit dem Donbass <\/div> <\/div> <\/div> <!-- close group --> <div class=\"gallery-group images-1\" style=\"width: 400px; height: 227px;\" data-original-width=\"400\" data-original-height=\"227\" > <div class=\"tiled-gallery-item tiled-gallery-item-large\" itemprop=\"associatedMedia\" itemscope itemtype=\"http:\/\/schema.org\/ImageObject\"> <a href=\"https:\/\/www.freidenker.org\/?attachment_id=10009\" border=\"0\" itemprop=\"url\"> <meta itemprop=\"width\" content=\"396\"> <meta itemprop=\"height\" content=\"223\"> <img decoding=\"async\" class=\"\" data-attachment-id=\"10009\" data-orig-file=\"https:\/\/www.freidenker.org\/fw17\/wp-content\/uploads\/2021\/04\/IMGA0012.jpg\" data-orig-size=\"1920,1080\" data-comments-opened=\"\" data-image-meta=\"{&quot;aperture&quot;:&quot;4&quot;,&quot;credit&quot;:&quot;&quot;,&quot;camera&quot;:&quot;HDC-SD100&quot;,&quot;caption&quot;:&quot;&quot;,&quot;created_timestamp&quot;:&quot;1618664225&quot;,&quot;copyright&quot;:&quot;&quot;,&quot;focal_length&quot;:&quot;0&quot;,&quot;iso&quot;:&quot;0&quot;,&quot;shutter_speed&quot;:&quot;0.008&quot;,&quot;title&quot;:&quot;&quot;,&quot;orientation&quot;:&quot;1&quot;}\" data-image-title=\"\" data-image-description=\"\" data-medium-file=\"https:\/\/i0.wp.com\/www.freidenker.org\/fw17\/wp-content\/uploads\/2021\/04\/IMGA0012.jpg?fit=300%2C169&#038;ssl=1\" data-large-file=\"https:\/\/i0.wp.com\/www.freidenker.org\/fw17\/wp-content\/uploads\/2021\/04\/IMGA0012.jpg?fit=800%2C450&#038;ssl=1\" src=\"https:\/\/i0.wp.com\/www.freidenker.org\/fw17\/wp-content\/uploads\/2021\/04\/IMGA0012.jpg?w=396&#038;h=223&#038;ssl=1\" srcset=\"https:\/\/i0.wp.com\/www.freidenker.org\/fw17\/wp-content\/uploads\/2021\/04\/IMGA0012.jpg?w=1920&amp;ssl=1 1920w, https:\/\/i0.wp.com\/www.freidenker.org\/fw17\/wp-content\/uploads\/2021\/04\/IMGA0012.jpg?resize=300%2C169&amp;ssl=1 300w, https:\/\/i0.wp.com\/www.freidenker.org\/fw17\/wp-content\/uploads\/2021\/04\/IMGA0012.jpg?resize=1024%2C576&amp;ssl=1 1024w, https:\/\/i0.wp.com\/www.freidenker.org\/fw17\/wp-content\/uploads\/2021\/04\/IMGA0012.jpg?resize=768%2C432&amp;ssl=1 768w, https:\/\/i0.wp.com\/www.freidenker.org\/fw17\/wp-content\/uploads\/2021\/04\/IMGA0012.jpg?resize=1536%2C864&amp;ssl=1 1536w, https:\/\/i0.wp.com\/www.freidenker.org\/fw17\/wp-content\/uploads\/2021\/04\/IMGA0012.jpg?w=1600&amp;ssl=1 1600w\" width=\"396\" height=\"223\" loading=\"lazy\" data-original-width=\"396\" data-original-height=\"223\" itemprop=\"http:\/\/schema.org\/image\" title=\"\" alt=\"Freidenker-Fahne bei der Kundgebung\" style=\"width: 396px; height: 223px;\" \/> <\/a> <div class=\"tiled-gallery-caption\" itemprop=\"caption description\"> Freidenker-Fahne bei der Kundgebung <\/div> <\/div> <\/div> <!-- close group --> <\/div> <!-- close row --> <div class=\"gallery-row\" style=\"width: 800px; height: 452px;\" data-original-width=\"800\" data-original-height=\"452\" > <div class=\"gallery-group images-1\" style=\"width: 800px; height: 452px;\" data-original-width=\"800\" data-original-height=\"452\" > <div class=\"tiled-gallery-item tiled-gallery-item-large\" itemprop=\"associatedMedia\" itemscope itemtype=\"http:\/\/schema.org\/ImageObject\"> <a href=\"https:\/\/www.freidenker.org\/?attachment_id=10007\" border=\"0\" itemprop=\"url\"> <meta itemprop=\"width\" content=\"796\"> <meta itemprop=\"height\" content=\"448\"> <img decoding=\"async\" class=\"\" data-attachment-id=\"10007\" data-orig-file=\"https:\/\/www.freidenker.org\/fw17\/wp-content\/uploads\/2021\/04\/IMGA0003.jpg\" data-orig-size=\"1920,1080\" data-comments-opened=\"\" data-image-meta=\"{&quot;aperture&quot;:&quot;4.8&quot;,&quot;credit&quot;:&quot;&quot;,&quot;camera&quot;:&quot;HDC-SD100&quot;,&quot;caption&quot;:&quot;&quot;,&quot;created_timestamp&quot;:&quot;1618664083&quot;,&quot;copyright&quot;:&quot;&quot;,&quot;focal_length&quot;:&quot;0&quot;,&quot;iso&quot;:&quot;0&quot;,&quot;shutter_speed&quot;:&quot;0.004&quot;,&quot;title&quot;:&quot;&quot;,&quot;orientation&quot;:&quot;1&quot;}\" data-image-title=\"\" data-image-description=\"\" data-medium-file=\"https:\/\/i0.wp.com\/www.freidenker.org\/fw17\/wp-content\/uploads\/2021\/04\/IMGA0003.jpg?fit=300%2C169&#038;ssl=1\" data-large-file=\"https:\/\/i0.wp.com\/www.freidenker.org\/fw17\/wp-content\/uploads\/2021\/04\/IMGA0003.jpg?fit=800%2C450&#038;ssl=1\" src=\"https:\/\/i0.wp.com\/www.freidenker.org\/fw17\/wp-content\/uploads\/2021\/04\/IMGA0003.jpg?w=796&#038;h=448&#038;ssl=1\" srcset=\"https:\/\/i0.wp.com\/www.freidenker.org\/fw17\/wp-content\/uploads\/2021\/04\/IMGA0003.jpg?w=1920&amp;ssl=1 1920w, https:\/\/i0.wp.com\/www.freidenker.org\/fw17\/wp-content\/uploads\/2021\/04\/IMGA0003.jpg?resize=300%2C169&amp;ssl=1 300w, https:\/\/i0.wp.com\/www.freidenker.org\/fw17\/wp-content\/uploads\/2021\/04\/IMGA0003.jpg?resize=1024%2C576&amp;ssl=1 1024w, https:\/\/i0.wp.com\/www.freidenker.org\/fw17\/wp-content\/uploads\/2021\/04\/IMGA0003.jpg?resize=768%2C432&amp;ssl=1 768w, https:\/\/i0.wp.com\/www.freidenker.org\/fw17\/wp-content\/uploads\/2021\/04\/IMGA0003.jpg?resize=1536%2C864&amp;ssl=1 1536w, https:\/\/i0.wp.com\/www.freidenker.org\/fw17\/wp-content\/uploads\/2021\/04\/IMGA0003.jpg?w=1600&amp;ssl=1 1600w\" width=\"796\" height=\"448\" loading=\"lazy\" data-original-width=\"796\" data-original-height=\"448\" itemprop=\"http:\/\/schema.org\/image\" title=\"\" alt=\"Chaza Madesi liest die Rede von Aktham Suliman auf Arabisch und Deutsch\" style=\"width: 796px; height: 448px;\" \/> <\/a> <div class=\"tiled-gallery-caption\" itemprop=\"caption description\"> Chaza Madesi liest die Rede von Aktham Suliman auf Arabisch und Deutsch <\/div> <\/div> <\/div> <!-- close group --> <\/div> <!-- close row --> <\/div>\n<p><span style=\"font-size: 10pt;\">Fotos: Webredaktion<\/span><\/p>\n<hr \/>\n<h5><a id=\"rede_jg\"><\/a>Rede von Joachim Guilliard, Friedensforum und Deutscher Freidenker-Verband Heidelberg<\/h5>\n<p>Auch wenn die NATO-Partner USA und T\u00fcrkei milit\u00e4risch die Hauptakteure an der fortgesetzten Aggression gegen Syrien sind, so spielen Deutschland und die EU von Anfang ebenfalls eine entscheidende Rolle. Erinnert sei nur daran, dass Berlin ab 2012 f\u00fchrend beim Projekt \u201eThe Day After\u201c war, dass sich zur Aufgabe gemacht hatte, ein Konzept f\u00fcr die Umgestaltung Syriens nach einem erfolgreichen Regime Change zu erarbeiten \u2012 eine Umgestaltung im westlichen Interesse nat\u00fcrlich.<\/p>\n<p>Zum zehnten Jahrestag des Krieges veranstaltete die EU ihre 5. sog. \u201eGeberkonferenz\u201c f\u00fcr die \u201eUnterst\u00fctzung von Syrien und der Region\u201c.<\/p>\n<p>Ihr Ergebnis war j\u00e4mmerlich. Obwohl die Notlage in Syrien und seinen Nachbarl\u00e4ndern letztes Jahr massiv zugenommen hatte, kamen weniger Zusagen als im Vorjahr und viel weniger als die Organisatoren selbst f\u00fcr zwingend erforderlich erachten. Statt 8,5 Mrd. kamen nur 5,3 Mrd. zusammen, f\u00fcr 2021 bleiben gerade mal 3,6 Mrd. Fast ein Drittel davon spendiert Deutschland, dies zeigt, dass Berlin sehr bem\u00fcht ist, \u00fcber Hilfsprojekte seine Position in der Region zu st\u00e4rken.<\/p>\n<p>Um echte Hilfe f\u00fcr Syrien und die Region ging es allerdings nicht, sondern in erster Linie darum, neue Fl\u00fcchtlingsbewegungen zu verhindern. Zudem will man dar\u00fcber Einfluss im politischen Geschacher um Syrien gewinnen und daf\u00fcr auch die Teilung des Landes unterst\u00fctzen. Das Gros der Gelder wird daher an Hilfsorganisationen in den Nachbarl\u00e4ndern gehen, die sich um die Versorgung der gut 6 Mio. Fl\u00fcchtlinge k\u00fcmmern. Der Rest ist haupts\u00e4chlich f\u00fcr Hilfs- und Aufbauprojekte in den Gebieten bestimmt, die noch nicht wieder unter Regierungskontrolle stehen, d.h. die von Dschihadisten kontrollierten Gebiete und die Gebiete, die von der T\u00fcrkei sowie von den USA und ihren kurdischen Verb\u00fcndeten besetzt sind.<\/p>\n<p>Zu den Organisationen mit denen Berlin bei diesen skandal\u00f6sen Projekten eng zusammenarbeitet, geh\u00f6ren auch die Wei\u00dfhelme, die vom Westen finanzierte Propagandatruppe, die nachweislich eng mit Dschihadisten liiert ist.<\/p>\n<p>Das \u00fcbrige Land geht nicht nur weitgehend leer aus, der Wiederaufbau wird auch durch die Wirtschaftsblockaden sabotiert.<\/p>\n<p>Syrien war vor 10 Jahren ein recht gut entwickeltes Land mit einem relativen hohen Lebensstandard. Der von den NATO-Staaten und den mit ihnen verb\u00fcndeten Despoten gesch\u00fcrte Krieg hat es verw\u00fcstet. Die Lebensverh\u00e4ltnisse sind katastrophal. Fast 6 Millionen Menschen sind aus dem Land geflohen. 6,7 Millionen leben als Inlandsvertriebene unter miserablen Bedingungen im Land, insgesamt elf Millionen Menschen sind auf humanit\u00e4re Hilfe angewiesen. Eine fortw\u00e4hrende Wirtschaftskrise versch\u00e4rft die Armut, weil sie die Preise fast t\u00e4glich stark steigen l\u00e4sst.<\/p>\n<p>Die Aggressoren haben diesen Krieg faktisch verloren. Im Unterschied zu Libyen ist hier der milit\u00e4rische Umsturz und die Zerschlagung eines zu unabh\u00e4ngigen Landes nicht gelungen. Die USA und die EU wollen aber mit allen Mitteln verhindern, dass sich das Land wieder erholen, stabilisieren kann \u2012 und dies ohne R\u00fccksicht auf die syrische Bev\u00f6lkerung. Da ihre Politik angeblich ihrem Schutz dienen soll zeigt sich hier einmal mehr der ganze verlogene Zynismus der westl. Menschenrechtsrhetorik.<\/p>\n<p>Neben der Besetzung syrischer Territorien und dem Raub seiner Ressourcen, dient dazu der brutale Wirtschaftskrieg, den sie von Anfang parallel zum milit\u00e4rischen entfesselt haben. Er ist mittlerweile verheerender. Statt durch Bomben sterben die Menschen nun einen stillen Tod, so der ehemalige UN-Sonderberichterstatter f\u00fcr die Auswirkungen von Wirtschaftssanktionen, Idriss Jazairy.<\/p>\n<p>Zahlreiche Hilfsorganisationen hatten vor der Geberkonferenz an die EU appelliert, sie endlich aufzuheben. Statt Nothilfe braucht Syrien Hilfe zur Selbsthilfe, d.h. Unterst\u00fctzung beim Wiederaufbau. Statt die Syrier Jahr f\u00fcr Jahr mit Brotspenden zu versorgen, m\u00fcssen sie endlich wieder ihre B\u00e4ckereien aufbauen k\u00f6nnen.<\/p>\n<p>Die EU \u2012 voran Berlin \u2012 beharrt aber darauf, dass zuerst Assad gehen m\u00fcsse und nimmt damit weiterhin die Bev\u00f6lkerung mit ihrer Hungerblockade zur Geisel.<\/p>\n<p>Allen Appellen der UNO zum Trotz, die Blockaden wenigstens w\u00e4hrend der Corona-Pandemie auszusetzen, haben die USA haben sogar ihre Zwangsma\u00dfnahmen gegen Syrien [mit dem \u201eCaesar Act\u201c] weiter versch\u00e4rft. Da nun verst\u00e4rkt Drittstaaten erpresst werden, die US-Blockade zu unterst\u00fctzen, werden auch die ohnehin gebeutelten Nachbarstaaten Libanon, Jordanien und Irak massiv in Mitleidenschaft gezogen.<\/p>\n<p>Wirtschaftsblockaden sind eine heimt\u00fcckische Form moderner Kriegsf\u00fchrung. Mittlerweile ist sie auch die am h\u00e4ufigsten angewandte. Wirtschaftskriege haben erhebliche Vorteile f\u00fcr die Aggressoren. Sie erregen wenig \u00f6ffentliches Aufsehen und k\u00f6nnen so weitgehend ungest\u00f6rt eingesetzt werden. Umfassende Wirtschaftsblockaden sind aber ebenfalls t\u00f6dlich und k\u00f6nnen, wie im Fall Irak, sogar zu Massenvernichtungswaffen werden.<\/p>\n<p>Das Irak-Embargo kostete realistischen Sch\u00e4tzungen zufolge jedes Jahr 100.000 Menschen das Leben, die H\u00e4lfte von ihnen Kinder. Syrien steht zum Gl\u00fcck nicht so allein, wie damals der Irak. Die Blockade muss dennoch schleunigst beendet werden.<\/p>\n<p>Die Mehrheit in der UNO ist sich einig, dass umfassende Wirtschaftssanktionen eklatante Verst\u00f6\u00dfe gegen das V\u00f6lkerrecht sind.<\/p>\n<p>Grunds\u00e4tzlich sind sie, so der einstige Sonderberichterstatter des UN-Menschenrechtsrates f\u00fcr Lateinamerika, Alfred De Zayas, vergleichbar mit \u201emittelalterlichen Belagerungen von St\u00e4dten\u201c, die zur Kapitulation gezwungen werden sollten. \u201e<em>Die Sanktionen des 21. Jahrhunderts versuchen aber nicht nur\u201c, <\/em>so De Zayas,<em> \u201eeine Stadt, sondern souver\u00e4ne L\u00e4nder in die Knie zu zwingen.<\/em>\u201c Im Unterschied zum Mittelalter, w\u00fcrden sie \u201e<em>von der Manipulation der \u00f6ffentlichen Meinung durch &#8218;Fake News&#8216;, einer aggressiven PR-Arbeit sowie einer Pseudo-Menschenrechtsrhetorik begleitet, um den Eindruck zu erwecken, dass das \u00a0&#8218;Ziel&#8216; der Menschenrechte kriminelle Mittel rechtfertigt.<\/em>\u201c<\/p>\n<p>Diese Manipulationen durchziehen die gesamte Politik gegen Syrien der letzten 10 Jahre und auch die Jahre davor. Zu den wichtigsten z\u00e4hlen die wiederkehrenden Vorw\u00fcrfe von Giftgaseins\u00e4tzen. Die Belege daf\u00fcr waren durchweg mehr als fragw\u00fcrdig, dennoch wurde und wird nicht zuletzt mit diesen Vorw\u00fcrfen der Wirtschaftskrieg gerechtfertigt.<\/p>\n<p>In einem prominenten Fall, dem angeblichen Giftgasangriff in Duma im April 2018, konnte nun mit Hilfe von Whistleblowern nachgewiesen werden, dass der Bericht der Organisation f\u00fcr das Verbot chemischer Waffen (OPCW) gefaked war. Dies untermauert fr\u00fchere Hinweise, dass die OPCW im Syrienkrieg zunehmend f\u00fcr die westl. Propaganda instrumentalisiert wurde.<\/p>\n<p>Beim Engagement gegen den Krieg und die Wirtschaftsblockade m\u00fcssen wir, neben den humanit\u00e4ren Folgen und der v\u00f6lkerrechtlichen Kritik auch diese Manipulationen \u00f6ffentlich machen.<\/p>\n<p>Angesichts ihrer Auswirkungen m\u00fcssen wir generell unser Engagement gegen Wirtschaftsblockaden verst\u00e4rken. Die Blockade gegen Syrien muss aufgehoben, wie auch die gegen Venezuela, den Iran und gegen viele andere L\u00e4nder, Aufgehoben werden muss vor allem auch die schon am l\u00e4ngsten andauernde Blockade \u2012 die gegen Cuba, das heute den 60. Jahrestag des Sieges \u00fcber die Invasion der US-S\u00f6ldner in der Schweinebucht feiert.<\/p>\n<p>Bleiben wir dran! No Paseran!<\/p>\n<hr \/>\n<h5><a id=\"rede_kh\"><\/a>Rede von Klaus Hartmann, Bundesvorsitzender des Deutschen Freidenker-Verbandes<\/h5>\n<p>Als in den USA die Pr\u00e4sidentschaft von Trump zu Biden wechselte, waren die Regierungsspitzen der EU und die NATO-F\u00fchrung voller Erleichterung und Freude. Endlich wieder Verl\u00e4sslichkeit \u2013 beim Kriegf\u00fchren gegen ungehorsame Staaten, endlich wieder Partnerschaft bei der Konfrontationspolitik und beim milit\u00e4rischen Aufmarsch gegen Russland und China.<\/p>\n<p>Das chinesische Au\u00dfenministerium hat diese Woche zu wiederholten US-Vorhaltungen wegen der Menschenrechte in der VR China erkl\u00e4rt: \u201eDie Verbrechen der USA gegen die Menschheit und insbesondere gegen Muslime sind zu zahlreich, um sie aufz\u00e4hlen zu k\u00f6nnen. Seit 2001 haben die Vereinigten Staaten ihre milit\u00e4rischen Kr\u00e4fte in etwa 80 L\u00e4ndern auf der ganzen Welt im Namen des Krieges gegen den Terrorismus eingesetzt. In Irak und Syrien gab es Hunderttausende unschuldige zivile Opfer. Zehn Millionen Muslime sind jetzt obdachlos. K\u00fcmmern sich die USA so um Muslime?&#8220;<\/p>\n<p>Am Donnerstag hat US-Pr\u00e4sident Joe Biden nicht nur neue Sanktionen gegen die Russische F\u00f6deration verf\u00fcgt, sondern auch den \u201eNationalen Notstand\u201c ausgerufen. Begr\u00fcndung: um der sogenannten &#8222;russischen Bedrohung&#8220; zu begegnen.<\/p>\n<p>Die Tagesschau und alle Regierungsmedien verk\u00fcnden: \u201eDer Russe ist schuld\u201c, wenn die EU der Ukraine im Konflikt mit \u201eprorussischen Separatisten\u201c im Osten des Landes Unterst\u00fctzung zusagt. Man verfolge mit gro\u00dfer Sorge russische Milit\u00e4raktivit\u00e4ten in Grenzn\u00e4he, so der EU-Au\u00dfenbeauftragte Borrell.<\/p>\n<p>Truppenbewegungen russischer Streitkr\u00e4fte auf eigenem Territorium sind angeblich eine Gefahr f\u00fcr den Frieden, das Vorr\u00fccken der NATO an die Grenzen Russlands sind dagegen ein reiner Friedensdienst.<\/p>\n<p>V\u00f6lkerrechtswidrig, so die westliche Sicht, handeln immer nur Russland und die Volksrepublik China.<\/p>\n<p>Deshalb wird auch sorgf\u00e4ltig verschwiegen, dass die USA inzwischen dazu \u00fcbergegangen sind, die syrischen \u00d6lvorkommen zu <a href=\"https:\/\/www.heise.de\/tp\/features\/USA-Wir-behalten-das-syrische-Oel-4574371.html\">pl\u00fcndern<\/a> und ihre Beute im Stil der Mafia zu vermarkten, w\u00e4hrend sie zugleich die hungernde syrische Bev\u00f6lkerung zu Tode sanktionieren.<\/p>\n<p>&#8222;Wir behalten das \u00d6l&#8220;, <a href=\"https:\/\/www.youtube.com\/watch?v=otP-AxlKKTE\">sagte<\/a> US-Pr\u00e4sident Trump im Oktober 2019, &#8222;ich mag \u00d6l&#8220;. Zwar w\u00fcrden US-Truppen aus Syrien abgezogen, aber es bleiben genug amerikanische Soldaten, um das syrische \u00d6l zu sichern. Das wir unter dem neuen Pr\u00e4sident Biden fortgesetzt. Offenkundig ist, dass die Besetzung von \u00d6lfeldern in einem fremden Staat v\u00f6lkerrechtswidrig ist und dass die USA damit der syrischen Regierung den Zugang zu wertvollen Ressourcen versperrt. Das Leid der Bev\u00f6lkerung wird damit zus\u00e4tzlich versch\u00e4rft.<\/p>\n<p>Das russische Au\u00dfenministeriums warf den USA vor, gegen ihre eigenen Syrien-Sanktionen versto\u00dfen, weil sie syrisches Roh\u00f6l au\u00dfer Landes bringen und verkaufen. Unter dem Vorwand, den IS zu bek\u00e4mpfen, stehlen die USA das Roh\u00f6l, unter Missachtung internationaler Regelungen und demokratischer Werte.<\/p>\n<p>Unsere selbsternannten Qualit\u00e4tsmedien nehmen auch keinen Ansto\u00df daran, dass die Bundesregierung beim V\u00f6lkerrechtsbruch in Syrien <a href=\"https:\/\/www.bundestag.de\/resource\/blob\/535224\/1d02987d6e377256e6624c53fd78b704\/WD-2-098-17-pdf-data.pdf\">mitmacht<\/a>: Sie h\u00e4lt am sog. Aufkl\u00e4rungseinsatz der Bundeswehr zur Bek\u00e4mpfung des sog. \u201eIslamischen Staates\u201c in Syrien fest. Das ist eindeutig v\u00f6lkerrechtswidrig, da Syrien den milit\u00e4rischen Aktivit\u00e4ten der Allianz nicht zugestimmt hat.<\/p>\n<p>Die EU hat ihren Europ\u00e4ischen Rat beschlie\u00dfen lassen, die restriktiven Ma\u00dfnahmen der EU gegen das syrische \u201eRegime\u201c \u2013 wie sie es nennt \u2013 bis zum 1. Juni 2021 zu verl\u00e4ngern.<\/p>\n<p>Hingegen ist es f\u00fcr die ganze \u201ewestliche Wertegemeinschaft\u201c ein Skandal und eine Provokation ersten Ranges, dass die Russische F\u00f6deration der legitimen Regierung Syriens auf deren Wunsch und in \u00dcbereinstimmung mit dem V\u00f6lkerrecht Hilfe leistet.<\/p>\n<p>Im Februar erkl\u00e4rte NATO-Generalsekret\u00e4r Stoltenberg: Es geht um Abschreckung, Gefahrenabwehr und Verteidigung. Es geht darum, &#8222;unsere wertebasierte Ordnung zu sch\u00fctzen, die untergraben wird von L\u00e4ndern wie Russland und China, die unsere Werte nicht teilen. Mit Blick auf die Zukunft m\u00fcssen wir auch mehr in unsere Verteidigung investieren.\u201c<\/p>\n<p>\u201eUnsere wertebasierte Ordnung\u201c \u2013 diese Werte sind Maximalprofite und das Wegbomben von allen, die sich der imperialistischen neokolonialen Auspl\u00fcnderung entgegenstellen.<\/p>\n<p>Die sogenannte Wertegemeinschaft, als die sich EU wie NATO mit stolz geschwellter Brust loben, ist eine Gemeinschaft zum Bruch des Internationalen Rechts und des Friedens, ein joint criminal enterprise, Kriminelle, die die V\u00f6lkerverst\u00e4ndigung und<br \/>\n-freundschaft sabotieren, die mit Konfrontationspolitik und Milit\u00e4raufmarsch unser aller Leben bedrohen.<\/p>\n<p>Kramp-Knarrenbauer will sich an der Provokation gegen China beteiligen und die Fregatte \u201eBayern\u201c ins S\u00fcdchinesische Meer kommandieren. Zur Zeit wird mit dem Man\u00f6ver \u201eDefender 21\u201c Westeuropa erneut zum Aufmarschgebiet gegen Russland gemacht.<\/p>\n<p>Wir fordern: Lockdown f\u00fcr die NATO, Ausgangssperre f\u00fcr die Bundeswehr, ganzt\u00e4gig!<\/p>\n<p>Unsere Solidarit\u00e4t gilt der Syrisch-Arabischen Republik, ihrer Regierung und ihrem Pr\u00e4sidenten Baschar al-Assad. Bundeswehr und NATO \u2013 raus aus Syrien! Schluss mit den Hungersanktionen gegen das Syrische Volk!<\/p>\n<p>H\u00e4nde weg von Russland und China!<\/p>\n<hr \/>\n<p><span style=\"font-size: 10pt;\">Beitragsbild oben: Ausschnitt aus einem Foto der Webredaktion<\/span><\/p>\n","protected":false},"excerpt":{"rendered":"<p>Am Samstag, 17.04. 2021, fand an der Frankfurter Hauptwache eine internationalistische Kundgebung f\u00fcr den andauernden Unabh\u00e4ngigkeitskampf des syrischen Volkes gegen imperialistische Aggressoren statt.<br \/>\nZu Beginn und Abschluss der Kundgebung mit rund 50 Teilnehmerinnen und Teilnehmern wurde die Nationalhymne der Syrisch-Arabischen Republik gespielt. Die Veranstaltung wurde von Willi Schulze-Barantin, Landesvorsitzender der hessischen Freidenker geleitet. Eine Spendensammlung erbrachte 420 Euro f\u00fcr den Kauf von Saatgut f\u00fcr Bauern in Syrien. Wir dokumentieren hier die Reden und ver\u00f6ffentlichen eine Bildergalerie von der Kundgebung.<\/p>\n","protected":false},"author":3,"featured_media":10019,"comment_status":"closed","ping_status":"closed","sticky":false,"template":"","format":"standard","meta":{"colormag_page_container_layout":"default_layout","colormag_page_sidebar_layout":"default_layout","advanced_seo_description":"","jetpack_seo_html_title":"","jetpack_seo_noindex":false,"jetpack_post_was_ever_published":false,"footnotes":""},"categories":[13],"tags":[188,676,56,719,336,345],"class_list":["post-10006","post","type-post","status-publish","format-standard","has-post-thumbnail","hentry","category-frieden-antifaschismus-solidaritaet","tag-krieg","tag-naher-osten","tag-nato","tag-sanktionen","tag-syrien","tag-voelkerrecht"],"jetpack_featured_media_url":"https:\/\/i0.wp.com\/www.freidenker.org\/fw17\/wp-content\/uploads\/2021\/04\/syrien75_a_800x450.jpg?fit=800%2C450&ssl=1","jetpack_shortlink":"https:\/\/wp.me\/p9stpK-2Bo","jetpack-related-posts":[{"id":12249,"url":"https:\/\/www.freidenker.org\/?p=12249","url_meta":{"origin":10006,"position":0},"title":"Kundgebung &#8222;Sicherheit f\u00fcr Russland ist Sicherheit f\u00fcr unser Land!&#8220; (Videos)","author":"Webredaktion","date":"20. Februar 2022","format":false,"excerpt":"Die\u00a0 Kundgebung der Berliner Friedenskoordination \"SICHERHEIT F\u00dcR RUSSLAND IST SICHERHEIT F\u00dcR UNSER LAND\" am 18.02.1922 wurde von \u00fcber 1000 Menschen besucht \u2013 trotz des rauen Wetters und den Mobilit\u00e4ts-Hemmungen durch \u201eCorona-Ma\u00dfnahmen\u201c. Im Aufruf zur Kundgebung hie\u00df es u.a.:\u00a0\u00a0\"Das Sch\u00fcren der Panik \u00fcber eine anstehende russische Invasion\u00a0in der Ukraine soll nach\u2026","rel":"","context":"In &quot;Frieden - Antifaschismus - Solidarit\u00e4t&quot;","block_context":{"text":"Frieden - Antifaschismus - Solidarit\u00e4t","link":"https:\/\/www.freidenker.org\/?cat=13"},"img":{"alt_text":"","src":"https:\/\/i0.wp.com\/www.freidenker.org\/fw17\/wp-content\/uploads\/2022\/02\/demo_berlin_2022-02-18_800x450.jpg?fit=800%2C450&ssl=1&resize=350%2C200","width":350,"height":200,"srcset":"https:\/\/i0.wp.com\/www.freidenker.org\/fw17\/wp-content\/uploads\/2022\/02\/demo_berlin_2022-02-18_800x450.jpg?fit=800%2C450&ssl=1&resize=350%2C200 1x, https:\/\/i0.wp.com\/www.freidenker.org\/fw17\/wp-content\/uploads\/2022\/02\/demo_berlin_2022-02-18_800x450.jpg?fit=800%2C450&ssl=1&resize=525%2C300 1.5x, https:\/\/i0.wp.com\/www.freidenker.org\/fw17\/wp-content\/uploads\/2022\/02\/demo_berlin_2022-02-18_800x450.jpg?fit=800%2C450&ssl=1&resize=700%2C400 2x"},"classes":[]},{"id":5891,"url":"https:\/\/www.freidenker.org\/?p=5891","url_meta":{"origin":10006,"position":1},"title":"Kundgebung: Weltweite Solidarit\u00e4t mit Nicol\u00e1s Maduro","author":"Webredaktion","date":"21. Februar 2019","format":false,"excerpt":"Weltweite Solidarit\u00e4t mit dem einzig legitim gew\u00e4hlten Pr\u00e4sident der Bolivarischen Republik Venezuela, Nicolas Maduro! - Kundgebung am Samstag, 23.02.2019, von 16:30 - 19:00 Uhr in Frankfurt am Main Venezuelas Pr\u00e4sident Nicol\u00e1s Maduro ist am Donnerstag, 10.01.2019, vor dem Obersten Gerichtshof in Caracas f\u00fcr eine neue Amtszeit vereidigt worden. Auf \u00bbBol\u00edvar,\u2026","rel":"","context":"In &quot;Frieden - Antifaschismus - Solidarit\u00e4t&quot;","block_context":{"text":"Frieden - Antifaschismus - Solidarit\u00e4t","link":"https:\/\/www.freidenker.org\/?cat=13"},"img":{"alt_text":"","src":"https:\/\/i0.wp.com\/www.freidenker.org\/fw17\/wp-content\/uploads\/2019\/02\/maduro_mitLogo_800x445.jpg?fit=800%2C445&ssl=1&resize=350%2C200","width":350,"height":200,"srcset":"https:\/\/i0.wp.com\/www.freidenker.org\/fw17\/wp-content\/uploads\/2019\/02\/maduro_mitLogo_800x445.jpg?fit=800%2C445&ssl=1&resize=350%2C200 1x, https:\/\/i0.wp.com\/www.freidenker.org\/fw17\/wp-content\/uploads\/2019\/02\/maduro_mitLogo_800x445.jpg?fit=800%2C445&ssl=1&resize=525%2C300 1.5x, https:\/\/i0.wp.com\/www.freidenker.org\/fw17\/wp-content\/uploads\/2019\/02\/maduro_mitLogo_800x445.jpg?fit=800%2C445&ssl=1&resize=700%2C400 2x"},"classes":[]},{"id":16068,"url":"https:\/\/www.freidenker.org\/?p=16068","url_meta":{"origin":10006,"position":2},"title":"Kundgebung: Demokratiebewegung von 1848\/49 &#8211; wieder modern oder schon \u00fcberholt?","author":"Webredaktion","date":"14. Mai 2023","format":false,"excerpt":"Die hessischen Freidenker unterst\u00fctzten den Aufruf zur Kundgebung: KUNDGEBUNG FRANKFURT\/H\u00dcHNERMARKT - 17.05.2023 - 15.00 - 19.00 UHR Vom 17. bis 21.05.23 wird in #Frankfurt der Demokratiebewegung Mitte des 19. Jahrhunderts gedacht. 175 Jahre Nationalversammlung Paulskirche. Ein Anlass, den die Demokratie- und Friedensbewegung der 2020er Jahre nicht nur geladenen G\u00e4sten \u00fcberlassen\u2026","rel":"","context":"In &quot;Veranstaltungen in den DFV-Landesverb\u00e4nden&quot;","block_context":{"text":"Veranstaltungen in den DFV-Landesverb\u00e4nden","link":"https:\/\/www.freidenker.org\/?cat=19"},"img":{"alt_text":"","src":"https:\/\/i0.wp.com\/www.freidenker.org\/fw17\/wp-content\/uploads\/2023\/05\/nationalversammlung_frankfurt_800x450.jpg?fit=800%2C450&ssl=1&resize=350%2C200","width":350,"height":200,"srcset":"https:\/\/i0.wp.com\/www.freidenker.org\/fw17\/wp-content\/uploads\/2023\/05\/nationalversammlung_frankfurt_800x450.jpg?fit=800%2C450&ssl=1&resize=350%2C200 1x, https:\/\/i0.wp.com\/www.freidenker.org\/fw17\/wp-content\/uploads\/2023\/05\/nationalversammlung_frankfurt_800x450.jpg?fit=800%2C450&ssl=1&resize=525%2C300 1.5x, https:\/\/i0.wp.com\/www.freidenker.org\/fw17\/wp-content\/uploads\/2023\/05\/nationalversammlung_frankfurt_800x450.jpg?fit=800%2C450&ssl=1&resize=700%2C400 2x"},"classes":[]},{"id":16310,"url":"https:\/\/www.freidenker.org\/?p=16310","url_meta":{"origin":10006,"position":3},"title":"Keine Bomber \u00fcber unseren K\u00f6pfen! Kein Werben f\u00fcrs Sterben!","author":"Webredaktion","date":"12. Juni 2023","format":false,"excerpt":"Zentrale Kundgebung gegen Air Defender 23 und gegen den Tag der Bundeswehr in Brandenburg an der Havel am 17.06.2023 Pressemitteilung des Organisationsteams des B\u00fcndnis f\u00fcr Frieden F\u00fcr Samstag, 17.06.2023 hat das B\u00fcndnis f\u00fcr Frieden Brandenburg eine Protestkundgebung gegen Air Defender 23, das gr\u00f6\u00dfte Luftman\u00f6ver in der Geschichte der NATO, angemeldet.\u2026","rel":"","context":"In &quot;Frieden - Antifaschismus - Solidarit\u00e4t&quot;","block_context":{"text":"Frieden - Antifaschismus - Solidarit\u00e4t","link":"https:\/\/www.freidenker.org\/?cat=13"},"img":{"alt_text":"","src":"https:\/\/i0.wp.com\/www.freidenker.org\/fw17\/wp-content\/uploads\/2023\/06\/Flyer_Brandeburg_2023-06-07_s1_auszug_800x450.jpg?fit=799%2C450&ssl=1&resize=350%2C200","width":350,"height":200,"srcset":"https:\/\/i0.wp.com\/www.freidenker.org\/fw17\/wp-content\/uploads\/2023\/06\/Flyer_Brandeburg_2023-06-07_s1_auszug_800x450.jpg?fit=799%2C450&ssl=1&resize=350%2C200 1x, https:\/\/i0.wp.com\/www.freidenker.org\/fw17\/wp-content\/uploads\/2023\/06\/Flyer_Brandeburg_2023-06-07_s1_auszug_800x450.jpg?fit=799%2C450&ssl=1&resize=525%2C300 1.5x, https:\/\/i0.wp.com\/www.freidenker.org\/fw17\/wp-content\/uploads\/2023\/06\/Flyer_Brandeburg_2023-06-07_s1_auszug_800x450.jpg?fit=799%2C450&ssl=1&resize=700%2C400 2x"},"classes":[]},{"id":5859,"url":"https:\/\/www.freidenker.org\/?p=5859","url_meta":{"origin":10006,"position":4},"title":"H\u00e4nde weg von Venezuela!","author":"Webredaktion","date":"13. Februar 2019","format":false,"excerpt":"F\u00fcr den Frieden und die Souver\u00e4nit\u00e4t Lateinamerikas! Der Deutsche Freidenker-Verband ruft auf zur Teilnahme an der Solidarit\u00e4tskundgebung \"H\u00e4nde weg von Venezuela\" am 16. Februar 2019 in Berlin. Kommt alle! SCHLUSS MIT DEM TRUPPENAUFMARSCH AN DEN GRENZEN VENEZUELAS! SCHLUSS MIT DEN DROHUNGEN GEGEN DIE VERFASSUNGSM\u00c4\u00dfIGE REGIERUNG VON PR\u00c4SIDENT NICOL\u00c1S MADURO! GEGEN\u2026","rel":"","context":"In &quot;Frieden - Antifaschismus - Solidarit\u00e4t&quot;","block_context":{"text":"Frieden - Antifaschismus - Solidarit\u00e4t","link":"https:\/\/www.freidenker.org\/?cat=13"},"img":{"alt_text":"","src":"https:\/\/i0.wp.com\/www.freidenker.org\/fw17\/wp-content\/uploads\/2019\/02\/paz_venezuela_800x445.jpg?fit=800%2C445&ssl=1&resize=350%2C200","width":350,"height":200,"srcset":"https:\/\/i0.wp.com\/www.freidenker.org\/fw17\/wp-content\/uploads\/2019\/02\/paz_venezuela_800x445.jpg?fit=800%2C445&ssl=1&resize=350%2C200 1x, https:\/\/i0.wp.com\/www.freidenker.org\/fw17\/wp-content\/uploads\/2019\/02\/paz_venezuela_800x445.jpg?fit=800%2C445&ssl=1&resize=525%2C300 1.5x, https:\/\/i0.wp.com\/www.freidenker.org\/fw17\/wp-content\/uploads\/2019\/02\/paz_venezuela_800x445.jpg?fit=800%2C445&ssl=1&resize=700%2C400 2x"},"classes":[]},{"id":20568,"url":"https:\/\/www.freidenker.org\/?p=20568","url_meta":{"origin":10006,"position":5},"title":"Aufstehn f\u00fcr Frieden &#8211; Kundgebung am 28.12.2024 in Wiesbaden","author":"Webredaktion","date":"25. Dezember 2024","format":false,"excerpt":"Ein breites B\u00fcndnis von B\u00fcrgerinitiativen ruft zusammen mit der B\u00fcrgerzeitung KLARTEXT Rhein-Main auf zu einer\u00a0Kundgebung \"Aufstehn f\u00fcr den Frieden\" am 28.12.2024 ab\u00a014:30 Uhr an der\u00a0Clay-Kaserne Wiesbaden-Erbenheim. Sternfahrten ab ca. 11:00 Uhr von mehreren St\u00e4dten im Umkreis. Aus dem Aufruf: Unsere sieben Forderungen auf dem Weg zum Frieden: Konsequente Friedenspolitik Deutschlands\u2026","rel":"","context":"In &quot;Frieden - Antifaschismus - Solidarit\u00e4t&quot;","block_context":{"text":"Frieden - Antifaschismus - Solidarit\u00e4t","link":"https:\/\/www.freidenker.org\/?cat=13"},"img":{"alt_text":"","src":"https:\/\/i0.wp.com\/www.freidenker.org\/fw17\/wp-content\/uploads\/2024\/12\/Aufruf_Wiesbaden_2024-12-28_800x450.jpg?fit=800%2C450&ssl=1&resize=350%2C200","width":350,"height":200,"srcset":"https:\/\/i0.wp.com\/www.freidenker.org\/fw17\/wp-content\/uploads\/2024\/12\/Aufruf_Wiesbaden_2024-12-28_800x450.jpg?fit=800%2C450&ssl=1&resize=350%2C200 1x, https:\/\/i0.wp.com\/www.freidenker.org\/fw17\/wp-content\/uploads\/2024\/12\/Aufruf_Wiesbaden_2024-12-28_800x450.jpg?fit=800%2C450&ssl=1&resize=525%2C300 1.5x, https:\/\/i0.wp.com\/www.freidenker.org\/fw17\/wp-content\/uploads\/2024\/12\/Aufruf_Wiesbaden_2024-12-28_800x450.jpg?fit=800%2C450&ssl=1&resize=700%2C400 2x"},"classes":[]}],"_links":{"self":[{"href":"https:\/\/www.freidenker.org\/index.php?rest_route=\/wp\/v2\/posts\/10006","targetHints":{"allow":["GET"]}}],"collection":[{"href":"https:\/\/www.freidenker.org\/index.php?rest_route=\/wp\/v2\/posts"}],"about":[{"href":"https:\/\/www.freidenker.org\/index.php?rest_route=\/wp\/v2\/types\/post"}],"author":[{"embeddable":true,"href":"https:\/\/www.freidenker.org\/index.php?rest_route=\/wp\/v2\/users\/3"}],"replies":[{"embeddable":true,"href":"https:\/\/www.freidenker.org\/index.php?rest_route=%2Fwp%2Fv2%2Fcomments&post=10006"}],"version-history":[{"count":0,"href":"https:\/\/www.freidenker.org\/index.php?rest_route=\/wp\/v2\/posts\/10006\/revisions"}],"wp:featuredmedia":[{"embeddable":true,"href":"https:\/\/www.freidenker.org\/index.php?rest_route=\/wp\/v2\/media\/10019"}],"wp:attachment":[{"href":"https:\/\/www.freidenker.org\/index.php?rest_route=%2Fwp%2Fv2%2Fmedia&parent=10006"}],"wp:term":[{"taxonomy":"category","embeddable":true,"href":"https:\/\/www.freidenker.org\/index.php?rest_route=%2Fwp%2Fv2%2Fcategories&post=10006"},{"taxonomy":"post_tag","embeddable":true,"href":"https:\/\/www.freidenker.org\/index.php?rest_route=%2Fwp%2Fv2%2Ftags&post=10006"}],"curies":[{"name":"wp","href":"https:\/\/api.w.org\/{rel}","templated":true}]}}