{"id":10,"date":"2015-10-31T15:09:30","date_gmt":"2015-10-31T14:09:30","guid":{"rendered":"http:\/\/www.freidenker.org\/fw17\/?p=10"},"modified":"2018-02-18T14:39:59","modified_gmt":"2018-02-18T13:39:59","slug":"die-friedensbewegung-blatter-und-die-transparenz","status":"publish","type":"post","link":"https:\/\/www.freidenker.org\/?p=10","title":{"rendered":"Die Friedensbewegung, Blatter und die \u201eTransparenz\u201c"},"content":{"rendered":"<p class=\"Normal\"><strong>Beteiligung an der \u201eInitiative transparente Zivilgesellschaft\u201c?<\/strong><\/p>\n<p class=\"Normal\"><em>Im Zuge der Diskussionen in der Friedensbewegung kam der Vorschlag, dass sich doch m\u00f6glichst alle demokratischen fortschrittlichen Organisationen an der \u201eInitiative transparente Zivilgesellschaft\u201c beteiligen sollten, also auch der Deutsche Freidenker-Verband. Der Verbandsvorstand der Freidenker hat eine solche Beteiligung nach Diskussion bei seiner Tagung am 24. und 25. Oktober 2015 in Magdeburg einstimmig abgelehnt. Die Gr\u00fcnde daf\u00fcr sind im Folgenden zusammengefasst.<\/em><\/p>\n<p class=\"Normal\">Ausgangspunkt der Diskussion war: Dass die R\u00fcstungsindustrie, die an Kriegen verdient, Politiker als deren Auftragnehmer sowie die Massenmedien als 4. Waffengattung alles versuchen, eine machtvolle Friedensbewegung zu unterbinden, ist eine Selbstverst\u00e4ndlichkeit. Dass man aber aus den vermeintlich eigenen Reihen immer wieder \u201afriendly fire\u2018 ausgesetzt wird, verbl\u00fcfft doch einigerma\u00dfen. Aus den traditionellen \u201eInstitutionen\u201c der Friedensbewegung kamen vielfach Ablehnung und Abgrenzung gegen\u00fcber der \u201eneuen\u201c Friedensbewegung, wurden Alleinvertretungsanspr\u00fcche postuliert, Spaltung statt Zusammengehen bef\u00f6rdert.<\/p>\n<p class=\"Normal\">Dies f\u00f6rderte die Vermutung, dass bei manchen dieser Organisationen etwas \u201afaul\u2018 sein muss, warf die Frage auf: \u201eWer bezahlt eigentlich deren Arbeit, ihre Hauptamtlichen, wie finanzieren die sich?\u201c Und da solche Ausk\u00fcnfte nicht leicht zu bekommen sind, kam die Idee auf: Hier muss Transparenz eingefordert werden! Man erinnerte sich, dass es seit ein paar Jahren eine \u201eInitiative transparente Zivilgesellschaft\u201c gibt, ins Leben gerufen von \u201eTransparency International\u201c (Sitz Berlin), eine Organisation die sich der Anklage und Bek\u00e4mpfung der Korruption weltweit verschrieben hat.<\/p>\n<p class=\"Normal\"><strong>Tango Corrupti<\/strong><\/p>\n<p class=\"Normal\">\u201eKorruptionsskandale\u201c erregen regelm\u00e4\u00dfig wiederkehrend die \u00d6ffentlichkeit. Man kann sie unter sehr unterschiedlichen Aspekten betrachten. Moralisch: Gelderwerb durch nichtehrliche Arbeit. Biblisch: Sie s\u00e4en nicht, sie ernten nicht, doch der Herr ern\u00e4hrt sie doch. Polit\u00f6konomisch: Der vom Lohnabh\u00e4ngigen produzierte, aber ihm vom Kapitalisten vorenthaltene Mehrwert kann nicht in voller H\u00f6he als Profit realisiert werden, er muss einen Teil an einen Parasiten abtreten, damit das Gesch\u00e4ft auch weiterhin wie geschmiert l\u00e4uft. Steuerrechtlich: Werbungskosten. Medienpolitisch: Gute Unterhaltung. Volkspsychologisch: Die Jagd auf S\u00fcndenb\u00f6cke\/-ziegen gibt der Jagdgesellschaft ein gutes und st\u00e4rkt das Wir-Gef\u00fchl.<\/p>\n<p class=\"Normal\">Je nach selbsterw\u00e4hlter Mission oder Gesch\u00e4ftsidee wird Korruption von unterschiedlichen Institutionen aufgedeckt und skandalisiert: Vom Bund der Steuerzahler, der die \u201esparsame\u201c und \u201eehrliche\u201c Verwendung \u201eunserer\u201c Steuergelder anmahnt; von den Massenmedien, deren Auflagenh\u00f6he oder Einschaltquote davon positiv beeinflusst wird; von gesch\u00e4ftlichen oder politischen Kontrahenten, die ihre Gegner zur Strecke bringen wollen.<\/p>\n<p class=\"Normal\">https:\/\/www.freidenker.org\/wp\/wp-admin\/post-new.phpGegen Korruption zu sein, ist sympathisch und angesagt, wie gegen Massentierhaltung, Artensterben oder die Abholzung des Regenwaldes einzutreten. Gelegenheiten dazu werden oft geboten. Aber bei den Antikorruptionskampagnen ist oft manches anders als es erscheint bzw. uns dargestellt wird. Denken wir an die Treibjagd gegen den ehemaligen Bundespr\u00e4sidenten Wulff, der erfolgreich erlegt wurde, ohne dass juristisch Vorwerfbares gefunden wurde. Und ist es nicht unheimlich, dass dem Publikum beim Aufruf des Namens \u201eBlatter\u201c ein Schauer \u00fcber den R\u00fccken l\u00e4uft, wie ein Pawlowscher Reflex, haben da die Medien nicht ganze (Dressur-)Arbeit geleistet? Und ist die Kommerzialisierung, sind schmutzige Gesch\u00e4fte im Profisport eine so sensationell neue Erkenntnis, oder sind hier m\u00f6glicherweise Drahtzieher mit ganz anderen Motiven am Werk, die z.B. \u201ePutin seine\u201c Fu\u00dfball-WM nicht g\u00f6nnen?<\/p>\n<p class=\"Normal\">Selbstverst\u00e4ndlich gibt es ein ernsthaftes und unterst\u00fctzenswertes Interesse, nicht in einem Mafiastaat leben zu wollen, sondern einem Staat, in dem die Interessen der Menschen und nicht der Profit die politischen Entscheidungen bestimmen, in dem nicht Lobbyisten die Gesetzesvorlagen formulieren. In einem Gesellschaftssystem, dessen <strong>\u00f6konomische Basis die Kapitalverwertung<\/strong> ist, wird die Durchsetzung dieser Interessen immer nur punktuell, zeitweise und von begrenzter Reichweite sein. Damit sollen entsprechende Bem\u00fchungen nicht als illusion\u00e4r abgetan, sondern im Gegenteil ermutigt und der Blick daf\u00fcr gesch\u00e4rft werden, dass f\u00fcr ihren Erfolg eine radikale Analyse, ein langer Atem und die <strong>\u00dcberwindung des Kapitalismus notwendig<\/strong> ist.<\/p>\n<hr \/>\n<p class=\"Normal\"><img data-recalc-dims=\"1\" loading=\"lazy\" decoding=\"async\" data-attachment-id=\"1076\" data-permalink=\"https:\/\/www.freidenker.org\/?attachment_id=1076\" data-orig-file=\"https:\/\/i0.wp.com\/www.freidenker.org\/fw17\/wp-content\/uploads\/2017\/10\/pdf_icon-2.png?fit=32%2C32&amp;ssl=1\" data-orig-size=\"32,32\" data-comments-opened=\"0\" data-image-meta=\"{&quot;aperture&quot;:&quot;0&quot;,&quot;credit&quot;:&quot;&quot;,&quot;camera&quot;:&quot;&quot;,&quot;caption&quot;:&quot;&quot;,&quot;created_timestamp&quot;:&quot;0&quot;,&quot;copyright&quot;:&quot;&quot;,&quot;focal_length&quot;:&quot;0&quot;,&quot;iso&quot;:&quot;0&quot;,&quot;shutter_speed&quot;:&quot;0&quot;,&quot;title&quot;:&quot;&quot;,&quot;orientation&quot;:&quot;0&quot;}\" data-image-title=\"pdf_icon\" data-image-description=\"\" data-image-caption=\"\" data-large-file=\"https:\/\/i0.wp.com\/www.freidenker.org\/fw17\/wp-content\/uploads\/2017\/10\/pdf_icon-2.png?fit=32%2C32&amp;ssl=1\" class=\"alignnone size-full wp-image-1076\" src=\"https:\/\/i0.wp.com\/www.freidenker.org\/fw17\/wp-content\/uploads\/2017\/10\/pdf_icon-2.png?resize=32%2C32&#038;ssl=1\" alt=\"\" width=\"32\" height=\"32\" \/>\u00a0Bitte lest hier den vollst\u00e4ndigen Artikel als\u00a0<a href=\"https:\/\/www.freidenker.org\/fw17\/wp-content\/uploads\/2017\/12\/151024-transparency.pdf\" target=\"_blank\" rel=\"noopener\">PDF-Dokument<\/a> (ca. 520 KB) weiter.<\/p>\n<hr \/>\n<p class=\"Normal\"><strong>Bild:<\/strong> FreeImages.com\/Artist\u2019s Member Name: Craig Toocheck<\/p>\n","protected":false},"excerpt":{"rendered":"<p><strong>Erkl\u00e4rung von Klaus Hartmann, Vorsitzender des DFV<\/strong><br \/>\nIm Zuge der Diskussionen in der Friedensbewegung kam der Vorschlag, dass sich doch m\u00f6glichst alle demokratischen fortschrittlichen Organisationen an der \u201eInitiative transparente Zivilgesellschaft\u201c beteiligen sollten, also auch der Deutsche Freidenker-Verband. Der Verbandsvorstand der Freidenker hat eine solche Beteiligung nach Diskussion bei seiner Tagung am 24. und 25. Oktober 2015 in Magdeburg einstimmig abgelehnt. Die Gr\u00fcnde daf\u00fcr sind im Folgenden zusammengefasst.<\/p>\n","protected":false},"author":2,"featured_media":11,"comment_status":"closed","ping_status":"closed","sticky":false,"template":"","format":"standard","meta":{"colormag_page_container_layout":"default_layout","colormag_page_sidebar_layout":"default_layout","advanced_seo_description":"","jetpack_seo_html_title":"","jetpack_seo_noindex":false,"jetpack_post_was_ever_published":false,"footnotes":""},"categories":[13,210],"tags":[43,376],"class_list":["post-10","post","type-post","status-publish","format-standard","has-post-thumbnail","hentry","category-frieden-antifaschismus-solidaritaet","category-positionen","tag-friedensbewegung","tag-transparenz"],"jetpack_featured_media_url":"https:\/\/i0.wp.com\/www.freidenker.org\/fw17\/wp-content\/uploads\/2016\/05\/peace.jpg?fit=800%2C445&ssl=1","jetpack_shortlink":"https:\/\/wp.me\/p9stpK-a","jetpack-related-posts":[{"id":2990,"url":"https:\/\/www.freidenker.org\/?p=2990","url_meta":{"origin":10,"position":0},"title":"Freidenker-Brief 5-2015: Sagt NEIN, \u00e4chtet Aggressionen, bannt die Weltkriegsgefahr!","author":"Webredaktion","date":"29. Juli 2015","format":false,"excerpt":"Erkl\u00e4rung zu Fragen von Krieg und Frieden, Juli 2015 Unter diesem Titel gibt es seit dem 23. Juli 2015 auf der Internet-Seite der Anti-NATO-Allianz eine Erkl\u00e4rung in Form eines Aufrufs an Bundestag und Bundesregierung mit folgenden Forderungen: - NATO-Vertrag k\u00fcndigen! - Truppenstationierungsvertrag per Friedensvertrag au\u00dfer Kraft setzen! - Mit Russland\u2026","rel":"","context":"In &quot;Freidenker-Brief&quot;","block_context":{"text":"Freidenker-Brief","link":"https:\/\/www.freidenker.org\/?cat=341"},"img":{"alt_text":"","src":"https:\/\/i0.wp.com\/www.freidenker.org\/fw17\/wp-content\/uploads\/2015\/07\/2015-09-26-dp-0010_800x445.jpg?fit=800%2C445&ssl=1&resize=350%2C200","width":350,"height":200,"srcset":"https:\/\/i0.wp.com\/www.freidenker.org\/fw17\/wp-content\/uploads\/2015\/07\/2015-09-26-dp-0010_800x445.jpg?fit=800%2C445&ssl=1&resize=350%2C200 1x, https:\/\/i0.wp.com\/www.freidenker.org\/fw17\/wp-content\/uploads\/2015\/07\/2015-09-26-dp-0010_800x445.jpg?fit=800%2C445&ssl=1&resize=525%2C300 1.5x, https:\/\/i0.wp.com\/www.freidenker.org\/fw17\/wp-content\/uploads\/2015\/07\/2015-09-26-dp-0010_800x445.jpg?fit=800%2C445&ssl=1&resize=700%2C400 2x"},"classes":[]},{"id":2988,"url":"https:\/\/www.freidenker.org\/?p=2988","url_meta":{"origin":10,"position":1},"title":"Freidenker-Brief 6-2015: Deutschland raus aus der NATO &#8211; NATO raus aus Deutschland","author":"Webredaktion","date":"27. August 2015","format":false,"excerpt":"W\u00e4hrend manche \"Institutionen\" der Friedensbewegung fortgesetzt die Diskussion \u201eWie weiter mit der Friedensbewegung?\u201c f\u00fchren, gibt es erfreulicherweise auch Friedenskr\u00e4fte, die angesichts der gef\u00e4hrlichen internationalen Entwicklung aktiv werden, die auf Aktionen und auf Klarheit dr\u00e4ngen: Einerseits die im \"AK Frieden \/ Internationales\" des Deutschen Freidenker-Verbandes erarbeitete programmatische Erkl\u00e4rung zu Fragen von\u2026","rel":"","context":"In &quot;Freidenker-Brief&quot;","block_context":{"text":"Freidenker-Brief","link":"https:\/\/www.freidenker.org\/?cat=341"},"img":{"alt_text":"","src":"https:\/\/i0.wp.com\/www.freidenker.org\/fw17\/wp-content\/uploads\/2015\/08\/Global_Hawk_800x445_mLogo.jpg?fit=800%2C445&ssl=1&resize=350%2C200","width":350,"height":200,"srcset":"https:\/\/i0.wp.com\/www.freidenker.org\/fw17\/wp-content\/uploads\/2015\/08\/Global_Hawk_800x445_mLogo.jpg?fit=800%2C445&ssl=1&resize=350%2C200 1x, https:\/\/i0.wp.com\/www.freidenker.org\/fw17\/wp-content\/uploads\/2015\/08\/Global_Hawk_800x445_mLogo.jpg?fit=800%2C445&ssl=1&resize=525%2C300 1.5x, https:\/\/i0.wp.com\/www.freidenker.org\/fw17\/wp-content\/uploads\/2015\/08\/Global_Hawk_800x445_mLogo.jpg?fit=800%2C445&ssl=1&resize=700%2C400 2x"},"classes":[]},{"id":8857,"url":"https:\/\/www.freidenker.org\/?p=8857","url_meta":{"origin":10,"position":2},"title":"Aktions\u00adtag \u00a0f\u00fcr \u201eAb\u00adr\u00fc\u00adstung und neue Ent\u00adspan\u00adnungs\u00adpoli\u00adtik\u201c am 5. De\u00adzem\u00adber 2020","author":"Webredaktion","date":"26. Oktober 2020","format":false,"excerpt":"In der Woche beginnend mit dem 7.12.2020 soll der Bundeshaushalt f\u00fcr 2021 verabschiedet werden. Der \u201eVerteidigungshaushalt\u201c soll erneut um 2,6% steigen, 50 Milliarden Euro f\u00fcr R\u00fcstung drohen! Deshalb ruft\u00a0 die \u201eInitiative abr\u00fcsten statt aufr\u00fcsten\u201c zum bundes\u00adweiten de\u00adzen\u00adtra\u00adlen Aktions\u00adtag am 05.12.2020 auf. Der Deutsche Freidenker-Verband unterst\u00fctzt den Aufruf und ruft zur\u2026","rel":"","context":"In &quot;Frieden - Antifaschismus - Solidarit\u00e4t&quot;","block_context":{"text":"Frieden - Antifaschismus - Solidarit\u00e4t","link":"https:\/\/www.freidenker.org\/?cat=13"},"img":{"alt_text":"","src":"https:\/\/i0.wp.com\/www.freidenker.org\/fw17\/wp-content\/uploads\/2020\/10\/abruesten_statt_aufruesten_800x450.jpg?fit=800%2C450&ssl=1&resize=350%2C200","width":350,"height":200,"srcset":"https:\/\/i0.wp.com\/www.freidenker.org\/fw17\/wp-content\/uploads\/2020\/10\/abruesten_statt_aufruesten_800x450.jpg?fit=800%2C450&ssl=1&resize=350%2C200 1x, https:\/\/i0.wp.com\/www.freidenker.org\/fw17\/wp-content\/uploads\/2020\/10\/abruesten_statt_aufruesten_800x450.jpg?fit=800%2C450&ssl=1&resize=525%2C300 1.5x, https:\/\/i0.wp.com\/www.freidenker.org\/fw17\/wp-content\/uploads\/2020\/10\/abruesten_statt_aufruesten_800x450.jpg?fit=800%2C450&ssl=1&resize=700%2C400 2x"},"classes":[]},{"id":3010,"url":"https:\/\/www.freidenker.org\/?p=3010","url_meta":{"origin":10,"position":3},"title":"Freidenker-Brief 3-2015: 8. Mai 2015 \u2013 70 Jahre \u201eTag der Befreiung\u201c","author":"Webredaktion","date":"3. April 2015","format":false,"excerpt":"Der Deutsche Freidenker-Verband ver\u00f6ffentlicht in seiner Verbandszeitschrift \u201eFreidenker\u201c Nr. 1-15 (M\u00e4rz 2015) seine Erkl\u00e4rung \u201e70 Jahre nach der Befreiung vom Faschismus \u2013 Deutschland braucht eine grundlegend andere Au\u00dfenpolitik: Verst\u00e4ndigung statt Konfrontation\u201c Ferner hat der Verbandsvorstand beschlossen: - Der Deutsche Freidenker-Verband unterst\u00fctzt den Aufruf des Berliner Aktionsb\u00fcndnisses \u201e70 Jahre Tag der\u2026","rel":"","context":"In &quot;Freidenker-Brief&quot;","block_context":{"text":"Freidenker-Brief","link":"https:\/\/www.freidenker.org\/?cat=341"},"img":{"alt_text":"","src":"https:\/\/i0.wp.com\/www.freidenker.org\/fw17\/wp-content\/uploads\/2015\/04\/tdb2015_800x445.jpg?fit=800%2C445&ssl=1&resize=350%2C200","width":350,"height":200,"srcset":"https:\/\/i0.wp.com\/www.freidenker.org\/fw17\/wp-content\/uploads\/2015\/04\/tdb2015_800x445.jpg?fit=800%2C445&ssl=1&resize=350%2C200 1x, https:\/\/i0.wp.com\/www.freidenker.org\/fw17\/wp-content\/uploads\/2015\/04\/tdb2015_800x445.jpg?fit=800%2C445&ssl=1&resize=525%2C300 1.5x, https:\/\/i0.wp.com\/www.freidenker.org\/fw17\/wp-content\/uploads\/2015\/04\/tdb2015_800x445.jpg?fit=800%2C445&ssl=1&resize=700%2C400 2x"},"classes":[]},{"id":3020,"url":"https:\/\/www.freidenker.org\/?p=3020","url_meta":{"origin":10,"position":4},"title":"Passend zur Kriegszeit: Breitseiten gegen die Friedensbewegung","author":"Webredaktion","date":"15. Februar 2015","format":false,"excerpt":"Beitrag von Klaus Hartmann, sp\u00e4ter ver\u00f6ffentlicht in FREIDENKER 1-15 Die Bedrohung des Weltfriedens ist mit der NATO-Aggression in der Ukraine und der psychologischen Kriegsf\u00fchrung gegen Russland erheblich gewachsen. Die Aktions- und Mobilisierungsf\u00e4higkeit der Friedensbewegung ist der Bedrohung v\u00f6llig unangemessen. Als mit den \u201eMontagsmahnwachen f\u00fcr den Frieden\u201c nach Beginn der Ukraine-Krise\u2026","rel":"","context":"In &quot;Frieden - Antifaschismus - Solidarit\u00e4t&quot;","block_context":{"text":"Frieden - Antifaschismus - Solidarit\u00e4t","link":"https:\/\/www.freidenker.org\/?cat=13"},"img":{"alt_text":"","src":"https:\/\/i0.wp.com\/www.freidenker.org\/fw17\/wp-content\/uploads\/2015\/02\/klartext_2014-12-13-rt-0042_800x445.jpg?fit=800%2C445&ssl=1&resize=350%2C200","width":350,"height":200,"srcset":"https:\/\/i0.wp.com\/www.freidenker.org\/fw17\/wp-content\/uploads\/2015\/02\/klartext_2014-12-13-rt-0042_800x445.jpg?fit=800%2C445&ssl=1&resize=350%2C200 1x, https:\/\/i0.wp.com\/www.freidenker.org\/fw17\/wp-content\/uploads\/2015\/02\/klartext_2014-12-13-rt-0042_800x445.jpg?fit=800%2C445&ssl=1&resize=525%2C300 1.5x, https:\/\/i0.wp.com\/www.freidenker.org\/fw17\/wp-content\/uploads\/2015\/02\/klartext_2014-12-13-rt-0042_800x445.jpg?fit=800%2C445&ssl=1&resize=700%2C400 2x"},"classes":[]},{"id":2998,"url":"https:\/\/www.freidenker.org\/?p=2998","url_meta":{"origin":10,"position":5},"title":"\u201eKrieg der Friedensfreunde\u201c?","author":"Webredaktion","date":"19. April 2015","format":false,"excerpt":"Breitseiten gegen die Friedensbewegung (1. Fortsetzung). Beitrag von Klaus Hartmann Wenn eine Zeitung wie die \u201eTaz\u201c, die bisher allen imperialistischen Kriegen in den letzten Jahrzehnten ihre propagandistische Unterst\u00fctzung nicht versagen wollte, mit dieser \u00dcberschrift einen Zustandsbericht \u00fcber die Friedensbewegung ver\u00f6ffentlicht, liegt die Diagnose nahe: \u201eDer Wunsch ist der Vater des\u2026","rel":"","context":"In &quot;Frieden - Antifaschismus - Solidarit\u00e4t&quot;","block_context":{"text":"Frieden - Antifaschismus - Solidarit\u00e4t","link":"https:\/\/www.freidenker.org\/?cat=13"},"img":{"alt_text":"","src":"https:\/\/i0.wp.com\/www.freidenker.org\/fw17\/wp-content\/uploads\/2015\/04\/klartext_22-2015-02-07-wr-6224_800x445.jpg?fit=800%2C445&ssl=1&resize=350%2C200","width":350,"height":200,"srcset":"https:\/\/i0.wp.com\/www.freidenker.org\/fw17\/wp-content\/uploads\/2015\/04\/klartext_22-2015-02-07-wr-6224_800x445.jpg?fit=800%2C445&ssl=1&resize=350%2C200 1x, https:\/\/i0.wp.com\/www.freidenker.org\/fw17\/wp-content\/uploads\/2015\/04\/klartext_22-2015-02-07-wr-6224_800x445.jpg?fit=800%2C445&ssl=1&resize=525%2C300 1.5x, https:\/\/i0.wp.com\/www.freidenker.org\/fw17\/wp-content\/uploads\/2015\/04\/klartext_22-2015-02-07-wr-6224_800x445.jpg?fit=800%2C445&ssl=1&resize=700%2C400 2x"},"classes":[]}],"_links":{"self":[{"href":"https:\/\/www.freidenker.org\/index.php?rest_route=\/wp\/v2\/posts\/10","targetHints":{"allow":["GET"]}}],"collection":[{"href":"https:\/\/www.freidenker.org\/index.php?rest_route=\/wp\/v2\/posts"}],"about":[{"href":"https:\/\/www.freidenker.org\/index.php?rest_route=\/wp\/v2\/types\/post"}],"author":[{"embeddable":true,"href":"https:\/\/www.freidenker.org\/index.php?rest_route=\/wp\/v2\/users\/2"}],"replies":[{"embeddable":true,"href":"https:\/\/www.freidenker.org\/index.php?rest_route=%2Fwp%2Fv2%2Fcomments&post=10"}],"version-history":[{"count":0,"href":"https:\/\/www.freidenker.org\/index.php?rest_route=\/wp\/v2\/posts\/10\/revisions"}],"wp:featuredmedia":[{"embeddable":true,"href":"https:\/\/www.freidenker.org\/index.php?rest_route=\/wp\/v2\/media\/11"}],"wp:attachment":[{"href":"https:\/\/www.freidenker.org\/index.php?rest_route=%2Fwp%2Fv2%2Fmedia&parent=10"}],"wp:term":[{"taxonomy":"category","embeddable":true,"href":"https:\/\/www.freidenker.org\/index.php?rest_route=%2Fwp%2Fv2%2Fcategories&post=10"},{"taxonomy":"post_tag","embeddable":true,"href":"https:\/\/www.freidenker.org\/index.php?rest_route=%2Fwp%2Fv2%2Ftags&post=10"}],"curies":[{"name":"wp","href":"https:\/\/api.w.org\/{rel}","templated":true}]}}